{"id":4942,"date":"2023-04-16T17:51:00","date_gmt":"2023-04-16T17:51:00","guid":{"rendered":"http:\/\/rafalk-elblag.pl\/?p=4942"},"modified":"2023-04-18T18:05:08","modified_gmt":"2023-04-18T18:05:08","slug":"ogloszenia-16-04-2023-druga-niedziela-wielkanocna-czyli-milosierdzia-bozego","status":"publish","type":"post","link":"https:\/\/rafalk-elblag.pl\/?p=4942","title":{"rendered":"Og\u0142oszenia 16.04.2023, Druga Niedziela Wielkanocna czyli Mi\u0142osierdzia Bo\u017cego"},"content":{"rendered":"\n<figure class=\"wp-block-embed is-type-video is-provider-youtube wp-block-embed-youtube wp-embed-aspect-16-9 wp-has-aspect-ratio\"><div class=\"wp-block-embed__wrapper\">\n<iframe loading=\"lazy\" title=\"Im bli\u017cej mety, tym bardziej cenisz Bo\u017ce mi\u0142osierdzie - ks. S\u0142awomir Kostrzewa\" width=\"900\" height=\"506\" src=\"https:\/\/www.youtube.com\/embed\/4l7hHMXoFBI?feature=oembed\" frameborder=\"0\" allow=\"accelerometer; autoplay; clipboard-write; encrypted-media; gyroscope; picture-in-picture; web-share\" allowfullscreen><\/iframe>\n<\/div><\/figure>\n\n\n\n<h2 class=\"wp-block-heading\">Ewangelia (J 20, 19-31)<\/h2>\n\n\n\n<h4 class=\"wp-block-heading\"><em>B\u0142ogos\u0142awieni, kt\u00f3rzy nie widzieli, a uwierzyli<\/em><\/h4>\n\n\n\n<p><strong>S\u0142owa Ewangelii wed\u0142ug \u015awi\u0119tego Jana<\/strong><\/p>\n\n\n\n<p>Wieczorem w dniu zmartwychwstania, tam gdzie przebywali uczniowie, cho\u0107 drzwi by\u0142y zamkni\u0119te z obawy przed \u017bydami, przyszed\u0142 Jezus, stan\u0105\u0142 po\u015brodku i rzek\u0142 do nich: \u00abPok\u00f3j wam!\u00bb A to powiedziawszy, pokaza\u0142 im r\u0119ce i bok. Uradowali si\u0119 zatem uczniowie, ujrzawszy Pana.<\/p>\n\n\n\n<p>A Jezus znowu rzek\u0142 do nich: \u00abPok\u00f3j wam! Jak Ojciec Mnie pos\u0142a\u0142, tak i Ja was posy\u0142am\u00bb. Po tych s\u0142owach tchn\u0105\u0142 na nich i powiedzia\u0142 im: \u00abWe\u017amijcie Ducha \u015awi\u0119tego! Kt\u00f3rym odpu\u015bcicie grzechy, s\u0105 im odpuszczone, a kt\u00f3rym zatrzymacie, s\u0105 im zatrzymane\u00bb.<\/p>\n\n\n\n<p>Ale Tomasz, jeden z Dwunastu, zwany Didymos, nie by\u0142 razem z nimi, kiedy przyszed\u0142 Jezus. Inni wi\u0119c uczniowie m\u00f3wili do niego: \u00abWidzieli\u015bmy Pana!\u00bb<\/p>\n\n\n\n<p>Ale on rzek\u0142 do nich: \u00abJe\u017celi na r\u0119kach Jego nie zobacz\u0119 \u015bladu gwo\u017adzi i nie w\u0142o\u017c\u0119 palca mego w miejsce gwo\u017adzi, i r\u0119ki mojej nie w\u0142o\u017c\u0119 w bok Jego, nie uwierz\u0119\u00bb.<\/p>\n\n\n\n<p>A po o\u015bmiu dniach, kiedy uczniowie Jego byli znowu wewn\u0105trz domu i Tomasz z nimi, Jezus przyszed\u0142, cho\u0107 drzwi by\u0142y zamkni\u0119te, stan\u0105\u0142 po\u015brodku i rzek\u0142: \u00abPok\u00f3j wam!\u00bb Nast\u0119pnie rzek\u0142 do Tomasza: \u00abPodnie\u015b tutaj sw\u00f3j palec i zobacz moje r\u0119ce. Podnie\u015b r\u0119k\u0119 i w\u0142\u00f3\u017c w m\u00f3j bok, i nie b\u0105d\u017a niedowiarkiem, lecz wierz\u0105cym\u00bb.<\/p>\n\n\n\n<p>Tomasz w odpowiedzi rzek\u0142 do Niego: \u00abPan m\u00f3j i B\u00f3g m\u00f3j!\u00bb<\/p>\n\n\n\n<p>Powiedzia\u0142 mu Jezus: \u00abUwierzy\u0142e\u015b dlatego, \u017ce Mnie ujrza\u0142e\u015b? B\u0142ogos\u0142awieni, kt\u00f3rzy nie widzieli, a uwierzyli\u00bb.<\/p>\n\n\n\n<p>I wiele innych znak\u00f3w, kt\u00f3rych nie zapisano w tej ksi\u0119dze, uczyni\u0142 Jezus wobec uczni\u00f3w. Te za\u015b zapisano, aby\u015bcie wierzyli, \u017ce Jezus jest Mesjaszem, Synem Bo\u017cym, i aby\u015bcie wierz\u0105c, mieli \u017cycie w imi\u0119 Jego.<\/p>\n\n\n\n<p><\/p>\n\n\n\n<h2 class=\"wp-block-heading\"><strong>Ko\u015bci\u00f3\u0142<\/strong><\/h2>\n\n\n\n<p>S\u0142owo <em>Ko\u015bci\u00f3\u0142<\/em> kojarzy si\u0119 nam najcz\u0119\u015bciej z budynkiem lub hierarchi\u0105 ko\u015bcieln\u0105. Te wszystkie znaczenia s\u0105 jednak wt\u00f3rne. <strong>W Nowym Testamencie s\u0142owo <\/strong><em><strong>Ko\u015bci\u00f3\u0142<\/strong><\/em><strong> oznacza przede wszystkim zgromadzenie wiernych lub te\u017c og\u00f3\u0142 wierz\u0105cych, zjednoczonych z Chrystusem jako G\u0142ow\u0105.<\/strong> \u015aw. Pawe\u0142 pisze w Li\u015bcie do Kolosan aby pozdrowi\u0107 braci w Laodycei, zar\u00f3wno Nimfasa, jak i Ko\u015bci\u00f3\u0142 gromadz\u0105cy si\u0119 w jego domu (Kol 4,15). W ci\u0105gu pierwszych wiek\u00f3w chrze\u015bcija\u0144stwa nie nazywano ko\u015bcio\u0142ami budynk\u00f3w. Chrze\u015bcijanie mieli \u015bwiadomo\u015b\u0107, \u017ce sami s\u0105 Ko\u015bcio\u0142em, i je\u015bli, id\u0105c na miejsce sprawowania liturgii, m\u00f3wili: \u201eId\u0119 do Ko\u015bcio\u0142a\u201d, to mieli na my\u015bli wsp\u00f3lnot\u0119, a nie budynek. Budynki, kt\u00f3re s\u0142u\u017cy\u0142y jako miejsca modlitwy i sprawowania liturgii, zwano nie ko\u015bcio\u0142ami, a <em>domami Ko\u015bcio\u0142a<\/em> (\u0142aci\u0144skie <em>domus ecclesiae<\/em>).<\/p>\n\n\n\n<p>Miejsc kultu nie nazywano r\u00f3wnie\u017c <em>\u015bwi\u0105tyniami<\/em>. W dialogu z Samarytank\u0105 Jezus m\u00f3wi\u0142 i\u017c prawdziwa cze\u015b\u0107 oddawana Ojcu nie jest zwi\u0105zana z \u017cadnym miejscem \u2013 ani z Jerozolim\u0105, gdzie oddawali cze\u015b\u0107 Bogu \u017bydzi, ani z g\u00f3r\u0105 Garizim gdzie czcili Go Samarytanie (J 4,19-24). \u015aw. Szczepan m\u00f3wi przed Sanhedrynem, \u017ce Najwy\u017cszy nie mieszka w dzie\u0142ach r\u0105k ludzkich (Dz 7,48). Pierwsi chrze\u015bcijanie wywodz\u0105cy si\u0119 z judaizmu, od\u0142\u0105czyli si\u0119 od \u017cydowskiego kultu \u015bwi\u0105tynnego, rozpoznaj\u0105c, \u017ce \u015bwi\u0105tynia jerozolimska jest tylko zapowiedzi\u0105 prawdziwej \u015bwi\u0105tyni, kt\u00f3ra mi\u0142a nadej\u015b\u0107. <strong>Prawdziwym \u201emiejscem\u201d zamieszkania Boga jest Cia\u0142o Jezusa Chrystusa (Kol 2,9)<\/strong>, <strong>to On sam jest nasz\u0105 \u015bwi\u0105tyni\u0105.<\/strong> \u015awi\u0105tyni\u0105 jest tak\u017ce Ko\u015bci\u00f3\u0142 jako Cia\u0142o Chrystusa, a w nim ka\u017cdy chrze\u015bcijanin.<\/p>\n\n\n\n<p>Do pocz\u0105tku IV wieku miejscami liturgicznych zgromadze\u0144 by\u0142y przede wszystkim prywatne domy bogatszych chrze\u015bcijan (cze\u015b\u0107 domu by\u0142a na sta\u0142e adaptowana dla potrzeb Ko\u015bcio\u0142a). Chocia\u017c tam, gdzie by\u0142o to mo\u017cliwe, wznoszono specjalne budynki dla sprawowania liturgii. <strong>Od IV wieku, kiedy zacz\u0119\u0142a szybko wzrasta\u0107 liczba chrze\u015bcijan i konieczne sta\u0142o si\u0119 budowanie odpowiednich miejsc modlitwy zacz\u0119to stosowa\u0107 do nich okre\u015blenia <\/strong><em><strong>\u015bwi\u0105tynia<\/strong><\/em><strong> i <\/strong><em><strong>ko\u015bci\u00f3\u0142<\/strong><\/em><strong>. Mamy prawo nazywa\u0107 w ten spos\u00f3b budowane przez nas miejsca s\u0142u\u017cby Bo\u017cej poniewa\u017c s\u0105 one znakami: \u015awi\u0105tyni \u2013 Cia\u0142a Chrystusa i Ko\u015bcio\u0142a \u2013 Ludu Bo\u017cego.<\/strong><\/p>\n\n\n\n<p><strong>Wed\u0142ug Katechizmu Ko\u015bcio\u0142a Katolickiego ko\u015bcio\u0142y opr\u00f3cz tego, \u017ce s\u0105 miejscami zgromadze\u0144, stanowi\u0105 tak\u017ce zewn\u0119trzny znak wsp\u00f3lnoty Ko\u015bcio\u0142a \u017cyj\u0105cej w danym miejscu, a tak\u017ce symbol Domu Ojca, czyli nieba, do kt\u00f3rego zd\u0105\u017camy.<\/strong><\/p>\n\n\n\n<p>Musimy tak\u017ce przyj\u0105\u0107, \u017ce cz\u0142owiek jest istot\u0105 duchowo-materialn\u0105 i wyra\u017ca siebie na spos\u00f3b duchowo-materialny. Je\u015bli cz\u0142owiek chce by\u0107 sob\u0105 nie mo\u017ce zrezygnowa\u0107 ze swojej przynale\u017cno\u015bci do rzeczywisto\u015bci materialnej. Wyra\u017ca wi\u0119c siebie w sposobie zachowania, m\u00f3wienia, w ubiorze, manierach czy urz\u0105dzeniu mieszkania. To co w nim tkwi wypowiedziane zostaje niezliczon\u0105 ilo\u015bci\u0105 znak\u00f3w \u2013 w\u0142a\u015bnie materialnych. Nie inaczej ma si\u0119 rzecz w wymiarze religijnym. <strong>Ko\u015bcio\u0142y z kamienia s\u0105 bowiem znakami owego niewidzialnego Ko\u015bcio\u0142a, jaki w Chrystusie tworz\u0105 ochrzczeni.<\/strong><\/p>\n\n\n\n<p>Ko\u015bcio\u0142y zbudowane z kamieni czy cegie\u0142 s\u0105 zawsze przypomnieniem tego, czym jest Ko\u015bci\u00f3\u0142. Fundament\u00f3w nie wida\u0107, ale by\u0107 musz\u0105; bez nich budowla by si\u0119 zawali\u0142a. I to fundamenty \u2013 Chrystus, aposto\u0142owie \u2013 s\u0105 wyznacznikiem podstawowych za\u0142o\u017ce\u0144 tej budowli. \u015aciany mog\u0105 wygl\u0105da\u0107 r\u00f3\u017cnie, r\u00f3\u017cnie mog\u0105 wygl\u0105da\u0107 zdobienia. Ale fundament\u00f3w rusza\u0107 nie wolno, bo budowla przestaje by\u0107 tym, czym mia\u0142a by\u0107. To podstawowa prawda wynikaj\u0105ca z tego obrazu Ko\u015bcio\u0142a i jednoczenie znaku, jakim jest ko\u015bcielny budynek.<\/p>\n\n\n\n<p>Chrystus jest kamieniem w\u0119gielnym, tym pierwszym, najwa\u017cniejszym elementem budowli, od kt\u00f3rej wszystko si\u0119 zaczyna i kt\u00f3ry, jak napisa\u0142 Pawe\u0142, zespala ca\u0142\u0105 budowl\u0119, jest podstaw\u0105 jedno\u015bci tego, co jest budowane. Chrze\u015bcijanie nie tylko buduj\u0105 t\u0119 \u015bwi\u0105tyni\u0119 Ko\u015bcio\u0142a, ale s\u0105 te\u017c jej budulcem, kamieniami. I w tej \u017cywej \u015bwi\u0105tyni zbudowanej na fundamencie Chrystusa, aposto\u0142\u00f3w i prorok\u00f3w, tworzonej przez wierz\u0105cych, ma dokonywa\u0107 si\u0119 uwielbienie Boga.<\/p>\n\n\n\n<p>&nbsp;Warto zastanowi\u0107 si\u0119 jaki ze mnie kamie\u0144 czy ceg\u0142a. Czy jestem kamieniem mocnym, zespolonym&nbsp; z innymi, czy zmursza\u0142ym, krusz\u0105cym si\u0119, odklejonym od reszty i robi\u0105cym wy\u0142om w monolicie?<\/p>\n\n\n\n<p><\/p>\n\n\n\n<figure class=\"wp-block-image\"><a href=\"http:\/\/rafalk-elblag.pl\/wp-content\/uploads\/2021\/08\/ogloszenia-parafialne-baner-01a.jpg\"><img loading=\"lazy\" decoding=\"async\" width=\"720\" height=\"232\" src=\"http:\/\/rafalk-elblag.pl\/wp-content\/uploads\/2021\/08\/ogloszenia-parafialne-baner-01a.jpg\" alt=\"\" class=\"wp-image-4410\" srcset=\"https:\/\/rafalk-elblag.pl\/wp-content\/uploads\/2021\/08\/ogloszenia-parafialne-baner-01a.jpg 720w, https:\/\/rafalk-elblag.pl\/wp-content\/uploads\/2021\/08\/ogloszenia-parafialne-baner-01a-300x97.jpg 300w\" sizes=\"auto, (max-width: 720px) 100vw, 720px\" \/><\/a><\/figure>\n\n\n\n<h1 class=\"wp-block-heading\">Og\u0142oszenia parafialne 16.04.2023r<\/h1>\n\n\n\n<ol class=\"wp-block-list\"><li>Dzisiaj w NIEDZIEL\u0118 MI\u0141OSIERDZIA BO\u017bEGO przynosimy do ko\u015bcio\u0142a <strong>Skarbonki z Ja\u0142mu\u017cn\u0105 Wielkopostn\u0105 2023. <\/strong>Skarbonki zostawiamy pod o\u0142tarzem.<\/li><\/ol>\n\n\n\n<p><em>B\u00f3g zap\u0142a\u0107 za podj\u0119ty trud i z\u0142o\u017con\u0105 ofiar\u0119.<\/em><\/p>\n\n\n\n<ol class=\"wp-block-list\" start=\"2\"><li>Prze\u017cywamy wyj\u0105tkow\u0105 <strong>\u201eNiedziel\u0119 Mi\u0142osierdzia Bo\u017cego\u201d.<\/strong> Uroczysta Msza \u015bw. z odnowieniem Aktu Zawierzenia Parafii Mi\u0142osierdziu Bo\u017cemu odb\u0119dzie si\u0119 o godz. 15:00. <em>Serdecznie zapraszamy do osobistego i duchowego \u0142\u0105czenia si\u0119 z nami. <\/em><em><strong>Zach\u0119cam by\u015bmy<br>w tej godzinie zjednoczyli si\u0119 we wsp\u00f3lnej modlitwie Koronk\u0105 do Bo\u017cego Mi\u0142osierdzia szczeg\u00f3lnie w intencji zako\u0144czenia wojny na UKRAINIE.<\/strong><\/em><\/li><\/ol>\n\n\n\n<p><strong>UWAGA:<\/strong> <em>Jest jeszcze mo\u017cliwo\u015b\u0107 zakupienia obrazu Jezusa Mi\u0142osiernego w cenie 60 z\u0142., ( wielko\u015b\u0107 20 x 45). Zapisy w zakrystii.<\/em><\/p>\n\n\n\n<ol class=\"wp-block-list\" start=\"3\"><li>Spotkanie dla rodzic\u00f3w dzieci klas IIIprzygotowuj\u0105cych si\u0119 do I KOMUNII \u015aWI\u0118TEJ odb\u0119dzie si\u0119 w poniedzia\u0142ek 17 kwietnia br. o godz. 19:00 w ko\u015bciele.<\/li><\/ol>\n\n\n\n<p><em>Obecno\u015b\u0107 rodzic\u00f3w na tym spotkaniu obowi\u0105zkowa.<\/em><\/p>\n\n\n\n<ol class=\"wp-block-list\" start=\"4\"><li>W \u015brod\u0119 (19.04.) spotkanie Kr\u0119gu Biblijnego o godz. 19.00. <em>Ksi\u0105dz Sylwester serdecznie zaprasza.<\/em><\/li><li><strong>Rozpoczyna si\u0119 \u201eostatnia prosta\u201d przygotowa\u0144 do przyj\u0119cia Sakramentu Bierzmowania dla m\u0142odzie\u017cy z roku II.<\/strong> W zwi\u0105zku z tym ks. Marian prosi o mobilizacj\u0119 wszystkich kandydat\u00f3w i ich rodzic\u00f3w. W najbli\u017cszym czasie odb\u0119d\u0105 si\u0119 spotkania dla kandydat\u00f3w do bierzmowania w ka\u017cd\u0105 niedziel\u0119 maja po Mszy \u015bw. o godz. 19:00 w ko\u015bciele. Obecno\u015b\u0107 kandydat\u00f3w na powy\u017cszych spotkaniach jest obowi\u0105zkowa. <strong>SAKRAMENT BIERZMOWANIA m\u0142odzie\u017c naszej parafii przyjmie 5 czerwca br. podczas Mszy \u015bw.<br>o godz. 18:00.<\/strong><\/li><li>W tym tygodniu zapraszamy na spotkania wszystkich kandydat\u00f3w do Sakramentu Bierzmowania: \u015broda (19.04.) godz. 19:00 ca\u0142y rok II; czwartek (20.04.) ca\u0142y rok I o godz. 19:00. <em>Obecno\u015b\u0107 obowi\u0105zkowa. Spotkanie w salkach na plebanii<\/em>.<\/li><li><strong>Parafia \u015bw. Brata Alberta organizuje w dniu 22 kwietnia (sobota) pielgrzymk\u0119 piesz\u0105 do \u015awi\u0119tego Gaju,<\/strong> miejsca m\u0119cze\u0144stwa \u015bw. Wojciecha, g\u0142\u00f3wnego patrona naszej diecezji. Wyj\u015bcie z Katedry o godz. 6:30. Uroczysta Msza \u015bw. w \u015awi\u0119tym Gaju o godz. 14:00. Zapisy trwaj\u0105 w parafii \u015bw. Brata Alberta. <em><u>Wi\u0119cej informacji na stronie internetowej parafii.<\/u><\/em><\/li><li>Za tydzie\u0144 w III Niedziel\u0119 Wielkanocn\u0105 we wszystkich ko\u015bcio\u0142ach naszego kraju b\u0119dziemy prze\u017cywa\u0107 <strong>VII NARODOWE CZYTANIE PISMA \u015aWI\u0118TEGO.<\/strong> Swoim has\u0142em jak i wybranymi tekstami z ewangelii wed\u0142ug \u015bw. Jana nawi\u0105zuje ono do programu duszpasterskiego, kt\u00f3ry po\u015bwi\u0119cony jest tajemnicy ko\u015bcio\u0142a. Obecny rok ko\u015bcielny i duszpasterski prze\u017cywany jest pod has\u0142em; \u201eWIERZ\u0118 W KO\u015aCI\u00d3\u0141 CHRYSTUSOWY\u201d.<\/li><li>Za tydzie\u0144 b\u0119dziemy mogli w\u0142\u0105czy\u0107 si\u0119 w akcj\u0119 <strong>\u201ePola Nadziei 2023\u201d.<\/strong> Akcja ma uwra\u017cliwi\u0107 spo\u0142ecze\u0144stwo, przypominaj\u0105c o chorych i cierpi\u0105cych, a tak\u017ce zach\u0119ci\u0107 do wolontariatu hospicyjnego. W tym dniu (23 kwietnia) na terenie Elbl\u0105ga b\u0119dzie przeprowadzona kwesta. <em>Przed ko\u015bcio\u0142em b\u0119dzie mo\u017cna do puszek z\u0142o\u017cy\u0107 dobrowoln\u0105 ofiar\u0119. Dzi\u0119kujemy.<\/em><\/li><li>Wszystkim Jubilatom i Solenizantom tego tygodnia \u017cyczymy wszelkiego dobra w \u017cyciu i b\u0142ogos\u0142awie\u0144stwa Bo\u017cego.<\/li><li><strong>Kancelaria Parafialna <\/strong>czynna w \u015brody od 16:00 do 17:30 oraz w pi\u0105tki od godz. 18:45 do 19:30. Zapraszamy.<\/li><li>W ostatnim czasie odszed\u0142 do wieczno\u015bci:<br><strong>\u2020 \u015bp. Bogdan KWAPISZEWSKI<\/strong> lat 79 z ul. Korczaka<\/li><\/ol>\n\n\n\n<p><\/p>\n\n\n\n<figure class=\"wp-block-image\"><img decoding=\"async\" src=\"http:\/\/rafalk-elblag.pl\/wp-content\/uploads\/2020\/04\/baner-intencje-mszy.jpg\" alt=\"\"\/><\/figure>\n\n\n\n<h1 class=\"wp-block-heading\">Intencje mszalne 16.04.2023r<br><\/h1>\n\n\n\n<p><strong>PONIEDZIA\u0141EK \/ 17 kwietnia 2023 r.<\/strong><br>J 3, 1-8<br>8.00 \u015bp. Helena Niewi\u0144ska (15 greg.)<br>18.00 \u015bp. Jerzy Rutkowski (30 rocznica \u015bmierci), Adam Rutkowski (9 rocznica \u015bmierci) i rodzice z obojga stron<br>18.00 \u015bp. J\u00f3zefa [k] (w 38 rocznica \u015bmierci), J\u00f3zef (w 27 rocznic\u0119 \u015bmierci)<\/p>\n\n\n\n<p><strong>WTOREK \/ 18 kwietnia 2023 r.<\/strong><br>J 3, 7b-15<br>8.00 \u015bp. Helena Niewi\u0144ska (16 greg.)<br>18.00 \u015bp. Marianna Ba\u0142dyga (w 18 rocznic\u0119 \u015bmierci) i zmarli z rodziny Ba\u0142dyga i Lasek<br>18.00 Dzi\u0119kczynna z okazji urodzin Krystyny z pro\u015bb\u0105 o Bo\u017ce b\u0142. i opiek\u0119 Matki Bo\u017cej Szkaplerznej<\/p>\n\n\n\n<p><strong>\u015aRODA \/ 19 kwietnia 2023 r.<\/strong><br>J 3, 16-21<br>8.00 \u015bp. J\u00f3zefa [k], Andrzej, Jan, Wanda Kowalscy i Tadeusz Pipczy\u0144ski<br>18.00 \u015bp. Stanis\u0142aw Jasi\u0144ski (15 rocznica \u015bmierci) i zmarli z rodziny<br>18.00 \u015bp. Helena Niewi\u0144ska (17 greg.)<\/p>\n\n\n\n<p><strong>CZWARTEK \/ 20 kwietnia 2023 r.<\/strong><br>J 3, 31-36<br>18.00 \u015bp. Marianna Idzikowska<br>18.00 \u015bp. Helena Niewi\u0144ska (18 greg.)<br>18.00 Dzi\u0119kczynna za prawnuk\u00f3w \u0141ukasza i Nikol\u0119 oraz za Laur\u0119 i Artura<\/p>\n\n\n\n<p><strong>PI\u0104TEK \/ 21 kwietnia 2023 r.<\/strong><br>\u015bw. Anzelma<br>J 6, 1-15<br>8.00 \u015bp. Helena Niewi\u0144ska (19 greg.)<br>18.00 \u015bp. rodzice: Tadeusz i Krystyna Marycz<br>18.00 \u015bp. Bronis\u0142awa [k] i Leon Pr\u0105dzy\u0144scy, Genowefa i Marian Fronczak, Krystyna, Kazimierz<\/p>\n\n\n\n<p><strong>SOBOTA \/ 22 kwietnia 2023 r.<\/strong><br>J 6, 16-21<br>8.00 \u015bp. rodzice: Anna i Jan Zamb\u017cyccy, siostra Danuta Danuta i zmarli z rodziny<br>8.00 \u015bp. Helena Niewi\u0144ska (20 greg.)<br>18.00 Dzi\u0119kczynna w 16-t\u0105 rocznic\u0119 sakramentu chrztu \u015bwi\u0119tego Wiktorii, z pro\u015bb\u0105 o opiek\u0119 Pana Boga i Matki Bo\u017cej oraz za brata Jakuba i rodzic\u00f3w: Ew\u0119 i Jarka<br>18.00 \u015bp. Felicja Brz\u00f3ska w dniu 110 rocznicy ziemskich urodzin<\/p>\n\n\n\n<p><strong>TRZECIA NIEDZIELA WIELKANOCNA<br>23 kwietnia 2023 r.<\/strong><br>\u0141k 24, 13-35<br>8.00 \u015bp. Krystyna Przedwojewska (10 rocznica \u015bmierci) oraz Jan i Gra\u017cyna<br>10.00 \u015bp. Anatol Usik (3 rocznica \u015bmierci)<br>10.00 \u015bp. Helena Niewi\u0144ska (21 greg.)<br>12.00 Dzi\u0119kczynna w 40 rocznic\u0119 \u015blubu Janiny i Alojzego Bi\u0144kowskich, z pro\u015bb\u0105 o Bo\u017ce b\u0142., potrzebne \u0142aski dla Rubinowych Jubilat\u00f3w<br>15.00 Dzi\u0119kczynna w 50 rocznic\u0119 \u015blubu El\u017cbiety i Konrada Pobo\u017cy, z pro\u015bb\u0105 o Bo\u017ce b\u0142., potrzebne \u0142aski dla Z\u0142otych Jubilat\u00f3w<br>18.00 Dzi\u0119kczynna w 50 rocznic\u0119 \u015blubu Krystyny i Jerzego Szafran, z pro\u015bb\u0105 o Bo\u017ce b\u0142. dla Z\u0142otych Jubilat\u00f3w<\/p>\n","protected":false},"excerpt":{"rendered":"<p>Ewangelia (J 20, 19-31) B\u0142ogos\u0142awieni, kt\u00f3rzy nie widzieli, a uwierzyli S\u0142owa Ewangelii wed\u0142ug \u015awi\u0119tego Jana Wieczorem w dniu zmartwychwstania, tam gdzie przebywali uczniowie, cho\u0107 drzwi by\u0142y zamkni\u0119te z obawy przed \u017bydami, przyszed\u0142 Jezus, stan\u0105\u0142 po\u015brodku i rzek\u0142 do nich: \u00abPok\u00f3j wam!\u00bb A to powiedziawszy, pokaza\u0142 im r\u0119ce i bok. Uradowali si\u0119 zatem uczniowie, ujrzawszy Pana. [&hellip;]<\/p>\n","protected":false},"author":1,"featured_media":4943,"comment_status":"closed","ping_status":"closed","sticky":false,"template":"","format":"standard","meta":{"ngg_post_thumbnail":0,"footnotes":""},"categories":[11,8,4,3],"tags":[],"class_list":["post-4942","post","type-post","status-publish","format-standard","has-post-thumbnail","hentry","category-aktualnosci","category-blog","category-intencje","category-ogloszenia"],"_links":{"self":[{"href":"https:\/\/rafalk-elblag.pl\/index.php?rest_route=\/wp\/v2\/posts\/4942","targetHints":{"allow":["GET"]}}],"collection":[{"href":"https:\/\/rafalk-elblag.pl\/index.php?rest_route=\/wp\/v2\/posts"}],"about":[{"href":"https:\/\/rafalk-elblag.pl\/index.php?rest_route=\/wp\/v2\/types\/post"}],"author":[{"embeddable":true,"href":"https:\/\/rafalk-elblag.pl\/index.php?rest_route=\/wp\/v2\/users\/1"}],"replies":[{"embeddable":true,"href":"https:\/\/rafalk-elblag.pl\/index.php?rest_route=%2Fwp%2Fv2%2Fcomments&post=4942"}],"version-history":[{"count":1,"href":"https:\/\/rafalk-elblag.pl\/index.php?rest_route=\/wp\/v2\/posts\/4942\/revisions"}],"predecessor-version":[{"id":4944,"href":"https:\/\/rafalk-elblag.pl\/index.php?rest_route=\/wp\/v2\/posts\/4942\/revisions\/4944"}],"wp:featuredmedia":[{"embeddable":true,"href":"https:\/\/rafalk-elblag.pl\/index.php?rest_route=\/wp\/v2\/media\/4943"}],"wp:attachment":[{"href":"https:\/\/rafalk-elblag.pl\/index.php?rest_route=%2Fwp%2Fv2%2Fmedia&parent=4942"}],"wp:term":[{"taxonomy":"category","embeddable":true,"href":"https:\/\/rafalk-elblag.pl\/index.php?rest_route=%2Fwp%2Fv2%2Fcategories&post=4942"},{"taxonomy":"post_tag","embeddable":true,"href":"https:\/\/rafalk-elblag.pl\/index.php?rest_route=%2Fwp%2Fv2%2Ftags&post=4942"}],"curies":[{"name":"wp","href":"https:\/\/api.w.org\/{rel}","templated":true}]}}