{"id":4939,"date":"2023-04-09T13:54:00","date_gmt":"2023-04-09T13:54:00","guid":{"rendered":"http:\/\/rafalk-elblag.pl\/?p=4939"},"modified":"2023-04-11T14:25:03","modified_gmt":"2023-04-11T14:25:03","slug":"ogloszenia-09-04-2023-uroczystosc-zmartwychwstania-panskiego","status":"publish","type":"post","link":"https:\/\/rafalk-elblag.pl\/?p=4939","title":{"rendered":"Og\u0142oszenia 09.04.2023, Uroczysto\u015b\u0107 Zmartwychwstania Pa\u0144skiego"},"content":{"rendered":"\n<figure class=\"wp-block-embed is-type-video is-provider-youtube wp-block-embed-youtube wp-embed-aspect-16-9 wp-has-aspect-ratio\"><div class=\"wp-block-embed__wrapper\">\n<iframe loading=\"lazy\" title=\"Bez zmartwychwstania do \u017cycia w Chrystusie cz\u0142owiek nie zazna pokoju - ks.  S\u0142awomir Kostrzewa\" width=\"900\" height=\"506\" src=\"https:\/\/www.youtube.com\/embed\/JrWb09LknWI?feature=oembed\" frameborder=\"0\" allow=\"accelerometer; autoplay; clipboard-write; encrypted-media; gyroscope; picture-in-picture; web-share\" allowfullscreen><\/iframe>\n<\/div><\/figure>\n\n\n\n<h2 class=\"wp-block-heading\">Ewangelia (J 20, 1-9)<\/h2>\n\n\n\n<h4 class=\"wp-block-heading\"><em>Aposto\u0142owie przy grobie Zmartwychwsta\u0142ego<\/em><\/h4>\n\n\n\n<p><strong>S\u0142owa Ewangelii wed\u0142ug \u015awi\u0119tego Jana<\/strong><\/p>\n\n\n\n<p>Pierwszego dnia po szabacie, wczesnym rankiem, gdy jeszcze by\u0142o ciemno, Maria Magdalena uda\u0142a si\u0119 do grobu i zobaczy\u0142a kamie\u0144 odsuni\u0119ty od grobu. Pobieg\u0142a wi\u0119c i przyby\u0142a do Szymona Piotra oraz do drugiego ucznia, kt\u00f3rego Jezus kocha\u0142, i rzek\u0142a do nich: \u00abZabrano Pana z grobu i nie wiemy, gdzie Go po\u0142o\u017cono\u00bb.<\/p>\n\n\n\n<p>Wyszed\u0142 wi\u0119c Piotr i \u00f3w drugi ucze\u0144 i szli do grobu. Biegli obydwaj razem, lecz \u00f3w drugi ucze\u0144 wyprzedzi\u0142 Piotra i przyby\u0142 pierwszy do grobu. A kiedy si\u0119 nachyli\u0142, zobaczy\u0142 le\u017c\u0105ce p\u0142\u00f3tna, jednak\u017ce nie wszed\u0142 do \u015brodka.<\/p>\n\n\n\n<p>Nadszed\u0142 potem tak\u017ce Szymon Piotr, id\u0105cy za nim. Wszed\u0142 on do wn\u0119trza grobu i ujrza\u0142 le\u017c\u0105ce p\u0142\u00f3tna oraz chust\u0119, kt\u00f3ra by\u0142a na Jego g\u0142owie, le\u017c\u0105c\u0105 nie razem z p\u0142\u00f3tnami, ale oddzielnie zwini\u0119t\u0105 w jednym miejscu. Wtedy wszed\u0142 do wn\u0119trza tak\u017ce i \u00f3w drugi ucze\u0144, kt\u00f3ry przyby\u0142 pierwszy do grobu. Ujrza\u0142 i uwierzy\u0142. Dot\u0105d bowiem nie rozumieli jeszcze Pisma, kt\u00f3re m\u00f3wi, \u017ce On ma powsta\u0107 z martwych.<\/p>\n\n\n\n<p><\/p>\n\n\n\n<h2 class=\"wp-block-heading\"><em><strong>\u017byczenia Wielkanocne<\/strong><\/em><\/h2>\n\n\n\n<p><em>Niech zmartwychwstanie Jezusa nape\u0142ni Was nadziej\u0105, \u017ce dobro zawsze zwyci\u0119\u017ca a moc Chrystusa jest tak wielka, \u017ce pokona ka\u017cde z\u0142o, tak\u017ce to, kt\u00f3re Was w \u017cyciu spotyka.<\/em><\/p>\n\n\n\n<p><em>Niech Pan, kt\u00f3ry przyszed\u0142 do Aposto\u0142\u00f3w przyjdzie r\u00f3wnie\u017c do Was ze swoim pokojem, mi\u0142o\u015bci\u0105 i umocni wasz\u0105 wiar\u0119. Niech obdarzy Was poczuciem swojej obecno\u015bci, aby sta\u0142a si\u0119 ona dla Was \u017ar\u00f3d\u0142em rado\u015bci.<\/em><\/p>\n\n\n\n<p><em>Obfitych \u0142ask od Chrystusa Zmartwychwsta\u0142ego oraz pe\u0142nych pokoju \u015awi\u0105t Wielkanocnych z radosnym &#8222;Alleluja&#8221;<\/em><\/p>\n\n\n\n<p><em>\u017cycz\u0105 Ksi\u0119\u017ca pracuj\u0105cy w parafii.<\/em><\/p>\n\n\n\n<h2 class=\"wp-block-heading\"><strong>Pierwsze \u015bwi\u0119to chrze\u015bcijan<\/strong><\/h2>\n\n\n\n<p>Niedziela Zmartwychwstania Pa\u0144skiego jest pierwszym i najdawniejszym \u015bwi\u0119tem w Ko\u015bciele Katolickim, obchodzonym ju\u017c w czasach apostolskich. Symbolicznym tego wyrazem jest \u015bwi\u0119towanie przez chrze\u015bcijan niedzieli jako Dies Dominica (Dzie\u0144 Pa\u0144ski).<\/p>\n\n\n\n<p>Niedziela wielkanocna rozpoczyna si\u0119 ju\u017c w sobot\u0119 po zachodzie s\u0142o\u0144ca. Rozpoczyna j\u0105 Wigilia Paschalna, podczas kt\u00f3rej zapala si\u0119 pascha\u0142 \u2013 woskow\u0105 \u015bwiec\u0119, kt\u00f3ra symbolizuje zmartwychwsta\u0142ego Chrystusa. Jest to r\u00f3wnie\u017c ostatni dzie\u0144 Triduum Paschalnego, liczonego wed\u0142ug kalendarza \u017cydowskiego od wieczora Wielkiego Czwartku do wieczornych nieszpor\u00f3w w Niedziel\u0119. \u015awi\u0119towanie Wielkanocy rozci\u0105ga si\u0119 na kolejne osiem dni \u2013 oktaw\u0119 wielkanocn\u0105, a szerzej a\u017c do dnia Pi\u0119\u0107dziesi\u0105tnicy \u2013 Niedzieli Zes\u0142ania Ducha \u015awi\u0119tego.<\/p>\n\n\n\n<p>Dla pierwotnego Ko\u015bcio\u0142a czas wielkanocny by\u0142 centrum roku ko\u015bcielnego. Przez pi\u0119\u0107dziesi\u0105t dni chrze\u015bcijanie \u015bwi\u0119towali zmartwychwstanie Chrystusa. Zafascynowani \u015bpiewali ci\u0105gle na nowo wielkanocne \u201eAlleluja\u201d. \u015apiewaj\u0105c wyra\u017cali rado\u015b\u0107, \u017ce mi\u0142o\u015b\u0107 zwyci\u0119\u017cy\u0142a \u015bmier\u0107, \u017ce dzi\u0119ki zmartwychwstaniu uczestniczymy w chwale Chrystusa. \u015aw. Augustyn w jednym z kaza\u0144 tak m\u00f3wi o wielkanocnym \u201eAlleluja\u201d:<\/p>\n\n\n\n<p><em>\u015apiewaj dzisiaj nie po to by cieszy\u0107 si\u0119 spokojem, lecz aby w\u015br\u00f3d trosk znale\u017a\u0107 pociech\u0119. Tak jak maj\u0105 zwyczaj \u015bpiewa\u0107 w\u0119drowcy: \u015bpiewaj, ale id\u017a. \u015apiewaj\u0105c pocieszaj si\u0119 w trudno\u015bciach, nie poddawaj si\u0119 zniech\u0119ceniu! \u015apiewaj i id\u017a!<\/em><\/p>\n\n\n\n<p>Wielu chrze\u015bcijan straci\u0142o dzisiaj poczucie tajemnicy Wielkanocy. Ciesz\u0105 si\u0119 wprawdzie z wiosny, ale pi\u0119kno wi\u0105\u017c\u0105 nie tyle z Wielkanoc\u0105, ile z prze\u017cyciem odradzaj\u0105cej si\u0119 przyrody. Dla pierwotnego Ko\u015bcio\u0142a zbie\u017cno\u015b\u0107 ta by\u0142a jedno\u015bci\u0105: zmartwychwstanie Jezusa Chrystusa odnawia r\u00f3wnie\u017c stworzenie. W tajemnicy Wielkanocy chrze\u015bcijanie odkrywali prawdziw\u0105 wiosn\u0119: \u017cycie jest silniejsze ni\u017c \u015bmier\u0107. Martwy gr\u00f3b zostaje przemieniony w kwitn\u0105cy ogr\u00f3d. Wi\u0119zy, kt\u00f3re nie pozwala\u0142y nam \u017cy\u0107 \u017cyciem Bo\u017cym opadaj\u0105. Dzi\u0119ki zmartwychwstaniu odkrywamy nowe si\u0142y \u017cyciowe w naszym ciele i w naszej duszy.<\/p>\n\n\n\n<p>W okresie postu oraz Triduum Paschalnego rozmy\u015blanie nad cierpieniem Jezusa pozwoli\u0142o nam przyjrze\u0107 si\u0119 naszym w\u0142asnym ranom. W okresie Wielkanocnym zwracamy si\u0119 ku \u017cyciu, kt\u00f3re pragnie rozkwita\u0107 w naszych ranach. Droga zmartwychwstania uczy nas \u017cycia, kt\u00f3re jest silniejsze ni\u017c wszelkie zranienia i blokady. Wielkanoc zaczyna si\u0119 od \u017cycia. Potrzeba zatem aby\u015bmy i my, rozwa\u017cywszy w Wielkim Po\u015bcie nasze rany, skupili si\u0119 teraz na naszych mo\u017cliwo\u015bciach, zdolno\u015bciach i drodze, kt\u00f3r\u0105 B\u00f3g chce dalej nas prowadzi\u0107. Wszystkie fragmenty Ewangelii m\u00f3wi\u0105ce o zmartwychwstaniu, tak jak cuda uzdrowienia, wyrywaj\u0105 nas z beznadziejno\u015bci, rozsadzaj\u0105 wewn\u0119trzne odr\u0119twienie, przekazuj\u0105 prawd\u0119 o wolno\u015bci i pokonywaniu naszych ogranicze\u0144 wtedy gdy jeste\u015bmy z Bogiem. Niech s\u0142owa Ewangelii daj\u0105 nam nadziej\u0119, si\u0142\u0119 i odwag\u0119 do pewniejszego kroczenia za Jezusem i do walki ze z\u0142em.<\/p>\n\n\n\n<p><\/p>\n\n\n\n<figure class=\"wp-block-image\"><a href=\"http:\/\/rafalk-elblag.pl\/wp-content\/uploads\/2021\/08\/ogloszenia-parafialne-baner-01a.jpg\"><img loading=\"lazy\" decoding=\"async\" width=\"720\" height=\"232\" src=\"http:\/\/rafalk-elblag.pl\/wp-content\/uploads\/2021\/08\/ogloszenia-parafialne-baner-01a.jpg\" alt=\"\" class=\"wp-image-4410\" srcset=\"https:\/\/rafalk-elblag.pl\/wp-content\/uploads\/2021\/08\/ogloszenia-parafialne-baner-01a.jpg 720w, https:\/\/rafalk-elblag.pl\/wp-content\/uploads\/2021\/08\/ogloszenia-parafialne-baner-01a-300x97.jpg 300w\" sizes=\"auto, (max-width: 720px) 100vw, 720px\" \/><\/a><\/figure>\n\n\n\n<h1 class=\"wp-block-heading\">Og\u0142oszenia parafialne 09.04.2023r<\/h1>\n\n\n\n<ol class=\"wp-block-list\"><li>Jutro Poniedzia\u0142ek Wielkanocny, II dzie\u0144 \u015awi\u0105t. Porz\u0105dek Mszy \u015bw. jak<br>w niedziel\u0119. <strong>UWAGA! NIE MA MSZY O GODZ. 15:00<\/strong>. Taca przeznaczona na Katolicki Uniwersytet Lubelski im. \u015bw. Jana Paw\u0142a II. <em>B\u00f3g zap\u0142a\u0107 za z\u0142o\u017cone ofiary.<\/em><\/li><li><strong>OD WIELKIEGO PI\u0104TKU trwamy na<\/strong> <strong>NOWENNIE, kt\u00f3ra przygotowuje nas do Niedzieli Mi\u0142osierdzia Bo\u017cego, kt\u00f3r\u0105 odmawiamy po Mszy \u015bw. wieczorowej.<\/strong><\/li><\/ol>\n\n\n\n<p><em>Parafian zach\u0119cam do wsp\u00f3lnej modlitwy w ko\u015bciele lub rodzinnej w swoich domach, \u0142\u0105cz\u0105c si\u0119 duchowo z parafi\u0105. Pro\u015bmy Mi\u0142osiernego Boga zako\u0144czenie wojny na UKRAINIE.<\/em><\/p>\n\n\n\n<ol class=\"wp-block-list\" start=\"3\"><li>Za tydzie\u0144 w <strong>NIEDZIEL\u0118 MI\u0141OSIERDZIA BO\u017bEGO<\/strong> <strong>przynosimy do ko\u015bcio\u0142a Skarbonki z Ja\u0142mu\u017cn\u0105 2023<\/strong> w ramach og\u00f3lnopolskiej akcji \u201eCZAS MI\u0141OSIERDZIA\u201d. <em>Skarbonki zostawiamy pod o\u0142tarzem. B\u00f3g zap\u0142a\u0107 za podj\u0119ty trud i z\u0142o\u017con\u0105 ofiar\u0119.<\/em><\/li><li><strong>W przysz\u0142\u0105 Niedziel\u0119 w ca\u0142ym Ko\u015bciele obchodzi\u0107 b\u0119dziemy Niedziel\u0119 Bo\u017cego Mi\u0142osierdzia. <\/strong>Uroczysta Msza \u015bw. z odnowieniem Aktu Zawierzenia Parafii Mi\u0142osierdziu Bo\u017cemu odb\u0119dzie si\u0119 o godz. 15:00.<\/li><\/ol>\n\n\n\n<p><strong>UWAGA:<\/strong> <em>Jest mo\u017cliwo\u015b\u0107 zam\u00f3wienia obrazu Jezusa Mi\u0142osiernego w cenie 60 z\u0142., (wielko\u015b\u0107 20 x 45) kt\u00f3re zostan\u0105 po\u015bwi\u0119cone w Niedziel\u0119 Mi\u0142osierdzia Bo\u017cego o godz. 15:00. Zapisy w zakrystii.<\/em><\/p>\n\n\n\n<ol class=\"wp-block-list\" start=\"5\"><li><strong>Dzi\u0119kuj\u0119:<\/strong> ks. Sylwestrowi za przygotowaniu Ciemnicy i ks. Marianowi za przygotowanie Grobu Pa\u0144skiego oraz wszystkim osobom kt\u00f3re pomaga\u0142y, S\u0142u\u017cbie Liturgicznej O\u0142tarza a szczeg\u00f3lne za zaanga\u017cowanie \u2013 ceremoniarzom: Grzegorzowi Wierzbickiemu, Karolowi Mystkowskiemu, panu Piotrowi \u2013 Organi\u015bcie i Ch\u00f3rowi za przygotowanie oprawy muzycznej podczas Triduum Paschalnego, pa\u0144stwu Bo\u017cenie i Henrykowi Kulig za dekoracj\u0119 naszej \u015bwi\u0105tyni i panom ko\u015bcielnym Edmundowi i Zbigniewowi.<\/li><li>Zach\u0119cam do nabywania nowego numeru \u201eGo\u015bcia Niedzielnego\u201d<strong> z dodatkiem<\/strong> <strong>\u201eGo\u015bcia Elbl\u0105skiego\u201d<\/strong> <strong>w cenie 10 z\u0142.<\/strong> oraz <strong>\u201eGO\u015aCIA EXTRA\u201d<\/strong> w cenie 14 z\u0142.<\/li><li><strong>\u017byczymy wszystkim Parafianom i Go\u015bciom radosnego Alleluja &#8211; pe\u0142nego nadziei i wiary w moc Zmartwychwsta\u0142ego Pana, kt\u00f3ry zwyci\u0119\u017cy\u0142 \u015bmier\u0107 i pokona wszystko co jest smutkiem, niepewno\u015bci\u0105 i chorob\u0105. Szcz\u0119\u015b\u0107 Bo\u017ce<\/strong>.<\/li><li>W ostatnim czasie odszed\u0142 do wieczno\u015bci:<br><strong>\u2020 \u015bp. J\u00f3zef KIMSO<\/strong> lat 91 z ul. Porazi\u0144skiej<\/li><\/ol>\n\n\n\n<p><\/p>\n\n\n\n<figure class=\"wp-block-image\"><img decoding=\"async\" src=\"http:\/\/rafalk-elblag.pl\/wp-content\/uploads\/2020\/04\/baner-intencje-mszy.jpg\" alt=\"\"\/><\/figure>\n\n\n\n<h1 class=\"wp-block-heading\">Intencje mszalne 09.04.2023r<br><\/h1>\n\n\n\n<p><strong>PONIEDZIA\u0141EK \/ 10 kwietnia 2023 r.<\/strong><br>Mt 28, 8-15<br>8.00 \u015bp. Helena Niewi\u0144ska (8 greg.)<br>8.00 \u015bw. Cyryla [k] Kieza<br>10.00 \u015bp. Izabela Czachorowska (w rocznic\u0119 \u015bmierci)<br>10.00 Dzi\u0119kczynna z okazji 1. rocznicy urodzin Basi i 7. rocznicy urodzin Mai, z pro\u015bb\u0105 o b\u0142. Bo\u017ce i zdrowie<br>12.00 Dzi\u0119kczynna z okazji 50 rocznicy \u015blubu Krystyny i Ryszarda M\u0142ynarskich, z pro\u015bb\u0105 o Bo\u017ce b\u0142. potrzebna \u0142aski i opiek\u0119 Matki Bo\u017cej<br>18.00 \u015bp. Teresa Ma\u0142kowska (z okazji urodzin)<\/p>\n\n\n\n<p><strong>WTOREK \/ 11 kwietnia 2023 r.<\/strong><br>J 20, 11-18<br>8.00 \u015bp. Helena Niewi\u0144ska (9 greg.)<br>18.00 \u015bp. Jadwiga Starzy\u0144ska (w 17 rocznic\u0119) i zmarli z rodziny<br>18.00 O Bo\u017ce b\u0142. w drodze do u\u015bwi\u0119cenia daru kap\u0142a\u0144stwa i moc Ducha \u015awi\u0119tego w przeciwno\u015bciach dla ks. Proboszcza<\/p>\n\n\n\n<p><strong>\u015aRODA \/ 12 kwietnia 2023 r.<\/strong><br>\u0141k 24, 13-35<br>8.00 \u015bp. Helena Niewi\u0144ska (10 greg.)<br>18.00 \u015bp. Jan Przyby\u0142ek (w 28 rocznic\u0119 \u015bmierci), \u015bp. syn Bogdan, bracia i siostry oraz rodzice z obojga stron<br>18.00 O Bo\u017ce b\u0142. w drodze do u\u015bwi\u0119cenia daru kap\u0142a\u0144stwa dla ks. Sylwestra<\/p>\n\n\n\n<p><strong>CZWARTEK \/ 13 kwietnia 2023 r.<\/strong><br>\u0141k 24, 35-48<br>18.00 \u015bp. Helena Niewi\u0144ska (11 greg.)<br>18.00 \u015bp. Ryszard Myszk (4 rocznica \u015bmierci)<br>18.00 O Bo\u017ce b\u0142. w drodze do u\u015bwi\u0119cenia daru kap\u0142a\u0144stwa i moc Ducha \u015awi\u0119tego dla ks. Mariana<\/p>\n\n\n\n<p><strong>PI\u0104TEK \/ 14 kwietnia 2023 r.<\/strong><br>J 21, 1-14<br>8.00 \u015bp. Helena Niewi\u0144ska (12 greg.)<br>18.00 W intencji wynagradzaj\u0105cej za grzechy naszej Ojczyzny<br>18.00 O Bo\u017ce b\u0142. w drodze do \u015bwi\u0119to\u015bci i moc Ducha \u015awi\u0119tego dla ks. Piotra<\/p>\n\n\n\n<p><strong>SOBOTA \/ 15 kwietnia 2023 r.<\/strong><br>Mk 16, 9-15<br>8.00 Za dusze w czy\u015b\u0107cu cierpi\u0105ce<br>8.00 \u015bp. Helena Niewi\u0144ska (13 greg.)<br>18.00 Dzi\u0119kczynna w 45 rocznic\u0119 zwi\u0105zku ma\u0142\u017ce\u0144skiego Ireny i J\u00f3zefa Brz\u00f3ska<br>18.00 O Bo\u017ce b\u0142. w drodze do \u015bwi\u0119to\u015bci i moc Ducha \u015awi\u0119tego dla ks. \u0141ukasza Bo\u0107ka<\/p>\n\n\n\n<p><strong>DRUGA NIEDZIELA WIELKANOCNA &#8211; MI\u0141OSIERDZIA BO\u017bEGO<br>16 kwietnia 2023 r.<\/strong><br>J 20, 19-31<br>8.00 \u015bp. Helena Kapciak, Regina K\u0105kol, Wac\u0142aw Grzegorczyk<br>10.00 \u015bp. Helena Niewi\u0144ska (14 greg.)<br>12.00 Za rodzin\u0119 Kimso z pro\u015bb\u0105 o Bo\u017ce b\u0142., potrzebne \u0142aski oraz opiek\u0119 Matki Bo\u017cej Szkaplerznej<br>15.00 W intencji Parafian<br>12.00 \u015bp. Teresa Ma\u0142kowska (2 rocznica \u015bmierci)<br>18.00 O Bo\u017ce b\u0142., dary Ducha \u015awi\u0119tego, opiek\u0119 Matki Naj\u015bwi\u0119tszej dla opiekuna ks. proboszcza Wojciecha Zwolickiego oraz cz\u0142onk\u00f3w Apostolatu Bo\u017cego Mi\u0142osierdzia i Wolontariuszy parafialnego Caritas<\/p>\n","protected":false},"excerpt":{"rendered":"<p>Ewangelia (J 20, 1-9) Aposto\u0142owie przy grobie Zmartwychwsta\u0142ego S\u0142owa Ewangelii wed\u0142ug \u015awi\u0119tego Jana Pierwszego dnia po szabacie, wczesnym rankiem, gdy jeszcze by\u0142o ciemno, Maria Magdalena uda\u0142a si\u0119 do grobu i zobaczy\u0142a kamie\u0144 odsuni\u0119ty od grobu. Pobieg\u0142a wi\u0119c i przyby\u0142a do Szymona Piotra oraz do drugiego ucznia, kt\u00f3rego Jezus kocha\u0142, i rzek\u0142a do nich: \u00abZabrano Pana [&hellip;]<\/p>\n","protected":false},"author":1,"featured_media":4940,"comment_status":"closed","ping_status":"closed","sticky":false,"template":"","format":"standard","meta":{"ngg_post_thumbnail":0,"footnotes":""},"categories":[11,8,4,3],"tags":[],"class_list":["post-4939","post","type-post","status-publish","format-standard","has-post-thumbnail","hentry","category-aktualnosci","category-blog","category-intencje","category-ogloszenia"],"_links":{"self":[{"href":"https:\/\/rafalk-elblag.pl\/index.php?rest_route=\/wp\/v2\/posts\/4939","targetHints":{"allow":["GET"]}}],"collection":[{"href":"https:\/\/rafalk-elblag.pl\/index.php?rest_route=\/wp\/v2\/posts"}],"about":[{"href":"https:\/\/rafalk-elblag.pl\/index.php?rest_route=\/wp\/v2\/types\/post"}],"author":[{"embeddable":true,"href":"https:\/\/rafalk-elblag.pl\/index.php?rest_route=\/wp\/v2\/users\/1"}],"replies":[{"embeddable":true,"href":"https:\/\/rafalk-elblag.pl\/index.php?rest_route=%2Fwp%2Fv2%2Fcomments&post=4939"}],"version-history":[{"count":1,"href":"https:\/\/rafalk-elblag.pl\/index.php?rest_route=\/wp\/v2\/posts\/4939\/revisions"}],"predecessor-version":[{"id":4941,"href":"https:\/\/rafalk-elblag.pl\/index.php?rest_route=\/wp\/v2\/posts\/4939\/revisions\/4941"}],"wp:featuredmedia":[{"embeddable":true,"href":"https:\/\/rafalk-elblag.pl\/index.php?rest_route=\/wp\/v2\/media\/4940"}],"wp:attachment":[{"href":"https:\/\/rafalk-elblag.pl\/index.php?rest_route=%2Fwp%2Fv2%2Fmedia&parent=4939"}],"wp:term":[{"taxonomy":"category","embeddable":true,"href":"https:\/\/rafalk-elblag.pl\/index.php?rest_route=%2Fwp%2Fv2%2Fcategories&post=4939"},{"taxonomy":"post_tag","embeddable":true,"href":"https:\/\/rafalk-elblag.pl\/index.php?rest_route=%2Fwp%2Fv2%2Ftags&post=4939"}],"curies":[{"name":"wp","href":"https:\/\/api.w.org\/{rel}","templated":true}]}}