{"id":4934,"date":"2023-04-02T16:42:13","date_gmt":"2023-04-02T16:42:13","guid":{"rendered":"http:\/\/rafalk-elblag.pl\/?p=4934"},"modified":"2023-04-02T16:51:41","modified_gmt":"2023-04-02T16:51:41","slug":"ogloszenia-02-04-2023-v-niedziela-wielkiego-postu","status":"publish","type":"post","link":"https:\/\/rafalk-elblag.pl\/?p=4934","title":{"rendered":"Og\u0142oszenia 02.04.2023, Niedziela M\u0119ki Pa\u0144skiej"},"content":{"rendered":"\n<figure class=\"wp-block-embed is-type-video is-provider-youtube wp-block-embed-youtube wp-embed-aspect-16-9 wp-has-aspect-ratio\"><div class=\"wp-block-embed__wrapper\">\n<iframe loading=\"lazy\" title=\"Ks. Piotr Pawlukiewicz o Triduum Paschalnym\" width=\"900\" height=\"506\" src=\"https:\/\/www.youtube.com\/embed\/tOB1hp7Z84U?feature=oembed\" frameborder=\"0\" allow=\"accelerometer; autoplay; clipboard-write; encrypted-media; gyroscope; picture-in-picture; web-share\" allowfullscreen><\/iframe>\n<\/div><\/figure>\n\n\n\n<h1 class=\"wp-block-heading\">Ewangelia <\/h1>\n\n\n\n<div class=\"wp-block-buttons is-layout-flex wp-block-buttons-is-layout-flex\">\n<div class=\"wp-block-button\"><a class=\"wp-block-button__link\" href=\"https:\/\/niezbednik.niedziela.pl\/site\/liturgia\/Ewangelia?data=2023-04-02\">   Ewangelia na 02.04.2023   <\/a><\/div>\n<\/div>\n\n\n\n<h1 class=\"wp-block-heading\"><strong><strong><strong><strong><strong><strong><strong><strong><strong><strong><strong><strong><strong><strong><strong><strong><strong><strong><strong><strong><strong><strong>TRIDUUM PASCHALNE<\/strong><\/strong><\/strong><\/strong><\/strong><\/strong><\/strong><\/strong><\/strong><\/strong><\/strong><\/strong><\/strong><\/strong><\/strong><\/strong><\/strong><\/strong><\/strong><\/strong><\/strong><\/strong><\/h1>\n\n\n\n<p>trzy dni, kt\u00f3re streszczaj\u0105 to co najwa\u017cniejsze<\/p>\n\n\n\n<h2 class=\"wp-block-heading\"><em><u><strong>WIELKI CZWARTEK<\/strong><\/u><\/em><\/h2>\n\n\n\n<p>Ko\u015bci\u00f3\u0142 staje si\u0119 w tym dniu, w czasie liturgii Wieczernikiem, w kt\u00f3rym Jezus spotyka si\u0119 przed M\u0119k\u0105 ze swoimi uczniami, umywa im nogi i nazywa przyjaci\u00f3\u0142mi.<\/p>\n\n\n\n<p><strong>18:00<\/strong> <strong>Msza Wieczerzy Pa\u0144skiej <\/strong>\u2013 pami\u0105tka ustanowienia Eucharystii i Kap\u0142a\u0144stwa.Tego dnia liturgia ko\u0144czy si\u0119 przeniesieniem Naj\u015bwi\u0119tszego Sakramentu do Ciemnicy.<\/p>\n\n\n\n<p><strong>Od godz<\/strong>. <strong>21:00 <\/strong>\u2013adoracja prowadzona przez Odnow\u0119 w Duchu \u015awi\u0119tym. <strong>Adoracja trwa do godziny 22:00.<\/strong><\/p>\n\n\n\n<h2 class=\"wp-block-heading\"><em><u><strong>WIELKI PI\u0104TEK<\/strong><\/u><\/em><\/h2>\n\n\n\n<p>Dzie\u0144 M\u0119ki i \u015bmierci naszego Pana Jezusa Chrystusa. W tym dniu Ko\u015bci\u00f3\u0142 nie sprawuje Mszy \u015bw. Gromadzimy si\u0119 na wieczornej liturgii ku czci M\u0119ki Pa\u0144skiej.<\/p>\n\n\n\n<p><strong>9:00<\/strong> <strong>&#8211; CIEMNA JUTRZNIA \u2013 <\/strong>modlitwa brewiarzowa<\/p>\n\n\n\n<p><strong>15:00 <\/strong>\u2013 <strong>GODZINA MI\u0141OSIERDZIA<\/strong> &#8211; Droga Krzy\u017cowa. oraz Pierwszy Dzie\u0144 Nowenny do Mi\u0142osierdzia Bo\u017cego<\/p>\n\n\n\n<p><strong>18:00<\/strong> <strong>LITURGIA M\u0118KI PA\u0143SKIEJ I ADORACJA KRZY\u017bA \u2013 <\/strong>Sk\u0142ada si\u0119 z czterech cz\u0119\u015bci: pierwsza to s\u0142uchanie S\u0142owa Bo\u017cego, druga<br>to ods\u0142oni\u0119cie i adoracja Krzy\u017ca, po niej obrz\u0119dy Komunii \u015awi\u0119tej<\/p>\n\n\n\n<p><em><u>Adoracja Krzy\u017ca odb\u0119dzie si\u0119 przez uca\u0142owanie Krzy\u017ca.<\/u><\/em><\/p>\n\n\n\n<p><em><strong>Liturgia ko\u0144czy si\u0119 przeniesieniem Naj\u015bwi\u0119tszego Sakramentu do symbolicznego Grobu Pa\u0144skiego.<\/strong><\/em><\/p>\n\n\n\n<p><strong>UWAGA!!!<\/strong><\/p>\n\n\n\n<p><em>W tym dniu obowi\u0105zuje nas POST \u015aCIS\u0141Y tzn. wstrzemi\u0119\u017aliwo\u015b\u0107 od pokarm\u00f3w mi\u0119snych i ograniczenie ilo\u015bci spo\u017cywanego pokarmu (trzy posi\u0142ki \u2013 jeden do syta i dwa lekkie).<\/em><\/p>\n\n\n\n<h2 class=\"wp-block-heading\"><em><u><strong>WIELKA SOBOTA<\/strong><\/u><\/em><\/h2>\n\n\n\n<p><strong>9:00<\/strong> <strong>CIEMNA JUTRZNIA<\/strong> \u2013 modlitwa brewiarzowa<\/p>\n\n\n\n<p><strong>Dzie\u0144 Adoracji przy Grobie Pa\u0144skim. Zapraszamy na po\u015bwiecenie pokarm\u00f3w na st\u00f3\u0142 Wielkanocny i adoracj\u0119 do ko\u015bcio\u0142a na godz. 10:00, 10:30, 11:00, 11:30, 12:00, 12:30, 13:00, 13:30, 14:00 i 14:30. <\/strong>Podczas po\u015bwi\u0119cenia koszyk trzymamy przed sob\u0105, aby zachowa\u0107 wi\u0119kszy porz\u0105dek oraz dystans. <em>Ofiary zbierane w tym dniu przeznaczone b\u0119d\u0105 dla os\u00f3b korzystaj\u0105cych z pomocy Caritas w naszej parafii.<\/em><\/p>\n\n\n\n<p><strong>15:00<\/strong> <strong>II DZIE\u0143 NOWENNY DO MI\u0141OSIERDZIA BO\u017bEGO<\/strong><\/p>\n\n\n\n<p><strong>2 0:00<\/strong> <strong>WIGILIA PASCHALNA &#8211;<\/strong> To najpi\u0119kniejsza i najbardziej rozbudowana liturgia w ca\u0142ym roku. W jej trakcie proklamowane jest uroczy\u015bcie zwyci\u0119stwo Jezusa nad grzechem i \u015bmierci\u0105 oraz og\u0142oszenie Jego zmartwychwstania. Liturgia rozpocznie si\u0119 przed Ko\u015bcio\u0142em, jednak wiernych prosimy o pozostanie w Ko\u015bciele. <strong>Na liturgi\u0119 zabieramy ze sob\u0105 naczynko na wod\u0119 \u015bwi\u0119con\u0105 oraz <\/strong><strong>\u015bwiec\u0119.<\/strong><\/p>\n\n\n\n<p><\/p>\n\n\n\n<figure class=\"wp-block-image\"><a href=\"http:\/\/rafalk-elblag.pl\/wp-content\/uploads\/2021\/08\/ogloszenia-parafialne-baner-01a.jpg\"><img loading=\"lazy\" decoding=\"async\" width=\"720\" height=\"232\" src=\"http:\/\/rafalk-elblag.pl\/wp-content\/uploads\/2021\/08\/ogloszenia-parafialne-baner-01a.jpg\" alt=\"\" class=\"wp-image-4410\" srcset=\"https:\/\/rafalk-elblag.pl\/wp-content\/uploads\/2021\/08\/ogloszenia-parafialne-baner-01a.jpg 720w, https:\/\/rafalk-elblag.pl\/wp-content\/uploads\/2021\/08\/ogloszenia-parafialne-baner-01a-300x97.jpg 300w\" sizes=\"auto, (max-width: 720px) 100vw, 720px\" \/><\/a><\/figure>\n\n\n\n<h1 class=\"wp-block-heading\">Og\u0142oszenia parafialne 02.04.2023r<\/h1>\n\n\n\n<ol class=\"wp-block-list\"><li><strong>Gr\u00f3b Pa\u0144ski<\/strong> <strong>jest wyrazem wdzi\u0119czno\u015bci Chrystusowi, kt\u00f3ry umar\u0142 za nas<\/strong>. Kto zechcia\u0142by przyczyni\u0107 si\u0119 do upi\u0119kszenia GROBU i KO\u015aCIO\u0141A mo\u017ce, po ka\u017cdej Mszy \u015bwi\u0119tej z\u0142o\u017cy\u0107 dzisiaj ofiar\u0119 do puszki na kwiaty.<strong> Dzi\u0119kujemy za zrozumienie.<\/strong><\/li><li><strong>Zapraszamy dzi\u015b na ADORACJ\u0118 NAJ\u015aWI\u0118TSZEGO SAKRAMENTU w ciszy od godz. 16:00 do godz. 17:15<\/strong>.<\/li><li><strong>ZACH\u0118CAMY DO SPOWIEDZI \u015aWI\u0118TEJ,<\/strong> gdy\u017c od Wielkiego Czwartku rozpoczynamy <em><strong>TRIDUUM PASCHALNE<\/strong><\/em>i mo\u017cliwo\u015b\u0107 skorzystania z Sakramentu Pokuty b\u0119dzie ograniczona. Spowied\u017a dodatkowa jeszcze <em><u><strong>we wtorek od 19:00 do godz. 20:00.<\/strong><\/u><\/em><\/li><li><strong>W Wielk\u0105 \u015arod\u0119 przed \u015bwi\u0119tami Wielkanocy, tj. 5 kwietnia 2023, odb\u0119dzie si\u0119 na ulicach Elbl\u0105ga nabo\u017ce\u0144stwo Drogi Krzy\u017cowej.<\/strong> Rozpocz\u0119cie o godz. 19:00, przy ko\u015bciele Matki Bo\u017cej Kr\u00f3lowej Polski (ul. Robotnicza). Stamt\u0105d, ulicami: p\u0142k. D\u0105bka, 12 Lutego, Hetma\u0144sk\u0105 i Giermk\u00f3w b\u0119dziemy w\u0119drowa\u0107 w stron\u0119 katedry \u015bw. Miko\u0142aja.<\/li><\/ol>\n\n\n\n<p><em>Zapraszam do udzia\u0142u w Drodze Krzy\u017cowej, aby wsp\u00f3lnie z innymi wspomina\u0107 M\u0119k\u0119 Chrystusa i zastanowi\u0107 si\u0119 nad jej znaczeniem dla ka\u017cdego cz\u0142owieka i \u015bwiata, tak\u017ce dzi\u015b. <\/em><em><strong>Parafia \u015bw. Rafa\u0142a Kalinowskiego i \u015bw. Rodziny niesie wsp\u00f3lnie krzy\u017c od stacji X do XI. Prosz\u0119 osoby uczestnicz\u0105ce w drodze szczeg\u00f3lnie m\u0119\u017cczyzn, by ponie\u015bli krzy\u017c.<\/strong><\/em><\/p>\n\n\n\n<ol class=\"wp-block-list\" start=\"5\"><li>W Wielki Czwartek (6 kwietnia) od godz.16:00 do godz.17:00 <strong>Parafialny Oddzia\u0142 Caritas<\/strong> przy ul. Myliusa 1A, b\u0119dzie wydawa\u0142 paczki \u015bwi\u0105teczne dla os\u00f3b potrzebuj\u0105cych wsparcia.<\/li><li><strong>W WIELKI PI\u0104TEK<\/strong> o godz. 15:00 rozpoczniemy Nowenn\u0119, kt\u00f3ra przygotowywa\u0107 nas b\u0119dzie do Niedzieli Mi\u0142osierdzia Bo\u017cego. <em><u>Od Niedzieli Nowenna odprawiana b\u0119dzie po Mszy \u015bw. wieczorowej.<\/u><\/em><\/li><li><strong>W WIELKI PI\u0104TEK kap\u0142ani do swoich chorych udadz\u0105 si\u0119 od godz.<\/strong><strong> 10:00.<\/strong><\/li><li><strong>Plan czuwania mieszka\u0144c\u00f3w naszej parafii na WIELKI PI\u0104TEK:<\/strong><\/li><\/ol>\n\n\n\n<ul class=\"wp-block-list\"><li><strong>9:00 \u2013 Ciemna Jutrznia<\/strong><\/li><li>10:00 \u2013 11:00 \u2013 mieszka\u0144cy ul. Korczaka<\/li><li>11:00 \u2013 12:00 \u2013 mieszka\u0144cy ul. Brzechwy, Tuwima<\/li><li>12:00 \u2013 13:00 \u2013 mieszka\u0144cy ul. Sobieskiego, K\u0142oczowskiego<\/li><li>13:00 \u2013 14:00 \u2013 mieszka\u0144cy ul. Myliusa, Leszczy\u0144skiego, Legion\u00f3w, Fromborskiej<\/li><li>14:00 \u2013 15:00 \u2013 mieszka\u0144cy ul. Mieszka I, \u0141okietka, Krzywoustego<\/li><li><strong>15:00 &#8211; Godzina Mi\u0142osierdzia<\/strong><\/li><li>16:00 \u2013 17:00 \u2013 mieszka\u0144cy ul. Og\u00f3lnej, Lubelskiej, Porazi\u0144skiej.<\/li><\/ul>\n\n\n\n<ol class=\"wp-block-list\" start=\"9\"><li><strong>W NIEDZIEL\u0118 ZMARTWYCHWSTANIA<\/strong> Msza Rezurekcyjna o godz. <strong>6:00<\/strong> i procesj\u0105 wok\u00f3\u0142 Ko\u015bcio\u0142a. Kolejne Msze \u015bw. o godz. <strong>10:00, 12:00 i 18:00.<\/strong><\/li><\/ol>\n\n\n\n<p><em><strong>UWAGA:<\/strong><\/em><em><strong>NIE MA MSZY \u015aW.<\/strong><\/em><em> o godz. 8:00 i o godz.15:00<\/em><\/p>\n\n\n\n<ol class=\"wp-block-list\" start=\"10\"><li><strong>Kancelaria Parafialna czynna b\u0119dzie tylko w Wielk\u0105 \u015arod\u0119 od 16:00 do 17:30.<\/strong><\/li><li><em>Jest ju\u017c mo\u017cliwo\u015b\u0107 zam\u00f3wienia obrazu Jezusa Mi\u0142osiernego w cenie 60 z\u0142., w zakrystii (wielko\u015b\u0107 20 x45) kt\u00f3re zostan\u0105 po\u015bwi\u0119cone w Niedziel\u0119 Mi\u0142osierdzia Bo\u017cego tj. 16.04.br.<\/em><\/li><li>Zach\u0119cam do nabywania nowego numeru \u201eGo\u015bcia Niedzielnego\u201d<strong> z dodatkiem<\/strong> <strong>\u201eGo\u015bcia Elbl\u0105skiego\u201d<\/strong> <strong>w cenie 10 z\u0142.<\/strong> oraz <strong>\u201eGO\u015aCIA EXTRA\u201d<\/strong> w cenie 14 z\u0142.<\/li><li>W ostatnim czasie odeszli do wieczno\u015bci:<br><strong>\u2020 \u015bp. Jerzy CIESIELSKI<\/strong> z ul. K\u0142oczowskiego lat 76<\/li><\/ol>\n\n\n\n<p><\/p>\n\n\n\n<figure class=\"wp-block-image\"><img decoding=\"async\" src=\"http:\/\/rafalk-elblag.pl\/wp-content\/uploads\/2020\/04\/baner-intencje-mszy.jpg\" alt=\"\"\/><\/figure>\n\n\n\n<h1 class=\"wp-block-heading\">Intencje mszalne 02.04.2023r<br><\/h1>\n\n\n\n<p><strong>PONIEDZIA\u0141EK \/ 3 kwietnia 2023 r.<\/strong><br>J 12, 1-11<br>8.00 \u015bp. Helena Niewi\u0144ska (2 greg.)<br>18.00 \u015bp. Cecylia Chmiel (w 8 rocznic\u0105 \u015bmierci)<br>18.00 Dzi\u0119kczynna z okazji urodzin Krystyny i imienin Ryszarda [m], z pro\u015bb\u0105 o Bo\u017ce b\u0142. i opiek\u0119 Matki Bo\u017cej<\/p>\n\n\n\n<p><strong>WTOREK \/ 4 kwietnia 2023 r.<\/strong><br>J 13, 21-33. 36-38<br>8.00 \u015bp. Stanis\u0142awa [k] Obsza\u0144ska (w 23 rocznic\u0119 \u015bmierci)<br>18.00 \u015bp. Stefania [k] Murawska (6 rocznica \u015bmierci), Franciszek Murawski<br>18.00 \u015bp. Helena Niewi\u0144ska (3 greg.)<\/p>\n\n\n\n<p><strong>\u015aRODA \/ 5 kwietnia 2023 r.<\/strong><br>Mt 26, 14-25<br>8.00 \u015bp. Helena Niewi\u0144ska (4 greg.)<br>18.00 \u015bp. \u017cona Irena Wile\u0144ska oraz zmarli z rodzin Wile\u0144skich i Bartosik\u00f3w<br>18.00 Za dusze w czy\u015b\u0107cu cierpi\u0105ce<\/p>\n\n\n\n<p><strong>CZWARTEK \/ 6 kwietnia 2023 r.<\/strong><br>Wielki Czwartek<br>J 13, 1-15<br>18.00 \u015bp. Helena Niewi\u0144ska (5 greg.)<br>18.00 W intencji licznych i \u015bwi\u0119tych powo\u0142a\u0144 kap\u0142a\u0144skich i zakonnych<br>18.00 W intencji S\u0142u\u017cby Liturgicznej przy parafii, a szczeg\u00f3lnie za nowych ministrant\u00f3w<\/p>\n\n\n\n<p><strong>PI\u0104TEK \/ 7 kwietnia 2023 r.<\/strong><br>Wielki Pi\u0105tek<br>J 18, 1 \u2013 19, 42<br>18.00 Liturgia M\u0119ki Pa\u0144skiej<\/p>\n\n\n\n<p><strong>SOBOTA \/ 8 kwietnia 2023 r.<\/strong><br>Wigilia Paschalna<br>Mt 28, 1-10<br>20.00 \u015bp. Helena Niewi\u0144ska (6 greg.)<br>20.00 W intencji Parafian<br>20.00 W intencji wszystkich os\u00f3b zaanga\u017cowanych w Triduum Paschalne<\/p>\n\n\n\n<p><strong>UROCZYSTO\u015a\u0106 ZMARTWYCHWSTANIA PA\u0143SKIEGO<\/strong><br>9 kwietnia 2023 r.<br>\u0141k 24, 13-35<br>6.00 W intencji Parafian<br>10.00 \u015bp. Helena Niewi\u0144ska (7 greg.)<br>10.00 O \u017cywe dzia\u0142anie Ducha \u015awi\u0119tego w codzienno\u015bci dla Nikodema i jego rodziny, Agnieszki i ca\u0142ej rodziny zakonnej oraz Magdaleny i jej rodziny<br>12.00 \u015bp. Monika, Wiktor, Jankowscy i zmarli z rodziny Kami\u0144skich<br>12.00 \u015bp. Stanis\u0142aw Ko\u015bcielski (2 rocznica \u015bmierci)<br>18.00 \u015bp. Krzysztof i Dariusz Morzy<\/p>\n","protected":false},"excerpt":{"rendered":"<p>Ewangelia TRIDUUM PASCHALNE trzy dni, kt\u00f3re streszczaj\u0105 to co najwa\u017cniejsze WIELKI CZWARTEK Ko\u015bci\u00f3\u0142 staje si\u0119 w tym dniu, w czasie liturgii Wieczernikiem, w kt\u00f3rym Jezus spotyka si\u0119 przed M\u0119k\u0105 ze swoimi uczniami, umywa im nogi i nazywa przyjaci\u00f3\u0142mi. 18:00 Msza Wieczerzy Pa\u0144skiej \u2013 pami\u0105tka ustanowienia Eucharystii i Kap\u0142a\u0144stwa.Tego dnia liturgia ko\u0144czy si\u0119 przeniesieniem Naj\u015bwi\u0119tszego Sakramentu [&hellip;]<\/p>\n","protected":false},"author":1,"featured_media":4935,"comment_status":"closed","ping_status":"closed","sticky":false,"template":"","format":"standard","meta":{"ngg_post_thumbnail":0,"footnotes":""},"categories":[11,8,4,3],"tags":[],"class_list":["post-4934","post","type-post","status-publish","format-standard","has-post-thumbnail","hentry","category-aktualnosci","category-blog","category-intencje","category-ogloszenia"],"_links":{"self":[{"href":"https:\/\/rafalk-elblag.pl\/index.php?rest_route=\/wp\/v2\/posts\/4934","targetHints":{"allow":["GET"]}}],"collection":[{"href":"https:\/\/rafalk-elblag.pl\/index.php?rest_route=\/wp\/v2\/posts"}],"about":[{"href":"https:\/\/rafalk-elblag.pl\/index.php?rest_route=\/wp\/v2\/types\/post"}],"author":[{"embeddable":true,"href":"https:\/\/rafalk-elblag.pl\/index.php?rest_route=\/wp\/v2\/users\/1"}],"replies":[{"embeddable":true,"href":"https:\/\/rafalk-elblag.pl\/index.php?rest_route=%2Fwp%2Fv2%2Fcomments&post=4934"}],"version-history":[{"count":2,"href":"https:\/\/rafalk-elblag.pl\/index.php?rest_route=\/wp\/v2\/posts\/4934\/revisions"}],"predecessor-version":[{"id":4937,"href":"https:\/\/rafalk-elblag.pl\/index.php?rest_route=\/wp\/v2\/posts\/4934\/revisions\/4937"}],"wp:featuredmedia":[{"embeddable":true,"href":"https:\/\/rafalk-elblag.pl\/index.php?rest_route=\/wp\/v2\/media\/4935"}],"wp:attachment":[{"href":"https:\/\/rafalk-elblag.pl\/index.php?rest_route=%2Fwp%2Fv2%2Fmedia&parent=4934"}],"wp:term":[{"taxonomy":"category","embeddable":true,"href":"https:\/\/rafalk-elblag.pl\/index.php?rest_route=%2Fwp%2Fv2%2Fcategories&post=4934"},{"taxonomy":"post_tag","embeddable":true,"href":"https:\/\/rafalk-elblag.pl\/index.php?rest_route=%2Fwp%2Fv2%2Ftags&post=4934"}],"curies":[{"name":"wp","href":"https:\/\/api.w.org\/{rel}","templated":true}]}}