{"id":4929,"date":"2023-03-26T18:16:00","date_gmt":"2023-03-26T18:16:00","guid":{"rendered":"http:\/\/rafalk-elblag.pl\/?p=4929"},"modified":"2023-03-27T18:36:36","modified_gmt":"2023-03-27T18:36:36","slug":"ogloszenia-26-03-2023-v-niedziela-wielkiego-postu","status":"publish","type":"post","link":"https:\/\/rafalk-elblag.pl\/?p=4929","title":{"rendered":"Og\u0142oszenia 26.03.2023, V Niedziela Wielkiego Postu"},"content":{"rendered":"\n<figure class=\"wp-block-embed is-type-video is-provider-youtube wp-block-embed-youtube wp-embed-aspect-16-9 wp-has-aspect-ratio\"><div class=\"wp-block-embed__wrapper\">\n<iframe loading=\"lazy\" title=\"Abp Ry\u015b w V Niedziel\u0119 Wielkiego Postu: \u017by\u0107 wiecznie, to \u017cy\u0107 po Bo\u017cemu | \u0141\u00f3d\u017a 2021\" width=\"900\" height=\"506\" src=\"https:\/\/www.youtube.com\/embed\/RWidwbCcC3I?feature=oembed\" frameborder=\"0\" allow=\"accelerometer; autoplay; clipboard-write; encrypted-media; gyroscope; picture-in-picture; web-share\" allowfullscreen><\/iframe>\n<\/div><\/figure>\n\n\n\n<h1 class=\"wp-block-heading\">Ewangelia (J 11, 3-7. 17. 20-27. 33b-45)\n<\/h1>\n\n\n\n<p>S\u0142owa Ewangelii wed\u0142ug \u015awi\u0119tego Jana<\/p>\n\n\n\n<p>\nSiostry \u0141azarza pos\u0142a\u0142y do Jezusa wiadomo\u015b\u0107: \u00abPanie, oto choruje ten, kt\u00f3rego Ty kochasz\u00bb. Jezus, us\u0142yszawszy to, rzek\u0142: \u00abChoroba ta nie zmierza ku \u015bmierci, ale ku chwale Bo\u017cej, aby dzi\u0119ki niej Syn Bo\u017cy zosta\u0142 otoczony chwa\u0142\u0105\u00bb.\n\nA Jezus mi\u0142owa\u0142 Mart\u0119 i jej siostr\u0119, i \u0141azarza.\n\nGdy pos\u0142ysza\u0142 o jego chorobie, pozosta\u0142 przez dwa dni tam, gdzie przebywa\u0142. Dopiero potem powiedzia\u0142 do swoich uczni\u00f3w: \u00abChod\u017amy zn\u00f3w do Judei\u00bb.\n\nKiedy Jezus tam przyby\u0142, zasta\u0142 \u0141azarza ju\u017c od czterech dni spoczywaj\u0105cego w grobie.\n\nKiedy wi\u0119c Marta dowiedzia\u0142a si\u0119, \u017ce Jezus nadchodzi, wysz\u0142a Mu na spotkanie. Maria za\u015b siedzia\u0142a w domu. Marta wi\u0119c rzek\u0142a do Jezusa: \u00abPanie, gdyby\u015b tu by\u0142, m\u00f3j brat by nie umar\u0142. Lecz i teraz wiem, \u017ce B\u00f3g da Ci wszystko, o cokolwiek by\u015b prosi\u0142 Boga\u00bb.\n\nRzek\u0142 do niej Jezus: \u00abBrat tw\u00f3j zmartwychwstanie\u00bb.\n\nMarta Mu odrzek\u0142a: \u00abWiem, \u017ce powstanie z martwych w czasie zmartwychwstania w dniu ostatecznym\u00bb.\n\nPowiedzia\u0142 do niej Jezus: \u00abJa jestem zmartwychwstaniem i \u017cyciem. Kto we Mnie wierzy, to cho\u0107by umar\u0142, \u017cy\u0107 b\u0119dzie. Ka\u017cdy, kto \u017cyje i wierzy we Mnie, nie umrze na wieki. Wierzysz w to?\u00bb\n\nOdpowiedzia\u0142a Mu: \u00abTak, Panie! Ja mocno wierz\u0119, \u017ce Ty jeste\u015b Mesjasz, Syn Bo\u017cy, kt\u00f3ry mia\u0142 przyj\u015b\u0107 na \u015bwiat\u00bb.\n\nJezus wzruszy\u0142 si\u0119 w duchu, rozrzewni\u0142 i zapyta\u0142: \u00abGdzie go po\u0142o\u017cyli\u015bcie?\u00bb\n\nOdpowiedzieli Mu: \u00abPanie, chod\u017a i zobacz!\u00bb Jezus zap\u0142aka\u0142. \u017bydzi wi\u0119c m\u00f3wili: \u00abOto jak go mi\u0142owa\u0142!\u00bb Niekt\u00f3rzy za\u015b z nich powiedzieli: \u00abCzy Ten, kt\u00f3ry otworzy\u0142 oczy niewidomemu, nie m\u00f3g\u0142 sprawi\u0107, by on nie umar\u0142?\u00bb\n\nA Jezus, ponownie okazuj\u0105c g\u0142\u0119bokie wzruszenie, przyszed\u0142 do grobu. By\u0142a to pieczara, a na niej spoczywa\u0142 kamie\u0144.\n\nJezus powiedzia\u0142: \u00abUsu\u0144cie kamie\u0144!\u00bb\n\nSiostra zmar\u0142ego, Marta, rzek\u0142a do Niego: \u00abPanie, ju\u017c cuchnie. Le\u017cy bowiem od czterech dni w grobie\u00bb.\n\nJezus rzek\u0142 do niej: \u00abCzy\u017c nie powiedzia\u0142em ci, \u017ce je\u015bli uwierzysz, ujrzysz chwa\u0142\u0119 Bo\u017c\u0105?\u00bb\n\nUsuni\u0119to wi\u0119c kamie\u0144. Jezus wzni\u00f3s\u0142 oczy do g\u00f3ry i rzek\u0142: \u00abOjcze, dzi\u0119kuj\u0119 Ci, \u017ce Mnie wys\u0142ucha\u0142e\u015b. Ja wiedzia\u0142em, \u017ce Mnie zawsze wys\u0142uchujesz. Ale ze wzgl\u0119du na otaczaj\u0105cy Mnie t\u0142um to powiedzia\u0142em, aby uwierzyli, \u017ce Ty Mnie pos\u0142a\u0142e\u015b\u00bb. To powiedziawszy, zawo\u0142a\u0142 dono\u015bnym g\u0142osem: \u00ab\u0141azarzu, wyjd\u017a na zewn\u0105trz!\u00bb I wyszed\u0142 zmar\u0142y, maj\u0105c nogi i r\u0119ce przewi\u0105zane opaskami, a twarz jego by\u0142a owini\u0119ta chust\u0105. Rzek\u0142 do nich Jezus: \u00abRozwi\u0105\u017ccie go i pozw\u00f3lcie mu chodzi\u0107\u00bb.\n\nWielu zatem spo\u015br\u00f3d \u017byd\u00f3w przyby\u0142ych do Marii, ujrzawszy to, czego Jezus dokona\u0142, uwierzy\u0142o w Niego.\n<\/p>\n\n\n\n<h1 class=\"wp-block-heading\"><strong><strong><strong><strong><strong><strong><strong><strong><strong><strong><strong><strong><strong><strong><strong><strong><strong><strong><strong><strong><strong>Nasza Pascha<\/strong><\/strong><\/strong><\/strong><\/strong><\/strong><\/strong><\/strong><\/strong><\/strong><\/strong><\/strong><\/strong><\/strong><\/strong><\/strong><\/strong><\/strong><\/strong><\/strong><\/strong><\/h1>\n\n\n\n<p> Triduum Paschalne\u201d, \u201eWigilia Paschalna\u201d, \u201eMisterium Paschalne\u201d, \u201edobrej Paschy\u201d &#8211; to zwroty, kt\u00f3re s\u0142yszymy po wielekro\u0107, zw\u0142aszcza podczas celebracji liturgii. Nieraz wprawiaj\u0105 nas one w zak\u0142opotanie, bo nie rozumiemy ich znaczenia. Co wi\u0119c oznacza biblijny termin \u201ePascha\u201d i jak j\u0105 w\u0142a\u015bciwie prze\u017cy\u0107 we wsp\u00f3lnocie Ko\u015bcio\u0142a?<\/p>\n\n\n\n<p><strong>S\u0142owo \u201ePascha\u201d oznacza przej\u015bcie Boga.<\/strong> <strong>Jest to swoiste wyprowadzenie kogo\u015b z jednej sytuacji \u017cyciowej i wprowadzenie w inn\u0105.<\/strong> <strong>Pascha otwiera przed nami nowe perspektywy, ale domaga si\u0119 zostawienia tego, co stare.<\/strong> Izraelici prze\u017cyli Pasch\u0119 jako wyzwolenie z Egiptu: wyprowadzenie ich z niewoli i przeprowadzenie przez wody Morza Czerwonego. Na pami\u0105tk\u0119 tego wydarzenia Izraelici obchodzili ka\u017cdego roku Pasch\u0119.<\/p>\n\n\n\n<p><strong>W odniesieniu do Jezusa Chrystusa Pascha oznacza\u0142a Jego \u015bmier\u0107 na krzy\u017cu.<\/strong><strong> Chrystus przeszed\u0142 przez \u015bmier\u0107 do \u017cycia pe\u0142nego chwa\u0142y, powr\u00f3ci\u0142 do Ojca.<\/strong> Zar\u00f3wno \u015bmier\u0107, jak i zmartwychwstanie oraz wst\u0105pienie do nieba by\u0142y wa\u017cnymi wydarzeniami z punktu widzenia naszego zbawienia. Zbawiciel przeszed\u0142 ze \u015bmierci do nowego \u017cycia. To przej\u015bcie teologia nazywa pasch\u0105 lub tajemnic\u0105 paschaln\u0105 albo te\u017c misterium paschalnym, gdy\u017c hebrajskie s\u0142owo \u201epesach\u201d oznacza \u201eprzej\u015bcie\u201d. Zapowiedzi\u0105 tego \u201eprzej\u015bcia\u201d Chrystusa do chwa\u0142y Ojca by\u0142o wyj\u015bcie Izraelit\u00f3w z niewoli egipskiej, uroczy\u015bcie wspominane w czasie \u017cydowskiego \u015bwi\u0119ta Paschy. \u015amier\u0107 Chrystusa i Jego przej\u015bcie do chwa\u0142y zmartwychwstania dokona\u0142o si\u0119 w czasie tego w\u0142a\u015bnie \u015bwi\u0119ta.<\/p>\n\n\n\n<p>Jezus objawi\u0142 si\u0119 w Passze jako zwyci\u0119ski Baranek: straci\u0142 swoje ziemskie \u017cycie, ale w swoim ciele do\u015bwiadczy\u0142 zmartwychwstania. W ten spos\u00f3b okaza\u0142a si\u0119 na Nim wierno\u015b\u0107 Boga, kt\u00f3ry nie opuszcza cz\u0142owieka w sytuacji krzy\u017ca. Pami\u0119tamy te\u017c o tym, \u017ce ka\u017cdy krzy\u017c, kt\u00f3ry nas spotyka, niesie z sob\u0105 nadziej\u0119 zmartwychwstania.<\/p>\n\n\n\n<p>Dla nas, chrze\u015bcijan, coroczne \u015bwi\u0119towanie Paschy jest powrotem do tajemnicy chrztu. <strong>Przez sakrament chrztu zostali\u015bmy bowiem wprowadzeni w Pasch\u0119 Chrystusa, wszczepieni w tajemnic\u0119 Jego \u015bmierci i zmartwychwstania.<\/strong> Ilekro\u0107 celebrujemy \u015bwi\u0119ta paschalne w liturgii i \u015bwi\u0119tujemy je w rodzinie, tylekro\u0107 u\u015bwiadamiamy sobie, \u017ce <strong>jeste\u015bmy lud\u017ami uzdolnionymi do przechodzenia przez \u015bmier\u0107 do \u017cycia,przez codzienne umieranie dla grzechu do powstawania do nowego \u017cycia.<\/strong> Upodobnienie do Chrystusa ukrzy\u017cowanego i zmartwychwsta\u0142ego jest zatem podw\u00f3jne. Pierwsze polega na tym, \u017ce tak jak Jezus kiedy\u015b umrzemy, lecz dzi\u0119ki Niemu te\u017c zmartwychwstaniemy. Drugi spos\u00f3b upodobnienia si\u0119 ochrzczonej osoby do Chrystusa polega na tym, \u017ce ma ona u\u015bmierca\u0107 w sobie grzech, egoizm i ci\u0105gle odradza\u0107 si\u0119 do \u017cycia b\u0119d\u0105cego s\u0142u\u017cb\u0105 Bogu, pe\u0142nego mi\u0142o\u015bci do Boga i ludzi.<\/p>\n\n\n\n<p><strong>Przez chrzest cz\u0142owiek rozpoczyna nowe \u017cycie, zostaje uwolniony<br>z niewoli grzechu i nie powinien znowu do niego wraca\u0107.<\/strong> Je\u015bli chce zachowa\u0107 w sobie skarb nowego \u017cycia musi toczy\u0107 ci\u0105g\u0142\u0105 walk\u0119, kt\u00f3ra jest powtarzaniem i prze\u017cywaniem bolesnego ukrzy\u017cowania. Ale z krzy\u017ca \u2013 znaku cierpienia i \u015bmierci \u2013 p\u0142ynie zwyci\u0119stwo i \u017cycie. Aposto\u0142 Pawe\u0142 wiedzia\u0142, \u017ce przez swoje cierpienia, z\u0142\u0105czone z krzy\u017cem Chrystusowym, uczestniczy w zbawianiu ludzko\u015bci. Ka\u017cda forma cierpienia przyj\u0119tego w duchu mi\u0142o\u015bci do Boga, w duchu poddania si\u0119 Jemu, przyczynia si\u0119 do zbawienia \u015bwiata. Wa\u017cne jest wi\u0119c, by\u015bmy t\u0119 prawd\u0119 prze\u017cywali jak najbardziej \u015bwiadomie.<\/p>\n\n\n\n<p><strong>Ko\u015bci\u00f3\u0142 \u017cyje od Paschy do Paschy. Celebruje j\u0105 uroczy\u015bcie nie tylko raz w roku, ale tak\u017ce w ka\u017cd\u0105 niedziel\u0119. Nasz\u0105 Pasch\u0119 z Chrystusem prze\u017cywamy w ka\u017cdej Eucharystii<\/strong>, gdy przechodzimy od tego, co sami wiemy, co mo\u017cemy, do tego, co pochodzi od Boga i co jest zawsze nowo\u015bci\u0105, i to odmienn\u0105 od tego, czego stary cz\u0142owiek w nas oczekuje dla siebie. Tajemnica Eucharystii jest powierzona Ko\u015bcio\u0142owi, by\u015bmy z niej korzystali i prze\u017cywali nasz\u0105 zbawienn\u0105 Pasch\u0119 we wszystkich okoliczno\u015bciach \u017cycia.<\/p>\n\n\n\n<p>W czasie Triduum Paschalnego, w otwarciu pustego tabernakulum, odkryciu o\u0142tarza i przeniesieniu Naj\u015bwi\u0119tszego Sakramentu do miejsca przechowania otrzymujemy informacj\u0119. Te znaki przypominaj\u0105, \u017ce kolejny raz wchodzimy w uroczysto\u015b\u0107 paschaln\u0105, by prze\u017cy\u0107 z Jezusem Chrystusem Jego tajemnice. Obna\u017cony o\u0142tarz i puste tabernakulum w Wielki Pi\u0105tek i Wielk\u0105 Sobot\u0119 przypominaj\u0105 nam, \u017ce czekamy na cud Wielkiej Nocy, by\u015bmy mogli prze\u017cy\u0107 nasz\u0105 Pasch\u0119 z Chrystusem i potem prze\u017cywa\u0107 stale t\u0119 Pasch\u0119 w ka\u017cdej Mszy \u015bwi\u0119tej. Dopiero po celebracji Wigilii Paschalnej, czyli po celebracji zmartwychwstania, Zbawiciel pozostanie z nami obecny w tabernakulum w tajemnicy swego Cia\u0142a i Krwi<\/p>\n\n\n\n<p><\/p>\n\n\n\n<figure class=\"wp-block-image\"><a href=\"http:\/\/rafalk-elblag.pl\/wp-content\/uploads\/2021\/08\/ogloszenia-parafialne-baner-01a.jpg\"><img loading=\"lazy\" decoding=\"async\" width=\"720\" height=\"232\" src=\"http:\/\/rafalk-elblag.pl\/wp-content\/uploads\/2021\/08\/ogloszenia-parafialne-baner-01a.jpg\" alt=\"\" class=\"wp-image-4410\" srcset=\"https:\/\/rafalk-elblag.pl\/wp-content\/uploads\/2021\/08\/ogloszenia-parafialne-baner-01a.jpg 720w, https:\/\/rafalk-elblag.pl\/wp-content\/uploads\/2021\/08\/ogloszenia-parafialne-baner-01a-300x97.jpg 300w\" sizes=\"auto, (max-width: 720px) 100vw, 720px\" \/><\/a><\/figure>\n\n\n\n<h1 class=\"wp-block-heading\">Og\u0142oszenia parafialne 26.03.2023r<\/h1>\n\n\n\n<ol class=\"wp-block-list\"><li>Caritas Parafialna zbiera ofiary do puszek dla os\u00f3b potrzebuj\u0105cych pomocy.<strong> Dzi\u0119kujemy za zrozumienie.<\/strong> <em>Spotkanie Apostolatu Bo\u017cego Mi\u0142osierdzia oraz Woluntariuszy Caritas dzisiaj po Mszy \u015bw. o godz. 15:00 na plebanii.<\/em><\/li><\/ol>\n\n\n\n<p>Parafialny Oddzia\u0142 Caritas przy naszej parafii czynny jest w 1 i 3 czwartek miesi\u0105ca. Zapraszamy do punktu przy ul. Myliusa 1 A. <em><u>Caritas Parafialna rozprowadza\u0142a dzisiaj \u015bwieczki na st\u00f3\u0142 WIELKANOCNY w cenie 20 z\u0142.<\/u><\/em><\/p>\n\n\n\n<ol class=\"wp-block-list\" start=\"2\"><li>Wykorzystajmy czas WIELKIEGO POSTU dla naszego wzrostu duchowego poprzez gorliwy i owocny udzia\u0142u w Liturgii Wielkopostnej i w Nabo\u017ce\u0144stwach Pokutnych<strong>. <\/strong>Zapraszamy w ka\u017cd\u0105 niedziel\u0119 o godz. 17:15 na Gorzkie \u017bale z kazaniem pasyjnym,<br>a w najbli\u017cszy pi\u0105tek Wielkiego Postu na Drog\u0119 Krzy\u017cow\u0105:<em> o godz. 16:30 dla dzieci; o godz. 17:00 dla doros\u0142ych i m\u0142odzie\u017cy. <\/em><strong>Wyj\u0105tkowo w tym tygodniu o godz. 17:00 wsp\u00f3lna DROGA KRZY\u017bOWA \u015aPIEWANA dla doros\u0142ych i m\u0142odzie\u017cy. ZAPRASZAMY.<\/strong><\/li><li>W tym tygodniu przypada pierwsza sobota miesi\u0105ca.<\/li><\/ol>\n\n\n\n<p><strong>W pierwsz\u0105 sobot\u0119<\/strong> przed Msz\u0105 \u015aw. o godz. 17:00 zapraszamy na nabo\u017ce\u0144stwo wynagradzaj\u0105ce Niepokalanemu Sercu Maryi za zniewagi grzesznik\u00f3w. <em>Tego dnia zmiana tajemnic dla \u017bywego R\u00f3\u017ca\u0144ca.<\/em><\/p>\n\n\n\n<ol class=\"wp-block-list\" start=\"4\"><li>W sobot\u0119 1 kwietnia br. po Mszy \u015bw. wieczorowej ok. godz. 19;00 w <strong>KATEDRZE ELBL\u0104SKIEJ<\/strong> odb\u0119dzie si\u0119 <strong>KONCERT PIE\u015aNI POKUTNYCH I PASYJNYCH<\/strong> w wykonaniu pana Janusza Borowskiego &#8211; Organisty oraz Gabrieli, Dominiki i Zuzanny Borowskich oraz ks. Piotra Chmury.<\/li><\/ol>\n\n\n\n<p><em>Zainteresowanych serdecznie zapraszamy. Wst\u0119p wolny.<\/em><\/p>\n\n\n\n<ol class=\"wp-block-list\" start=\"5\"><li><strong>31 marca<\/strong> odb\u0119dzie si\u0119 <strong>(P\u00d3\u0141)EKSTREMALNA DROGA KRZY\u017bOWA<\/strong> dla doros\u0142ych, m\u0142odzie\u017cy i rodzic\u00f3w z dzie\u0107mi. Rozpocznie si\u0119 Msz\u0105 \u015bw. w ko\u015bciele pw. \u015bw. Floriana w Elbl\u0105gu o godzinie 17.00. Trasa przebiega przez Stagniewo i ko\u0144czy si\u0119 przy ko\u015bciele \u015bw. Floriana. Jej d\u0142ugo\u015b\u0107 wynosi 18 km. Wi\u0119cej informacji na plakacie.<\/li><li>Dzi\u0119kujemy wszystkim, kt\u00f3rzy zaanga\u017cowali si\u0119 w przygotowanie i przeprowadzenie tegorocznych <strong>Rekolekcji Wielkopostnych. <\/strong><em>Szczeg\u00f3lnie <\/em><em>dzi\u0119kuj\u0119 Katechetom za<\/em><em> zaanga\u017cowanie w rekolekcjach przygotowuj\u0105cych dzieci i m\u0142odzie\u017c do \u015awi\u0105t Wielkanocnych. B\u00f3g zap\u0142a\u0107.<\/em><\/li><li><strong>W Niedziel\u0119 Palmow\u0105 o godz. 9:45, spod banera przy ko\u015bciele kt\u00f3ry informuje o 30-leciu istnienia naszej parafii i zaplanowanych MISJACH \u015aWI\u0118TYCH w tym roku wyruszy procesja z palmami. Zapraszamy szczeg\u00f3lnie dzieci z rodzicami.<\/strong><\/li><li>Pami\u0119tajmy o Skarbonce na Ja\u0142mu\u017cn\u0119 Wielkopostn\u0105 2023. <em>W ten spos\u00f3b w\u0142\u0105czamy si\u0119 w og\u00f3lnopolsk\u0105 akcj\u0119 <\/em><em><strong>\u201eCZAS MI\u0141OSIERDZIA\u201d.<\/strong><\/em><\/li><li><strong>KORZYSTAJMY <\/strong>z Sakramentu Pokuty<em> \u2013 <\/em><em><u>mamy tak\u0105 mo\u017cliwo\u015b\u0107, codziennie przed Msz\u0105 \u015bw. od godz. 7:45 lub od godz.17:30.<\/u><\/em><\/li><li><strong>Ofiary na kwiaty do Grobu Pa\u0144skiego i Ko\u015bcio\u0142a b\u0119dzie mo\u017cna z\u0142o\u017cy\u0107 za tydzie\u0144 (w Niedziel\u0119 Palmow\u0105) do puszek przed ko\u015bcio\u0142em. Dzi\u0119kuj\u0119 za zrozumienie.<\/strong><\/li><\/ol>\n\n\n\n<p><\/p>\n\n\n\n<figure class=\"wp-block-image\"><img decoding=\"async\" src=\"http:\/\/rafalk-elblag.pl\/wp-content\/uploads\/2020\/04\/baner-intencje-mszy.jpg\" alt=\"\"\/><\/figure>\n\n\n\n<h1 class=\"wp-block-heading\">Intencje mszalne 26.03.2023r<br><\/h1>\n\n\n\n<p><strong>PONIEDZIA\u0141EK \/ 27 marca 2023 r.<\/strong><br>J 8, 1-11<br>8.00 Wynagradzaj\u0105ca za grzechy naszej Ojczyzny<br>18.00 \u015bp. Ewa Prusak (25 greg.)<br>18.00 Dzi\u0119kczynna za dar kap\u0142a\u0144stwa, z pro\u015bb\u0105 o wszelkie potrzebne \u0142aski dla ks. Grzegorza Wala (intencja od Margaretki)<\/p>\n\n\n\n<p><strong>WTOREK \/ 28 marca 2023 r.<\/strong><br>J 8, 21-30<br>8.00 \u015bp. Ewa Prusak (26 greg.)<br>18.00 Dzi\u0119kczynna z okazji 50 rocznicy urodzin Grzegorza, z pro\u015bb\u0105 o dalsze b\u0142. Bo\u017ce, potrzebne \u0142aski i opiek\u0119 Matki Bo\u017cej<br>18.00 \u015bp. Czes\u0142aw Buchnowski (w 7 rocznic\u0119 \u015bmierci)<\/p>\n\n\n\n<p><strong>\u015aRODA \/ 29 marca 2023 r.<\/strong><br>J 8, 31-42<br>8.00 \u015bp. Ewa Prusak (27 greg.)<br>8.00 \u015bp. W\u0142adys\u0142aw Czupaj\u0142o (w 1 rocznic\u0119 \u015bmierci), Stefania i Tadeusz Pe\u0142ka<br>18.00 \u015bp. J\u00f3zefa [k] Zychowicz (3 rocznica \u015bmierci), W\u0142adys\u0142aw i Katarzyna<br>18.00 \u015bp. Wiktoria, Teofil, Henryk, Edward<\/p>\n\n\n\n<p><strong>CZWARTEK \/ 30 marca 2023 r.<\/strong><br>J 8, 51-59<br>8.00 \u015bp. Ewa Prusak (28 greg.)<br>8.00 \u015bp. Andrzej Bara\u0144ski (w 10 rocznic\u0119 \u015bmierci), Stefania Konieczna (w 4 rocznic\u0119 \u015bmierci)<br>18.00 \u015bp. Jadwiga (w 8 rocznic\u0119 \u015bmierci)<br>18.00 \u015bp. Genowefa i Pawe\u0142 Lamparscy, Kazimierz i Justyna Huszcza (w kolejn\u0105 rocznic\u0119 \u015bmierci)<\/p>\n\n\n\n<p><strong>PI\u0104TEK \/ 31 marca 2023 r.<\/strong><br>J 10, 31-42<br>8.00 \u015bp. Rodzice: Janina, Tomasz Chmielewscy oraz Stanis\u0142awa [k] i Edward Szumi\u0142o<br>18.00 \u015bp. Ewa Prusak (29 greg.)<br>18.00 \u015bp. Stanis\u0142aw Hry\u0144 (17 rocznica \u015bmierci), Emilia Hry\u0144 i zmarli z rodziny Hryni\u00f3w i Buczy\u0144skich<\/p>\n\n\n\n<p><strong>SOBOTA \/ 1 kwietnia 2023 r.<\/strong><br>J 11, 45-57<br>8.00 \u015bp. Ewa Prusak (30 greg.)<br>18.00 \u015bp. Janina (13 rocznica \u015bmierci)<br>18.00 rezerwacja<\/p>\n\n\n\n<p><strong>NIEDZIELA PALMOWA (NIEDZIELA M\u0118KI PA\u0143SKIEJ)<\/strong><br>2 kwietnia 2023 r.<br>Mt 21, 1-11<br>Mt 26, 14 \u2013 27, 66<br>8.00 O do\u015bwiadczenie Bo\u017cej mi\u0142o\u015bci dla Karoliny i Sebastiana<br>8.00 \u015bp. Helena Niewi\u0144ska (1 greg.)<br>10.00 \u015bp. Stanis\u0142awa [k], J\u00f3zef, Edward, Barbara i zmarli z rodziny Osowskich<br>12.00 W intencji Parafian<br>15.00 Dzi\u0119kczynna w 38 rocznic\u0119 urodzin Anny, z pro\u015bb\u0105 o wstawiennictwo Matki Bo\u017cej, opiek\u0119 \u015awi\u0119tej Patronki w wype\u0142nieniu woli Bo\u017cej<br>18.00 rezerwacja<\/p>\n","protected":false},"excerpt":{"rendered":"<p>Ewangelia (J 11, 3-7. 17. 20-27. 33b-45) S\u0142owa Ewangelii wed\u0142ug \u015awi\u0119tego Jana Siostry \u0141azarza pos\u0142a\u0142y do Jezusa wiadomo\u015b\u0107: \u00abPanie, oto choruje ten, kt\u00f3rego Ty kochasz\u00bb. Jezus, us\u0142yszawszy to, rzek\u0142: \u00abChoroba ta nie zmierza ku \u015bmierci, ale ku chwale Bo\u017cej, aby dzi\u0119ki niej Syn Bo\u017cy zosta\u0142 otoczony chwa\u0142\u0105\u00bb. A Jezus mi\u0142owa\u0142 Mart\u0119 i jej siostr\u0119, i [&hellip;]<\/p>\n","protected":false},"author":1,"featured_media":4930,"comment_status":"closed","ping_status":"closed","sticky":false,"template":"","format":"standard","meta":{"ngg_post_thumbnail":0,"footnotes":""},"categories":[11,8,4,3],"tags":[],"class_list":["post-4929","post","type-post","status-publish","format-standard","has-post-thumbnail","hentry","category-aktualnosci","category-blog","category-intencje","category-ogloszenia"],"_links":{"self":[{"href":"https:\/\/rafalk-elblag.pl\/index.php?rest_route=\/wp\/v2\/posts\/4929","targetHints":{"allow":["GET"]}}],"collection":[{"href":"https:\/\/rafalk-elblag.pl\/index.php?rest_route=\/wp\/v2\/posts"}],"about":[{"href":"https:\/\/rafalk-elblag.pl\/index.php?rest_route=\/wp\/v2\/types\/post"}],"author":[{"embeddable":true,"href":"https:\/\/rafalk-elblag.pl\/index.php?rest_route=\/wp\/v2\/users\/1"}],"replies":[{"embeddable":true,"href":"https:\/\/rafalk-elblag.pl\/index.php?rest_route=%2Fwp%2Fv2%2Fcomments&post=4929"}],"version-history":[{"count":2,"href":"https:\/\/rafalk-elblag.pl\/index.php?rest_route=\/wp\/v2\/posts\/4929\/revisions"}],"predecessor-version":[{"id":4932,"href":"https:\/\/rafalk-elblag.pl\/index.php?rest_route=\/wp\/v2\/posts\/4929\/revisions\/4932"}],"wp:featuredmedia":[{"embeddable":true,"href":"https:\/\/rafalk-elblag.pl\/index.php?rest_route=\/wp\/v2\/media\/4930"}],"wp:attachment":[{"href":"https:\/\/rafalk-elblag.pl\/index.php?rest_route=%2Fwp%2Fv2%2Fmedia&parent=4929"}],"wp:term":[{"taxonomy":"category","embeddable":true,"href":"https:\/\/rafalk-elblag.pl\/index.php?rest_route=%2Fwp%2Fv2%2Fcategories&post=4929"},{"taxonomy":"post_tag","embeddable":true,"href":"https:\/\/rafalk-elblag.pl\/index.php?rest_route=%2Fwp%2Fv2%2Ftags&post=4929"}],"curies":[{"name":"wp","href":"https:\/\/api.w.org\/{rel}","templated":true}]}}