{"id":4924,"date":"2023-03-19T15:03:00","date_gmt":"2023-03-19T15:03:00","guid":{"rendered":"http:\/\/rafalk-elblag.pl\/?p=4924"},"modified":"2023-03-21T15:16:12","modified_gmt":"2023-03-21T15:16:12","slug":"ogloszenia-12-03-2023-iii-niedziela-wielkiego-postu-2","status":"publish","type":"post","link":"https:\/\/rafalk-elblag.pl\/?p=4924","title":{"rendered":"Og\u0142oszenia 19.03.2023, IV Niedziela Wielkiego Postu"},"content":{"rendered":"\n<figure class=\"wp-block-embed is-type-video is-provider-youtube wp-block-embed-youtube wp-embed-aspect-16-9 wp-has-aspect-ratio\"><div class=\"wp-block-embed__wrapper\">\n<iframe loading=\"lazy\" title=\"Codzienno\u015b\u0107 wiary. Rekolekcje wielkopostne\" width=\"900\" height=\"506\" src=\"https:\/\/www.youtube.com\/embed\/DcYdND_bBAM?feature=oembed\" frameborder=\"0\" allow=\"accelerometer; autoplay; clipboard-write; encrypted-media; gyroscope; picture-in-picture; web-share\" allowfullscreen><\/iframe>\n<\/div><\/figure>\n\n\n\n<h1 class=\"wp-block-heading\">Ewangelia (J 9, 1. 6-9. 13-17. 34-38)\n<\/h1>\n\n\n\n<p>S\u0142owa Ewangelii wed\u0142ug \u015awi\u0119tego Jana<\/p>\n\n\n\n<p>\nJezus, przechodz\u0105c, ujrza\u0142 pewnego cz\u0142owieka, niewidomego od urodzenia. Splun\u0105\u0142 na ziemi\u0119, uczyni\u0142 b\u0142oto ze \u015bliny i na\u0142o\u017cy\u0142 je na oczy niewidomego, i rzek\u0142 do niego: \u00abId\u017a, obmyj si\u0119 w sadzawce Siloam\u00bb \u2013 co si\u0119 t\u0142umaczy: Pos\u0142any. On wi\u0119c odszed\u0142, obmy\u0142 si\u0119 i wr\u00f3ci\u0142, widz\u0105c.\n\nA s\u0105siedzi i ci, kt\u00f3rzy przedtem widywali go jako \u017cebraka, m\u00f3wili: \u00abCzy\u017c to nie jest ten, kt\u00f3ry siedzi i \u017cebrze?\u00bb Jedni twierdzili: \u00abTak, to jest ten\u00bb, a inni przeczyli: \u00abNie, jest tylko do tamtego podobny\u00bb. On za\u015b m\u00f3wi\u0142: \u00abTo ja jestem\u00bb.\n\nZaprowadzili wi\u0119c tego cz\u0142owieka, niedawno jeszcze niewidomego, do faryzeusz\u00f3w. A tego dnia, w kt\u00f3rym Jezus uczyni\u0142 b\u0142oto i otworzy\u0142 mu oczy, by\u0142 szabat. I zn\u00f3w faryzeusze pytali go o to, w jaki spos\u00f3b przejrza\u0142. Powiedzia\u0142 do nich: \u00abPo\u0142o\u017cy\u0142 mi b\u0142oto na oczy, obmy\u0142em si\u0119 i widz\u0119\u00bb.\n\nNiekt\u00f3rzy wi\u0119c spo\u015br\u00f3d faryzeusz\u00f3w rzekli: \u00abCz\u0142owiek ten nie jest od Boga, bo nie zachowuje szabatu\u00bb. Inni powiedzieli: \u00abAle w jaki spos\u00f3b cz\u0142owiek grzeszny mo\u017ce czyni\u0107 takie znaki?\u00bb I powsta\u0142 w\u015br\u00f3d nich roz\u0142am. Ponownie wi\u0119c zwr\u00f3cili si\u0119 do niewidomego: \u00abA ty, co o Nim m\u00f3wisz, jako \u017ce ci otworzy\u0142 oczy?\u00bb Odpowiedzia\u0142: \u00abTo prorok\u00bb.\n\nRzekli mu w odpowiedzi: \u00abCa\u0142y urodzi\u0142e\u015b si\u0119 w grzechach, a nas pouczasz?\u00bb I wyrzucili go precz.\n\nJezus us\u0142ysza\u0142, \u017ce wyrzucili go precz, i spotkawszy go, rzek\u0142 do niego: \u00abCzy ty wierzysz w Syna Cz\u0142owieczego?\u00bb On odpowiedzia\u0142: \u00abA kt\u00f3\u017c to jest, Panie, abym w Niego uwierzy\u0142?\u00bb Rzek\u0142 do niego Jezus: \u00abJest nim Ten, kt\u00f3rego widzisz i kt\u00f3ry m\u00f3wi do ciebie\u00bb. On za\u015b odpowiedzia\u0142: \u00abWierz\u0119, Panie!\u00bb i odda\u0142 Mu pok\u0142on.\n<\/p>\n\n\n\n<h1 class=\"wp-block-heading\"><strong><strong><strong><strong><strong><strong><strong><strong><strong><strong><strong><strong><strong><strong><strong><strong><strong><strong><strong><strong>Jak owocnie uczestniczy\u0107 w rekolekcjach?<\/strong><\/strong><\/strong><\/strong><\/strong><\/strong><\/strong><\/strong><\/strong><\/strong><\/strong><\/strong><\/strong><\/strong><\/strong><\/strong><\/strong><\/strong><\/strong><\/strong><\/h1>\n\n\n\n<p><strong>Ka\u017cdy rodzaj rekolekcji mo\u017ce przynie\u015b\u0107 dobre owoce. B\u00f3g zawsze daje w\u00a0obfito\u015bci. Jest tym hojniejszy, im bardziej \u2013 w\u00a0ramach swoich ogranicze\u0144 \u2013 szczodry jest cz\u0142owiek. Wiele zatem zale\u017cy od osobistego nastawienia uczestnika.<\/strong><\/p>\n\n\n\n<p>Rekolekcje to przede wszystkim wydarzenie duchowe. Cz\u0142owiek uczestniczy w&nbsp;nich, bo chce zrobi\u0107 kolejny krok w&nbsp;kierunku Boga, chce zrewidowa\u0107 swoje \u017cycie, nawr\u00f3ci\u0107 si\u0119. Trzeba \u015bwiadomie zadba\u0107 o&nbsp;tak\u0105 intencj\u0119. Warto do niej powraca\u0107 i&nbsp;odnawia\u0107 j\u0105 na modlitwie osobistej. Do tej modlitwy nale\u017cy doda\u0107 pro\u015bb\u0119 o&nbsp;owocno\u015b\u0107 rekolekcji oraz poleca\u0107 Bogu zar\u00f3wno rekolekcjonist\u0119, jak i&nbsp;siebie oraz innych uczestnik\u00f3w.<\/p>\n\n\n\n<p>Przed samymi rekolekcjami dobrze jest troch\u0119 zwolni\u0107 tempo \u017cycia. Nie jest to \u0142atwe. Warto jednak spr\u00f3bowa\u0107. Pom\u00f3c mo\u017ce przegl\u0105d spraw od ostatnich rekolekcji: co si\u0119 wydarzy\u0142o w&nbsp;moim \u017cyciu osobistym, rodzinnym, duchowym, moralnym itd. Jakie\u015b szczeg\u00f3lne \u015bwiat\u0142a, do\u015bwiadczenia? Czy by\u0142 to czas smutku i&nbsp;strapienia, czy przeciwnie, rado\u015bci, nadziei&#8230;? Dzi\u0119ki temu b\u0119dzie \u0142atwiej odnie\u015b\u0107 g\u0142oszone S\u0142owo do w\u0142asnego \u017cycia.<\/p>\n\n\n\n<p>Dobrze jest zanotowa\u0107 sobie to, co szczeg\u00f3lnie do mnie przem\u00f3wi\u0142o na nauce lub to, co znalaz\u0142em w&nbsp;sobie, gdy rozwa\u017ca\u0142em us\u0142yszane tre\u015bci: moje uczucia, nastroje, pragnienia, my\u015bli, inspiracje. Jaka\u015b forma notatek po powrocie do domu mo\u017ce by\u0107 bardzo pomocna jako baza do osobistej modlitwy przed snem albo do rachunku sumienia, albo te\u017c do refleksji w&nbsp;wolnym czasie po rekolekcjach. Ka\u017cdego dnia warto wyselekcjonowa\u0107 z&nbsp;tego, co us\u0142ysza\u0142em, cho\u0107 jedno kr\u00f3tkie zdanie, s\u0142owo, obraz, a&nbsp;mo\u017ce uczucie. To b\u0119dzie jaki\u015b konkret, do kt\u00f3rego mog\u0119 \u0142atwo wr\u00f3ci\u0107 w&nbsp;innych porach dnia.<\/p>\n\n\n\n<p>W&nbsp;ko\u0144cu dobrze jest, by na podstawie tego, co mnie poruszy\u0142o w&nbsp;trakcie rekolekcji, powzi\u0105\u0107 jakie\u015b jedno konkretne, \u0142atwe do sprawdzenia, postanowienie. Najlepiej, gdy dotyczy ono mojej mi\u0142o\u015bci do Boga, postawy wzgl\u0119dem bli\u017anich, troski o&nbsp;innych, wyra\u017ca s\u0142u\u017cb\u0119. Trzeba do\u0142o\u017cy\u0107 stara\u0144, by je wciela\u0107 w&nbsp;\u017cycie.<\/p>\n\n\n\n<p>Podczas rekolekcji zaleca si\u0119 tak\u017ce przyst\u0105pi\u0107 do sakramentu pojednania, spowiedzi.<\/p>\n\n\n\n<p><strong>PARAFIA \u015aW. RAFA\u0141A KALINOWSKIEGO<\/strong><strong>W ELBL\u0104GU<\/strong><\/p>\n\n\n\n<h2 class=\"wp-block-heading\"><strong>PROGRAM REKOLEKCJI WIELKOPOSTNYCH 2023<\/strong><\/h2>\n\n\n\n<figure class=\"wp-block-table\"><table><tbody><tr><td><strong>NIEDZIELA 19 MARCA 2023<\/strong><\/td><\/tr><tr><\/tr><tr><\/tr><tr><\/tr><tr><\/tr><tr><\/tr><tr><\/tr><tr><\/tr><tr><\/tr><tr><\/tr><tr><td><strong>7.40<\/strong><\/td><td><strong>Godzinki o M\u0119ce Pa\u0144skiej<\/strong><\/td><\/tr><tr><\/tr><tr><\/tr><tr><\/tr><tr><\/tr><tr><\/tr><tr><\/tr><tr><\/tr><tr><\/tr><tr><\/tr><tr><td><strong>8.00<\/strong><\/td><td>Msza \u015bw. z nauk\u0105 dla doros\u0142ych<\/td><\/tr><tr><\/tr><tr><\/tr><tr><\/tr><tr><\/tr><tr><\/tr><tr><\/tr><tr><\/tr><tr><\/tr><tr><\/tr><tr><td><strong>10.00<\/strong><\/td><td>Msza \u015bw. z udzia\u0142em dzieci<\/td><\/tr><tr><\/tr><tr><\/tr><tr><\/tr><tr><\/tr><tr><\/tr><tr><\/tr><tr><\/tr><tr><\/tr><tr><\/tr><tr><td><strong>12.00<\/strong><\/td><td>Msza \u015bw. z nauk\u0105 dla doros\u0142ych<\/td><\/tr><tr><\/tr><tr><\/tr><tr><\/tr><tr><\/tr><tr><\/tr><tr><\/tr><tr><\/tr><tr><\/tr><tr><\/tr><tr><td><strong>15.00<\/strong><\/td><td>Msza \u015bw. z nauk\u0105 dla doros\u0142ych<\/td><\/tr><tr><\/tr><tr><\/tr><tr><\/tr><tr><\/tr><tr><\/tr><tr><\/tr><tr><\/tr><tr><\/tr><tr><\/tr><tr><td><br><\/td><td><strong>ADORACJA NAJ\u015aWI\u0118TSZEGO SAKRAMENTU<\/strong><\/td><\/tr><tr><\/tr><tr><\/tr><tr><\/tr><tr><\/tr><tr><\/tr><tr><\/tr><tr><\/tr><tr><\/tr><tr><\/tr><tr><td><strong>17.15<\/strong><\/td><td><strong>Gorzkie \u017bale z kazaniem pasyjnym<\/strong><\/td><\/tr><tr><\/tr><tr><\/tr><tr><\/tr><tr><\/tr><tr><\/tr><tr><\/tr><tr><\/tr><tr><\/tr><tr><\/tr><tr><td><strong>18.00<\/strong><\/td><td>Msza \u015bw. z udzia\u0142em m\u0142odzie\u017cy<\/td><\/tr><tr><\/tr><tr><\/tr><tr><\/tr><tr><\/tr><tr><\/tr><tr><\/tr><tr><\/tr><tr><\/tr><tr><\/tr><tr><td><strong>PONIEDZIA\u0141EK 20 marca 2023 r.<\/strong> <strong>WTOREK 21 marca 2023 r.<\/strong><\/td><\/tr><tr><\/tr><tr><\/tr><tr><\/tr><tr><\/tr><tr><\/tr><tr><\/tr><tr><\/tr><tr><\/tr><tr><\/tr><tr><td><strong>8.00<\/strong><\/td><td>Msza \u015bw. z nauk\u0105 dla doros\u0142ych<\/td><\/tr><tr><\/tr><tr><\/tr><tr><\/tr><tr><\/tr><tr><\/tr><tr><\/tr><tr><\/tr><tr><\/tr><tr><\/tr><tr><td><strong>9.15<\/strong><\/td><td>Nauka dla klas IV \u2013 VIII Szko\u0142y Podstawowej<\/td><\/tr><tr><\/tr><tr><\/tr><tr><\/tr><tr><\/tr><tr><\/tr><tr><\/tr><tr><\/tr><tr><\/tr><tr><\/tr><tr><td><strong>11.00<\/strong><\/td><td>Msza \u015bw. z nauk\u0105 dla doros\u0142ych<\/td><\/tr><tr><\/tr><tr><\/tr><tr><\/tr><tr><\/tr><tr><\/tr><tr><\/tr><tr><\/tr><tr><\/tr><tr><\/tr><tr><td><strong>12.15<\/strong><\/td><td>Nauka dla klas 0 \u2013 III Szko\u0142y Podstawowej<\/td><\/tr><tr><\/tr><tr><\/tr><tr><\/tr><tr><\/tr><tr><\/tr><tr><\/tr><tr><\/tr><tr><\/tr><tr><\/tr><tr><td><strong>16.00<\/strong><\/td><td>Spotkanie i nauk\u0105 dla klas IV,V,VI,VII S.P.<\/td><\/tr><tr><\/tr><tr><\/tr><tr><\/tr><tr><\/tr><tr><\/tr><tr><\/tr><tr><\/tr><tr><\/tr><tr><\/tr><tr><td><strong>17.00<\/strong><\/td><td>Spotkanie i nauka dla dzieci klas 0, I, II, III S.P.<\/td><\/tr><tr><\/tr><tr><\/tr><tr><\/tr><tr><\/tr><tr><\/tr><tr><\/tr><tr><\/tr><tr><\/tr><tr><\/tr><tr><td><strong>18.00<\/strong><\/td><td>Msza \u015bw. z nauk\u0105 dla doros\u0142ych<\/td><\/tr><tr><\/tr><tr><\/tr><tr><\/tr><tr><\/tr><tr><\/tr><tr><\/tr><tr><\/tr><tr><\/tr><tr><\/tr><tr><td><strong>19.15<\/strong><\/td><td>Spotkanie i nauka dla m\u0142odzie\u017cy \/ kandydat\u00f3w do Sakr. Bierzmowania<\/td><\/tr><tr><\/tr><tr><\/tr><tr><\/tr><tr><\/tr><tr><\/tr><tr><\/tr><tr><\/tr><tr><\/tr><tr><\/tr><tr><td><strong>20.00<\/strong><\/td><td>Msza \u015bw. z nauk\u0105 dla doros\u0142ych<\/td><\/tr><tr><\/tr><tr><\/tr><tr><\/tr><tr><\/tr><tr><\/tr><tr><\/tr><tr><\/tr><tr><\/tr><tr><\/tr><tr><td><strong>\u015aRODA 22 marca 2023 r.<\/strong><\/td><\/tr><tr><\/tr><tr><\/tr><tr><\/tr><tr><\/tr><tr><\/tr><tr><\/tr><tr><\/tr><tr><\/tr><tr><\/tr><tr><td><strong>8.00<\/strong><\/td><td>Msza \u015bw. z nauk\u0105 dla doros\u0142ych<\/td><\/tr><tr><\/tr><tr><\/tr><tr><\/tr><tr><\/tr><tr><\/tr><tr><\/tr><tr><\/tr><tr><\/tr><tr><\/tr><tr><td><strong>9.15<\/strong><\/td><td>Msza \u015bw. z nauk\u0105 dla klas IV -VII Szko\u0142y Podstawowej<\/td><\/tr><tr><\/tr><tr><\/tr><tr><\/tr><tr><\/tr><tr><\/tr><tr><\/tr><tr><\/tr><tr><\/tr><tr><\/tr><tr><td><strong>11.00<\/strong><\/td><td>Msza \u015bw. z nauk\u0105 dla doros\u0142ych<\/td><\/tr><tr><\/tr><tr><\/tr><tr><\/tr><tr><\/tr><tr><\/tr><tr><\/tr><tr><\/tr><tr><\/tr><tr><\/tr><tr><td><strong>12.15<\/strong><\/td><td>Msza \u015bw. z nauk\u0105 dla klas 0, I, II, III Szko\u0142y Podstawowej<\/td><\/tr><tr><\/tr><tr><\/tr><tr><\/tr><tr><\/tr><tr><\/tr><tr><\/tr><tr><\/tr><tr><\/tr><tr><\/tr><tr><td><strong>15.00<\/strong><\/td><td>Odwiedziny chorych &#8211; zg\u0142oszonych w zakrystii<\/td><\/tr><tr><\/tr><tr><\/tr><tr><\/tr><tr><\/tr><tr><\/tr><tr><\/tr><tr><\/tr><tr><\/tr><tr><\/tr><tr><td><strong>17.00<\/strong><\/td><td><strong>Adoracja Naj\u015bwi\u0119tszego Sakramentu<\/strong><\/td><\/tr><tr><\/tr><tr><\/tr><tr><\/tr><tr><\/tr><tr><\/tr><tr><\/tr><tr><\/tr><tr><\/tr><tr><\/tr><tr><td><strong>18.00<\/strong><\/td><td>Msza \u015bw. z nauk\u0105 dla doros\u0142ych<\/td><\/tr><tr><\/tr><tr><\/tr><tr><\/tr><tr><\/tr><tr><\/tr><tr><\/tr><tr><\/tr><tr><\/tr><tr><\/tr><tr><td><strong>20.00<\/strong><\/td><td>Msza \u015bw. z nauk\u0105 dla m\u0142odzie\u017cy \/ kandydat\u00f3w do Sakr. Bierzmowania<\/td><\/tr><\/tbody><\/table><\/figure>\n\n\n\n<p><strong>SPOWIED\u0179 P\u00d3\u0141 GODZINY PRZED KA\u017bD\u0104 MSZ\u0104 \u015aWI\u0118T\u0104<\/strong><\/p>\n\n\n\n<p><em><strong>Przez 3 dni Rekolekcji (poniedzia\u0142ek, wtorek, \u015broda) o godz. 21:00 b\u0119d\u0105 bi\u0142y dzwony naszego Ko\u015bcio\u0142a. Zach\u0119camy, by w tym czasie prosi\u0107 Maryj\u0119 Kr\u00f3low\u0105 Pokoju o pok\u00f3j na \u015bwiecie a szczeg\u00f3lnie na Ukrainie.<\/strong><\/em><\/p>\n\n\n\n<p><\/p>\n\n\n\n<figure class=\"wp-block-image\"><a href=\"http:\/\/rafalk-elblag.pl\/wp-content\/uploads\/2021\/08\/ogloszenia-parafialne-baner-01a.jpg\"><img loading=\"lazy\" decoding=\"async\" width=\"720\" height=\"232\" src=\"http:\/\/rafalk-elblag.pl\/wp-content\/uploads\/2021\/08\/ogloszenia-parafialne-baner-01a.jpg\" alt=\"\" class=\"wp-image-4410\" srcset=\"https:\/\/rafalk-elblag.pl\/wp-content\/uploads\/2021\/08\/ogloszenia-parafialne-baner-01a.jpg 720w, https:\/\/rafalk-elblag.pl\/wp-content\/uploads\/2021\/08\/ogloszenia-parafialne-baner-01a-300x97.jpg 300w\" sizes=\"auto, (max-width: 720px) 100vw, 720px\" \/><\/a><\/figure>\n\n\n\n<h1 class=\"wp-block-heading\">Og\u0142oszenia parafialne 19.03.2023r<\/h1>\n\n\n\n<ol class=\"wp-block-list\"><li><strong>W dniu dzisiejszym rozpoczynamy <\/strong><em><strong>Rekolekcje<\/strong><\/em><strong>Wielkopostne,<\/strong> kt\u00f3re poprowadziOjciec Miros\u0142aw DAWLEWICZ \u2013 Redemptorysta. <em>Pro\u015bmy o \u015bwiat\u0142o Ducha \u015awi\u0119tego dla ks. Rekolekcjonisty oraz dla ca\u0142ej parafii, aby s\u0142owa wypowiedziane w czasie tych dni, przemieni\u0142y nasze serca i przygotowa\u0142y na rado\u015b\u0107 \u015awi\u0105t Wielkanocnych.<\/em> <em><strong>Program rekolekcji znajdziemy w Biuletynie<\/strong>.<\/em><\/li><\/ol>\n\n\n\n<ol class=\"wp-block-list\" start=\"2\"><li>W czasie rekolekcji prosimy o zg\u0142aszanie (w zakrystii) chorych, do kt\u00f3rych kap\u0142an uda si\u0119 z Komuni\u0105 \u015bwi\u0119t\u0105 w \u015brod\u0119 22 marca br. od godz. 15:00.<\/li><li>Caritas Parafialna rozprowadza\u0142a dzisiaj \u015bwieczki na st\u00f3\u0142 WIELKANOCNY w cenie 20 z\u0142.<\/li><li><strong>UROCZYSTO\u015a\u0106 \u015aWI\u0118TEGO J\u00d3ZEFA<\/strong> ze wzgl\u0119du na niedziel\u0119 zosta\u0142a przeniesiona na poniedzia\u0142ek (20 marca). Jest to czas naszych REKOLEKCJI WIELKOPOSTYCH, tym bardziej <strong>zapraszamy wszystkich parafian a szczeg\u00f3lnie m\u0119\u017cczyzn do uczestnictwa we Mszach \u015bw. o godz. 8:00, 11:00, 18:00 i o godz. 20:00.<\/strong> Wszystkim solenizantom \u017cyczymy b\u0142ogos\u0142awie\u0144stwa Bo\u017cego i opieki \u015bw. J\u00f3zefa.<\/li><\/ol>\n\n\n\n<ol class=\"wp-block-list\" start=\"5\"><li>Wykorzystajmy czas WIELKIEGO POSTU dla naszego wzrostu duchowego poprzez gorliwy i owocny udzia\u0142u w Liturgii Wielkopostnej i w Nabo\u017ce\u0144stwach Pokutnych<strong>. Zapraszamy<br>w ka\u017cd\u0105 niedziel\u0119 o godz. 17:15 na Gorzkie \u017bale z kazaniem pasyjnym, a ka\u017cdy pi\u0105tek Wielkiego Postu na Drog\u0119 Krzy\u017cow\u0105:<\/strong><em> o godz. 16:30 dla dzieci; o godz. 17:15 dla doros\u0142ych oraz o godz. 19:00 dla m\u0142odzie\u017cy.<\/em> <strong>PAMI\u0118TAJMY, \u017ce Wielki Post jest tak zwanym \u201eczasem zakazanym\u201d dla wszelkich hucznych wesel, zabaw i dyskotek !!!<\/strong><\/li><\/ol>\n\n\n\n<ol class=\"wp-block-list\" start=\"6\"><li><strong>W sobot\u0119 25 marca br. przypada 31 rocznica powstania DIECEZJI ELBLASKIEJ.<\/strong> Zach\u0119cam<em>y<\/em> do modlitwy za nasz\u0105 diecezj\u0119. Pami\u0119tajmy, \u017ce Uroczysto\u015b\u0107 Zwiastowania Pa\u0144skiego to <strong>DZIE\u0143 \u015aWI\u0118TO\u015aCI \u017bYCIA. Msze \u015bw. w naszej parafii o godz. 8:00 i 18:00<\/strong>. Przy Biuletynie znajdziemy kartki dla os\u00f3b pragn\u0105cych w\u0142\u0105czy\u0107 si\u0119 w to wielkie dzie\u0142o modlitewne &#8211; OBRONY \u017bYCIA.<\/li><li>Zapraszamy na otwarte spotkania <strong>ELBL\u0104SKIEJ SZKO\u0141Y BIBLIJNEJ<\/strong> w auli Wy\u017cszego Seminarium Duchownego w Elbl\u0105gu przy ul. Bo\u017cego Cia\u0142a 10. Najbli\u017csze spotkania: 25 marca, 22 kwietnia, 13 maja i 3 czerwca w godz. 9:00-12:00. <em>Udzia\u0142 w szkole jest darmowy. Szko\u0142\u0119 prowadz\u0105 bibli\u015bci elbl\u0105scy: ks. Jakub Altman, ks. Zbigniew Grochowski i ks. Marek Karczewski. Zapraszamy.<\/em><\/li><li>Pami\u0119tajmy o Skarbonce na Ja\u0142mu\u017cn\u0119 Wielkopostn\u0105 2023. <em>W ten spos\u00f3b w\u0142\u0105czamy si\u0119 w og\u00f3lnopolsk\u0105 akcj\u0119 <strong>\u201eCZAS MI\u0141OSIERDZIA\u201d.<\/strong><\/em><\/li><li>Zach\u0119camy do pielgrzymki 25 marca br. (sobota)do<strong> G\u00d3RKI KLASZTORNEJ<\/strong> na<strong> MISTERIUM M\u0118KI PA\u0143SKIEJ. Koszt 100 z\u0142. (autokar i ubezpieczenie).<\/strong> <strong>Zapisy i wi\u0119cej informacji u ks. Mariana.<\/strong><\/li><\/ol>\n\n\n\n<ol class=\"wp-block-list\" start=\"10\"><li><strong>KORZYSTAJMY <\/strong>z Sakramentu Pokuty<em> \u2013 <\/em><em><u>mamy tak\u0105 mo\u017cliwo\u015b\u0107, codziennie przed Msz\u0105 \u015bw. od godz. 7:45 lub od godz.17:30.<\/u><\/em><\/li><li><strong>Zach\u0119cam wiernych do przekazania 1,5% podatku dla Caritas Polska<\/strong>. Przy Biuletynie znajdziemy ulotki informuj\u0105ce jak to mo\u017cna uczyni\u0107.<\/li><\/ol>\n\n\n\n<p><\/p>\n\n\n\n<figure class=\"wp-block-image\"><img decoding=\"async\" src=\"http:\/\/rafalk-elblag.pl\/wp-content\/uploads\/2020\/04\/baner-intencje-mszy.jpg\" alt=\"\"\/><\/figure>\n\n\n\n<h1 class=\"wp-block-heading\">Intencje mszalne 19.03.2023r<br><\/h1>\n\n\n\n<p><strong>PONIEDZIA\u0141EK \/ 20 marca 2023 r. \/ Uroczysto\u015b\u0107 \u015bw. J\u00f3zefa<br>Mt 1, 16. 18-21. 24a<\/strong><br>8.00 O opiek\u0119 Matki Bo\u017cej w czasie choroby i potrzebne \u0142aski dla Mieczys\u0142awa<br>8.00 \u015bp. Ewa Prusak (18 greg.)<br>11.00 Za dusze w czy\u015b\u0107cu cierpi\u0105ce<br>18.00 \u015bp. Janusz Ekes (w 2 rocznic\u0119 \u015bmierci) oraz zmarli z rodziny Ekes<br>18.00 \u015bp. Teresa, Zdzis\u0142aw Brdak<br>20.00 \u015bp. Leszek Folc (w 30 dzie\u0144 po pogrzebie)<\/p>\n\n\n\n<p><strong>WTOREK \/ 21 marca 2023 r.<br>J 5, 1-16<\/strong><br>8.00 \u015bp. Ewa Prusak (19 greg.)<br>11.00 O Bo\u017ce b\u0142. i zdrowie dla Zuzanny Wi\u015bniewskiej (intencja od grupy porannej modlitwy)<br>18.00 Zmarli z rodziny Stolarskich i Jarosz\u00f3w<br>18.00 \u015bp. Marian Miliwek (w 30 rocznic\u0119 \u015bmierci) i zmarli z rodziny Kraulis, Miliwek, Czwiertak<br>20.00 \u015bp. Marta i J\u00f3zef Lipi\u0144scy i zmarli z rodziny<\/p>\n\n\n\n<p><strong>\u015aRODA \/ 22 marca 2023 r.<br>J 5, 17-30<\/strong><br>8.00 \u015bp. Ewa Prusak (20 greg.)<br>11.00 \u015bp. J\u00f3zef Wr\u00f3bel<br>18.00 \u015bp. Stefan Borowiecki (36 rocznica \u015bmierci), Jadwiga, Kazimierz, Tadeusz, Genowefa<br>18.00 O Bo\u017ce b\u0142., o \u0142ask\u0119 zdrowia i opiek\u0119 Matki Bo\u017cej dla Patrycji<br>20.00 \u015bp. Leon Jurgielewicz (13 rocznica \u015bmierci)<\/p>\n\n\n\n<p><strong>CZWARTEK \/ 23 marca 2023 r.<br>J 7, 1-2. 10. 25-30<\/strong><br>8.00 \u015bp. Ewa Prusak (21 greg.)<br>18.00 W intencji wynagradzaj\u0105cej za grzechy naszej Ojczyzny<br>18.00 \u015bp. Halina Krawczyk (w 3 rocznic\u0119 \u015bmierci)<\/p>\n\n\n\n<p><strong>PI\u0104TEK \/ 24 marca 2023 r.<br>Mk 12, 28b-34<\/strong><br>8.00 Wynagradzaj\u0105ca za grzechy naszej Ojczyzny<br>18.00 \u015bp. Zofia Doli\u0144ska, Micha\u0142 Doli\u0144ski<br>18.00 \u015bp. Ewa Prusak (22 greg.)<br>18.00 \u015bp. Adam Ochma\u0144ski (w 30 dzie\u0144 po pogrzebie)<\/p>\n\n\n\n<p><strong>SOBOTA \/ 25 marca 2023 r. \/ Uroczysto\u015b\u0107 Zwiastowania Pa\u0144skiego<br>\u0141k 1, 26-38<\/strong><br>8.00 \u015bp. Ewa Prusak (23 greg.)<br>18.00 \u015bp. syn Jan (w rocznic\u0119 ziemskich urodzin i \u015bmierci), zmarli z rodziny Pelcer, P\u0142otka, Hallman, Groszewskich<br>18.00 \u015bp. Klemens Jurkiewicz (4 rocznica \u015bmierci)<\/p>\n\n\n\n<p><strong>V NIEDZIELA WIELKIEGO POSTU \/ 26 marca 2023 r.<br>J 11, 1-45<\/strong><br>8.00 \u015bp. Regina i Artur Kowalscy<br>8.00 \u015bp. Ewa Prusak (24 greg.)<br>10.00 \u015bp. Jadwiga, Edward, Czes\u0142aw<br>12.00 W intencji Parafian<br>15.00 \u015bp. Maria Ry\u015b<br>18.00 \u015bp. Micha\u0142 Kata (35 rocznica \u015bmierci), Edward D\u0105bkowski (14 rocznica \u015bmierci)<\/p>\n","protected":false},"excerpt":{"rendered":"<p>Ewangelia (J 9, 1. 6-9. 13-17. 34-38) S\u0142owa Ewangelii wed\u0142ug \u015awi\u0119tego Jana Jezus, przechodz\u0105c, ujrza\u0142 pewnego cz\u0142owieka, niewidomego od urodzenia. Splun\u0105\u0142 na ziemi\u0119, uczyni\u0142 b\u0142oto ze \u015bliny i na\u0142o\u017cy\u0142 je na oczy niewidomego, i rzek\u0142 do niego: \u00abId\u017a, obmyj si\u0119 w sadzawce Siloam\u00bb \u2013 co si\u0119 t\u0142umaczy: Pos\u0142any. On wi\u0119c odszed\u0142, obmy\u0142 si\u0119 i wr\u00f3ci\u0142, [&hellip;]<\/p>\n","protected":false},"author":1,"featured_media":4925,"comment_status":"closed","ping_status":"closed","sticky":false,"template":"","format":"standard","meta":{"ngg_post_thumbnail":0,"footnotes":""},"categories":[11,8,4,3],"tags":[],"class_list":["post-4924","post","type-post","status-publish","format-standard","has-post-thumbnail","hentry","category-aktualnosci","category-blog","category-intencje","category-ogloszenia"],"_links":{"self":[{"href":"https:\/\/rafalk-elblag.pl\/index.php?rest_route=\/wp\/v2\/posts\/4924","targetHints":{"allow":["GET"]}}],"collection":[{"href":"https:\/\/rafalk-elblag.pl\/index.php?rest_route=\/wp\/v2\/posts"}],"about":[{"href":"https:\/\/rafalk-elblag.pl\/index.php?rest_route=\/wp\/v2\/types\/post"}],"author":[{"embeddable":true,"href":"https:\/\/rafalk-elblag.pl\/index.php?rest_route=\/wp\/v2\/users\/1"}],"replies":[{"embeddable":true,"href":"https:\/\/rafalk-elblag.pl\/index.php?rest_route=%2Fwp%2Fv2%2Fcomments&post=4924"}],"version-history":[{"count":2,"href":"https:\/\/rafalk-elblag.pl\/index.php?rest_route=\/wp\/v2\/posts\/4924\/revisions"}],"predecessor-version":[{"id":4927,"href":"https:\/\/rafalk-elblag.pl\/index.php?rest_route=\/wp\/v2\/posts\/4924\/revisions\/4927"}],"wp:featuredmedia":[{"embeddable":true,"href":"https:\/\/rafalk-elblag.pl\/index.php?rest_route=\/wp\/v2\/media\/4925"}],"wp:attachment":[{"href":"https:\/\/rafalk-elblag.pl\/index.php?rest_route=%2Fwp%2Fv2%2Fmedia&parent=4924"}],"wp:term":[{"taxonomy":"category","embeddable":true,"href":"https:\/\/rafalk-elblag.pl\/index.php?rest_route=%2Fwp%2Fv2%2Fcategories&post=4924"},{"taxonomy":"post_tag","embeddable":true,"href":"https:\/\/rafalk-elblag.pl\/index.php?rest_route=%2Fwp%2Fv2%2Ftags&post=4924"}],"curies":[{"name":"wp","href":"https:\/\/api.w.org\/{rel}","templated":true}]}}