{"id":4920,"date":"2023-03-12T08:35:00","date_gmt":"2023-03-12T08:35:00","guid":{"rendered":"http:\/\/rafalk-elblag.pl\/?p=4920"},"modified":"2023-03-16T10:37:14","modified_gmt":"2023-03-16T10:37:14","slug":"ogloszenia-12-03-2023-iii-niedziela-wielkiego-postu","status":"publish","type":"post","link":"https:\/\/rafalk-elblag.pl\/?p=4920","title":{"rendered":"Og\u0142oszenia 12.03.2023, III Niedziela Wielkiego Postu"},"content":{"rendered":"\n<figure class=\"wp-block-embed is-type-video is-provider-youtube wp-block-embed-youtube wp-embed-aspect-16-9 wp-has-aspect-ratio\"><div class=\"wp-block-embed__wrapper\">\n<iframe loading=\"lazy\" title=\"daj Bogu \u017cy\u0107...\" width=\"900\" height=\"506\" src=\"https:\/\/www.youtube.com\/embed\/a06TRJ_CiVc?feature=oembed\" frameborder=\"0\" allow=\"accelerometer; autoplay; clipboard-write; encrypted-media; gyroscope; picture-in-picture; web-share\" allowfullscreen><\/iframe>\n<\/div><\/figure>\n\n\n\n<h1 class=\"wp-block-heading\">Ewangelia (J 4, 5-15. 19b-26. 39a. 40-42)\n<\/h1>\n\n\n\n<p>S\u0142owa Ewangelii wed\u0142ug \u015awi\u0119tego Jana<\/p>\n\n\n\n<p>\n\nJezus przyby\u0142 do miasta samaryta\u0144skiego zwanego Sychar, w pobli\u017cu pola, kt\u00f3re da\u0142 Jakub synowi swemu, J\u00f3zefowi. By\u0142o tam \u017ar\u00f3d\u0142o Jakuba. Jezus zm\u0119czony drog\u0105 siedzia\u0142 sobie przy \u017ar\u00f3dle. By\u0142o to oko\u0142o sz\u00f3stej godziny.\n\nW\u00f3wczas nadesz\u0142a kobieta z Samarii, aby zaczerpn\u0105\u0107 wody. Jezus rzek\u0142 do niej: \u00abDaj Mi pi\u0107!\u00bb Jego uczniowie bowiem udali si\u0119 przedtem do miasta, by zakupi\u0107 \u017cywno\u015bci.\n\nNa to rzek\u0142a do Niego Samarytanka: \u00abJak\u017ce\u017c Ty, b\u0119d\u0105c \u017bydem, prosisz mnie, Samarytank\u0119, bym Ci da\u0142a si\u0119 napi\u0107? \u00bb \u017bydzi bowiem i Samarytanie unikaj\u0105 si\u0119 nawzajem.\n\nJezus odpowiedzia\u0142 jej na to: \u00abO, gdyby\u015b zna\u0142a dar Bo\u017cy i wiedzia\u0142a, kim jest Ten, kto ci m\u00f3wi: \u201eDaj Mi si\u0119 napi\u0107\u201d, to prosi\u0142aby\u015b Go, a da\u0142by ci wody \u017cywej\u00bb.\n\nPowiedzia\u0142a do Niego kobieta: \u00abPanie, nie masz czerpaka, a studnia jest g\u0142\u0119boka. Sk\u0105d\u017ce wi\u0119c we\u017amiesz wody \u017cywej? Czy Ty jeste\u015b wi\u0119kszy od ojca naszego, Jakuba, kt\u00f3ry da\u0142 nam t\u0119 studni\u0119, i on sam z niej pi\u0142, i jego synowie, i jego byd\u0142o?\u00bb\n\nW odpowiedzi na to rzek\u0142 do niej Jezus: \u00abKa\u017cdy, kto pije t\u0119 wod\u0119, zn\u00f3w b\u0119dzie pragn\u0105\u0142. Kto za\u015b b\u0119dzie pi\u0142 wod\u0119, kt\u00f3r\u0105 Ja mu dam, nie b\u0119dzie pragn\u0105\u0142 na wieki, lecz woda, kt\u00f3r\u0105 Ja mu dam, stanie si\u0119 w nim \u017ar\u00f3d\u0142em tryskaj\u0105cym ku \u017cyciu wiecznemu\u00bb.\n\nRzek\u0142a do Niego kobieta: \u00abPanie, daj mi tej wody, abym ju\u017c nie pragn\u0119\u0142a i nie przychodzi\u0142a tu czerpa\u0107. Widz\u0119, \u017ce jeste\u015b prorokiem. Ojcowie nasi oddawali cze\u015b\u0107 Bogu na tej g\u00f3rze, a wy m\u00f3wicie, \u017ce w Jerozolimie jest miejsce, gdzie nale\u017cy czci\u0107 Boga\u00bb.\n\nOdpowiedzia\u0142 jej Jezus: \u00abWierz Mi, kobieto, \u017ce nadchodzi godzina, kiedy ani na tej g\u00f3rze, ani w Jerozolimie nie b\u0119dziecie czcili Ojca. Wy czcicie to, czego nie znacie, my czcimy to, co znamy, poniewa\u017c zbawienie bierze pocz\u0105tek od \u017byd\u00f3w. Nadchodzi jednak godzina, nawet ju\u017c jest, kiedy to prawdziwi czciciele b\u0119d\u0105 oddawa\u0107 cze\u015b\u0107 Ojcu w Duchu i prawdzie, a takich to czcicieli szuka Ojciec. B\u00f3g jest duchem; trzeba wi\u0119c, by czciciele Jego oddawali Mu cze\u015b\u0107 w Duchu i prawdzie\u00bb.\n\nRzek\u0142a do Niego kobieta: \u00abWiem, \u017ce przyjdzie Mesjasz, zwany Chrystusem. A kiedy On przyjdzie, objawi nam wszystko\u00bb.\n\nPowiedzia\u0142 do niej Jezus: \u00abJestem nim Ja, kt\u00f3ry z tob\u0105 m\u00f3wi\u0119\u00bb.\n\nWielu Samarytan z owego miasta zacz\u0119\u0142o w Niego wierzy\u0107 dzi\u0119ki s\u0142owu kobiety. Kiedy wi\u0119c Samarytanie przybyli do Niego, prosili Go, aby u nich zosta\u0142. Pozosta\u0142 tam zatem dwa dni. I o wiele wi\u0119cej ich uwierzy\u0142o dzi\u0119ki Jego s\u0142owu, a do tej kobiety m\u00f3wili: \u00abWierzymy ju\u017c nie dzi\u0119ki twemu opowiadaniu, us\u0142yszeli\u015bmy bowiem na w\u0142asne uszy i wiemy, \u017ce On prawdziwie jest Zbawicielem \u015bwiata\u00bb.\n<\/p>\n\n\n\n<h1 class=\"wp-block-heading\"><strong><strong><strong><strong><strong><strong><strong><strong><strong><strong><strong><strong><strong><strong><strong><strong><strong><strong><strong>Gorzkie \u017bale \u2013 \u015bpiew o M\u0119ce Pa\u0144skiej<\/strong><\/strong><\/strong><\/strong><\/strong><\/strong><\/strong><\/strong><\/strong><\/strong><\/strong><\/strong><\/strong><\/strong><\/strong><\/strong><\/strong><\/strong><\/strong><\/h1>\n\n\n\n<p><strong>Gorzkie \u017bale \u2013 to popularne, rdzennie polskie nabo\u017ce\u0144stwo i zbi\u00f3r pie\u015bni o M\u0119ce Pa\u0144skiej \u015bpiewanych podczas Wielkiego Postu.<\/strong> Nazwa Gorzkie \u017bale pochodzi od pierwszych wyraz\u00f3w pie\u015bni: \u201eGorzkie \u017cale przybywajcie, serca nasze przenikajcie\u201d. Historia powstania Gorzkich \u017bal\u00f3w przypada na koniec XVII i pierwsz\u0105 po\u0142ow\u0119 XVIII wieku i \u0142\u0105czy si\u0119 \u015bci\u015ble z histori\u0105 Bractwa \u015bw. Rocha istniej\u0105cego przy ko\u015bciele \u015awi\u0119tego Krzy\u017ca w Warszawie, gdzie pos\u0142ug\u0119 duszpastersk\u0105 pe\u0142nili i pe\u0142ni\u0105 Ksi\u0119\u017ca Misjonarze \u015bw. Wincentego \u00e0 Paulo. Bractwo to by\u0142o najbardziej czynnym ze wszystkich innych stowarzysze\u0144, zw\u0142aszcza na polu charytatywnym i liturgicznym. Cz\u0142onkom Bractwa \u015bw. Rocha z ko\u015bcio\u0142a \u015aw. Krzy\u017ca w Warszawie i ich opiekunowi, ks. Wawrzy\u0144cowi Stanis\u0142awowi Bennikowi CM przypisuje si\u0119 bowiem napisanie tekstu specjalnego nabo\u017ce\u0144stwa. Nie wiemy czy ks. Bennik CM ze Zgromadzenia Ksi\u0119\u017cy Misjonarzy \u015bwi\u0119tego Wincentego a\u2019 Paulo, jest jedynym autorem tego dzie\u0142a, ale na pewno je wyda\u0142 drukiem w lutym 1707 roku pod tytu\u0142em \u201eSnopek Myrry z Ogroda Gethsema\u0144skiego albo \u017ca\u0142osne Gorzkiey M\u0119ki Syna Bo\u017cego (\u2026) rozpami\u0119tywanie\u201d. Nazwa si\u0119 wzi\u0119\u0142a od MIRRY czyli daru, jaki trzej kr\u00f3lowie z\u0142o\u017cyli Bo\u017cemu Dzieci\u0105tku. Dar mirry by\u0142 zapowiedzi\u0105 m\u0119ki i \u015bmierci zbawczej Chrystusa. <strong>Pierwsze nabo\u017ce\u0144stwo zosta\u0142o uroczy\u015bcie odprawione w pierwsz\u0105 niedziel\u0119 Wielkiego Postu, 13 marca 1707 roku w ko\u015bciele pw. \u015awi\u0119tego Krzy\u017ca w Warszawie.<\/strong> Nabo\u017ce\u0144stwo to bardzo szybko zyska\u0142o popularno\u015b\u0107 w ca\u0142ej Polsce i otrzyma\u0142o akceptacj\u0119 Stolicy Apostolskiej. Rozpowszechnili je Ksi\u0119\u017ca Misjonarze \u015aw. Wincentego a Paulo.<\/p>\n\n\n\n<p>Nabo\u017ce\u0144stwo Gorzkich \u017bali dzieli si\u0119 na trzy cz\u0119\u015bci. W ka\u017cd\u0105 niedziel\u0119 Wielkiego Postu odprawia si\u0119 jedn\u0105 cz\u0119\u015b\u0107. Gorzkie \u017bale rozpoczynaj\u0105 si\u0119 Zach\u0119t\u0105 (inaczej Pobudk\u0105). Zach\u0119ta rozpoczynaj\u0105ca ka\u017cd\u0105 z cz\u0119\u015bci jest taka sama. Od pocz\u0105tku nabo\u017ce\u0144stwo Gorzkich \u017bali mia\u0142o r\u00f3wnie\u017c bardzo uroczyst\u0105 opraw\u0119 liturgiczn\u0105. Najcz\u0119\u015bciej jest odprawiane podczas wystawienia Naj\u015bwi\u0119tszego Sakramentu, a jego cz\u0119\u015bci\u0105 jest specjalne kazanie pasyjne.<\/p>\n\n\n\n<p><strong>Wed\u0142ug \u015aw. Augustyna, nie ma skuteczniejszego \u015brodka na zapewnienie sobie zbawienia, nad przypominanie sobie codziennie M\u0119ki Pana Jezusa. <\/strong>\u2014 \u201eKto chce, m\u00f3wi \u015bw. Bonawentura, pomna\u017ca\u0107 si\u0119 ustawicznie w cnotach i zyskiwa\u0107 coraz nowe \u0141aski, winien codziennie rozmy\u015bla\u0107 o M\u0119ce Pa\u0144skiej; nie ma bowiem odpowiedniejszego \u015brodka do u\u015bwi\u0119cenia duszy, nad cz\u0119ste rozwa\u017canie cierpie\u0144 Zbawiciela.<\/p>\n\n\n\n<p>Gdzie\u017c \u015awi\u0119ci czerpali otuch\u0119 i si\u0142\u0119 do znoszenia przeciwno\u015bci, bole\u015bci, katuszy i \u015bmierci, je\u015bli nie w M\u0119kach Jezusa Ukrzy\u017cowanego? Gdy \u015aw. J\u00f3zefa<br>z Leonessy chciano zwi\u0105za\u0107 przed bolesn\u0105 operacj\u0105, wzi\u0105\u0142 w r\u0119ce krzy\u017c i powiedzia\u0142: Na co sznury? Wi\u0119zami dla mnie \u2014 to Jezus przebity gwo\u017adziami z Mi\u0142o\u015bci ku mnie. On Swymi cierpieniami zmusza mnie, bym wszystko zni\u00f3s\u0142 z mi\u0142o\u015bci ku Niemu. \u2014 Podda\u0142 si\u0119 operacji bez s\u0142owa skargi, pomny na Jezusa, kt\u00f3ry \u201enie otworzy\u0142 Ust Swoich; jako owca na zabicie wiedzion b\u0119dzie, a jako baranek przed strzyg\u0105cym go zamilknie, a nie otworzy ust swoich\u201d.<\/p>\n\n\n\n<p><strong>Kt\u00f3\u017c mo\u017ce powiedzie\u0107, i\u017c cierpi niesprawiedliwie, patrz\u0105c na Jezusa, kt\u00f3ry \u201ezranion jest za nieprawo\u015bci nasze, start jest za z\u0142o\u015bci nasze\u201d. Kt\u00f3\u017c mo\u017ce odm\u00f3wi\u0107 prze\u0142o\u017conym pos\u0142usze\u0144stwa z powodu z\u0142\u0105czonych z nim niewyg\u00f3d, skoro Pan Jezus \u201eSam si\u0119 poni\u017cy\u0142, stawszy si\u0119 pos\u0142usznym a\u017c do \u015bmierci, i to \u015bmierci krzy\u017cowej\u201d. Czy\u017c mo\u017ce kto wzbrania\u0107 si\u0119 przyj\u0105\u0107 zniewagi, widz\u0105c, i\u017c z Jezusem obchodz\u0105 si\u0119 kaci jak z szale\u0144cem, jak ze z\u0142oczy\u0144c\u0105, \u017ce Go policzkuj\u0105, przybijaj\u0105 do drzewa ha\u0144by. Kt\u00f3\u017c na koniec mo\u017ce jeszcze mi\u0142owa\u0107 co\u015b opr\u00f3cz Pana Jezusa, skoro Go widzi umieraj\u0105cego w\u015br\u00f3d tylu cierpie\u0144, tak wielkiej wzgardy, a to dla pozyskania naszej mi\u0142o\u015bci? Tote\u017c m\u00f3wi \u015aw. Augustyn, i\u017c wi\u0119cej pomaga do post\u0119pu w \u017cyciu duchownym jedna \u0142za przelana na my\u015bl o M\u0119ce Pana Jezusa, ni\u017c pielgrzymka do Jerozolimy lub ca\u0142oroczny post o chlebie i wodzie.<\/strong><\/p>\n\n\n\n<p>S\u0142usznie powiedzia\u0142 o. Baltazar Alvarez, i\u017c nieszcz\u0119\u015bciem chrze\u015bcijan jest to, \u017ce nie wiedz\u0105, jakie skarby maj\u0105 w Panu Jezusie. Tote\u017c najch\u0119tniej i najcz\u0119\u015bciej rozmy\u015bla\u0142 o cierpieniach Zbawiciela, szczeg\u00f3lniej o Jego ub\u00f3stwie, wzgardach, jakich dozna\u0142 i wyrz\u0105dzonych Mu bole\u015bciach. Zach\u0119caj\u0105c swych penitent\u00f3w, by go na\u015bladowali pod tym wzgl\u0119dem, m\u00f3wi\u0142 im, aby byli przekonani, i\u017c nie poczynili \u017cadnych post\u0119p\u00f3w na drodze \u017cycia duchownego, je\u015bli Jezus Ukrzy\u017cowany w ich sercu nie jest wyryty.<\/p>\n\n\n\n<p>Oto, co i ty czyni\u0107 powiniene\u015b, je\u015bli chcesz si\u0119 u\u015bwi\u0119ci\u0107, o co zreszt\u0105 pilnie stara\u0107 si\u0119 winiene\u015b. Codziennie rozmy\u015blaj o m\u0119ce Odkupiciela, szczeg\u00f3lniej za\u015b zastanawiaj si\u0119 nad jej opisem, podanym przez Ewangeli\u0119. Poniewa\u017c za\u015b kto kocha Syna, mi\u0142uje te\u017c jego Matk\u0119, rozmy\u015blaj\u0105c o M\u0119ce Pana Jezusa, pami\u0119taj r\u00f3wnie\u017c o bole\u015bciach Naj\u015bwi\u0119tszej Panny.<\/p>\n\n\n\n<p><\/p>\n\n\n\n<figure class=\"wp-block-image\"><a href=\"http:\/\/rafalk-elblag.pl\/wp-content\/uploads\/2021\/08\/ogloszenia-parafialne-baner-01a.jpg\"><img loading=\"lazy\" decoding=\"async\" width=\"720\" height=\"232\" src=\"http:\/\/rafalk-elblag.pl\/wp-content\/uploads\/2021\/08\/ogloszenia-parafialne-baner-01a.jpg\" alt=\"\" class=\"wp-image-4410\" srcset=\"https:\/\/rafalk-elblag.pl\/wp-content\/uploads\/2021\/08\/ogloszenia-parafialne-baner-01a.jpg 720w, https:\/\/rafalk-elblag.pl\/wp-content\/uploads\/2021\/08\/ogloszenia-parafialne-baner-01a-300x97.jpg 300w\" sizes=\"auto, (max-width: 720px) 100vw, 720px\" \/><\/a><\/figure>\n\n\n\n<h1 class=\"wp-block-heading\">Og\u0142oszenia parafialne 12.03.2023r<\/h1>\n\n\n\n<ol class=\"wp-block-list\"><li>Wykorzystajmy czas WIELKIEGO POSTU dla naszego wzrostu duchowego poprzez gorliwy i owocny udzia\u0142u w Liturgii Wielkopostnej i w Nabo\u017ce\u0144stwach Pokutnych<strong>. Zapraszamy<br>w ka\u017cd\u0105 niedziel\u0119 o godz. 17:15 na Gorzkie \u017bale z kazaniem pasyjnym, a ka\u017cdy pi\u0105tek Wielkiego Postu na Drog\u0119 Krzy\u017cow\u0105:<\/strong><em> o godz. 16:30 dla dzieci; o godz. 17:15 dla doros\u0142ych oraz o godz. 19:00 dla m\u0142odzie\u017cy.<\/em><\/li><\/ol>\n\n\n\n<p><strong>PAMI\u0118TAJMY, \u017ce Wielki Post jest tak zwanym \u201eczasem zakazanym\u201d dla wszelkich hucznych wesel, zabaw i dyskotek !!!<\/strong><\/p>\n\n\n\n<ol class=\"wp-block-list\" start=\"2\"><li>Spotkanie dla rodzic\u00f3w dzieci klas IIIprzygotowuj\u0105cych si\u0119 do I KOMUNII \u015aWI\u0118TEJ odb\u0119dzie si\u0119 w poniedzia\u0142ek 13 marca br. o godz. 19:00 w ko\u015bciele. Po spotkaniu b\u0119dzie mo\u017cliwo\u015b\u0107 odebrania zam\u00f3wionej albki dla dziecka na plebanii.<\/li><li><strong>Marzec to miesi\u0105c po\u015bwi\u0119cony \u015aWI\u0118TEMU J\u00d3ZEFOWI &#8211; PATRONOWI KO\u015aCIO\u0141A POWSZECHNEGO. Zapraszamy do udzia\u0142u w NOWENNIE do \u015bw. J\u00f3zefa odmawianej podczas Mszy \u015bw. wieczorowej.<\/strong><\/li><li>W czwartek 16 marca &#8211; <strong>DZIE\u0143 MODLITW ZA BRACTWO SZKAPLERZNE,<\/strong> a tak\u017ce za osoby nosz\u0105ce Szkaplerz \u015bwi\u0119ty. Zapraszamy wszystkich nale\u017c\u0105cych i pragn\u0105cych w\u0142\u0105czy\u0107 si\u0119 do tej wsp\u00f3lnoty na Msz\u0119 \u015bw. o godz. 18:00.<\/li><li><strong>Diecezjalny Wielkopostny Dzie\u0144 Skupienia \u201e\u017bYWEGO R\u00d3\u017bA\u0143CA\u201d <\/strong>oraz dla Zelator\u00f3w odb\u0119dzie si\u0119 <strong>18 marca 2023r. (sobota) w parafii pw. Tr\u00f3jcy \u015awi\u0119tej w Elbl\u0105gu\u00a0<\/strong>ul. Kielecka 16 (Zatorze). <em>Zapraszamy do wsp\u00f3lnej modlitwy od godz. 10:00.<\/em> <em>Dok\u0142adny program znajdziemy na tablicy og\u0142osze\u0144.<\/em><\/li><\/ol>\n\n\n\n<ol class=\"wp-block-list\" start=\"6\"><li>W sobot\u0119 (18 marca) o godz. 16:00 odb\u0119dzie si\u0119 spotkanie os\u00f3b zapisanych na pielgrzymk\u0119 z naszej parafii, kt\u00f3ra odb\u0119dzie si\u0119 w dniach 9 \u2013 13 czerwca 2023 roku. Serdecznie zapraszam.<\/li><\/ol>\n\n\n\n<ol class=\"wp-block-list\" start=\"7\"><li><strong>Tegoroczne Rekolekcje Wielkopostne dla wszystkich rozpoczn\u0105 si\u0119 w IV Niedziel\u0119 Wielkiego Postu tj. 19 marca br.<\/strong> Poprowadzi je Ojciec Miros\u0142aw DAWLEWICZ \u2013 Redemptorysta. Przypominamy, \u017ce w poniedzia\u0142ek, wtorek i w \u015brod\u0119 Msze \u015awi\u0119te z naukami dla doros\u0142ych o<strong> godz. 8:00, 11:00, 18:00, 20:00.<\/strong> <em>Uczy\u0144my wszystko, aby wzi\u0105\u0107 w nich udzia\u0142. Pro\u015bmy o potrzebne dary Ducha \u015awi\u0119tego dla ksi\u0119dza Rekolekcjonisty i dla nas, by\u015bmy byli otwarci na g\u0142oszone S\u0142owo.<\/em><\/li><li>Zach\u0119camy do pielgrzymki 25 marca br. (sobota)do<strong> G\u00d3RKI KLASZTORNEJ<\/strong> na<strong> MISTERIUM M\u0118KI PA\u0143SKIEJ. Koszt 100 z\u0142. (autokar i ubezpieczenie).<\/strong> <strong>Zapisy i wi\u0119cej informacji u ks. Mariana.<\/strong><\/li><\/ol>\n\n\n\n<ol class=\"wp-block-list\" start=\"9\"><li>24 marca 2023 roku odb\u0119dzie si\u0119 <strong>Ekstremalna Droga Krzy\u017cowa \u201eId\u0119, bo szukam nadziei\u201d<\/strong>. Rozpocz\u0119cie o godzinie 20.00 Msz\u0105 \u015bw. w ko\u015bciele pw. \u015bw. Brata Alberta w Elbl\u0105gu. Wi\u0119cej informacji na plakacie.<\/li><li>Pami\u0119tajmy o Skarbonce na Ja\u0142mu\u017cn\u0119 Wielkopostn\u0105 2023. <em>W ten spos\u00f3b w\u0142\u0105czamy si\u0119 w og\u00f3lnopolsk\u0105 akcj\u0119 <\/em><em><strong>\u201eCZAS MI\u0141OSIERDZIA\u201d.<\/strong><\/em><\/li><li><strong>KORZYSTAJMY <\/strong>z Sakramentu Pokuty<em> \u2013 <\/em><em><u>mamy tak\u0105 mo\u017cliwo\u015b\u0107, codziennie przed Msz\u0105 \u015bw. od godz. 7:45 lub od godz.17:30.<\/u><\/em><\/li><li><strong>Zach\u0119cam wiernych do przekazania 1,5% podatku dla Caritas Polska<\/strong>. Przy Biuletynie znajdziemy ulotki informuj\u0105ce jak to mo\u017cna uczyni\u0107.<\/li><li>Caritas Parafialna za tydzie\u0144 b\u0119dzie rozprowadza\u0142a \u015bwieczki na st\u00f3\u0142 WIELKANOCNY w cenie 20 z\u0142.<\/li><\/ol>\n\n\n\n<p><\/p>\n\n\n\n<figure class=\"wp-block-image\"><img decoding=\"async\" src=\"http:\/\/rafalk-elblag.pl\/wp-content\/uploads\/2020\/04\/baner-intencje-mszy.jpg\" alt=\"\"\/><\/figure>\n\n\n\n<h1 class=\"wp-block-heading\">Intencje mszalne 12.03.2023r<br><\/h1>\n\n\n\n<p><strong>PONIEDZIA\u0141EK \/ 13 marca 2023 r.<br>\u0141k 4, 24-30<\/strong><br>8.00 \u015bp. Ewa Prusak (11 greg.)<br>18.00 \u015bp. Ignacy Rakowski (2 rocznica \u015bmierci, intencja od IV R\u00f3\u017cy)<br>18.00 \u015bp. Rodzice: Janina i Mieczys\u0142aw Marci\u0144czuk<\/p>\n\n\n\n<p><strong>WTOREK \/ 14 marca 2023 r.<br>Mt 18, 21-35<\/strong><br>8.00 \u015bp. Stanis\u0142awa [k] Mickiewicz<br>18.00 \u015bp. Ewa Prusak (12 greg.)<br>18.00 \u015bp. Janusz G\u0142owacki (12 rocznica \u015bmierci) i zmarli rodzice z obojga stron<\/p>\n\n\n\n<p><strong>\u015aRODA \/ 15 marca 2023 r.<br>Mt 5, 17-19<\/strong><br>8.00 Za dusze w czy\u015b\u0107cu cierpi\u0105ce<br>18.00 \u015bp. Ewa Prusak (13 greg.)<br>18.00 \u015bp. Danuta \u015aniadach (1 rocznica \u015bmierci) i zmarli z rodziny \u015aniadach, Kolasa i Noce\u0144<\/p>\n\n\n\n<p><strong>CZWARTEK \/ 16 marca 2023 r.<br>\u0141k 11, 14-23<\/strong><br>8.00 \u015bp. Ewa Prusak (14 greg.)<br>18.00 \u015bp. Jerzy i zmarli z rodziny<br>18.00 W intencji Rodziny Szkaplerznej<\/p>\n\n\n\n<p><strong>PI\u0104TEK \/ 17 marca 2023 r.<br>\u015bw. Patryka<br>Mk 12, 28b-34<\/strong><br>8.00 \u015bp. Ewa Prusak (15 greg.)<br>18.00 \u015bp. Irena W\u00f3jcik (4 rocznica \u015bmierci)<br>18.00 \u015bp. Feliksa [k] i Franciszek Guzierowicz, Zofia, Jadwiga i Kazimierz<\/p>\n\n\n\n<p><strong>SOBOTA \/ 18 marca 2023 r.<br>\u015bw. Cyryla Jerozolimskiego<br>\u0141k 18, 9-14<\/strong><br>8.00 \u015bp. Ewa Prusak (16 greg.)<br>18.00 \u015bp. Wac\u0142aw Bazylak (4 rocznica \u015bmierci), zmarli z rodziny Bazylak i Wa\u015bniewskich<br>18.00 \u015bp. J\u00f3zef Kury\u0142o (w 100 rocznic\u0119 ziemskich urodzin), Marianna Kury\u0142o, Krystyna, Gra\u017cyna<\/p>\n\n\n\n<p><strong>IV NIEDZIELA WIELKIEGO POSTU (Laetare)<br>19 marca 2023 r.<br>J 9, 1-41<\/strong><br>8.00 \u015bp. J\u00f3zef Kwiatosz (z okazji imienin) i rodzice z obojga stron<br>8.00 \u015bp. Ewa Prusak (17 greg.)<br>10.00 \u015bp. Rodzice: J\u00f3zefa [k] i W\u0142adys\u0142aw Gawro\u0144, bracia Kazimierz i W\u0142adys\u0142aw oraz m\u0105\u017c Jan<br>12.00 W intencji Parafian<br>12.00 Dzi\u0119kczynna w 70 urodziny Wies\u0142awa oraz 20 urodziny Natalii, z pro\u015bb\u0105 o Bo\u017ce b\u0142. i potrzebne \u0142aski<br>15.00 \u015bp. Mariusz Widomski (w 1 rocznic\u0119 \u015bmierci)<br>18.00 rezerwacja<\/p>\n","protected":false},"excerpt":{"rendered":"<p>Ewangelia (J 4, 5-15. 19b-26. 39a. 40-42) S\u0142owa Ewangelii wed\u0142ug \u015awi\u0119tego Jana Jezus przyby\u0142 do miasta samaryta\u0144skiego zwanego Sychar, w pobli\u017cu pola, kt\u00f3re da\u0142 Jakub synowi swemu, J\u00f3zefowi. By\u0142o tam \u017ar\u00f3d\u0142o Jakuba. Jezus zm\u0119czony drog\u0105 siedzia\u0142 sobie przy \u017ar\u00f3dle. By\u0142o to oko\u0142o sz\u00f3stej godziny. W\u00f3wczas nadesz\u0142a kobieta z Samarii, aby zaczerpn\u0105\u0107 wody. Jezus rzek\u0142 do [&hellip;]<\/p>\n","protected":false},"author":1,"featured_media":4922,"comment_status":"closed","ping_status":"closed","sticky":false,"template":"","format":"standard","meta":{"ngg_post_thumbnail":0,"footnotes":""},"categories":[11,8,4,3],"tags":[],"class_list":["post-4920","post","type-post","status-publish","format-standard","has-post-thumbnail","hentry","category-aktualnosci","category-blog","category-intencje","category-ogloszenia"],"_links":{"self":[{"href":"https:\/\/rafalk-elblag.pl\/index.php?rest_route=\/wp\/v2\/posts\/4920","targetHints":{"allow":["GET"]}}],"collection":[{"href":"https:\/\/rafalk-elblag.pl\/index.php?rest_route=\/wp\/v2\/posts"}],"about":[{"href":"https:\/\/rafalk-elblag.pl\/index.php?rest_route=\/wp\/v2\/types\/post"}],"author":[{"embeddable":true,"href":"https:\/\/rafalk-elblag.pl\/index.php?rest_route=\/wp\/v2\/users\/1"}],"replies":[{"embeddable":true,"href":"https:\/\/rafalk-elblag.pl\/index.php?rest_route=%2Fwp%2Fv2%2Fcomments&post=4920"}],"version-history":[{"count":1,"href":"https:\/\/rafalk-elblag.pl\/index.php?rest_route=\/wp\/v2\/posts\/4920\/revisions"}],"predecessor-version":[{"id":4923,"href":"https:\/\/rafalk-elblag.pl\/index.php?rest_route=\/wp\/v2\/posts\/4920\/revisions\/4923"}],"wp:featuredmedia":[{"embeddable":true,"href":"https:\/\/rafalk-elblag.pl\/index.php?rest_route=\/wp\/v2\/media\/4922"}],"wp:attachment":[{"href":"https:\/\/rafalk-elblag.pl\/index.php?rest_route=%2Fwp%2Fv2%2Fmedia&parent=4920"}],"wp:term":[{"taxonomy":"category","embeddable":true,"href":"https:\/\/rafalk-elblag.pl\/index.php?rest_route=%2Fwp%2Fv2%2Fcategories&post=4920"},{"taxonomy":"post_tag","embeddable":true,"href":"https:\/\/rafalk-elblag.pl\/index.php?rest_route=%2Fwp%2Fv2%2Ftags&post=4920"}],"curies":[{"name":"wp","href":"https:\/\/api.w.org\/{rel}","templated":true}]}}