{"id":4916,"date":"2023-03-05T16:22:00","date_gmt":"2023-03-05T16:22:00","guid":{"rendered":"http:\/\/rafalk-elblag.pl\/?p=4916"},"modified":"2023-03-06T16:36:26","modified_gmt":"2023-03-06T16:36:26","slug":"ogloszenia-05-03-2023-ii-niedziela-wielkiego-postu","status":"publish","type":"post","link":"https:\/\/rafalk-elblag.pl\/?p=4916","title":{"rendered":"Og\u0142oszenia 05.03.2023, II Niedziela Wielkiego Postu"},"content":{"rendered":"\n<figure class=\"wp-block-embed is-type-video is-provider-youtube wp-block-embed-youtube wp-embed-aspect-16-9 wp-has-aspect-ratio\"><div class=\"wp-block-embed__wrapper\">\n<iframe loading=\"lazy\" title=\"G\u00f3ra Przemienienia - ks. Piotr Pawlukiewicz (audio)\" width=\"900\" height=\"506\" src=\"https:\/\/www.youtube.com\/embed\/2PK8c7yed_c?feature=oembed\" frameborder=\"0\" allow=\"accelerometer; autoplay; clipboard-write; encrypted-media; gyroscope; picture-in-picture; web-share\" allowfullscreen><\/iframe>\n<\/div><\/figure>\n\n\n\n<h1 class=\"wp-block-heading\">Ewangelia (Mt 17, 1-9)\nCzysto\u015b\u0107 duszy zapewnia ogl\u0105danie chwa\u0142y Boga\n<\/h1>\n\n\n\n<p>S\u0142owa Ewangelii wed\u0142ug \u015awi\u0119tego Mateusza<\/p>\n\n\n\n<p>\nJezus wzi\u0105\u0142 z sob\u0105 Piotra, Jakuba oraz brata jego, Jana, i zaprowadzi\u0142 ich na g\u00f3r\u0119 wysok\u0105, osobno. Tam przemieni\u0142 si\u0119 wobec nich: twarz Jego zaja\u015bnia\u0142a jak s\u0142o\u0144ce, odzienie za\u015b sta\u0142o si\u0119 bia\u0142e jak \u015bwiat\u0142o. A oto ukazali si\u0119 im Moj\u017cesz i Eliasz, rozmawiaj\u0105cy z Nim.\n\nWtedy Piotr rzek\u0142 do Jezusa: \u00abPanie, dobrze, \u017ce tu jeste\u015bmy; je\u015bli chcesz, postawi\u0119 tu trzy namioty: jeden dla Ciebie, jeden dla Moj\u017cesza i jeden dla Eliasza\u00bb.\n\nGdy on jeszcze m\u00f3wi\u0142, oto ob\u0142ok \u015bwietlany os\u0142oni\u0142 ich, a z ob\u0142oku odezwa\u0142 si\u0119 g\u0142os: \u00abTo jest m\u00f3j Syn umi\u0142owany, w kt\u00f3rym mam upodobanie, Jego s\u0142uchajcie!\u00bb Uczniowie, s\u0142ysz\u0105c to, upadli na twarz i bardzo si\u0119 zl\u0119kli.\n\nA Jezus zbli\u017cy\u0142 si\u0119 do nich, dotkn\u0105\u0142 ich i rzek\u0142: \u00abWsta\u0144cie, nie l\u0119kajcie si\u0119!\u00bb Gdy podnie\u015bli oczy, nikogo nie widzieli, tylko samego Jezusa.\n\nA gdy schodzili z g\u00f3ry, Jezus przykaza\u0142 im, m\u00f3wi\u0105c: \u00abNie opowiadajcie nikomu o tym widzeniu, a\u017c Syn Cz\u0142owieczy zmartwychwstanie\u00bb.\n<\/p>\n\n\n\n<h1 class=\"wp-block-heading\"><strong><strong><strong><strong><strong><strong><strong><strong><strong><strong><strong><strong><strong><strong><strong><strong><strong><strong>Droga krzy\u017cowa<\/strong><\/strong><\/strong><\/strong><\/strong><\/strong><\/strong><\/strong><\/strong><\/strong><\/strong><\/strong><\/strong><\/strong><\/strong><\/strong><\/strong><\/strong><\/h1>\n\n\n\n<p> <em><strong>Stacje Drogi Krzy\u017cowej to nieod\u0142\u0105czny element pi\u0105tkowego nabo\u017ce\u0144stwa, podczas kt\u00f3rego wierni pod\u0105\u017caj\u0105 \u015bladami M\u0119ki Chrystusa. Wszystko to na pami\u0105tk\u0119 \u015bwi\u0119tych wydarze\u0144, kt\u00f3re mia\u0142y miejsce w Jerozolimie przed dwoma tysi\u0105cami laty. To w\u0142a\u015bnie tam, zacz\u0119\u0142y odbywa\u0107 si\u0119 pierwsze pielgrzymki chrze\u015bcijan, kt\u00f3rzy pragn\u0119li i\u015b\u0107 \u015bladami Chrystusa. Tak w\u0142a\u015bnie zrodzi\u0142 si\u0119 kult M\u0119ki Pa\u0144skiej, kt\u00f3ry stale si\u0119 rozrasta\u0142 i dotar\u0142 na wszystkie kra\u0144ce \u015bwiata.<\/strong><\/em><\/p>\n\n\n\n<p>Oko\u0142o 800-900 lat temu na zachodzie Europy, a nieco p\u00f3\u017aniej u nas, pobo\u017cno\u015b\u0107 chrze\u015bcijan zacz\u0119\u0142a si\u0119 zmienia\u0107. Dawniej wi\u0119cej m\u00f3wiono<br>o pot\u0119dze Boga, nawet je\u015bli przedstawiano Go na krzy\u017cu, to nie cierpi\u0105cego, lecz triumfuj\u0105cego. Wielkim prze\u017cyciem dla Europejczyk\u00f3w okaza\u0142o si\u0119 poznanie miejsc M\u0119ki Pa\u0144skiej podczas wypraw krzy\u017cowych. Dwa pos\u0142uguj\u0105ce ludziom w miastach nowo utworzone zakony \u2013 franciszkanie<br>i dominikanie, zacz\u0119li w\u00f3wczas organizowa\u0107 tzw. nabo\u017ce\u0144stwa upadk\u00f3w Jezusa. <strong>Kiedy franciszkanie, w I po\u0142owie XIV wieku, przej\u0119li opiek\u0119 nad sanktuariami jerozolimskimi rozwin\u0105\u0142 si\u0119 kult &#8222;dr\u00f3g&#8221;, czyli przej\u015bcia Chrystusa z pretorium Pi\u0142ata, gdzie zapad\u0142 wyrok, na Golgot\u0119, gdzie zosta\u0142 wykonany. <\/strong>Z po\u0142\u0105czenia tych dw\u00f3ch nabo\u017ce\u0144stw powsta\u0142y stacje Drogi Krzy\u017cowej. Nazw\u0119 wprowadzi\u0142 w 1458 roku W. Wey.<\/p>\n\n\n\n<p>Nabo\u017ce\u0144stwo Drogi Krzy\u017cowej z czasem zyskiwa\u0142o coraz wi\u0119ksz\u0105 popularno\u015b\u0107. Wielkimi jego propagatorami byli franciszkanie. Erygowanie tego nabo\u017ce\u0144stwa w konwentach Braci Mniejszych zosta\u0142o odg\u00f3rnie zalecone przez kapitu\u0142\u0119 generaln\u0105 z 1688 roku. Dalszy rozw\u00f3j przynios\u0142o przyznanie przez Innocentego XI i Benedykta XIV odpust\u00f3w praktyce odprawiania jerozolimskiej Drogi Krzy\u017cowej. W roku 1859 Pius IX przyzna\u0142 odpust zupe\u0142ny za ka\u017cdorazowe odprawienie Drogi Krzy\u017cowej. Nabo\u017ce\u0144stwo by\u0142o powszechnie odprawiane w pi\u0105tki wielkopostne, a towarzyszy\u0142o mu \u015bpiewanie specjalnych pie\u015bni pasyjnych. <strong>W Polsce nabo\u017ce\u0144stwo Drogi Krzy\u017cowej pojawi\u0142o si\u0119 w XVI w.<\/strong><\/p>\n\n\n\n<p><strong>Odwiedzanie Ziemi \u015awi\u0119tej przez wielu pielgrzym\u00f3w sprawia\u0142o, \u017ce po powrocie do domu starali si\u0119 o stworzenie namiastki Jerozolimy, by \u0142atwiej odczu\u0107 to, co prze\u017cywali w miejscu M\u0119ki Zbawiciela.<\/strong> Pocz\u0105wszy od XV wieku w ca\u0142ej Europie wznoszono wi\u0119c budowle przypominaj\u0105ce jerozolimskie. Zespo\u0142y tych budowli zacz\u0119to nazywa\u0107 kalwariami.<\/p>\n\n\n\n<p>Pierwsza kalwaria zosta\u0142a zbudowana w latach 1405-1420 w Hiszpanii. Za\u0142o\u017cy\u0142 j\u0105 dominikanin b\u0142. Alvaro z Kordoby. Pocz\u0105tkowo liczba stacji by\u0142a nieokre\u015blona, z czasem jednak ustali\u0142 si\u0119 sta\u0142y ich uk\u0142ad \u2013 oparty na 14 stacjach Drogi Krzy\u017cowej. <strong>Pierwsza kalwaria w Polsce powsta\u0142a w Zebrzydowicach dzi\u0119ki wojewodzie krakowskiemu Miko\u0142ajowi Zebrzydowskiemu, na prze\u0142omie XVI i XVII wieku.<\/strong> W 1600 roku sprowadzono do Zebrzydowic Bernardyn\u00f3w, kt\u00f3rzy obj\u0119li opiek\u0119 nad sanktuarium.<\/p>\n\n\n\n<p>Nabo\u017ce\u0144stwo Drogi Krzy\u017cowej ma niezwykle g\u0142\u0119bok\u0105 tre\u015b\u0107 teologiczn\u0105. Nale\u017cy zacz\u0105\u0107 od tego, \u017ce jest ona cennym uzupe\u0142nieniem i \u015brodkiem prowadz\u0105cym do tajemnicy zbawienia uobecnianej w Eucharystii. Podczas Drogi Krzy\u017cowej rozwa\u017camy 14 stacji, z\u00a0kt\u00f3rych ka\u017cda zwi\u0105zana jest z\u00a0tym, co Pan Jezus musia\u0142 przecierpie\u0107 dla naszego zbawienia. <strong>W\u00a0pierwszej i\u00a0drugiej stacji Jezus przyjmuje wyrok \u015bmierci, krzy\u017c i\u00a0dobrowolnie si\u0119 za nas ofiaruje. R\u00f3wnie\u017c ka\u017cda Msza \u015bw.\u00a0jest bezkrwaw\u0105 Ofiar\u0105, w\u00a0kt\u00f3rej Jezus Chrystus ofiaruje si\u0119 Ojcu Swemu Niebieskiemu przez r\u0119ce kap\u0142ana na o\u0142tarzu.<\/strong> <strong>Msza \u015bwi\u0119ta jest zatem uobecnieniem ofiary Jezusa na krzy\u017cu. Kiedy podczas Drogi Krzy\u017cowej chrze\u015bcijanie, wchodz\u0105 w tajemnic\u0119 m\u0119ki Zbawiciela, s\u0105 w rzeczywisto\u015bci bardzo blisko postawy eucharystycznej, w kt\u00f3rej uczestnictwo ma polega\u0107 na tym by wraz z Jezusem ofiarowa\u0107 ca\u0142e swoje \u017cycie Bogu. Rozwa\u017canie wyniszczenia Pana podczas Jego drogi na Kalwari\u0119 uczy chrze\u015bcijanina gotowo\u015bci uczestnictwa w ofierze Chrystusa<\/strong> oraz prze\u017cycia ca\u0142ej prawdy o Jego sakramentalnej obecno\u015bci w Eucharystii. <strong>Duch tego nabo\u017ce\u0144stwa stawia przed wierz\u0105cym wym\u00f3g decyzji post\u0119powania ka\u017cdego dnia za Chrystusem drog\u0105 samozaparcia i mi\u0142o\u015bci, niesienia krzy\u017ca \u017cyciowych zada\u0144 i do\u015bwiadcze\u0144<\/strong>. Co wi\u0119cej, poprzez wej\u015bcie w rozwa\u017canie m\u0119ki Jezusa, nabiera sensu ka\u017cde nasze cierpienie. Jest ono nastawione na to, by zjednoczy\u0107 si\u0119 z m\u0119k\u0105 Chrystusa i zaj\u0105\u0107 uprzywilejowane miejsce w darze odkupienia. W ten spos\u00f3b ludzkie cierpienie podj\u0119te z mi\u0142o\u015bci do Boga zostaje w\u0142\u0105czone przez Boga w plan zbawienia \u015bwiata. Odkrycie autentycznej warto\u015bci chrze\u015bcija\u0144skiego krzy\u017ca jest mo\u017cliwe tylko w kontek\u015bcie duchowo\u015bci na\u015bladowania ukrzy\u017cowanego Chrystusa.<\/p>\n\n\n\n<p><\/p>\n\n\n\n<figure class=\"wp-block-image\"><a href=\"http:\/\/rafalk-elblag.pl\/wp-content\/uploads\/2021\/08\/ogloszenia-parafialne-baner-01a.jpg\"><img loading=\"lazy\" decoding=\"async\" width=\"720\" height=\"232\" src=\"http:\/\/rafalk-elblag.pl\/wp-content\/uploads\/2021\/08\/ogloszenia-parafialne-baner-01a.jpg\" alt=\"\" class=\"wp-image-4410\" srcset=\"https:\/\/rafalk-elblag.pl\/wp-content\/uploads\/2021\/08\/ogloszenia-parafialne-baner-01a.jpg 720w, https:\/\/rafalk-elblag.pl\/wp-content\/uploads\/2021\/08\/ogloszenia-parafialne-baner-01a-300x97.jpg 300w\" sizes=\"auto, (max-width: 720px) 100vw, 720px\" \/><\/a><\/figure>\n\n\n\n<h1 class=\"wp-block-heading\">Og\u0142oszenia parafialne 05.03.2023r<\/h1>\n\n\n\n<ol class=\"wp-block-list\"><li><strong>Zapraszamy <\/strong>w ka\u017cd\u0105 Niedziel\u0119 WIELKIEGO POSTU<strong> na Adoracj\u0119 Naj\u015bwi\u0119tszego Sakramentu od godz. 16:00 do godz. 17:15<\/strong>. Masz mo\u017cliwo\u015b\u0107 spotkania si\u0119 z Jezusem w ciszy.<strong> PRZYJD\u0179 !!!<\/strong><\/li><li>Ofiary sk\u0142adane dzisiaj na tac\u0119 przeznaczone s\u0105 na uregulowanie rachunku za ogrzewanie Ko\u015bcio\u0142a. <em>Dzi\u0119kuj\u0119 za zrozumienie i z\u0142o\u017cone ofiary.<\/em><\/li><li>Wykorzystajmy czas WIELKIEGO POSTU dla naszego wzrostu duchowego poprzez gorliwy i owocny udzia\u0142u w Liturgii Wielkopostnej i w Nabo\u017ce\u0144stwach Pokutnych<strong>. Zapraszamy<br>w ka\u017cd\u0105 niedziel\u0119 o godz. 17:15 na Gorzkie \u017bale z kazaniem pasyjnym, a ka\u017cdy pi\u0105tek Wielkiego Postu na Drog\u0119 Krzy\u017cow\u0105:<\/strong><em> o godz. 16:30 dla dzieci; o godz. 17:15 dla doros\u0142ych oraz o godz. 19:00 dla m\u0142odzie\u017cy.<\/em><\/li><\/ol>\n\n\n\n<p><strong>PAMI\u0118TAJMY, \u017ce Wielki Post jest tak zwanym \u201eczasem zakazanym\u201d dla wszelkich hucznych wesel, zabaw i dyskotek !!!<\/strong><\/p>\n\n\n\n<ol class=\"wp-block-list\" start=\"4\"><li>W Wielkim Po\u015bcie zapraszamy parafian w ka\u017cd\u0105 niedziel\u0119<strong> o godz. 7:40 na \u015bpiewanie GODZINEK KU CZCI M\u0118KI PA\u0143SKIEJ.<\/strong><\/li><li><em><strong>Wa\u017cne jest, <\/strong>aby\u015bmy na nowo odkryli warto\u015b\u0107 okresowych lub sta\u0142ych przyrzecze\u0144 abstynenckich. Dajmy \u015bwiadectwo poprzez wpisanie swojej decyzji do <strong>PARAFIALNEJ KSI\u0118GI TRZE\u0179WO\u015aCI<\/strong> wy\u0142o\u017conej na stoliku przed obrazem Matki Bo\u017cej Nieustaj\u0105cej Pomocy \u2013 pod ch\u00f3rem.<\/em><\/li><li><strong>Z okazji Dnia Kobiet<\/strong> wszystkim paniom sk\u0142adamy najserdeczniejsze \u017cyczenia wielu \u0142ask Bo\u017cych oraz opieki Matki Naj\u015bwi\u0119tszej. <em>Niech ten dzie\u0144 b\u0119dzie wyrazem wdzi\u0119czno\u015bci za wielk\u0105 mi\u0142o\u015b\u0107 i dobro\u0107, jak\u0105 wnosz\u0105 w nasze rodziny niewiasty.<\/em><\/li><li><strong>Marzec to miesi\u0105c po\u015bwi\u0119cony \u015aWI\u0118TEMU J\u00d3ZEFOWI &#8211; PATRONOWI KO\u015aCIO\u0141A POWSZECHNEGO. Od 10 marca (pi\u0105tek) zapraszamy do udzia\u0142u w NOWENNIE do \u015bw. J\u00f3zefa odmawianej podczas Mszy \u015bw. wieczorowej. <\/strong><em>Wsp\u00f3lnie pro\u015bmy, by \u015bw. J\u00f3zef wyjedna\u0142 \u015bwiatu pok\u00f3j a ka\u017cdemu, potrzebne \u0142aski i si\u0142y do wype\u0142niania swoich obowi\u0105zk\u00f3w zawodowych, domowych i rodzinnych.<\/em><\/li><li><strong>KORZYSTAJMY <\/strong>z Sakramentu Pokuty<em><u> \u2013 mamy tak\u0105 mo\u017cliwo\u015b\u0107, codziennie przed Msz\u0105 \u015bw. od godz. 7:45 lub od godz.17:30.<\/u><\/em><\/li><li><strong>Kancelaria Parafialna <\/strong>czynna w \u015brody od 16:00 do 17:30 oraz w pi\u0105tki po Mszy wieczorowej do godz. 19:30. <em>Zapraszamy.<\/em><\/li><li><strong>Tegoroczne Rekolekcje Wielkopostne dla wszystkich rozpoczn\u0105 si\u0119 w IV Niedziel\u0119 Wielkiego Postu tj. 19 marca br.<\/strong> Poprowadzi je Ojciec Miros\u0142aw DAWLEWICZ \u2013 Redemptorysta. Przypominamy, \u017ce w poniedzia\u0142ek, wtorek i w \u015brod\u0119 Msze \u015awi\u0119te z naukami dla doros\u0142ych o<strong> godz. 8:00, 11:00, 18:00, 20:00.<\/strong> <em>Uczy\u0144my wszystko, aby wzi\u0105\u0107 w nich udzia\u0142. Pro\u015bmy o potrzebne dary Ducha \u015awi\u0119tego dla ksi\u0119dza Rekolekcjonisty i dla nas, by\u015bmy byli otwarci na g\u0142oszone S\u0142owo.<\/em><\/li><li>Zach\u0119camy do wyjazdu 25 marca br. (sobota)do<strong> G\u00d3RKI KLASZTORNEJ<\/strong> na<strong> MISTERIUM M\u0118KI PA\u0143SKIEJ. Koszt 100 z\u0142. (autokar i ubezpieczenie).<\/strong><\/li><\/ol>\n\n\n\n<p><\/p>\n\n\n\n<figure class=\"wp-block-image\"><img decoding=\"async\" src=\"http:\/\/rafalk-elblag.pl\/wp-content\/uploads\/2020\/04\/baner-intencje-mszy.jpg\" alt=\"\"\/><\/figure>\n\n\n\n<h1 class=\"wp-block-heading\">Intencje mszalne 05.03.2023r<br><\/h1>\n\n\n\n<p><strong>PONIEDZIA\u0141EK \/ 6 marca 2023 r.<\/strong><br>\u0141k 6, 36-38<br>8.00 \u015bp. Ewa Prusak (4 greg.)<br>18.00 \u015bp. Stanis\u0142aw i Stefania, Czes\u0142aw Mazuro<br>18.00 \u015bp. J\u00f3zef Druszkowski (25 rocznica \u015bmierci)<\/p>\n\n\n\n<p><strong>WTOREK \/ 7 marca 2023 r.<\/strong><br>Mt 23, 1-12<br>8.00 Za dusze w czy\u015b\u0107cu cierpi\u0105ce<br>18.00 \u015bp. Ewa Prusak (5 greg.)<br>18.00 \u015bp. Jadwiga Laskowska (w 30 dzie\u0144 po pogrzebie)<\/p>\n\n\n\n<p><strong>\u015aRODA \/ 8 marca 2023 r.<\/strong><br>Mt 20, 17-28<br>8.00 \u015bp. Ewa Prusak (6 greg.)<br>18.00 O Bo\u017ce b\u0142., \u0142ask\u0119 zdrowia i opiek\u0119 Matki Bo\u017cej dla Romana<br>18.00 Dzi\u0119kczynna za otrzymane \u0142aski w roku 2022, z pro\u015bb\u0105 o dalsz\u0105 opiek\u0119 i Bo\u017ce b\u0142. w bie\u017c\u0105cym roku dla rodziny Karmowskich, a szczeg\u00f3lnie w dniu urodzin dla Julii Karmowskiej<\/p>\n\n\n\n<p><strong>CZWARTEK \/ 9 marca 2023 r.<\/strong><br>\u0141k 16, 19-31<br>8.00 \u015bp. Wac\u0142aw Hryniewicki w 17 rocznic\u0119 \u015bmierci i zmar\u0142ych z rodziny Hryniewickich<br>18.00 \u015bp. Ewa Prusak (7 greg.)<br>18.00 \u015bp. Marianna Idzikowska (w 30 dzie\u0144 po pogrzebie)<\/p>\n\n\n\n<p><strong>PI\u0104TEK \/ 10 marca 2023 r.<\/strong><br>Mt 21, 33-43. 45-46<br>8.00 \u015bp. J\u00f3zef Potura\u0142a (w 30 dzie\u0144 po pogrzebie)<br>18.00 \u015bp. Ewa Prusak (8 greg.)<br>18.00 \u015bp. Irena Kali\u0144ska (w 3 rocznic\u0119 \u015bmierci) oraz zmarli: Marian, Waleria i Zbigniew Wojtczak<\/p>\n\n\n\n<p><strong>SOBOTA \/ 11 marca 2023 r.<\/strong><br>\u0141k 15, 1-3.11-32<br>8.00 \u015bp. Ewa Prusak (9 greg.)<br>18.00 O Bo\u017ce b\u0142. dla Kai, Wojtka i ich rodzic\u00f3w<br>18.00 \u015bp. Wiktor Idzikowski (w dniu urodzin)<\/p>\n\n\n\n<p><strong>III NIEDZIELA WIELKIEGO POSTU<\/strong><br>12 marca 2023 r.<br>J 4, 5-42<br>8.00 \u015bp. Bronis\u0142awa [k], Stanis\u0142aw, Maria, Stanis\u0142awa [k], Edward, Wojciech, zmarli z rodziny Wala, Teresa Pigo\u0144<br>8.00 \u015bp. Ewa Prusak (10 greg.)<br>10.00 O \u017cywe dzia\u0142anie Ducha \u015awi\u0119tego w codzienno\u015bci dla Nikodema i jego rodziny, Agnieszki i ca\u0142ej rodziny zakonnej oraz Magdaleny i jej rodziny<br>12.00 W intencji Parafian<br>15.00 \u015bp. Kazimierz Standarski (w 4 rocznic\u0119 \u015bmierci)<br>18.00 \u015bp. Stanis\u0142awa [k] D\u0105browska (w 2 rocznic\u0119 \u015bmierci)<\/p>\n","protected":false},"excerpt":{"rendered":"<p>Ewangelia (Mt 17, 1-9) Czysto\u015b\u0107 duszy zapewnia ogl\u0105danie chwa\u0142y Boga S\u0142owa Ewangelii wed\u0142ug \u015awi\u0119tego Mateusza Jezus wzi\u0105\u0142 z sob\u0105 Piotra, Jakuba oraz brata jego, Jana, i zaprowadzi\u0142 ich na g\u00f3r\u0119 wysok\u0105, osobno. Tam przemieni\u0142 si\u0119 wobec nich: twarz Jego zaja\u015bnia\u0142a jak s\u0142o\u0144ce, odzienie za\u015b sta\u0142o si\u0119 bia\u0142e jak \u015bwiat\u0142o. A oto ukazali si\u0119 im Moj\u017cesz [&hellip;]<\/p>\n","protected":false},"author":1,"featured_media":4917,"comment_status":"closed","ping_status":"closed","sticky":false,"template":"","format":"standard","meta":{"ngg_post_thumbnail":0,"footnotes":""},"categories":[11,8,4,3],"tags":[],"class_list":["post-4916","post","type-post","status-publish","format-standard","has-post-thumbnail","hentry","category-aktualnosci","category-blog","category-intencje","category-ogloszenia"],"_links":{"self":[{"href":"https:\/\/rafalk-elblag.pl\/index.php?rest_route=\/wp\/v2\/posts\/4916","targetHints":{"allow":["GET"]}}],"collection":[{"href":"https:\/\/rafalk-elblag.pl\/index.php?rest_route=\/wp\/v2\/posts"}],"about":[{"href":"https:\/\/rafalk-elblag.pl\/index.php?rest_route=\/wp\/v2\/types\/post"}],"author":[{"embeddable":true,"href":"https:\/\/rafalk-elblag.pl\/index.php?rest_route=\/wp\/v2\/users\/1"}],"replies":[{"embeddable":true,"href":"https:\/\/rafalk-elblag.pl\/index.php?rest_route=%2Fwp%2Fv2%2Fcomments&post=4916"}],"version-history":[{"count":1,"href":"https:\/\/rafalk-elblag.pl\/index.php?rest_route=\/wp\/v2\/posts\/4916\/revisions"}],"predecessor-version":[{"id":4918,"href":"https:\/\/rafalk-elblag.pl\/index.php?rest_route=\/wp\/v2\/posts\/4916\/revisions\/4918"}],"wp:featuredmedia":[{"embeddable":true,"href":"https:\/\/rafalk-elblag.pl\/index.php?rest_route=\/wp\/v2\/media\/4917"}],"wp:attachment":[{"href":"https:\/\/rafalk-elblag.pl\/index.php?rest_route=%2Fwp%2Fv2%2Fmedia&parent=4916"}],"wp:term":[{"taxonomy":"category","embeddable":true,"href":"https:\/\/rafalk-elblag.pl\/index.php?rest_route=%2Fwp%2Fv2%2Fcategories&post=4916"},{"taxonomy":"post_tag","embeddable":true,"href":"https:\/\/rafalk-elblag.pl\/index.php?rest_route=%2Fwp%2Fv2%2Ftags&post=4916"}],"curies":[{"name":"wp","href":"https:\/\/api.w.org\/{rel}","templated":true}]}}