{"id":4912,"date":"2023-02-26T11:07:00","date_gmt":"2023-02-26T11:07:00","guid":{"rendered":"http:\/\/rafalk-elblag.pl\/?p=4912"},"modified":"2023-02-27T11:29:30","modified_gmt":"2023-02-27T11:29:30","slug":"ogloszenia-26-02-2023-i-niedziela-wielkiego-postu","status":"publish","type":"post","link":"https:\/\/rafalk-elblag.pl\/?p=4912","title":{"rendered":"Og\u0142oszenia 26.02.2023, I Niedziela Wielkiego Postu"},"content":{"rendered":"\n<figure class=\"wp-block-embed is-type-video is-provider-youtube wp-block-embed-youtube wp-embed-aspect-16-9 wp-has-aspect-ratio\"><div class=\"wp-block-embed__wrapper\">\n<iframe loading=\"lazy\" title=\"Abp Ry\u015b: odpowiedzi\u0105 Jezusa na pokusy jest Golgota | I Niedziela Wielkiego Postu | \u0141\u00f3d\u017a 2020\" width=\"900\" height=\"506\" src=\"https:\/\/www.youtube.com\/embed\/J_1iKbiDsjQ?feature=oembed\" frameborder=\"0\" allow=\"accelerometer; autoplay; clipboard-write; encrypted-media; gyroscope; picture-in-picture; web-share\" allowfullscreen><\/iframe>\n<\/div><\/figure>\n\n\n\n<h1 class=\"wp-block-heading\">Ewangelia (Mt 4, 1-11)\nJezus przez czterdzie\u015bci dni po\u015bci i jest kuszony\n<\/h1>\n\n\n\n<p>S\u0142owa Ewangelii wed\u0142ug \u015awi\u0119tego Mateusza<\/p>\n\n\n\n<p> \n\nDuch wyprowadzi\u0142 Jezusa na pustyni\u0119, aby by\u0142 kuszony przez diab\u0142a. A gdy po\u015bci\u0142 ju\u017c czterdzie\u015bci dni i czterdzie\u015bci nocy, poczu\u0142 w ko\u0144cu g\u0142\u00f3d.\n\nWtedy przyst\u0105pi\u0142 kusiciel i rzek\u0142 do Niego: \u00abJe\u015bli jeste\u015b Synem Bo\u017cym, powiedz, \u017ceby te kamienie sta\u0142y si\u0119 chlebem\u00bb.\n\nLecz On mu odpar\u0142: \u00abNapisane jest: \u201eNie samym chlebem \u017cyje cz\u0142owiek, ale ka\u017cdym s\u0142owem, kt\u00f3re pochodzi z ust Bo\u017cych\u201d\u00bb.\n\nWtedy wzi\u0105\u0142 Go diabe\u0142 do Miasta \u015awi\u0119tego, postawi\u0142 na szczycie naro\u017cnika \u015bwi\u0105tyni i rzek\u0142 Mu: \u00abJe\u015bli jeste\u015b Synem Bo\u017cym, rzu\u0107 si\u0119 w d\u00f3\u0142, napisane jest bowiem: \u201eAnio\u0142om swoim da rozkaz co do ciebie, a na r\u0119kach nosi\u0107 ci\u0119 b\u0119d\u0105, by\u015b przypadkiem nie urazi\u0142 swej nogi o kamie\u0144\u201d\u00bb.\n\nOdrzek\u0142 mu Jezus: \u00abAle napisane jest tak\u017ce: \u201eNie b\u0119dziesz wystawia\u0142 na pr\u00f3b\u0119 Pana, Boga swego\u201d\u00bb.\n\nJeszcze raz wzi\u0105\u0142 Go diabe\u0142 na bardzo wysok\u0105 g\u00f3r\u0119, pokaza\u0142 Mu wszystkie kr\u00f3lestwa \u015bwiata oraz ich przepych i rzek\u0142 do Niego: \u00abDam Ci to wszystko, je\u015bli upadniesz i oddasz mi pok\u0142on\u00bb.\n\nNa to odrzek\u0142 mu Jezus: \u00abId\u017a precz, szatanie! Jest bowiem napisane: \u201ePanu, Bogu swemu, b\u0119dziesz oddawa\u0142 pok\u0142on i Jemu samemu s\u0142u\u017cy\u0107 b\u0119dziesz\u201d\u00bb.\n\nWtedy opu\u015bci\u0142 Go diabe\u0142, a oto przyst\u0105pili anio\u0142owie i us\u0142ugiwali Mu.<\/p>\n\n\n\n<h1 class=\"wp-block-heading\"><strong><strong><strong><strong><strong><strong><strong><strong><strong><strong><strong><strong><strong><strong><strong><strong><strong>Ja\u0142mu\u017cna Wielkopostna<\/strong><\/strong><\/strong><\/strong><\/strong><\/strong><\/strong><\/strong><\/strong><\/strong><\/strong><\/strong><\/strong><\/strong><\/strong><\/strong><\/strong><\/h1>\n\n\n\n<p>Ja\u0142mu\u017cna Wielkopostna to akcja charytatywna organizowana przez Caritas Polska oraz Caritas diecezjalne. Celem akcji jest zwr\u00f3cenie uwagi spo\u0142ecznej na los os\u00f3b chorych i starszych oraz konkretna pomoc na ich rzecz. To tak\u017ce szczeg\u00f3lne wezwanie do zainteresowania potrzebuj\u0105cymi, b\u0119d\u0105cymi tu\u017c obok nas, kt\u00f3rych w nat\u0142oku codziennych spraw, tak cz\u0119sto nie zauwa\u017camy.<\/p>\n\n\n\n<p>Tegorocznej akcji towarzyszy has\u0142o \u201cCzas Mi\u0142osierdzia\u201d, kt\u00f3re ma przypomina\u0107, \u017ce Wielki Post oraz nast\u0119puj\u0105cy po nim Tydzie\u0144 Mi\u0142osierdzia to szczeg\u00f3lny okres w roku dla wszystkich chrze\u015bcijan. To czas, w kt\u00f3rym szczeg\u00f3lnie wa\u017cne jest dzielenie si\u0119 sob\u0105 z innymi i dzielenie si\u0119 tym, co mamy zgodnie z zasad\u0105, \u017ce prawdziw\u0105 warto\u015b\u0107 cz\u0142owieka okre\u015bla nie to, ile posiada, ale to, co mo\u017ce da\u0107.<\/p>\n\n\n\n<p>Akcja ma charakter wychowawczy: uczy mi\u0142o\u015bci bli\u017aniego, kt\u00f3ra kosztuje \u2013 najcz\u0119\u015bciej chodzi o dar materialny, ale te\u017c o czas po\u015bwi\u0119cony bli\u017aniemu, okazane wsparcie duchowe i kochaj\u0105c\u0105 obecno\u015b\u0107. Poprzez ma\u0142\u0105 ofiar\u0119 mo\u017cemy pom\u00f3c starszym osobom, kt\u00f3re znajduj\u0105 si\u0119 w trudnej sytuacji \u017cyciowej.<\/p>\n\n\n\n<p>Ja\u0142mu\u017cna jest&nbsp;dobrowolnym aktem mi\u0142osierdzia wobec drugiego cz\u0142owieka<strong>.<\/strong> Ko\u015bci\u00f3\u0142 w okresie Wielkiego Postu, obok postu i modlitwy, zach\u0119ca szczeg\u00f3lnie do ja\u0142mu\u017cny, jako \u201eformy pokuty wewn\u0119trznej\u201d. Ja\u0142mu\u017cna nie mo\u017ce by\u0107 pozbyciem si\u0119 tego, co zb\u0119dne, ale wyrzeczeniem d\u00f3br, kt\u00f3re tak naprawd\u0119 nie nale\u017c\u0105 do nas. Wszystko jest darem. Nie chodzi jednak jedynie o wymiar materialny, ale przede wszystkim o aspekt duchowy ofiarowanych dar\u00f3w, by da\u0107 co\u015b z siebie drugiemu cz\u0142owiekowi. Dobre uczynki powinny by\u0107 sprawowane w duchu bezinteresownej mi\u0142o\u015bci&nbsp;<br>i szczero\u015bci intencji, kt\u00f3re mo\u017ce oceni\u0107 tylko B\u00f3g, jako jedyny znaj\u0105cy serce cz\u0142owieka.<\/p>\n\n\n\n<p>Ju\u017c w Starym Testamencie ja\u0142mu\u017cna oznacza\u0142a gest dobroci cz\u0142owieka wzgl\u0119dem jego brata jako na\u015bladowanie czyn\u00f3w Boga, kt\u00f3ry pierwszy okaza\u0142 dobro\u0107 cz\u0142owiekowi.<\/p>\n\n\n\n<p>Do dawania ja\u0142mu\u017cny zach\u0119ca Chrystus, gdy m\u00f3wi aby daj\u0105c ja\u0142mu\u017cn\u0119 nie wiedzia\u0142a lewa r\u0119ka co czyni prawa (\u0141k 6, 55). Czyn dobry w postaci ja\u0142mu\u017cny ma by\u0107 ca\u0142kowicie bezinteresowny i znany jedynie Bogu. Wa\u017cna jest tak\u017ce nie tyle ilo\u015b\u0107 czy wielko\u015b\u0107 z\u0142o\u017conego daru, ile raczej wewn\u0119trzne nastawienie daj\u0105cego, czyli jego intencja. Potwierdza to sam Chrystus, kiedy chwali grosz wrzucony do skarbonki przez ubog\u0105 wdow\u0119 (por. \u0141k 4, 25). Warto\u015b\u0107 ja\u0142mu\u017cny jest jeszcze wi\u0119ksza, je\u015bli dawana jest nie z tego, co zbywa, lecz z tego, co niezb\u0119dne, oraz je\u015bli \u015bwiadczona jest ch\u0119tnie, gdy\u017c radosnego dawc\u0119 mi\u0142uje B\u00f3g (2 Kor 6, 10). Scena s\u0105du ostatecznego jest przestrog\u0105 dla tych, kt\u00f3rzy nie byli wra\u017cliwi na potrzeby bli\u017anich. Biednego nakarmi\u0107, nagiego przyodzia\u0107, podr\u00f3\u017cnego ugo\u015bci\u0107, chorego i wi\u0119\u017ania odwiedzi\u0107 jest r\u00f3wnoznaczne z uczynieniem tego samego Chrystusowi (por. Mt 25, 35-46).<\/p>\n\n\n\n<p>Chrystus zapewnia, \u017ce biednych zawsze b\u0119dziemy mie\u0107 u siebie. \u017bycie codzienne daje a\u017c nadto wiele przyk\u0142ad\u00f3w potwierdzaj\u0105cych t\u0119 prawd\u0119. Chrze\u015bcija\u0144skie prze\u017cywanie ja\u0142mu\u017cny &#8211; to dar z siebie dla drugiego cz\u0142owieka w potrzebie. Dajemy ja\u0142mu\u017cn\u0119 nie po to, by sobie dokuczy\u0107, by ograniczy\u0107 swoj\u0105 wolno\u015b\u0107, lecz po to, aby pom\u00f3c drugiemu cz\u0142owiekowi! Rezygnacja z rzeczy niekoniecznych, zw\u0142aszcza w okresie Wielkiego Postu, s\u0142u\u017cy wi\u0119kszemu dobru, jakim jest pomoc cz\u0142owiekowi potrzebuj\u0105cemu. Jest to praktyczna realizacja przykazania mi\u0142o\u015bci bli\u017aniego, o kt\u00f3rym tak wiele naucza\u0142 Chrystus. Szczytowy wymiar tej nauki znajdujemy w ofierze Jezusa na krzy\u017cu. To w\u0142a\u015bnie zapatrzenie w Krzy\u017c Chrystusa w okresie Wielkiego Postu i w ka\u017cdy pi\u0105tek roku staje si\u0119 dla cz\u0142owieka wierz\u0105cego wezwaniem do postu i ja\u0142mu\u017cny.<\/p>\n\n\n\n<p>Troska o sprawiedliwo\u015b\u0107 oraz hojno\u015b\u0107 w dawaniu ubogim od wiek\u00f3w uznawana by\u0142a w Ko\u015bciele nie tylko za akt pokutny, ale za&nbsp;ubogacenie tego, kto tej ja\u0142mu\u017cny udziela, gdy\u017c pozwala\u0142a nabra\u0107 dystansu do posiadanych d\u00f3br oraz u\u015bwiadamia\u0142a, \u017ce wszystko to, co cz\u0142owiek posiada jest darem od Boga.<\/p>\n\n\n\n<p>Jedyne, na co mo\u017cemy liczy\u0107 podczas dawania ja\u0142mu\u017cny, to uznanie<br>w oczach Boga. Tylko On mo\u00ad\u017ce nas sprawiedliwie wynagrodzi\u0107. Nie nale\u017cy jed\u00adnak oczekiwa\u0107, \u017ce Pan B\u00f3g odda nam r\u00f3wnowar\u00adto\u015b\u0107 naszej darowizny. Pieni\u0105dze nie s\u0105 naturaln\u0105 zap\u0142at\u0105 za dar mi\u0142o\u015bci. B\u00f3g jest w stanie odp\u0142aci\u0107 nam o wiele hojniej.<\/p>\n\n\n\n<p><\/p>\n\n\n\n<figure class=\"wp-block-image\"><a href=\"http:\/\/rafalk-elblag.pl\/wp-content\/uploads\/2021\/08\/ogloszenia-parafialne-baner-01a.jpg\"><img loading=\"lazy\" decoding=\"async\" width=\"720\" height=\"232\" src=\"http:\/\/rafalk-elblag.pl\/wp-content\/uploads\/2021\/08\/ogloszenia-parafialne-baner-01a.jpg\" alt=\"\" class=\"wp-image-4410\" srcset=\"https:\/\/rafalk-elblag.pl\/wp-content\/uploads\/2021\/08\/ogloszenia-parafialne-baner-01a.jpg 720w, https:\/\/rafalk-elblag.pl\/wp-content\/uploads\/2021\/08\/ogloszenia-parafialne-baner-01a-300x97.jpg 300w\" sizes=\"auto, (max-width: 720px) 100vw, 720px\" \/><\/a><\/figure>\n\n\n\n<h1 class=\"wp-block-heading\">Og\u0142oszenia parafialne 26.02.2023r<\/h1>\n\n\n\n<ol class=\"wp-block-list\"><li><strong>Zapraszamy <\/strong>w ka\u017cd\u0105 Niedziel\u0119 WIELKIEGO POSTU<strong> na Adoracj\u0119 Naj\u015bwi\u0119tszego Sakramentu od godz. 16:00 do godz. 17:15<\/strong>. Masz mo\u017cliwo\u015b\u0107 spotkania si\u0119 z Jezusem w ciszy.<strong> PRZYJD\u0179 !!!<\/strong><\/li><\/ol>\n\n\n\n<p><strong>Zgodnie z pro\u015bba ks. Biskupa Elbl\u0105skiego b\u0119dziemy dzi\u015b modli\u0107 si\u0119 o sprawiedliwy pok\u00f3j dla UKRAINY. <\/strong><em><strong>Natomiast po ka\u017cdej Mszy \u015bw., b\u0119d\u0105 zbierane ofiary do puszek, kt\u00f3re za po\u015brednictwem Caritas przeka\u017cemy na pomoc ofiarom wojny.<\/strong><\/em><\/p>\n\n\n\n<ol class=\"wp-block-list\" start=\"2\"><li>Dzisiaj przy Biuletynie Parafialnym znajdziemy <strong>SKARBONK\u0118 <\/strong>na Ja\u0142mu\u017cn\u0119 Wielkopostn\u0105 2023. W ten spos\u00f3b w\u0142\u0105czamy si\u0119 w og\u00f3lnopolsk\u0105 akcj\u0119 <strong>\u201eCZAS MI\u0141OSIERDZIA\u201d.<\/strong> <em><u>Wi\u0119cej informacji o znaczeniu ja\u0142mu\u017cny i podj\u0119tej akcji znajduje si\u0119 w dzisiejszym Biuletynie. <\/u><\/em><em>Ja\u0142mu\u017cn\u0119 wielkopostn\u0105 przyniesiemy do ko\u015bcio\u0142a w Niedziel\u0119 Bo\u017cego Mi\u0142osierdzia (16.04.2023).<\/em><\/li><li><em><strong>Wa\u017cne jest, <\/strong><\/em><em>aby\u015bmy na nowo odkryli warto\u015b\u0107 okresowych lub sta\u0142ych przyrzecze\u0144 abstynenckich. Dajmy \u015bwiadectwo poprzez wpisanie swojej decyzji do <\/em><em><strong>PARAFIALNEJ KSI\u0118GI TRZE\u0179WO\u015aCI<\/strong><\/em><em> wy\u0142o\u017conej na stoliku przed obrazem Matki Bo\u017cej Nieustaj\u0105cej Pomocy \u2013 pod ch\u00f3rem.<\/em><\/li><li>Zapraszamy rodzic\u00f3w z dzie\u0107mi 2 marca (czwartek) o godz. 17:00 na <strong>DRZWI OTWARTE<\/strong> <strong>SZKO\u0141Y PODSTAWOWEJ nr 11<\/strong>, im. Kornela Makuszy\u0144skiego w Elbl\u0105gu.<\/li><li>W tym tygodniu przypada pierwszy czwartek, pi\u0105tek i sobota miesi\u0105ca.<\/li><\/ol>\n\n\n\n<ul class=\"wp-block-list\"><li><strong>w pierwszy czwartek (02.03.) <\/strong>zapraszamy do wsp\u00f3lnej modlitwy o nowe powo\u0142ania kap\u0142a\u0144skie i zakonne.<strong> Msza \u015bw. o godz. 18:00. Wyj\u0105tkowo ,,Godzina \u015awi\u0119ta\u201d<\/strong> czyli ADORACJA przed Naj\u015bwi\u0119tszym Sakramentem od godz. 17:00.<\/li><li><strong>w pierwszy pi\u0105tek (03.03.)<\/strong> spowied\u017a dla dzieci w tygodniu od godz. 17:30, oraz w pi\u0105tek od godz. 16:00. Droga Krzy\u017cowa dla dzieci o godz. 16:30, dla doros\u0142ych o godz. 17:15 a dla m\u0142odzie\u017cy o godz. 19:00.<\/li><li><strong>w pierwsz\u0105 sobot\u0119 (04.03.)<\/strong> przed Msz\u0105 \u015aw. o godz. 17:00 zapraszamy na nabo\u017ce\u0144stwo. <em>Tego dnia zmiana tajemnic dla \u017bywego R\u00f3\u017ca\u0144ca.<\/em><\/li><\/ul>\n\n\n\n<ol class=\"wp-block-list\" start=\"6\"><li>Z racji pierwszego pi\u0105tku ksi\u0105dz Proboszcz i ks. Sylwester udadz\u0105 si\u0119 do chorych 3 marca od godz. 9:30.<\/li><li><strong>IDZIEMY DO MULTIKINA &#8211; OGRODY <\/strong>na film:<strong> \u201eOPIEKUN\u201d<\/strong> \u2013 to wsp\u00f3\u0142czesna opowie\u015b\u0107 oparta na prawdziwych wydarzeniach. Bohaterami s\u0105 ludzie, w kt\u00f3rych \u017cycie zupe\u0142nie niespodziewanie wkroczy\u0142\u2026 \u015bw. J\u00f3zef. Szczeg\u00f3\u0142owy opis filmu mo\u017cna przeczyta\u0107 na stronie <a href=\"http:\/\/www.rafaelfilm.pl\/\">www.rafaelfilm.pl<\/a> Czas Wielkiego Postu sprzyja, by z wolnego czasu korzysta\u0107 w dobry spos\u00f3b, a seans OPIEKUN na pewno b\u0119dzie niezwyk\u0142ym prze\u017cyciem duchowym. <strong>Gor\u0105co zach\u0119camy do wsp\u00f3lnego wyj\u015bcia jako parafia do kina 28 lutego br. (wtorek) na godz. 19:30. Cena biletu 12 z\u0142.<\/strong> <em><u>Tradycyjnie p\u0142acimy przy wej\u015bciu do kina.<\/u><\/em><\/li><li><strong>W pi\u0105tek 24 lutego kleryk Amadeusz Babiel przyj\u0105\u0142 pos\u0142ug\u0119 akolitatu i mo\u017ce od teraz udziela\u0107 Komunii \u015bw.<\/strong><\/li><li><strong>KORZYSTAJMY <\/strong>z Sakramentu Pokuty<em><u> \u2013 mamy tak\u0105 mo\u017cliwo\u015b\u0107, codziennie przed Msz\u0105 \u015bw. od godz. 7:45 lub od godz.17:30.<\/u><\/em><\/li><li><strong>Kancelaria Parafialna <\/strong>czynna w \u015brody od 16:00 do 17:30 oraz w pi\u0105tki po Mszy wieczorowej do godz. 19:30. <em>Zapraszamy.<\/em><\/li><li><em><strong>Przypominamy o trwaj\u0105cych zapisach na pielgrzymki zaplanowane na rok 2023. <\/strong>Zapisy i wi\u0119cej informacji u ks. Proboszcza.<\/em><\/li><li>Ofiary sk\u0142adane za tydzie\u0144 na tac\u0119 przeznaczone b\u0119d\u0105 na uregulowanie rachunku za ogrzewanie Ko\u015bcio\u0142a. <em>Dzi\u0119kuj\u0119 za zrozumienie i z\u0142o\u017cone ofiary.<\/em><\/li><li>Zach\u0119cam do nabywania nowego numeru \u201eGo\u015bcia Niedzielnego\u201d <strong>z dodatkiem<\/strong> <strong>\u201eGo\u015bcia Elbl\u0105skiego\u201d<\/strong> <strong>w cenie 10 z\u0142.<\/strong><\/li><li>Pan powo\u0142a\u0142 do wieczno\u015bci: <br><strong>\u2020<\/strong> <strong>\u015bp. Adama OCHMA\u0143SKIEGO<\/strong> lat 70 z ul. Brzechwy<br><\/li><\/ol>\n\n\n\n<p><\/p>\n\n\n\n<figure class=\"wp-block-image\"><img decoding=\"async\" src=\"http:\/\/rafalk-elblag.pl\/wp-content\/uploads\/2020\/04\/baner-intencje-mszy.jpg\" alt=\"\"\/><\/figure>\n\n\n\n<h1 class=\"wp-block-heading\">Intencje mszalne 26.02.2023r<br><\/h1>\n\n\n\n<p><strong>PONIEDZIA\u0141EK \/ 27 lutego 2023 r.<\/strong><br>Mt 25, 31-46<br>8.00 \u015bp. Jan i Helena Tomaszewicz<br>18.00 \u015bp. Jan Kapciak, Jan Markiewicz<br>18.00 \u015bp. Janina Janta-Lipi\u0144ska (27 greg.)<\/p>\n\n\n\n<p><strong>WTOREK \/ 28 lutego 2023 r.<\/strong><br>Mt 6, 7-15<br>8.00 \u015bp. Janina Janta-Lipi\u0144ska (28 greg.)<br>18.00 \u015bp. Ryszard (1 rocznica \u015bmierci)<br>18.00 \u015bp. Kazimiera [k] i Franciszek Sienkiewicz<\/p>\n\n\n\n<p><strong>\u015aRODA \/ 1 marca 2023 r.<\/strong><br>\u0141k 11, 29-32<br>8.00 \u015bp. Janina Janta-Lipi\u0144ska (29 greg.)<br>18.00 \u015bp. Ryszard Klach (w 30 dzie\u0144 po pogrzebie)<br>18.00 Dzi\u0119kczynna za dar \u017cycia Grzegorza z okazji 18 urodzin, z pro\u015bb\u0105 o Bo\u017ce b\u0142. i prowadzenie<\/p>\n\n\n\n<p><strong>CZWARTEK \/ 2 marca 2023 r.<\/strong><br>Mt 7, 7-12<br>8.00 O Bo\u017ce b\u0142. i zdrowie dla Heleny Lenckowskiej<br>18.00 W intencji nowych powo\u0142a\u0144 kap\u0142a\u0144skich i zakonnych<br>18.00 \u015bp. Janina Janta-Lipi\u0144ska (30 greg.)<\/p>\n\n\n\n<p><strong>PI\u0104TEK \/ 3 marca 2023 r.<\/strong><br>Mt 5, 20-26<br>8.00 \u015bp. Ewa Prusak (1 greg.)<br>18.00 \u015bp. Pelagia (11 rocznica \u015bmierci) oraz za zmar\u0142ych z rodziny Herman, K\u0119dzierskich, Soleckich, Teresa Jakubkiewicz<br>18.00 \u015bp. Henryk, Robert, Waldemar i zmarli z rodziny<\/p>\n\n\n\n<p><strong>SOBOTA \/ 4 marca 2023 r.<\/strong><br>\u015bw. Kazimierza<br>J 15, 9-17<br>8.00 \u015bp. Ewa Prusak (2 greg.)<br>18.00 \u015bp. Wac\u0142aw G\u0105sior (40 rocznica \u015bmierci), brat Kazimierz (17 rocznica \u015bmierci)<br>18.00 \u015bp. Jadwiga Andryk (1 rocznica \u015bmierci), J\u00f3zef Andryk<\/p>\n\n\n\n<p><strong>II NIEDZIELA WIELKIEGO POSTU<br>5 marca 2023 r.<\/strong><br>Mt 17, 1-9<br>8.00 \u015bp. Ewa Prusak (3 greg.)<br>8.00 \u015bp. Bronis\u0142aw (w 22 rocznic\u0119 \u015bmierci), Wiktoria, Jan, Halina Szcz\u0119snych, Marta, Antoni, Tomasz Janiccy, Hermenegilga Molga<br>10.00 Dzi\u0119kczynna w 75 urodziny Aleksandra, z pro\u015bb\u0105 o Bo\u017ce b\u0142., zdrowie i potrzebne \u0142aski<br>12.00 W intencji Parafian<br>15.00 O do\u015bwiadczenie Bo\u017cej mi\u0142o\u015bci dla Karliny [k] i Sebastiana<br>18.00 \u015bp. Zygmunt Zdrojewski, Kazimiera [k] i J\u00f3zef oraz Jan Cywi\u0144scy i zmarli dziadkowie<\/p>\n","protected":false},"excerpt":{"rendered":"<p>Ewangelia (Mt 4, 1-11) Jezus przez czterdzie\u015bci dni po\u015bci i jest kuszony S\u0142owa Ewangelii wed\u0142ug \u015awi\u0119tego Mateusza Duch wyprowadzi\u0142 Jezusa na pustyni\u0119, aby by\u0142 kuszony przez diab\u0142a. A gdy po\u015bci\u0142 ju\u017c czterdzie\u015bci dni i czterdzie\u015bci nocy, poczu\u0142 w ko\u0144cu g\u0142\u00f3d. Wtedy przyst\u0105pi\u0142 kusiciel i rzek\u0142 do Niego: \u00abJe\u015bli jeste\u015b Synem Bo\u017cym, powiedz, \u017ceby te kamienie [&hellip;]<\/p>\n","protected":false},"author":1,"featured_media":4913,"comment_status":"closed","ping_status":"closed","sticky":false,"template":"","format":"standard","meta":{"ngg_post_thumbnail":0,"footnotes":""},"categories":[11,8,4,3],"tags":[],"class_list":["post-4912","post","type-post","status-publish","format-standard","has-post-thumbnail","hentry","category-aktualnosci","category-blog","category-intencje","category-ogloszenia"],"_links":{"self":[{"href":"https:\/\/rafalk-elblag.pl\/index.php?rest_route=\/wp\/v2\/posts\/4912","targetHints":{"allow":["GET"]}}],"collection":[{"href":"https:\/\/rafalk-elblag.pl\/index.php?rest_route=\/wp\/v2\/posts"}],"about":[{"href":"https:\/\/rafalk-elblag.pl\/index.php?rest_route=\/wp\/v2\/types\/post"}],"author":[{"embeddable":true,"href":"https:\/\/rafalk-elblag.pl\/index.php?rest_route=\/wp\/v2\/users\/1"}],"replies":[{"embeddable":true,"href":"https:\/\/rafalk-elblag.pl\/index.php?rest_route=%2Fwp%2Fv2%2Fcomments&post=4912"}],"version-history":[{"count":1,"href":"https:\/\/rafalk-elblag.pl\/index.php?rest_route=\/wp\/v2\/posts\/4912\/revisions"}],"predecessor-version":[{"id":4914,"href":"https:\/\/rafalk-elblag.pl\/index.php?rest_route=\/wp\/v2\/posts\/4912\/revisions\/4914"}],"wp:featuredmedia":[{"embeddable":true,"href":"https:\/\/rafalk-elblag.pl\/index.php?rest_route=\/wp\/v2\/media\/4913"}],"wp:attachment":[{"href":"https:\/\/rafalk-elblag.pl\/index.php?rest_route=%2Fwp%2Fv2%2Fmedia&parent=4912"}],"wp:term":[{"taxonomy":"category","embeddable":true,"href":"https:\/\/rafalk-elblag.pl\/index.php?rest_route=%2Fwp%2Fv2%2Fcategories&post=4912"},{"taxonomy":"post_tag","embeddable":true,"href":"https:\/\/rafalk-elblag.pl\/index.php?rest_route=%2Fwp%2Fv2%2Ftags&post=4912"}],"curies":[{"name":"wp","href":"https:\/\/api.w.org\/{rel}","templated":true}]}}