{"id":4908,"date":"2023-02-19T19:22:00","date_gmt":"2023-02-19T19:22:00","guid":{"rendered":"http:\/\/rafalk-elblag.pl\/?p=4908"},"modified":"2023-02-20T19:36:22","modified_gmt":"2023-02-20T19:36:22","slug":"ogloszenia-19-02-2023-vii-niedziela-zwykla","status":"publish","type":"post","link":"https:\/\/rafalk-elblag.pl\/?p=4908","title":{"rendered":"Og\u0142oszenia 19.02.2023, VII Niedziela Zwyk\u0142a"},"content":{"rendered":"\n<figure class=\"wp-block-embed is-type-video is-provider-youtube wp-block-embed-youtube wp-embed-aspect-16-9 wp-has-aspect-ratio\"><div class=\"wp-block-embed__wrapper\">\n<iframe loading=\"lazy\" title=\"Ks. Piotr Pawlukiewicz - Mi\u0142ujcie waszych nieprzyjaci\u00f3\u0142 \/VII Niedziela Zwyk\u0142a rok A\/\" width=\"900\" height=\"506\" src=\"https:\/\/www.youtube.com\/embed\/7rQ9M1MrhFo?feature=oembed\" frameborder=\"0\" allow=\"accelerometer; autoplay; clipboard-write; encrypted-media; gyroscope; picture-in-picture; web-share\" allowfullscreen><\/iframe>\n<\/div><\/figure>\n\n\n\n<h1 class=\"wp-block-heading\">Ewangelia (Mt 5, 38-48)\nPrzykazanie mi\u0142o\u015bci nieprzyjaci\u00f3\u0142\n<\/h1>\n\n\n\n<p>S\u0142owa Ewangelii wed\u0142ug \u015awi\u0119tego Mateusza<\/p>\n\n\n\n<p> \nJezus powiedzia\u0142 do swoich uczni\u00f3w:\n\n\u00abS\u0142yszeli\u015bcie, \u017ce powiedziano: \u201eOko za oko i z\u0105b za z\u0105b\u201d. A Ja wam powiadam: Nie stawiajcie oporu z\u0142emu: lecz je\u015bli ci\u0119 kto\u015b uderzy w prawy policzek, nadstaw mu i drugi. Temu, kto chce prawowa\u0107 si\u0119 z tob\u0105 i wzi\u0105\u0107 twoj\u0105 szat\u0119, odst\u0105p i p\u0142aszcz. Zmusza ci\u0119 kto\u015b, \u017ceby i\u015b\u0107 z nim tysi\u0105c krok\u00f3w, id\u017a dwa tysi\u0105ce. Daj temu, kto ci\u0119 prosi, i nie odwracaj si\u0119 od tego, kto chce po\u017cyczy\u0107 od ciebie.\n\nS\u0142yszeli\u015bcie, \u017ce powiedziano: \u201eB\u0119dziesz mi\u0142owa\u0142 swego bli\u017aniego\u201d, a nieprzyjaciela swego b\u0119dziesz nienawidzi\u0142.\n\nA Ja wam powiadam: Mi\u0142ujcie waszych nieprzyjaci\u00f3\u0142 i m\u00f3dlcie si\u0119 za tych, kt\u00f3rzy was prze\u015bladuj\u0105, aby\u015bcie si\u0119 stali synami Ojca waszego, kt\u00f3ry jest w niebie; poniewa\u017c On sprawia, \u017ce s\u0142o\u0144ce Jego wschodzi nad z\u0142ymi i nad dobrymi, i On zsy\u0142a deszcz na sprawiedliwych i niesprawiedliwych.\n\nJe\u015bli bowiem mi\u0142ujecie tych, kt\u00f3rzy was mi\u0142uj\u0105, c\u00f3\u017c za nagrod\u0119 mie\u0107 b\u0119dziecie? Czy\u017c i celnicy tego nie czyni\u0105? I je\u015bli pozdrawiacie tylko swych braci, c\u00f3\u017c szczeg\u00f3lnego czynicie? Czy\u017c i poganie tego nie czyni\u0105?\n\nB\u0105d\u017acie wi\u0119c wy doskonali, jak doskona\u0142y jest Ojciec wasz niebieski\u00bb.<\/p>\n\n\n\n<h1 class=\"wp-block-heading\"><strong><strong><strong><strong><strong><strong><strong><strong><strong><strong><strong><strong><strong><strong><strong><strong><strong>Tydzie\u0144 modlitw o trze\u017awo\u015b\u0107 narodu<\/strong><\/strong><\/strong><\/strong><\/strong><\/strong><\/strong><\/strong><\/strong><\/strong><\/strong><\/strong><\/strong><\/strong><\/strong><\/strong><\/strong><\/h1>\n\n\n\n<p><strong>W niedziel\u0119 19 lutego br. rozpocznie si\u0119 56. Tydzie\u0144 Modlitw o Trze\u017awo\u015b\u0107 Narodu pod has\u0142em \u201eKu trze\u017awo\u015bci z Ko\u015bcio\u0142em\u201d. Trwa\u0107 b\u0119dzie do soboty 25 lutego jako duchowe przygotowanie do owocnego prze\u017cycia Wielkiego Postu.<\/strong><\/p>\n\n\n\n<p>Bp Tadeusz Bronakowski, Przewodnicz\u0105cy Zespo\u0142u KEP ds. Apostolstwa Trze\u017awo\u015bci i Os\u00f3b Uzale\u017cnionych, przypomina, \u017ce \u201eta pi\u0119kna i jak\u017ce potrzebna inicjatywa zrodzi\u0142a si\u0119 w ubieg\u0142ym wieku z inicjatywy polskich biskup\u00f3w zatroskanych o stan moralny naszego narodu, pod przewodnictwem b\u0142. Kard. Stefana Wyszy\u0144skiego\u201d. Ten wielki aposto\u0142 zabiega\u0142 o trze\u017awo\u015b\u0107 narodu, sam daj\u0105c przyk\u0142ad \u015bwi\u0119tego, trze\u017awego \u017cycia, praktykuj\u0105c od dzieci\u0144stwa dobrowoln\u0105 abstynencj\u0119. Zach\u0119ca\u0142 wszystkich do gorliwej modlitwy w intencji otrze\u017awienia narodu, do dzia\u0142a\u0144 duszpasterskich i do sk\u0142adania Bogu przyrzecze\u0144 abstynenckich z motyw\u00f3w nadprzyrodzonych\u201d. Jako akt wynagrodzenia Bogu za grzechy nadu\u017cywania alkoholu pope\u0142niane w naszej Ojczy\u017anie, a zarazem jako pi\u0119kne \u015bwiadectwo radosnego, wolnego \u017cycia bez alkoholu.<\/p>\n\n\n\n<p>Cnota trze\u017awo\u015bci jest bardzo wa\u017cna. Ona pozwala w\u0142a\u015bciwie oceni\u0107 sytuacj\u0119 i znale\u017a\u0107 spos\u00f3b na rozwi\u0105zanie problem\u00f3w, na zmian\u0119 \u017cycia, tak aby by\u0142o zakorzenione w Bogu. W ksi\u0119dze Syracydesa w 2 rozdziale znajdujemy s\u0142owa, aby przylgn\u0105\u0107 do Boga, nie odst\u0119powa\u0107 Go, aby te\u017c przyj\u0105\u0107 wszystko, co na nas przychodzi i wytrwa\u0107 w wierze do ko\u0144ca. Mo\u017cna powiedzie\u0107, \u017ce te m\u0105dre rady cz\u0119sto s\u0105 lekcewa\u017cone we wsp\u00f3\u0142czesnym \u015bwiecie. \u0141atwiej jest si\u0119gn\u0105\u0107 po alkohol, narkotyki, czy uciec w \u015bwiat wirtualny, aby zapomnie\u0107<br>o utrapieniu, ni\u017c uporz\u0105dkowa\u0107 swoje wn\u0119trze i relacje z Bogiem, i z lud\u017ami. To drugie wymaga nie do\u015b\u0107, \u017ce wysi\u0142ku, to jeszcze pokory. Bo przecie\u017c trzeba uzna\u0107, \u017ce jest si\u0119 s\u0142abym, niewystarczalnym, grzesznym. Trzeba poprosi\u0107 o pomoc i zaufa\u0107 Bo\u017cemu Mi\u0142osierdziu, Jego Opatrzno\u015bci. Ale tylko ten drugi spos\u00f3b post\u0119powania przynosi pomy\u015blne rozwi\u0105zanie \u017cyciowych trudno\u015bci. Ucieczka w na\u0142ogi przynosi rozczarowanie, rozpacz i pomno\u017cenie problem\u00f3w.<\/p>\n\n\n\n<p>Ko\u015bci\u00f3\u0142 naucza, \u017ce wolno\u015b\u0107 cz\u0142owieka jest \u201eszczeg\u00f3lnym znakiem obrazu Bo\u017cego\u201d (Gaudium et spes, 17). Stw\u00f3rca obdarzy\u0142 nim swoje umi\u0142owane stworzenie \u2013 cz\u0142owieka, kt\u00f3ry od pocz\u0119cia jest przeznaczony do szcz\u0119\u015bcia wiecznego. Ten dar jednak musi zosta\u0107 dobrze wykorzystany. Wiemy, \u017ce ju\u017c w raju cz\u0142owiek \u017ale u\u017cy\u0142 wolno\u015bci s\u0142uchaj\u0105c podszeptu szatana. Uleg\u0142 pokusie i pope\u0142ni\u0142 z\u0142o. I chocia\u017c zachowuje pragnienie dobra, to jego natura nosi ran\u0119 grzechu pierworodnego. Cz\u0142owiek sta\u0142 si\u0119 sk\u0142onny do z\u0142a<br>i podatny na b\u0142\u0105d (Katechizm Ko\u015bcio\u0142a Katolickiego 1707). Pismo \u015awi\u0119te wzywa nas do dokonywania w swoim \u017cyciu dobrych wybor\u00f3w. Do wybierania \u017cycia i b\u0142ogos\u0142awie\u0144stwa, a nie \u015bmierci i przekle\u0144stwa. S\u0142owo Bo\u017ce od razu wyja\u015bnia, \u017ce jedynym sposobem jest mi\u0142owanie Boga, s\u0142uchanie Jego g\u0142osu i przylgni\u0119cie do Niego. Tylko tak post\u0119puj\u0105c b\u0119dziemy prawdziwie wolni. Zastan\u00f3wmy si\u0119, czy w swoim \u017cyciu stosujemy t\u0119 Bo\u017c\u0105 recept\u0119 na wolno\u015b\u0107 i szcz\u0119\u015bcie? Czy na serio traktujemy przestrog\u0119 Jezusa, \u017ce najwi\u0119kszym przegranym jest ten, kto na swej duszy szkod\u0119 poniesie? I cho\u0107by ca\u0142y \u015bwiat mia\u0142 u swoich st\u00f3p, to je\u015bli odrzuci Boga, odrzuci Jego mi\u0142osierdzie, b\u0119dzie najwi\u0119kszym bankrutem.<\/p>\n\n\n\n<p>O. Joachim Badeni, dominikanin, w ostatniej ksi\u0105\u017cce przed swoj\u0105 \u015bmierci\u0105 napisa\u0142 wa\u017cne s\u0142owa: \u201eGranic\u0105 mi\u0142osierdzia jest poniek\u0105d wolna wola ka\u017cdego z nas. Pan B\u00f3g nie wymusi na nikim swojego mi\u0142osierdzia. On je tylko proponuje. T\u0142umom, kt\u00f3re przybywaj\u0105 do \u0141agiewnik, proponuje si\u0119 spowied\u017a i mi\u0142osierdzie. A je\u015bli kto\u015b powie \u201enie\u201d, to B\u00f3g na nim niczego nie wymusi. Co b\u0119dzie w ostatniej minucie \u017cycia, tego nikt nie wie. Jedno jest pewne, gniew Bo\u017cy jest nieub\u0142agany, konkretny, straszliwy, a mi\u0142osierdzie Bo\u017ce jest bardzo \u0142agodne. Ludzie my\u015bl\u0105, \u017ce Pan B\u00f3g jest ca\u0142y czas taki sam, \u017ce nie ma gniewu Bo\u017cego, nie ma Bo\u017cej sprawiedliwo\u015bci, \u017ce jest tylko mi\u0142osierdzie. Bardzo si\u0119 myl\u0105\u201d. Niech refleksja nad tymi s\u0142owami pomo\u017ce nam dobrze wybiera\u0107 w swoim \u017cyciu. Uczy\u0144my wszystko, aby kroczy\u0107 drog\u0105 Bo\u017cych przykaza\u0144, aby na\u015bladowa\u0107 Zbawiciela w niesieniu krzy\u017ca. Pami\u0119tajmy w swoich modlitwach o wszystkich ochrzczonych, by trwali mocni w wierze i praktykowali cnoty, w tym cnot\u0119 trze\u017awo\u015bci. Musimy zdawa\u0107 sobie spraw\u0119, \u017ce nietrze\u017awo\u015b\u0107 jest sprzeniewierzeniem si\u0119 wolno\u015bci. M\u00f3dlmy si\u0119 gorliwie, aby chrze\u015bcijanie byli lud\u017ami dojrza\u0142ej wiary i prawdziwej wolno\u015bci, do kt\u00f3rej wyzwoli\u0142 nas Chrystus przez swoj\u0105 m\u0119k\u0119, \u015bmier\u0107 i zmartwychwstanie.<\/p>\n\n\n\n<p><\/p>\n\n\n\n<figure class=\"wp-block-image\"><a href=\"http:\/\/rafalk-elblag.pl\/wp-content\/uploads\/2021\/08\/ogloszenia-parafialne-baner-01a.jpg\"><img loading=\"lazy\" decoding=\"async\" width=\"720\" height=\"232\" src=\"http:\/\/rafalk-elblag.pl\/wp-content\/uploads\/2021\/08\/ogloszenia-parafialne-baner-01a.jpg\" alt=\"\" class=\"wp-image-4410\" srcset=\"https:\/\/rafalk-elblag.pl\/wp-content\/uploads\/2021\/08\/ogloszenia-parafialne-baner-01a.jpg 720w, https:\/\/rafalk-elblag.pl\/wp-content\/uploads\/2021\/08\/ogloszenia-parafialne-baner-01a-300x97.jpg 300w\" sizes=\"auto, (max-width: 720px) 100vw, 720px\" \/><\/a><\/figure>\n\n\n\n<h1 class=\"wp-block-heading\">Og\u0142oszenia parafialne 19.02.2023r<\/h1>\n\n\n\n<ol class=\"wp-block-list\"><li><strong>Wsp\u00f3lnota \u201e KANA GALILEJSKA\u201d przypomina o rozpocz\u0119tych Rekolekcjach Ewangelizacyjnych Odnowy tzw. REO.<\/strong> Jutro (20 lutego) kolejne spotkanie w salce na plebanii o godz. 18:00.<\/li><li>Spotkanie Apostolatu Bo\u017cego Mi\u0142osierdzia oraz Woluntariuszy Caritas odb\u0119dzie si\u0119 na plebanii za tydzie\u0144 po Mszy \u015bw. o godz. 15:00. <em>Obecno\u015b\u0107 wszystkich cz\u0142onk\u00f3w mile widziana.<\/em><\/li><li>Dzisiejsz\u0105 niedziel\u0105 rozpoczynamy TYDZIE\u0143 MODLITW O TRZE\u0179WO\u015a\u0106 NARODU pod has\u0142em <strong>\u201eKU TRZE\u0179WO\u015aCI Z KO\u015aCIO\u0141EM\u201d, <\/strong>kt\u00f3ry trwa\u0107 b\u0119dzie do soboty 25 lutego jako duchowe przygotowanie do owocnego prze\u017cycia Wielkiego Postu. Zach\u0119camy do podj\u0119cia modlitwy o trze\u017awo\u015b\u0107 w naszych rodzinach i udzia\u0142u w Drodze Krzy\u017cowej w pi\u0105tek 24 lutego o godz. 17:15. <em>Tydzie\u0144 Modlitw o Trze\u017awo\u015b\u0107 Narodu jest okazj\u0105 dla wsp\u00f3lnot parafialnych, aby zwi\u0119kszy\u0107 zaanga\u017cowanie cz\u0142onk\u00f3w w dzia\u0142ania abstynenckie i trze\u017awo\u015bciowe, jak r\u00f3wnie\u017c zach\u0119ci\u0107 wszystkich do codziennej troski o trze\u017awo\u015b\u0107 w swoich rodzinach. <strong>Wa\u017cne jest, aby na nowo odkry\u0107 warto\u015b\u0107 okresowych lub sta\u0142ych przyrzecze\u0144 abstynenckich i da\u0107 \u015bwiadectwo poprzez wpisanie tej decyzji do PARAFIALNEJ KSI\u0118GI TRZE\u0179WO\u015aCIwy\u0142o\u017conej na stoliku przed obrazem Matki Bo\u017cej Nieustaj\u0105cej Pomocy \u2013 pod ch\u00f3rem<\/strong><\/em><\/li><li><strong>Przypominamy \u017ce w naszej parafii dzia\u0142a Al\u2013Anon, kt\u00f3ry spotyka si\u0119 w ka\u017cdy czwartek o godz. 17:00 na plebanii<\/strong><em><strong>.<\/strong><\/em><\/li><li>Wyj\u0105tkowo we wtorek 21 lutego br. odb\u0119dzie si\u0119 spotkanie Kr\u0119gu Biblijnego o godz. 18:45 w salce na plebanii. <em>Ksi\u0105dz Sylwester serdecznie zaprasza.<\/em><\/li><li>Z dniem 22 lutego &#8211; <strong>\u015arod\u0105 Popielcow\u0105<\/strong> &#8211; rozpoczynamy WIELKI POST. Przed nami 40 dni przygotowania si\u0119 do Wielkiej Nocy. Zapraszamy w tym dniu na Msze \u015bw. <strong>o godzinie 8:00, 11:00, 16:30 (z udzia\u0142em dzieci), 18:00 i 20:00<\/strong> <strong>(z udzia\u0142em m\u0142odzie\u017cy w tym kandydat\u00f3w do Sakramentu Bierzmowania).<\/strong><\/li><li><strong>Przypominamy, \u017ce w \u015arod\u0119 Popielcow\u0105 obowi\u0105zuje nas post \u015bcis\u0142y. <\/strong>Oznacza to wstrzemi\u0119\u017aliwo\u015b\u0107 od potraw mi\u0119snych wszystkich od 14 roku \u017cycia, bez g\u00f3rnej granicy wieku; natomiast post ilo\u015bciowy obowi\u0105zuje od 18 do 60 roku \u017cycia. W ci\u0105gu dnia mo\u017cemy spo\u017cy\u0107 wy\u0142\u0105cznie jeden posi\u0142ek do syta, a pozosta\u0142e dwa niepe\u0142ne. <em>Obowi\u0105zek ten nie dotyczy os\u00f3b chorych.<\/em><\/li><li>W Wielkim Po\u015bcie zapraszamy parafian w ka\u017cd\u0105 niedziel\u0119<strong> o godz. 7:40 na \u015bpiewanie GODZINEK KU CZCI M\u0118KI PA\u0143SKIEJ oraz o godz. 17:15 na GORZKIE \u017bALE z kazaniem pasyjnym. Natomiast w pi\u0105tki na DROG\u0118 KRZY\u017bOW\u0104:<\/strong><em>godz. 16:30 dla dzieci; godz. 17:15 dla doros\u0142ych i o godz. 19:00 dla m\u0142odzie\u017cy.<\/em><\/li><li><strong>UWAGA!!! Kancelaria parafialna w \u015arod\u0119 Popielcow\u0105 NIECZYNNA.<\/strong><\/li><li><em><strong>Przypominamy o trwaj\u0105cych zapisach na pielgrzymki zaplanowane na rok 2023. <\/strong>Zapisy i wi\u0119cej informacji u ks. Proboszcza.<\/em><\/li><li><strong>Sk\u0142adam B\u00f3g zap\u0142a\u0107 <\/strong>za z\u0142o\u017cone w ostatni\u0105 niedziel\u0119 ofiary do puszek przeznaczone na pomoc dla Turcji i Syrii. Zebrano 3578 z\u0142. <em>Dzi\u0119kuj\u0119 za solidarno\u015b\u0107 z ofiarami trz\u0119sienia ziemi.<\/em><\/li><li>Zach\u0119cam do nabywania nowego numeru \u201eGo\u015bcia Niedzielnego\u201d <strong>z dodatkiem<\/strong> <strong>\u201eGo\u015bcia Elbl\u0105skiego\u201d<\/strong> <strong>w cenie 10 z\u0142.<\/strong><\/li><li>Pan powo\u0142a\u0142 do wieczno\u015bci: <br><strong>\u2020 \u015bp. Leszka FOLC<\/strong> lat 80 z ul. Brzechwy<br><em>Wieczny odpoczynek racz mu da\u0107 Panie.<\/em><\/li><\/ol>\n\n\n\n<p><\/p>\n\n\n\n<figure class=\"wp-block-image\"><img decoding=\"async\" src=\"http:\/\/rafalk-elblag.pl\/wp-content\/uploads\/2020\/04\/baner-intencje-mszy.jpg\" alt=\"\"\/><\/figure>\n\n\n\n<h1 class=\"wp-block-heading\">Intencje mszalne 19.02.2023r<br><\/h1>\n\n\n\n<p><strong>PONIEDZIA\u0141EK \/ 20 lutego 2023 r.<\/strong><br>Mk 9, 14-29<br>8.00 \u015bp. Janina Janta-Lipi\u0144ska (20 greg.)<br>18.00 \u015bp. Barbara i Andrzej Zieli\u0144scy (11 rocznica \u015bmierci)<br>18.00 Dzi\u0119kczynna z okazji urodzin Tomasza z pro\u015bb\u0105 o Bo\u017ce b\u0142. i opiek\u0119 Matki Bo\u017cej Szkaplerznej<\/p>\n\n\n\n<p><strong>WTOREK \/ 21 lutego 2023 r.<\/strong><br>Mk 9, 30-37<br>8.00 \u015bp. Franciszka [k] i Stanis\u0142aw Zaborowscy i zmarli rodzice<br>18.00 \u015bp. Janina Janta-Lipi\u0144ska (21 greg.)<br>18.00 \u015bp. Miros\u0142aw Rynkowski<\/p>\n\n\n\n<p><strong>\u015aRODA \/ 22 lutego 2023 r.<br>\u015aroda Popielcowa<\/strong><br>Mt 6, 1-6. 16-18<br>8.00 \u015bp. Janina Janta-Lipi\u0144ska (22 greg.)<br>11.00 \u015bp. J\u00f3zef Potura\u0142a (int. Od Zofii i Henryka)<br>16.30<br>18.00 \u015bp. Krystyna Bogdanowicz (10 rocznica \u015bmierci), Robert Bogdanowicz<br>18.00 O Bo\u017ce b\u0142., zdrowie dla Marka, Ma\u0142gorzaty, Sylwii, Jakuba i Jana<br>20.00 \u015bp. Barbara Kami\u0144ska (2 rocznica \u015bmierci), Roman Kami\u0144ski<\/p>\n\n\n\n<p><strong>CZWARTEK \/ 23 lutego 2023 r.<\/strong><br>\u0141k 9, 22-25<br>8.00 W intencji wynagradzaj\u0105cej za grzechy naszej Ojczyzny (int. Od Wsp\u00f3lnoty Krwi Chrystusa)<br>18.00 \u015bp. Andrzej, Franciszka [k], Marianna, Andrzej, Helena \u015al\u0119zak, W\u0142adys\u0142awa [k] i J\u00f3zef Pietrzyk<br>18.00 \u015bp. Janina Janta-Lipi\u0144ska (23 greg.)<\/p>\n\n\n\n<p><strong>PI\u0104TEK \/ 24 lutego 2023 r.<\/strong><br>Mt 9, 14-15<br>8.00 \u015bp. El\u017cbieta Koz\u0142owska (w 2. miesi\u0105c po pogrzebie, int. od Wsp\u00f3lnoty \u017bywego R\u00f3\u017ca\u0144ca)<br>18.00 \u015bp. Janina Janta-Lipi\u0144ska (24 greg.)<br>18.00 \u015bp. Wac\u0142aw \u017bendarski (26 rocznica \u015bmierci) oraz zmarli z rodziny<\/p>\n\n\n\n<p><strong>SOBOTA \/ 25 lutego 2023 r.<\/strong><br>\u0141k 5, 27-32<br>8.00 Dzi\u0119kczynna za dar \u017cycia Jana w 13 urodziny z pro\u015bb\u0105 o Bo\u017ce b\u0142. i prowadzenie<br>18.00 Z okazji 49 rocznicy \u015blubu Henryka i Barbary Jackiewicz o potrzebne \u0142aski, Bo\u017ce b\u0142. i opiek\u0119 Naj\u015bwi\u0119tszej Maryi Panny<br>18.00 \u015bp. Janina Janta-Lipi\u0144ska (25 greg.)<\/p>\n\n\n\n<p><strong>I NIEDZIELA WIELKIEGO POSTU<br>26 lutego 2023 r.<\/strong><br>Mt 4, 1-11<br>8.00 \u015bp. Wac\u0142aw Czeszejko-Sochacki<br>10.00 \u015bp. Stanis\u0142aw Kandyba (20 rocznica \u015bmierci) i zmarli z obu stron<br>12.00 W intencji Parafian<br>15.00 \u015bp. J\u00f3zefa [k] Urba\u0144ska (int. od rodziny Rze\u017anik\u00f3w i Nogat\u00f3w)<br>18.00 \u015bp. Janina Janta-Lipi\u0144ska (26 greg.)<\/p>\n","protected":false},"excerpt":{"rendered":"<p>Ewangelia (Mt 5, 38-48) Przykazanie mi\u0142o\u015bci nieprzyjaci\u00f3\u0142 S\u0142owa Ewangelii wed\u0142ug \u015awi\u0119tego Mateusza Jezus powiedzia\u0142 do swoich uczni\u00f3w: \u00abS\u0142yszeli\u015bcie, \u017ce powiedziano: \u201eOko za oko i z\u0105b za z\u0105b\u201d. A Ja wam powiadam: Nie stawiajcie oporu z\u0142emu: lecz je\u015bli ci\u0119 kto\u015b uderzy w prawy policzek, nadstaw mu i drugi. Temu, kto chce prawowa\u0107 si\u0119 z tob\u0105 i [&hellip;]<\/p>\n","protected":false},"author":1,"featured_media":4909,"comment_status":"closed","ping_status":"closed","sticky":false,"template":"","format":"standard","meta":{"ngg_post_thumbnail":0,"footnotes":""},"categories":[11,8,4,3],"tags":[],"class_list":["post-4908","post","type-post","status-publish","format-standard","has-post-thumbnail","hentry","category-aktualnosci","category-blog","category-intencje","category-ogloszenia"],"_links":{"self":[{"href":"https:\/\/rafalk-elblag.pl\/index.php?rest_route=\/wp\/v2\/posts\/4908","targetHints":{"allow":["GET"]}}],"collection":[{"href":"https:\/\/rafalk-elblag.pl\/index.php?rest_route=\/wp\/v2\/posts"}],"about":[{"href":"https:\/\/rafalk-elblag.pl\/index.php?rest_route=\/wp\/v2\/types\/post"}],"author":[{"embeddable":true,"href":"https:\/\/rafalk-elblag.pl\/index.php?rest_route=\/wp\/v2\/users\/1"}],"replies":[{"embeddable":true,"href":"https:\/\/rafalk-elblag.pl\/index.php?rest_route=%2Fwp%2Fv2%2Fcomments&post=4908"}],"version-history":[{"count":2,"href":"https:\/\/rafalk-elblag.pl\/index.php?rest_route=\/wp\/v2\/posts\/4908\/revisions"}],"predecessor-version":[{"id":4911,"href":"https:\/\/rafalk-elblag.pl\/index.php?rest_route=\/wp\/v2\/posts\/4908\/revisions\/4911"}],"wp:featuredmedia":[{"embeddable":true,"href":"https:\/\/rafalk-elblag.pl\/index.php?rest_route=\/wp\/v2\/media\/4909"}],"wp:attachment":[{"href":"https:\/\/rafalk-elblag.pl\/index.php?rest_route=%2Fwp%2Fv2%2Fmedia&parent=4908"}],"wp:term":[{"taxonomy":"category","embeddable":true,"href":"https:\/\/rafalk-elblag.pl\/index.php?rest_route=%2Fwp%2Fv2%2Fcategories&post=4908"},{"taxonomy":"post_tag","embeddable":true,"href":"https:\/\/rafalk-elblag.pl\/index.php?rest_route=%2Fwp%2Fv2%2Ftags&post=4908"}],"curies":[{"name":"wp","href":"https:\/\/api.w.org\/{rel}","templated":true}]}}