{"id":4904,"date":"2023-02-12T17:38:00","date_gmt":"2023-02-12T17:38:00","guid":{"rendered":"http:\/\/rafalk-elblag.pl\/?p=4904"},"modified":"2023-02-13T18:46:06","modified_gmt":"2023-02-13T18:46:06","slug":"ogloszenia-12-02-2023-vi-niedziela-zwykla","status":"publish","type":"post","link":"https:\/\/rafalk-elblag.pl\/?p=4904","title":{"rendered":"Og\u0142oszenia 12.02.2023, VI Niedziela Zwyk\u0142a"},"content":{"rendered":"\n<figure class=\"wp-block-embed is-type-video is-provider-youtube wp-block-embed-youtube wp-embed-aspect-16-9 wp-has-aspect-ratio\"><div class=\"wp-block-embed__wrapper\">\n<iframe loading=\"lazy\" title=\"Przepisy s\u0105 po to... Daj\u0119 S\u0142owo - VI niedziela A - 16 II 2020\" width=\"900\" height=\"506\" src=\"https:\/\/www.youtube.com\/embed\/kU7gTsJ7r1A?feature=oembed\" frameborder=\"0\" allow=\"accelerometer; autoplay; clipboard-write; encrypted-media; gyroscope; picture-in-picture; web-share\" allowfullscreen><\/iframe>\n<\/div><\/figure>\n\n\n\n<h1 class=\"wp-block-heading\">Ewangelia (Mt 5, 17-37)\nWymagania Nowego Przymierza\n<\/h1>\n\n\n\n<p>S\u0142owa Ewangelii wed\u0142ug \u015awi\u0119tego Mateusza<\/p>\n\n\n\n<p> Jezus powiedzia\u0142 do swoich uczni\u00f3w: \u00abNie s\u0105d\u017acie, \u017ce przyszed\u0142em znie\u015b\u0107 Prawo albo Prorok\u00f3w. Nie przyszed\u0142em znie\u015b\u0107, ale wype\u0142ni\u0107. <\/p>\n\n\n\n<p>Zaprawd\u0119 bowiem, powiadam wam: Dop\u00f3ki niebo i ziemia nie przemin\u0105, ani jedna jota, ani jedna kreska nie zmieni si\u0119 w Prawie, a\u017c si\u0119 wszystko spe\u0142ni. Ktokolwiek wi\u0119c zni\u00f3s\u0142by jedno z tych przykaza\u0144, cho\u0107by najmniejszych, i uczy\u0142by tak ludzi, ten b\u0119dzie najmniejszy w kr\u00f3lestwie niebieskim. A kto je wype\u0142nia i uczy wype\u0142nia\u0107, ten b\u0119dzie wielki w kr\u00f3lestwie niebieskim. <\/p>\n\n\n\n<p>Bo powiadam wam: Je\u015bli wasza sprawiedliwo\u015b\u0107 nie b\u0119dzie wi\u0119ksza ni\u017c uczonych w Pi\u015bmie i faryzeusz\u00f3w, nie wejdziecie do kr\u00f3lestwa niebieskiego. S\u0142yszeli\u015bcie, \u017ce powiedziano przodkom: \u201eNie zabijaj\u201d; a kto by si\u0119 dopu\u015bci\u0142 zab\u00f3jstwa, podlega s\u0105dowi. A Ja wam powiadam: Ka\u017cdy, kto si\u0119 gniewa na swego brata, podlega s\u0105dowi. A kto by rzek\u0142 swemu bratu: \u201eRaka\u201d, podlega Wysokiej Radzie. A kto by mu rzek\u0142: \u201eBezbo\u017cniku\u201d, podlega karze piek\u0142a ognistego. Je\u015bli wi\u0119c przyniesiesz dar sw\u00f3j przed o\u0142tarz i tam sobie przypomnisz, \u017ce brat tw\u00f3j ma co\u015b przeciw tobie, zostaw tam dar sw\u00f3j przed o\u0142tarzem, a najpierw id\u017a i pojednaj si\u0119 z bratem swoim. Potem przyjd\u017a i dar sw\u00f3j ofiaruj. Pog\u00f3d\u017a si\u0119 ze swoim przeciwnikiem szybko, dop\u00f3ki jeste\u015b z nim w drodze, by ci\u0119 przeciwnik nie wyda\u0142 s\u0119dziemu, a s\u0119dzia dozorcy, i aby nie wtr\u0105cono ci\u0119 do wi\u0119zienia. Zaprawd\u0119, powiadam ci: Nie wyjdziesz stamt\u0105d, dop\u00f3ki nie zwr\u00f3cisz ostatniego grosza. <\/p>\n\n\n\n<p>S\u0142yszeli\u015bcie, \u017ce powiedziano: \u201eNie cudzo\u0142\u00f3\u017c\u201d. A Ja wam powiadam: Ka\u017cdy, kto po\u017c\u0105dliwie patrzy na kobiet\u0119, ju\u017c si\u0119 w swoim sercu dopu\u015bci\u0142 z ni\u0105 cudzo\u0142\u00f3stwa. Je\u015bli wi\u0119c prawe twoje oko jest ci powodem do grzechu, wy\u0142up je i odrzu\u0107 od siebie. Lepiej bowiem jest dla ciebie, gdy zginie jeden z twoich cz\u0142onk\u00f3w, ni\u017c \u017ceby ca\u0142e twoje cia\u0142o mia\u0142o by\u0107 wrzucone do piek\u0142a. I je\u015bli prawa twoja r\u0119ka jest ci powodem do grzechu, odetnij j\u0105 i odrzu\u0107 od siebie. Lepiej bowiem jest dla ciebie, gdy zginie jeden z twoich cz\u0142onk\u00f3w, ni\u017c \u017ceby ca\u0142e twoje cia\u0142o mia\u0142o i\u015b\u0107 do piek\u0142a. <\/p>\n\n\n\n<p>Powiedziano te\u017c: \u201eJe\u015bli kto\u015b chce oddali\u0107 swoj\u0105 \u017con\u0119, niech jej da list rozwodowy\u201d. A Ja wam powiadam: Ka\u017cdy, kto oddala swoj\u0105 \u017con\u0119 \u2013 poza wypadkiem nierz\u0105du \u2013 nara\u017ca j\u0105 na cudzo\u0142\u00f3stwo; a kto by oddalon\u0105 wzi\u0105\u0142 za \u017con\u0119, dopuszcza si\u0119 cudzo\u0142\u00f3stwa. <\/p>\n\n\n\n<p>S\u0142yszeli\u015bcie r\u00f3wnie\u017c, \u017ce powiedziano przodkom: \u201eNie b\u0119dziesz fa\u0142szywie przysi\u0119ga\u0142, lecz dotrzymasz Panu swej przysi\u0119gi\u201d. A Ja wam powiadam: Wcale nie przysi\u0119gajcie \u2013 ani na niebo, bo jest tronem Boga; ani na ziemi\u0119, bo jest podn\u00f3\u017ckiem st\u00f3p Jego; ani na Jerozolim\u0119, bo jest miastem wielkiego Kr\u00f3la. Ani na swoj\u0105 g\u0142ow\u0119 nie przysi\u0119gaj, bo nawet jednego w\u0142osa nie mo\u017cesz uczyni\u0107 bia\u0142ym albo czarnym. <\/p>\n\n\n\n<p>Niech wasza mowa b\u0119dzie: Tak, tak; nie, nie. A co nadto jest, od Z\u0142ego pochodzi\u00bb. <\/p>\n\n\n\n<h1 class=\"wp-block-heading\"><strong><strong><strong><strong><strong><strong><strong><strong><strong><strong><strong><strong><strong><strong><strong><strong>Wzrost wiary<\/strong><\/strong><\/strong><\/strong><\/strong><\/strong><\/strong><\/strong><\/strong><\/strong><\/strong><\/strong><\/strong><\/strong><\/strong><\/strong><\/h1>\n\n\n\n<p>Wiara jako wyraz naszej relacji do Boga jest zjawiskiem dynamicznym, jest podlegaj\u0105cym nieustannym zmianom procesem. Proces ten dokonuje si\u0119 z&nbsp;inicjatywy Boga i&nbsp;w&nbsp;wyniku &#8211; zawieraj\u0105cej zawierzenie Bogu &#8211; odpowiedzi cz\u0142owieka. Sytuacje trudne, zar\u00f3wno zewn\u0119trzne, jak i&nbsp;wewn\u0119trzne, domagaj\u0105ce si\u0119 naszego nawr\u00f3cenia, winny zdynamizowa\u0107 nasze przylgni\u0119cie do Chrystusa, oparcie si\u0119 na Nim, powierzenie si\u0119 Jemu i&nbsp;oczekiwanie wszystkiego od Boga.<\/p>\n\n\n\n<p>Wiara, je\u017celi w&nbsp;niej nie wzrastamy, mo\u017ce sta\u0107&nbsp;si\u0119 zakopanym talentem, ale B\u00f3g nie zgadza si\u0119 na to. On nie chce, by nasza wiara skostnia\u0142a. Ta wiara nieustannie si\u0119 zmienia. Rok temu inaczej wierzy\u0142e\u015b, w&nbsp;sensie intensywno\u015bci swojej wiary, za rok te\u017c b\u0119dziesz wierzy\u0142 inaczej. St\u0105d bardzo wa\u017cne jest pytanie &#8211; czy twoja wiara wzrasta, czy zanika. My bowiem nie tyle jeste\u015bmy wierz\u0105cy, co stajemy si\u0119 wierz\u0105cymi, nie tyle jeste\u015bmy chrze\u015bcijanami, co nimi si\u0119 stajemy, nie tyle&nbsp;\u017cyjemy Ewangeli\u0105, co pr\u00f3bujemy do niej dorasta\u0107.<\/p>\n\n\n\n<p><strong>Sta\u0142ym i&nbsp;podstawowym wymiarem wiary jest<\/strong>&nbsp;<strong>nawr\u00f3cenie<\/strong>. <strong>To ono sprawia, \u017ce nasza wiara nie jest czym\u015b statycznym, \u017ce mo\u017ce podlega\u0107 nieustannemu procesowi pog\u0142\u0119biania si\u0119.<\/strong> Nawr\u00f3cenie jako wymiar wiary jest nie tyle jednorazowym aktem, ile procesem. <strong>Oznacza ono zmian\u0119 sposobu my\u015blenia oraz wyra\u017caj\u0105c\u0105 si\u0119 na zewn\u0105trz przemian\u0119 postawy.<\/strong> <strong>W&nbsp;procesie nawr\u00f3cenia nast\u0119puje odwr\u00f3cenie si\u0119 od&nbsp;z\u0142a oraz zwr\u00f3cenie si\u0119 ku Bogu.<\/strong> Odwr\u00f3cenie si\u0119 od z\u0142a&nbsp;oznacza nie tylko odwr\u00f3cenie si\u0119 od samych grzech\u00f3w, ale&nbsp;r\u00f3wnie\u017c od ich \u017ar\u00f3d\u0142a, jakim jest nieuporz\u0105dkowana mi\u0142o\u015b\u0107 w\u0142asna.<\/p>\n\n\n\n<p>Gdy Jezus stawia\u0142 swoim Aposto\u0142om zarzuty, to prawie zawsze dotyczy\u0142y one braku wiary. Jezus cz\u0119sto zarzuca\u0142 im, \u017ce nie wierz\u0105 b\u0105d\u017a \u017ce za ma\u0142o wierz\u0105. Mo\u017cna w&nbsp;tym dostrzec swoisty ewangeliczny paradoks &#8211; oto tym, kt\u00f3rzy poszli za Jezusem, kt\u00f3rzy uwierzyli w&nbsp;Niego, Jezus zarzuca w\u0142a\u015bnie brak wiary i&nbsp;czyni to wielokrotnie.&nbsp;Celem tego kwestionowania wiary Aposto\u0142\u00f3w by\u0142o ich nawracanie si\u0119.&nbsp;<strong>Musisz zakwestionowa\u0107 swoj\u0105 wiar\u0119, musisz doj\u015b\u0107 do przekonania, \u017ce ona powinna nieustannie wzrasta\u0107, \u017ce jej obecny kszta\u0142t ju\u017c wkr\u00f3tce nie b\u0119dzie wystarcza\u0142, zgodnie z&nbsp;zasad\u0105, i\u017c to, co osi\u0105gn\u0105\u0142e\u015b dzi\u015b, nie wystarczy jutro.<\/strong><\/p>\n\n\n\n<p><strong>Proces twojego nawracania si\u0119 powinien ci\u0119 doprowadzi\u0107 do ewangelicznego radykalizmu.<\/strong> O tym, jak wa\u017cny jest radykalizm naszej wiary, m\u00f3wi \u015bw.&nbsp;Jan od Krzy\u017ca, powo\u0142uj\u0105c si\u0119 w&nbsp;tym celu na obraz dw\u00f3ch uwi\u0105zanych ptak\u00f3w (zob.&nbsp;<em>Droga na G\u00f3r\u0119 Karmel<\/em>, I, 11, 4). Jeden z&nbsp;nich jest uwi\u0105zany grub\u0105, a&nbsp;drugi cienk\u0105 nici\u0105. Sytuacja ich jest jednak ostatecznie podobna, poniewa\u017c obydwa ptaki pozostaj\u0105 uwi\u0105zane. Zmieni si\u0119 ona dopiero wtedy, gdy nie b\u0119dzie \u017cadnych wi\u0119z\u00f3w.<\/p>\n\n\n\n<p><strong>Przeciwie\u0144stwem radykalizmu jest kompromis<\/strong>, <strong>kompromis<br>w pragnieniach, w postawie, w&nbsp;modlitwie.<\/strong><\/p>\n\n\n\n<p><strong>W&nbsp;naszym \u017cyciu wszystko ma by\u0107 podporz\u0105dkowane temu jednemu celowi &#8211; aby<\/strong>&nbsp;<strong>Chrystus w&nbsp;nas wzrasta\u0142 i aby osi\u0105gn\u0105\u0142 w&nbsp;nas swoj\u0105 pe\u0142ni\u0119<\/strong>. Wszystko ma temu s\u0142u\u017cy\u0107, dlatego B\u00f3g domaga si\u0119 radykalizmu r\u00f3wnie\u017c w&nbsp;naszych pro\u015bbach. Pan B\u00f3g mo\u017ce ich nie wys\u0142ucha\u0107, poniewa\u017c o&nbsp;&#8222;zbyt ma\u0142o&#8221; prosimy. Je\u017celi wys\u0142uchanie pro\u015bby o&nbsp;mieszkanie, o&nbsp;zdrowie, o&nbsp;prac\u0119 sprawi\u0142oby, \u017ce B\u00f3g sta\u0142by si\u0119 potem niepotrzebny, je\u017celi nie pomog\u0142oby cz\u0142owiekowi w&nbsp;p\u00f3j\u015bciu do ko\u0144ca za Panem, to B\u00f3g takiej pro\u015bby mo\u017ce nie chcie\u0107 wys\u0142ucha\u0107. On chce ci da\u0107 kr\u00f3lestwo, a&nbsp;ty, chc\u0105c tak ma\u0142o, uniemo\u017cliwiasz Mu to.<\/p>\n\n\n\n<p>Szukajcie naprz\u00f3d, czyli przede wszystkim, kr\u00f3lestwa Bo\u017cego i&nbsp;jego sprawiedliwo\u015bci, a&nbsp;wszystko inne b\u0119dzie wam dodane (por.&nbsp;<em>Mt<\/em>&nbsp;6,&nbsp;33). Kto\u015b za\u015b powiedzia\u0142, \u017ce je\u017celi nie b\u0119dziesz szuka\u0142 nade wszystko kr\u00f3lestwa Bo\u017cego, to nawet ta reszta, to wszystko inne b\u0119dzie ci zabrane.<\/p>\n\n\n\n<p><\/p>\n\n\n\n<figure class=\"wp-block-image\"><a href=\"http:\/\/rafalk-elblag.pl\/wp-content\/uploads\/2021\/08\/ogloszenia-parafialne-baner-01a.jpg\"><img loading=\"lazy\" decoding=\"async\" width=\"720\" height=\"232\" src=\"http:\/\/rafalk-elblag.pl\/wp-content\/uploads\/2021\/08\/ogloszenia-parafialne-baner-01a.jpg\" alt=\"\" class=\"wp-image-4410\" srcset=\"https:\/\/rafalk-elblag.pl\/wp-content\/uploads\/2021\/08\/ogloszenia-parafialne-baner-01a.jpg 720w, https:\/\/rafalk-elblag.pl\/wp-content\/uploads\/2021\/08\/ogloszenia-parafialne-baner-01a-300x97.jpg 300w\" sizes=\"auto, (max-width: 720px) 100vw, 720px\" \/><\/a><\/figure>\n\n\n\n<h1 class=\"wp-block-heading\">Og\u0142oszenia parafialne 12.02.2023r<\/h1>\n\n\n\n<ol class=\"wp-block-list\"><li><strong>Wsp\u00f3lnota \u201e KANA GALILEJSKA\u201d przypomina o rozpocz\u0119tych Rekolekcjach Ewangelizacyjnych Odnowy tzw. REO.<\/strong> Jutro (13 lutego) drugie spotkanie w salce na plebanii o godz. 18:00.<\/li><li>Spotkanie dla rodzic\u00f3w dzieci klas IIIprzygotowuj\u0105cych si\u0119 do pierwszej SPOWIEDZI I KOMUNII \u015aWI\u0118TEJ odb\u0119dzie si\u0119 w poniedzia\u0142ek 13 lutego br. o godz. 19:00 w ko\u015bciele. <strong>Obecno\u015b\u0107 obowi\u0105zkowa. <\/strong>W \u015brod\u0119 15 lutego br. na plebanii b\u0119dzie mo\u017cliwo\u015b\u0107 zam\u00f3wienia stroj\u00f3w komunijnych (alb). Zapraszam w tym dniu rodzic\u00f3w z dzieckiem w celu pobrania wymiaru na alb\u0119: o godz. 19:00.<\/li><li>W imieniu wsp\u00f3lnoty Zespo\u0142u Szk\u00f3\u0142 Pijarskich im. \u015bw. Miko\u0142aja w Elbl\u0105gu zapraszamy na <strong>DZIE\u0143 OTWARTY<\/strong> Publicznej Szko\u0142y Podstawowej Zakonu Pijar\u00f3w w Elbl\u0105gu <strong>15 lutego 2023 r. w godzinach od 16:00 do 19:00. <\/strong>Zapraszamy rodziny wraz z kandydatami do zer\u00f3wki i pierwszej klasy szko\u0142y podstawowej. To b\u0119dzie czas aby si\u0119 spotka\u0107, porozmawia\u0107 o szkole, o przysz\u0142o\u015bci Waszych dzieci. Szko\u0142a znajduje si\u0119 w budynku przy ul. Saper\u00f3w 20 (obok powiatowego Urz\u0119du Pracy). Szko\u0142a Pijar\u00f3w \u2013 dobre miejsce<strong>. Zapraszamy.<\/strong> Szczeg\u00f3\u0142y na plakacie oraz na stronie internetowej szko\u0142y <a href=\"http:\/\/www.elblag.pijarzy.pl\/\">www.elblag.pijarzy.pl<\/a><\/li><li>W czwartek 16 lutego dzie\u0144 modlitw za <strong>Bractwo Szkaplerzne,<\/strong> a tak\u017ce za osoby nosz\u0105ce Szkaplerz \u015awi\u0119ty. Zapraszamy wszystkich nale\u017c\u0105cych i pragn\u0105cych w\u0142\u0105czy\u0107 si\u0119 do tej wsp\u00f3lnoty na Msz\u0119 \u015bw. o godz. 18:00 \u2013 <em>dzi\u0119kczynnej w <\/em><em><strong>IX rocznic\u0119 nadania drugiego tytu\u0142u naszej \u015bwi\u0105tyni:<\/strong><\/em><em><strong> MATKI BO\u017bEJ SZKAPLERZNEJ.<\/strong><\/em><em> Po modlitwach spotkanie Rady Szkaplerznej w salce na plebanii. Wszystkich tworz\u0105cych i odpowiedzialnych za Bractwo Szkaplerzne zapraszam.<\/em><\/li><li><strong>Kandydat\u00f3w przygotowuj\u0105cych si\u0119 DRUGI ROK do Sakramentu Bierzmowania <\/strong>w naszej parafii zapraszamy na spotkania 16 lutego br. (czwartek) do salki w piwnicy na godz. 19:00. <em>Obecno\u015b\u0107 na tym spotkaniu kandydat\u00f3w jest obowi\u0105zkowa i mile widziana.<\/em><\/li><li><strong>Kancelaria Parafialna <\/strong>czynna w \u015brody od 16:00 do 17:30 oraz w pi\u0105tki od godz. 18:45 do 19:30. Zapraszamy.<\/li><li><em><strong>Przypominamy \u017ce trwaj\u0105cych zapisach na pielgrzymki zaplanowane na rok 2023. <\/strong><\/em><em>Zapisy i wi\u0119cej informacji u ks. Proboszcza.<\/em><\/li><li>Zach\u0119cam do nabywania nowego numeru \u201eGo\u015bcia Niedzielnego\u201d <strong>w cenie 10 z\u0142.<\/strong> <strong>z dodatkiem<\/strong> <strong>\u201eGo\u015bcia Elbl\u0105skiego\u201d<\/strong> a nim wydarzenia z diecezji.<\/li><\/ol>\n\n\n\n<h2 class=\"wp-block-heading\"><strong>Apel o pomoc dla Turcji i Syrii<\/strong><\/h2>\n\n\n\n<p>Turcj\u0119 i Syri\u0119 dotkn\u0119\u0142o w ostatnich dniach dramatyczne w skutkach trz\u0119sienie ziemi. Zgin\u0119\u0142o wielu ludzi, wielu zosta\u0142o rannych i bez dachu nad g\u0142ow\u0105.&nbsp;Dlatego prosz\u0119, aby w niedziel\u0119 12 lutego br. przy drzwiach ko\u015bcio\u0142\u00f3w diecezji elbl\u0105skiej zosta\u0142a przeprowadzona zbi\u00f3rka ofiar na rzecz os\u00f3b poszkodowanych w Turcji i Syrii. Zebrane \u015brodki finansowe zostan\u0105 przekazane potrzebuj\u0105cym za po\u015brednictwem Caritas Polska. <em>Prosz\u0119 te\u017c, aby pami\u0119ta\u0107 w modlitwie o ofiarach i poszkodowanych.<\/em><\/p>\n\n\n\n<p><strong>+ Jacek Jezierski, biskup elbl\u0105ski<\/strong><\/p>\n\n\n\n<p><\/p>\n\n\n\n<figure class=\"wp-block-image\"><img decoding=\"async\" src=\"http:\/\/rafalk-elblag.pl\/wp-content\/uploads\/2020\/04\/baner-intencje-mszy.jpg\" alt=\"\"\/><\/figure>\n\n\n\n<h1 class=\"wp-block-heading\">Intencje mszalne 12.02.2023r<br><\/h1>\n\n\n\n<p><strong>PONIEDZIA\u0141EK \/ 13 lutego 2023 r.<br>Mk 8, 11-13<\/strong><br>8.00 \u015bp. Janina Janta-Lipi\u0144ska (13 greg.)<br>18.00 Dzi\u0119kczynna w 44 rocznic\u0119 urodzin \u0141ukasza i 72 rocznic\u0119 urodzin J\u00f3zefa z pro\u015bb\u0105 o b\u0142ogos\u0142awie\u0144stwo Bo\u017ce, wstawiennictwo Matki Bo\u017cej i \u015awi\u0119tych Patron\u00f3w<br>18.00 \u015bp. Adam Pi\u0105tkowski, Adam Pacan<\/p>\n\n\n\n<p><strong>WTOREK \/ 14 lutego 2023 r.<br>\u015bw. Cyryla i Metodego<\/strong><br><strong>\u0141k 10, 1-9<\/strong><br>8.00 \u015bp. Marianna i Jan Lis i zmar\u0142ych dziadk\u00f3w z obojga stron<br>8.00 O Bo\u017ce b\u0142., \u0142ask\u0119 zdrowia i opiek\u0119 Matki Bo\u017cej dla Halinki<br>18.00 \u015bp. Janina Janta-Lipi\u0144ska (14 greg.)<br>18.00 \u015bp. Maria, Wac\u0142aw, Ryszard z rodziny Jasiulewicz<\/p>\n\n\n\n<p><strong>\u015aRODA \/ 15 lutego 2023 r.<br>Mk 8, 22-26<\/strong><br>8.00 Za dusze w czy\u015b\u0107cu cierpi\u0105ce<br>8.00 Dzi\u0119kczynna w 75 urodziny Teresy Jakubiak z pro\u015bb\u0105 o zdrowie, Bo\u017ce b\u0142. i opiek\u0119 Matki Bo\u017cej na dalsze lata \u017cycia<br>18.00 \u015bp. Janina Janta-Lipi\u0144ska (15 greg.)<br>18.00 \u015bp. Franciszek, Mieczys\u0142awa [k], Bernard Kuca, Ewa Gory\u0144ska oraz zmarli z rodziny Gory\u0144skich<\/p>\n\n\n\n<p><strong>CZWARTEK \/ 16 lutego 2023 r.<br>Mk 8, 27-33<\/strong><br>8.00 \u015bp. Janina Janta-Lipi\u0144ska (16 greg.)<br>18.00 \u015bp. Jerzy Duda (5 rocznica \u015bmierci) i zmarli z rodziny<br>18.00 W intencji Rodziny Szkaplerznej<\/p>\n\n\n\n<p><strong>PI\u0104TEK \/ 17 lutego 2023 r.<br>Mk 8, 34 \u2013 9, 1<\/strong><br>8.00 \u015bp. Antoni Bielski (2 rocznica \u015bmierci), Leszek<br>18.00 \u015bp. Janina Janta-Lipi\u0144ska (17 greg.)<br>18.00 \u015bp. Hubert, Bernard (w rocznic\u0119 \u015bmierci) oraz zmar\u0142ych z rodziny<\/p>\n\n\n\n<p><strong>SOBOTA \/ 18 lutego 2023 r.<br>Mk 9, 2-13<\/strong><br>8.00 \u015bp. Janina Janta-Lipi\u0144ska (18 greg.)<br>18.00 Dzi\u0119kczynna, z pro\u015bb\u0105 o Bo\u017ce b\u0142., potrzebne \u0142aski, opiek\u0119 Matki Bo\u017cej dla Aleksandra z okazji 2 rocznicy urodzin<br>18.00 \u015bp. Weronika Czajkowska (w 25 rocznic\u0105 \u015bmierci)<\/p>\n\n\n\n<p><strong>VII Niedziela Zwyk\u0142a<br>19 lutego 2023 r.<br>Mt 5, 38-48<\/strong><br>8.00 Zmarli z rodziny Jasi\u0144skich, Kara\u017aniewicz\u00f3w i dziadk\u00f3w z obojga stron, \u015bp. Franciszek, Zygmunt<br>10.00 \u015bp. Witold Bohdziewicz (w 1 rocznic\u0119 \u015bmierci)<br>12.00 W intencji Parafian<br>15.00 \u015bp. Janina Janta-Lipi\u0144ska (19 greg.)<br>18.00 \u015bp. Teresa Cesarska (w 14 rocznic\u0119 \u015bmierci), Antoni Cesarski<\/p>\n","protected":false},"excerpt":{"rendered":"<p>Ewangelia (Mt 5, 17-37) Wymagania Nowego Przymierza S\u0142owa Ewangelii wed\u0142ug \u015awi\u0119tego Mateusza Jezus powiedzia\u0142 do swoich uczni\u00f3w: \u00abNie s\u0105d\u017acie, \u017ce przyszed\u0142em znie\u015b\u0107 Prawo albo Prorok\u00f3w. Nie przyszed\u0142em znie\u015b\u0107, ale wype\u0142ni\u0107. Zaprawd\u0119 bowiem, powiadam wam: Dop\u00f3ki niebo i ziemia nie przemin\u0105, ani jedna jota, ani jedna kreska nie zmieni si\u0119 w Prawie, a\u017c si\u0119 wszystko spe\u0142ni. [&hellip;]<\/p>\n","protected":false},"author":1,"featured_media":4905,"comment_status":"closed","ping_status":"closed","sticky":false,"template":"","format":"standard","meta":{"ngg_post_thumbnail":0,"footnotes":""},"categories":[11,8,4,3],"tags":[],"class_list":["post-4904","post","type-post","status-publish","format-standard","has-post-thumbnail","hentry","category-aktualnosci","category-blog","category-intencje","category-ogloszenia"],"_links":{"self":[{"href":"https:\/\/rafalk-elblag.pl\/index.php?rest_route=\/wp\/v2\/posts\/4904","targetHints":{"allow":["GET"]}}],"collection":[{"href":"https:\/\/rafalk-elblag.pl\/index.php?rest_route=\/wp\/v2\/posts"}],"about":[{"href":"https:\/\/rafalk-elblag.pl\/index.php?rest_route=\/wp\/v2\/types\/post"}],"author":[{"embeddable":true,"href":"https:\/\/rafalk-elblag.pl\/index.php?rest_route=\/wp\/v2\/users\/1"}],"replies":[{"embeddable":true,"href":"https:\/\/rafalk-elblag.pl\/index.php?rest_route=%2Fwp%2Fv2%2Fcomments&post=4904"}],"version-history":[{"count":1,"href":"https:\/\/rafalk-elblag.pl\/index.php?rest_route=\/wp\/v2\/posts\/4904\/revisions"}],"predecessor-version":[{"id":4906,"href":"https:\/\/rafalk-elblag.pl\/index.php?rest_route=\/wp\/v2\/posts\/4904\/revisions\/4906"}],"wp:featuredmedia":[{"embeddable":true,"href":"https:\/\/rafalk-elblag.pl\/index.php?rest_route=\/wp\/v2\/media\/4905"}],"wp:attachment":[{"href":"https:\/\/rafalk-elblag.pl\/index.php?rest_route=%2Fwp%2Fv2%2Fmedia&parent=4904"}],"wp:term":[{"taxonomy":"category","embeddable":true,"href":"https:\/\/rafalk-elblag.pl\/index.php?rest_route=%2Fwp%2Fv2%2Fcategories&post=4904"},{"taxonomy":"post_tag","embeddable":true,"href":"https:\/\/rafalk-elblag.pl\/index.php?rest_route=%2Fwp%2Fv2%2Ftags&post=4904"}],"curies":[{"name":"wp","href":"https:\/\/api.w.org\/{rel}","templated":true}]}}