{"id":4900,"date":"2023-02-05T17:17:00","date_gmt":"2023-02-05T17:17:00","guid":{"rendered":"http:\/\/rafalk-elblag.pl\/?p=4900"},"modified":"2023-02-06T17:35:29","modified_gmt":"2023-02-06T17:35:29","slug":"ogloszenia-05-02-2023-v-niedziela-zwykla","status":"publish","type":"post","link":"https:\/\/rafalk-elblag.pl\/?p=4900","title":{"rendered":"Og\u0142oszenia 05.02.2023, V Niedziela Zwyk\u0142a"},"content":{"rendered":"\n<figure class=\"wp-block-embed is-type-video is-provider-youtube wp-block-embed-youtube wp-embed-aspect-16-9 wp-has-aspect-ratio\"><div class=\"wp-block-embed__wrapper\">\n<iframe loading=\"lazy\" title=\"Ks. Piotr Pawlukiewicz - V Niedziela Zwyk\u0142a Rok A\" width=\"900\" height=\"506\" src=\"https:\/\/www.youtube.com\/embed\/JGio-wYsjpo?feature=oembed\" frameborder=\"0\" allow=\"accelerometer; autoplay; clipboard-write; encrypted-media; gyroscope; picture-in-picture; web-share\" allowfullscreen><\/iframe>\n<\/div><\/figure>\n\n\n\n<h1 class=\"wp-block-heading\">Ewangelia (Mt 5, 13-16)\nWy jeste\u015bcie \u015bwiat\u0142em \u015bwiata\n<\/h1>\n\n\n\n<p>S\u0142owa Ewangelii wed\u0142ug \u015awi\u0119tego Mateusza<\/p>\n\n\n\n<p>\nJezus powiedzia\u0142 do swoich uczni\u00f3w:\n\n\u00abWy jeste\u015bcie sol\u0105 ziemi. Lecz je\u015bli s\u00f3l utraci sw\u00f3j smak, czym\u017ce j\u0105 posoli\u0107? Na nic si\u0119 ju\u017c nie przyda, chyba na wyrzucenie i podeptanie przez ludzi.\n\nWy jeste\u015bcie \u015bwiat\u0142em \u015bwiata. Nie mo\u017ce si\u0119 ukry\u0107 miasto po\u0142o\u017cone na g\u00f3rze. Nie zapala si\u0119 te\u017c lampy i nie umieszcza pod korcem, ale na \u015bwieczniku, aby \u015bwieci\u0142a wszystkim, kt\u00f3rzy s\u0105 w domu. Tak niech wasze \u015bwiat\u0142o ja\u015bnieje przed lud\u017ami, aby widzieli wasze dobre uczynki i chwalili Ojca waszego, kt\u00f3ry jest w niebie\u00bb.\n\n\n\n\n<\/p>\n\n\n\n<h1 class=\"wp-block-heading\"><strong><strong><strong><strong><strong><strong><strong><strong><strong><strong><strong><strong><strong><strong><strong><strong>Objawienia w Lourdes<\/strong><\/strong><\/strong><\/strong><\/strong><\/strong><\/strong><\/strong><\/strong><\/strong><\/strong><\/strong><\/strong><\/strong><\/strong><\/strong><\/h1>\n\n\n\n<p> <strong>Naj\u015bwi\u0119tsz\u0105 Mari\u0119 Pann\u0119 z Lourdes wspomina Ko\u015bci\u00f3\u0142 katolicki 11 lutego.<\/strong> Tego dnia 1858 roku, w cztery lata po og\u0142oszeniu przez Piusa IX dogmatu o Niepokalanym Pocz\u0119ciu, Matka Bo\u017ca ukaza\u0142a si\u0119 ubogiej pasterce Bernadecie Soubirous w Lourdes. Podczas osiemnastu objawie\u0144 Maryja wzywa\u0142a do modlitwy i pokuty. Nakaza\u0142a, aby na miejscu objawie\u0144 wybudowano ko\u015bci\u00f3\u0142. Polecenie to zosta\u0142o wype\u0142nione przez miejscowego proboszcza i w 1875 r. odby\u0142a si\u0119 uroczysta konsekracja \u015bwi\u0105tyni.<\/p>\n\n\n\n<p>O Lourdes &#8211; miasteczku le\u017c\u0105cym u st\u00f3p Pirenej\u00f3w &#8211; zrobi\u0142o si\u0119 g\u0142o\u015bno dzi\u0119ki Matce Bo\u017cej. Maryja ukaza\u0142a si\u0119 tam w 1858 r. Bernardzie Marii Soubirous, zwanej przez bliskich Bernadet\u0105. Rodzina dziewczyny by\u0142a bardzo biedna. Bernadeta chorowa\u0142a na astm\u0119. Nie umia\u0142a czyta\u0107 ani pisa\u0107, m\u00f3wi\u0142a tylko miejscowym dialektem. Nauka sprawia\u0142a jej trudno\u015b\u0107. W wieku 14 lat chodzi\u0142a do szko\u0142y razem z siedmiolatkami, aby lepiej pozna\u0107 katechizm. Inaczej nie zosta\u0142aby dopuszczona do I Komunii \u015bw.<\/p>\n\n\n\n<p><strong>11 lutego Bernadeta z siostr\u0105 i kole\u017cank\u0105 posz\u0142a zbiera\u0107 ga\u0142\u0119zie na opa\u0142.<\/strong> Bernadeta stan\u0119\u0142a samotnie na wprost groty zwanej Massabielle. Us\u0142ysza\u0142a wtedy d\u017awi\u0119k podobny do szumu wiatru, a w ma\u0142ej wn\u0119ce groty, trzy metry ponad ziemi\u0105 pojawi\u0142a si\u0119 \u015bwiat\u0142o\u015b\u0107. Ze \u015bwiat\u0142o\u015bci tej wy\u0142oni\u0142a si\u0119 posta\u0107 kobiety, kt\u00f3ra u\u015bmiechem i gestem d\u0142oni przywo\u0142ywa\u0142a Bernadet\u0119. <strong>\u201eKiedy J\u0105 zobaczy\u0142am &#8211; jak opisywa\u0142a p\u00f3\u017aniej spotkanie &#8211; przetar\u0142am oczy, s\u0105dz\u0105c, \u017ce mi si\u0119 przywidzia\u0142o.<\/strong> Zaraz te\u017c w\u0142o\u017cy\u0142am r\u0119k\u0119 do kieszonki<br>i znalaz\u0142am sw\u00f3j r\u00f3\u017caniec. Chcia\u0142am prze\u017cegna\u0107 si\u0119, ale nie mog\u0142am unie\u015b\u0107 opadaj\u0105cej r\u0119ki. Dopiero kiedy Pani uczyni\u0142a znak krzy\u017ca, wtedy i ja dr\u017c\u0105c\u0105 r\u0119k\u0105 spr\u00f3bowa\u0142am i uda\u0142o si\u0119. R\u00f3wnocze\u015bnie zacz\u0119\u0142am odmawia\u0107 r\u00f3\u017caniec. Kiedy sko\u0144czy\u0142am odmawianie, widzenie usta\u0142o natychmiast\u201d.&nbsp;<\/p>\n\n\n\n<p>Na kolejnych spotkaniach z Matk\u0105 Bo\u017c\u0105 towarzyszy\u0142y Bernadecie setki, a potem tysi\u0105ce mieszka\u0144c\u00f3w Lourdes.<\/p>\n\n\n\n<p>18 lutego Pani wypowiedzia\u0142a znamienne s\u0142owa: <strong>&#8222;Nie obiecuj\u0119 ci szcz\u0119\u015bcia na tym \u015bwiecie, ale w przysz\u0142ym&#8221;<\/strong>. Trzy dni p\u00f3\u017aniej wezwa\u0142a: <strong>&#8222;M\u00f3dlcie si\u0119 za grzesznik\u00f3w&#8221;<\/strong>, a po kolejnych trzech dniach: <strong>&#8222;Pokutujcie! Pokutujcie! Pokutujcie!&#8221;<\/strong>. Prosi\u0142a te\u017c, by ksi\u0119\u017ca wybudowali przy grocie kaplic\u0119, i aby przychodzono tam w procesji. Miejscowy proboszcz domaga\u0142 si\u0119 jednak cudu, chcia\u0142 te\u017c pozna\u0107 imi\u0119 ukazuj\u0105cej si\u0119 Pani. Odpowied\u017a pad\u0142a 25 marca: <strong>&#8222;Jestem Niepokalanym Pocz\u0119ciem&#8221;<\/strong>.<\/p>\n\n\n\n<p>Matka Bo\u017ca wskaza\u0142a Bernadecie miejsce, z kt\u00f3rego wytrysn\u0119\u0142o \u017ar\u00f3d\u0142o. Osiemna\u015bcie spotka\u0144 Bernadety z Matk\u0105 Bo\u017c\u0105 zako\u0144czy\u0142o si\u0119 16 lipca. Ju\u017c dwana\u015bcie dni p\u00f3\u017aniej miejscowy biskup powo\u0142a\u0142 komisj\u0119, kt\u00f3ra mia\u0142a zbada\u0107 spraw\u0119 rzekomych objawie\u0144. 18 stycznia 1862 r. w imieniu Ko\u015bcio\u0142a orzek\u0142 o ich autentyczno\u015bci.<\/p>\n\n\n\n<p>Trzy lata p\u00f3\u017aniej Bernadeta rozpocz\u0119\u0142a nowicjat u si\u00f3str pos\u0142uguj\u0105cych chorym. W 1866 r. na zawsze opu\u015bci\u0142a Lourdes &#8211; Moja misja w Lourdes jest sko\u0144czona &#8211; o\u015bwiadczy\u0142a. Rok p\u00f3\u017aniej z\u0142o\u017cy\u0142a \u015bluby zakonne. Zosta\u0142a pomocnic\u0105 piel\u0119gniarki w klasztornej infirmerii. Z pokor\u0105 znosi\u0142a upokorzenia ze strony innych si\u00f3str, kt\u00f3rym nie mie\u015bci\u0142o si\u0119 w g\u0142owie, \u017ce Matka Bo\u017ca mog\u0142a ukaza\u0107 si\u0119 prostej dziewczynie. Zdrowie Bernadety stale si\u0119 pogarsza\u0142o. Umar\u0142a 16 kwietnia 1879 r. Mia\u0142a zaledwie 35 lat.<\/p>\n\n\n\n<p>R\u00f3wnocze\u015bnie z objawieniami rozpocz\u0105\u0142 si\u0119 w Lourdes fenomen uzdrowie\u0144, kt\u00f3ry trwa do dzi\u015b\u2026<\/p>\n\n\n\n<p>Pierwszy cud mia\u0142 miejsce w 1858 r., tj. roku objawie\u0144. Kamieniarz Luis Bouriette, kt\u00f3ry od 20 lat nie widzia\u0142 na prawe oko, \u017carliwie modli\u0142 si\u0119 przed grot\u0105 Massabielle i kilkakrotnie przemy\u0142 oczy wod\u0105 ze \u017ar\u00f3d\u0142a. Wtedy sta\u0142 si\u0119 cud: Luis odzyska\u0142 zdolno\u015b\u0107 widzenia.&nbsp;<\/p>\n\n\n\n<p>Drugie cudowne uzdrowienie nast\u0105pi\u0142o 1 marca. Katarzyna Latapie, po ci\u0119\u017ckim wypadku i skomplikowanym z\u0142amaniu, nie mog\u0142a otworzy\u0107 d\u0142oni. Po modlitwie i zanurzeniu w \u017ar\u00f3dle jej r\u0119ka zosta\u0142a uzdrowiona.&nbsp;<\/p>\n\n\n\n<p><strong>W 1858 r. zanotowano 100 przypadk\u00f3w wyj\u015bcia z chor\u00f3b, niedaj\u0105cych si\u0119 wyt\u0142umaczy\u0107 medycznie.<\/strong> Po dzie\u0144 dzisiejszy miejsce objawienia Matki Bo\u017cej gromadzi chorych, kt\u00f3rzy przybywaj\u0105 po uzdrowienie cia\u0142a i duszy. W Lourdes szukaj\u0105 te\u017c pocieszenia i si\u0142 do znoszenia cierpienia, je\u015bli taka jest wola Bo\u017ca.<\/p>\n\n\n\n<p>Zwi\u0105zek chorych z pirenejskim sanktuarium spowodowa\u0142, \u017ce <strong>gdy<br>w 1992 r. Jan Pawe\u0142 II ustanowi\u0142 \u015awiatowy Dzie\u0144 Chorego, na jego dat\u0119 wybra\u0142 dzie\u0144 pierwszego objawienia Matki Bo\u017cej w Lourdes.<\/strong> Tam te\u017c,<br>w 1993, 2004 i 2008 r. odby\u0142y si\u0119 centralne obchody tego Dnia.<\/p>\n\n\n\n<p><\/p>\n\n\n\n<figure class=\"wp-block-image\"><a href=\"http:\/\/rafalk-elblag.pl\/wp-content\/uploads\/2021\/08\/ogloszenia-parafialne-baner-01a.jpg\"><img loading=\"lazy\" decoding=\"async\" width=\"720\" height=\"232\" src=\"http:\/\/rafalk-elblag.pl\/wp-content\/uploads\/2021\/08\/ogloszenia-parafialne-baner-01a.jpg\" alt=\"\" class=\"wp-image-4410\" srcset=\"https:\/\/rafalk-elblag.pl\/wp-content\/uploads\/2021\/08\/ogloszenia-parafialne-baner-01a.jpg 720w, https:\/\/rafalk-elblag.pl\/wp-content\/uploads\/2021\/08\/ogloszenia-parafialne-baner-01a-300x97.jpg 300w\" sizes=\"auto, (max-width: 720px) 100vw, 720px\" \/><\/a><\/figure>\n\n\n\n<h1 class=\"wp-block-heading\">Og\u0142oszenia parafialne 05.02.2023r<\/h1>\n\n\n\n<ol class=\"wp-block-list\"><li><strong>Wsp\u00f3lnota \u201e KANA GALILEJSKA\u201d zaprasza na REO (Rekolekcje Ewangelizacyjne Odnowy).<\/strong> Rozpoczynamy jutro tj. 6 lutego br. Msz\u0105 \u015bw. o godz. 18:00 w naszym ko\u015bciele. <em><u>Prowadz\u0105cy to: ks. S\u0142awomir MILDE oraz ks. Tomasz WIECZOREK.<\/u><\/em><\/li><\/ol>\n\n\n\n<p><em>Pami\u0119taj \u017ce rekolekcje to czas \u0142aski i dzia\u0142ania Boga. Zach\u0119camy do zrobienia Mu przestrzeni, otwarcia na Ducha \u015awi\u0119tego kt\u00f3ry w to co stare i znane, potrafi w\u0142o\u017cy\u0107 zupe\u0142nie co\u015b nowego i \u015bwie\u017cego.<\/em><\/p>\n\n\n\n<ol class=\"wp-block-list\" start=\"2\"><li><strong>ZAPRASZAMY DZISIAJ NA ADORACJ\u0118 NAJ\u015aWI\u0118TSZEGO SAKRAMENTU OD GODZ. 16:00 DO GODZ. 18:00<\/strong><\/li><li>Ofiary sk\u0142adane dzisiaj na tac\u0119 przeznaczone s\u0105 na uregulowanie rachunku za ogrzewanie Ko\u015bcio\u0142a. <em>Dzi\u0119kuj\u0119 za zrozumienie i z\u0142o\u017cone ofiary.<\/em><\/li><li>W \u015brod\u0119 8 lutego br. spotkanie Kr\u0119gu Biblijnego o godz. 18:45 w salce na plebanii. <em>Ksi\u0105dz Sylwester serdecznie zaprasza i przypomina, \u017ce spotkania KR\u0118GU BIBLIJNEGO odbywa\u0107 si\u0119 b\u0119d\u0105 w II i IV \u015brod\u0119 miesi\u0105ca.<\/em><\/li><li>W pi\u0105tek 10 lutego przypada <strong>83 rocznica pierwszej deportacji Polak\u00f3w na Sybir<\/strong>. Tego dnia o godz. 18:00 b\u0119dzie sprawowana Msza \u015bw. w intencji Sybirak\u00f3w. <em>Serdecznie zapraszamy do wsp\u00f3lnej modlitwy.<\/em><\/li><li>W sobot\u0119 11 lutego przypada 165 rocznica Objawie\u0144 Matki Bo\u017cej z Lourdes, a zarazem jest to <strong>\u015aWIATOWY DZIE\u0143 CHOREGO<\/strong>. Chorych i ich opiekun\u00f3w zapraszamy szczeg\u00f3lnie na Msz\u0119 \u015bw. o godz. 11:00, w trakcie kt\u00f3rej zostanie <strong>udzielony SAKRAMENT NAMASZCZENIA CHORYCH.<\/strong><em> Mo\u017cliwo\u015b\u0107 skorzystania z sakramentu spowiedzi przed Msz\u0105 \u015bw. Zapraszamy.<\/em><\/li><li><strong>KORZYSTAJMY Z SAKRAMENTU SPOWIEDZI \u015aW.<\/strong><em><u> \u2013 mamy tak\u0105 mo\u017cliwo\u015b\u0107, codziennie przed Msz\u0105 \u015bw. od godz. 7:45 lub od godz.17:30.<\/u><\/em><\/li><li><strong>Kancelaria Parafialna <\/strong>czynna w \u015brody od 16:00 do 17:30 oraz w pi\u0105tki od godz. 18:45 do 19:30. Zapraszamy.<\/li><li><strong>W grudniu 2022 roku zosta\u0142y podane propozycje pielgrzymek na ten rok:<\/strong><\/li><\/ol>\n\n\n\n<ul class=\"wp-block-list\"><li>autokarow\u0105 pielgrzymk\u0119 do CZERNEJ \u2013 Sanktuarium Matki Bo\u017cej Szkaplerznej i \u015bw. Rafa\u0142a Kalinowskiego z okazji 30-lecia istnienia parafii. Termin od 9 do 13 czerwca 2023 roku tj. pi\u0119\u0107 dni. Koszt ok. 980 z\u0142.<\/li><li>autokarow\u0105 pielgrzymk\u0119 do Medjugorie we wrze\u015bniu (18-25) 2023 roku. Koszt ok. 850 z\u0142 i 250 euro.<\/li><li>samolotow\u0105 pielgrzymk\u0119 do Portugalii i Hiszpanii w drugiej po\u0142owie pa\u017adziernika (17-24) 2023 roku. Koszt ok. 4950z\u0142. i 160 euro. <em><strong>Rozpoczynamy zapisy na powy\u017csze pielgrzymki, gdy\u017c do ko\u0144ca lutego musz\u0119 potwierdzi\u0107 rezerwacj\u0119 i wp\u0142aci\u0107 zaliczk\u0119.<\/strong><\/em> <em>Zapisy i wi\u0119cej informacji u ks. Proboszcza.<\/em><\/li><\/ul>\n\n\n\n<ol class=\"wp-block-list\" start=\"10\"><li>Zach\u0119cam do nabywania nowego numeru \u201eGo\u015bcia Niedzielnego\u201d <strong>w cenie 10 z\u0142.<\/strong> <strong>z dodatkiem<\/strong> <strong>\u201eGo\u015bcia Elbl\u0105skiego\u201d<\/strong> a nim wydarzenia z diecezji.<\/li><li>Pan powo\u0142a\u0142 do wieczno\u015bci: <br><strong>\u2020 \u015bp. Jadwig\u0119 LASKOWSK\u0104<\/strong> lat 96 z ul. Brzechwy<br><strong>\u2020 \u015bp. Ryszarda KLACH<\/strong> lat 72 z ul. Og\u00f3lnej<br><strong>\u2020 \u015bp. Mariann\u0119 IDZIKOWSK\u0104<\/strong> lat 88 z ul. Brzechwy<br><strong>\u2020 \u015bp. J\u00f3zefa(m) POTURA\u0141A<\/strong> lat 71 z ul. Brzechwy<\/li><\/ol>\n\n\n\n<p><\/p>\n\n\n\n<figure class=\"wp-block-image\"><img decoding=\"async\" src=\"http:\/\/rafalk-elblag.pl\/wp-content\/uploads\/2020\/04\/baner-intencje-mszy.jpg\" alt=\"\"\/><\/figure>\n\n\n\n<h1 class=\"wp-block-heading\">Intencje mszalne 05.02.2023r<br><\/h1>\n\n\n\n<p><strong>PONIEDZIA\u0141EK \/ 6 lutego 2023 r.<\/strong><br>\u015bw. Paw\u0142a Miki i Towarzyszy<br>Mk 6, 53-56<br>8.00 \u015bp. Janina Janta-Lipi\u0144ska (6 greg.)<br>18.00 \u015bp. Bogus\u0142aw Kondrat (w 6 rocznic\u0119 \u015bmierci), Stanis\u0142aw i Stanis\u0142awa [k] Kondrat<br>18.00 \u015bp. Walentyna [k] Myszk (19 rocznica \u015bmierci)<\/p>\n\n\n\n<p><strong>WTOREK \/ 7 lutego 2023 r.<\/strong><br>Mk 7, 1-13<br>8.00 \u015bp. Janina Janta-Lipi\u0144ska (7 greg.)<br>18.00 \u015bp. Edward Kosi\u0144ski (2 rocznica \u015bmierci) i rodzice z obojga stron<br>18.00 \u015bp. Adolfa w rocznic\u0119 \u015bmierci i zmar\u0142ych z rodziny Adamowicz<\/p>\n\n\n\n<p><strong>\u015aRODA \/ 8 lutego 2023 r.<\/strong><br>Mk 7, 14-23<br>8.00 \u015bp. Janina Janta-Lipi\u0144ska (8 greg.)<br>8.00 \u015bp. Boles\u0142awa [k] Szulczyk, Bronis\u0142aw Szulczyk (10 rocznica \u015bmierci) i zmarli rodzice<br>z obojga stron<br>18.00 \u015bp. W\u0142odzimierz \u015acibor (w 1 rocznic\u0119 \u015bmierci), Piotr Korbela (w 1 rocznic\u0119 \u015bmierci)<\/p>\n\n\n\n<p><strong>CZWARTEK \/ 9 lutego 2023 r.<\/strong><br>Mk 7, 24-30<br>8.00 \u015bp. Janina Janta-Lipi\u0144ska (9 greg.)<br>18.00 \u015bp. Bronis\u0142awa [k] G\u0105sior (20 rocznica \u015bmierci)<br>18.00 \u015bp. Teresa Odziemczyk (w 2 miesi\u0105c po pogrzebie, intencja od rodziny z Garwolina)<\/p>\n\n\n\n<p><strong>PI\u0104TEK \/ 10 lutego 2023 r.<\/strong><br>\u015bw. Scholastyki<br>Mk 7, 31-37<br>8.00 \u015bp. Janina Janta-Lipi\u0144ska (10 greg.)<br>18.00 \u015bp. Stanis\u0142awa [k] K\u0119pi\u0144ska (11 rocznica \u015bmierci) oraz Antoni<br>18.00 W intencji wszystkich Sybirak\u00f3w w rocznic\u0119 pierwszej deportacji<\/p>\n\n\n\n<p><strong>SOBOTA \/ 11 lutego 2023 r.<\/strong><br>Naj\u015bwi\u0119tszej Maryi Panny z Lourdes<br>Mk 8, 1-10<br>8.00 \u015bp. Julian Hochteitner (w 8 rocznic\u0105 \u015bmierci), Cecylia Lewandowska (w 12 rocznic\u0119 \u015bmierci)<br>11.00 W intencji os\u00f3b chorych, cierpi\u0105cych i samotnych z naszej parafii o potrzebne \u0142aski<br>18.00 \u015bp. Janina Janta-Lipi\u0144ska (11 greg.)<br>18.00 \u015bp. Bartkowskich, Pa\u0142k\u00f3w, Ciesielskich, Lubowieckich, Bejnar<\/p>\n\n\n\n<p><strong>VI Niedziela Zwyk\u0142a<\/strong><br>12 lutego 2023 r.<br>Mt 5, 20-22a. 27-28. 33-34a. 37<br>8.00 \u015bp. Miros\u0142aw, rodzice i dziadkowie z obojga stron<br>8.00 \u015bp. Janina Janta-Lipi\u0144ska (12 greg.)<br>10.00 O \u017cywe dzia\u0142anie Ducha \u015awi\u0119tego w codzienno\u015bci dla Nikodema, Agnieszki i ca\u0142ej rodziny zakonnej oraz Magdaleny i jej rodziny<br>12.00 W intencji Parafian<br>15.00 \u015bp. Maria S\u0142omi\u0144ska (w 11 rocznic\u0119 \u015bmierci) i zmarli z rodziny<br>18.00 \u015bp. Roman Staszy\u0144ski (w 1 rocznic\u0119 \u015bmierci) i zmarli dziadkowie z obojga stron<\/p>\n","protected":false},"excerpt":{"rendered":"<p>Ewangelia (Mt 5, 13-16) Wy jeste\u015bcie \u015bwiat\u0142em \u015bwiata S\u0142owa Ewangelii wed\u0142ug \u015awi\u0119tego Mateusza Jezus powiedzia\u0142 do swoich uczni\u00f3w: \u00abWy jeste\u015bcie sol\u0105 ziemi. Lecz je\u015bli s\u00f3l utraci sw\u00f3j smak, czym\u017ce j\u0105 posoli\u0107? Na nic si\u0119 ju\u017c nie przyda, chyba na wyrzucenie i podeptanie przez ludzi. Wy jeste\u015bcie \u015bwiat\u0142em \u015bwiata. Nie mo\u017ce si\u0119 ukry\u0107 miasto po\u0142o\u017cone na [&hellip;]<\/p>\n","protected":false},"author":1,"featured_media":4901,"comment_status":"closed","ping_status":"closed","sticky":false,"template":"","format":"standard","meta":{"ngg_post_thumbnail":0,"footnotes":""},"categories":[11,8,4,3],"tags":[],"class_list":["post-4900","post","type-post","status-publish","format-standard","has-post-thumbnail","hentry","category-aktualnosci","category-blog","category-intencje","category-ogloszenia"],"_links":{"self":[{"href":"https:\/\/rafalk-elblag.pl\/index.php?rest_route=\/wp\/v2\/posts\/4900","targetHints":{"allow":["GET"]}}],"collection":[{"href":"https:\/\/rafalk-elblag.pl\/index.php?rest_route=\/wp\/v2\/posts"}],"about":[{"href":"https:\/\/rafalk-elblag.pl\/index.php?rest_route=\/wp\/v2\/types\/post"}],"author":[{"embeddable":true,"href":"https:\/\/rafalk-elblag.pl\/index.php?rest_route=\/wp\/v2\/users\/1"}],"replies":[{"embeddable":true,"href":"https:\/\/rafalk-elblag.pl\/index.php?rest_route=%2Fwp%2Fv2%2Fcomments&post=4900"}],"version-history":[{"count":1,"href":"https:\/\/rafalk-elblag.pl\/index.php?rest_route=\/wp\/v2\/posts\/4900\/revisions"}],"predecessor-version":[{"id":4902,"href":"https:\/\/rafalk-elblag.pl\/index.php?rest_route=\/wp\/v2\/posts\/4900\/revisions\/4902"}],"wp:featuredmedia":[{"embeddable":true,"href":"https:\/\/rafalk-elblag.pl\/index.php?rest_route=\/wp\/v2\/media\/4901"}],"wp:attachment":[{"href":"https:\/\/rafalk-elblag.pl\/index.php?rest_route=%2Fwp%2Fv2%2Fmedia&parent=4900"}],"wp:term":[{"taxonomy":"category","embeddable":true,"href":"https:\/\/rafalk-elblag.pl\/index.php?rest_route=%2Fwp%2Fv2%2Fcategories&post=4900"},{"taxonomy":"post_tag","embeddable":true,"href":"https:\/\/rafalk-elblag.pl\/index.php?rest_route=%2Fwp%2Fv2%2Ftags&post=4900"}],"curies":[{"name":"wp","href":"https:\/\/api.w.org\/{rel}","templated":true}]}}