{"id":4896,"date":"2023-01-29T20:58:57","date_gmt":"2023-01-29T20:58:57","guid":{"rendered":"http:\/\/rafalk-elblag.pl\/?p=4896"},"modified":"2023-02-06T17:39:56","modified_gmt":"2023-02-06T17:39:56","slug":"ogloszenia-29-01-2023-iv-niedziela-zwykla","status":"publish","type":"post","link":"https:\/\/rafalk-elblag.pl\/?p=4896","title":{"rendered":"Og\u0142oszenia 29.01.2023, IV Niedziela Zwyk\u0142a"},"content":{"rendered":"\n<figure class=\"wp-block-embed is-type-video is-provider-youtube wp-block-embed-youtube wp-embed-aspect-16-9 wp-has-aspect-ratio\"><div class=\"wp-block-embed__wrapper\">\n<iframe loading=\"lazy\" title=\"ks. Piotr Pawlukiewicz - Osiem b\u0142ogos\u0142awie\u0144stw.\" width=\"900\" height=\"506\" src=\"https:\/\/www.youtube.com\/embed\/w45KK29iJk8?feature=oembed\" frameborder=\"0\" allow=\"accelerometer; autoplay; clipboard-write; encrypted-media; gyroscope; picture-in-picture; web-share\" allowfullscreen><\/iframe>\n<\/div><\/figure>\n\n\n\n<h1 class=\"wp-block-heading\">Ewangelia (Mt 5, 1-12a)\nB\u0142ogos\u0142awieni ubodzy w duchu\n<\/h1>\n\n\n\n<p>S\u0142owa Ewangelii wed\u0142ug \u015awi\u0119tego Mateusza<\/p>\n\n\n\n<p>\n\nJezus, widz\u0105c t\u0142umy, wyszed\u0142 na g\u00f3r\u0119. A gdy usiad\u0142, przyst\u0105pili do Niego Jego uczniowie. Wtedy otworzy\u0142 usta i naucza\u0142 ich tymi s\u0142owami:\n\n\u00abB\u0142ogos\u0142awieni ubodzy w duchu, albowiem do nich nale\u017cy kr\u00f3lestwo niebieskie.\n\nB\u0142ogos\u0142awieni, kt\u00f3rzy si\u0119 smuc\u0105, albowiem oni b\u0119d\u0105 pocieszeni.\n\nB\u0142ogos\u0142awieni cisi, albowiem oni na w\u0142asno\u015b\u0107 posi\u0105d\u0105 ziemi\u0119.\n\nB\u0142ogos\u0142awieni, kt\u00f3rzy \u0142akn\u0105 i pragn\u0105 sprawiedliwo\u015bci, albowiem oni b\u0119d\u0105 nasyceni.\n\nB\u0142ogos\u0142awieni mi\u0142osierni, albowiem oni mi\u0142osierdzia dost\u0105pi\u0105.\n\nB\u0142ogos\u0142awieni czystego serca, albowiem oni Boga ogl\u0105da\u0107 b\u0119d\u0105.\n\nB\u0142ogos\u0142awieni, kt\u00f3rzy wprowadzaj\u0105 pok\u00f3j, albowiem oni b\u0119d\u0105 nazwani synami Bo\u017cymi.\n\nB\u0142ogos\u0142awieni, kt\u00f3rzy cierpi\u0105 prze\u015bladowanie dla sprawiedliwo\u015bci, albowiem do nich nale\u017cy kr\u00f3lestwo niebieskie.\n\nB\u0142ogos\u0142awieni jeste\u015bcie, gdy wam ur\u0105gaj\u0105 i prze\u015bladuj\u0105 was i gdy z mego powodu m\u00f3wi\u0105 k\u0142amliwie wszystko z\u0142e o was. Cieszcie si\u0119 i radujcie, albowiem wielka jest wasza nagroda w niebie\u00bb.\n\n\n\n<\/p>\n\n\n\n<h1 class=\"wp-block-heading\"><strong><strong><strong><strong><strong><strong><strong><strong><strong><strong><strong><strong><strong><strong><strong>Ofiarowanie Jezusa w \u015bwi\u0105tyni<\/strong><\/strong><\/strong><\/strong><\/strong><\/strong><\/strong><\/strong><\/strong><\/strong><\/strong><\/strong><\/strong><\/strong><\/strong><\/h1>\n\n\n\n<p><strong> 2 lutego Ko\u015bci\u00f3\u0142 obchodzi \u015bwi\u0119to Ofiarowania Pa\u0144skiego. W ten spos\u00f3b ca\u0142y lud Bo\u017cy prze\u017cywa na nowo to, co wydarzy\u0142o si\u0119 w \u015bwi\u0105tyni jerozolimskiej &#8211; Naj\u015bwi\u0119tsza Maryja wraz ze \u015bw. J\u00f3zefem ofiarowa\u0142a Dzieci\u0105tko Jezus Bogu Ojcu, a Symeon og\u0142osi\u0142, \u017ce nowo narodzony Syn Bo\u017cy jest \u015awiat\u0142em \u015bwiata i Zbawieniem narod\u00f3w.<\/strong><\/p>\n\n\n\n<p>Ofiarowanie Jezusa w \u015bwi\u0105tyni jerozolimskiej opisuje Ewangelista \u0141ukasz. Naj\u015bwi\u0119tsza Maryja i \u015bw. J\u00f3zef przynie\u015bli w czterdziestym dniu \u017cycia Jezusa do \u015bwi\u0105tyni, by wype\u0142ni\u0107 Prawo Starego Testamentu. Obok Jezusa<br>i Jego Matki w obrz\u0119dzie ofiarowania udzia\u0142 wzi\u0105\u0142 tak\u017ce starzec Symeon. Ewangelista \u0141ukasz okre\u015bla go trzema znaczeniami: cz\u0142owieka sprawiedliwego, pobo\u017cnego i wyczekuj\u0105cego pociechy Izraela ( por. \u0141k 2, 25). Otrzyma\u0142 on od Boga obietnic\u0119, \u017ce nie umrze wcze\u015bniej, a\u017c w\u0142asnymi oczami nie ujrzy Zbawiciela. Czeka\u0142 przez wiele lat z t\u0119sknot\u0105, mi\u0142o\u015bci\u0105 i wiar\u0105. Gdy biedni i nie znani mu Rodzice wnosili Dzieci\u0119 &#8211; ze szczeg\u00f3lnym tchnieniem \u0142aski dostrzeg\u0142 w Nim Tego, kt\u00f3rego oczekiwa\u0142. Wzi\u0105\u0142 Dzieci\u0119 na r\u0119ce i powiedzia\u0142 o Nim, \u017ce jest \u015awiat\u0142em na o\u015bwiecenie pogan i chwa\u0142\u0105 Izraela.<\/p>\n\n\n\n<p>Maryja ofiaruje Syna Bo\u017cego Bogu, z&nbsp;woli Boga, wype\u0142niaj\u0105c tym samym prawo starotestamentalne. Ofiaruj\u0105c swojego Syna, pragnie Ona ofiarowa\u0107 ka\u017cdego z&nbsp;nas, poniewa\u017c jeste\u015bmy Jej dziedzictwem. Maryja wskazuje nam Jezusa, kt\u00f3ry powiedzia\u0142 o&nbsp;sobie, \u017ce jest \u015awiat\u0142o\u015bci\u0105 \u015bwiata, a kto idzie za Tym \u015awiat\u0142em nie b\u0119dzie chodzi\u0142 w ciemno\u015bciach (J 8, 12). To \u015bwiat\u0142o &#8211; Jej Syn Jezus &#8211; poprowadzi nas do nieba. Male\u0144ki Chrystus przyniesiony do \u015bwi\u0105tyni spotyka si\u0119 z&nbsp;ludem Bo\u017cym w&nbsp;osobach Symeona i&nbsp;Anny, kt\u00f3rzy oczekiwali swojego Zbawiciela, a&nbsp;prowadzeni i&nbsp;o\u015bwieceni przez Ducha \u015awi\u0119tego rozpoznali Go w&nbsp;Chrystusie i&nbsp;wyznali w&nbsp;Niego wiar\u0119. To spotkanie mia\u0142o znaczenie uniwersalne: by\u0142o spotkaniem ludzko\u015bci i&nbsp;Pana w&nbsp;Jego &#8211; Boga \u015bwi\u0105tyni. Now\u0105 \u015bwi\u0105tyni\u0105 dzisiaj jest Ko\u015bci\u00f3\u0142, w&nbsp;kt\u00f3rym mo\u017cemy spotka\u0107 Jezusa&nbsp;i&nbsp;&#8211; jak Symeon &#8211; przyj\u0105\u0107 Go do serca. Nape\u0142ni\u0107 si\u0119 s\u0142owem Pana, i&nbsp;\u015bwiat\u0142em na naszej \u015bcie\u017cce, nasyci\u0107 Jego Cia\u0142em &#8211; moc\u0105 i&nbsp;po\u017cywieniem naszym.<\/p>\n\n\n\n<p>W Polsce \u015bwi\u0119to Ofiarowania Pana Jezusa nabra\u0142o charakteru wybitnie maryjnego. Polacy widz\u0105 w Maryi T\u0119, dzi\u0119ki kt\u00f3rej na ziemi\u0119 przysz\u0142o niebia\u0144skie \u015awiat\u0142o i kt\u00f3ra nas tym \u015awiat\u0142em broni i os\u0142ania od wszelkiego z\u0142a. Dlatego cz\u0119sto brano do r\u0119ki gromnice, zw\u0142aszcza w niebezpiecze\u0144stwach wielkich kl\u0119sk i gro\u017c\u0105cej \u015bmierci. Dawniej wielkim wrogiem dom\u00f3w w Polsce by\u0142y burze, a zw\u0142aszcza pioruny, kt\u00f3re zapala\u0142y i niszczy\u0142y g\u0142\u00f3wnie drewniane domostwa. W\u0142a\u015bnie od nich mia\u0142a strzec domy \u015bwieca po\u015bwi\u0119cona w \u015bwi\u0119to Ofiarowania Chrystusa. P\u0142omie\u0144 po\u015bwi\u0119conej gromnicy symbolizuje Jezusa &#8211; \u015awiat\u0142o\u015b\u0107 \u015bwiata, Chrystusa, kt\u00f3ry ucisza\u0142 burze, by\u0142, jest i na zawsze pozostanie Panem wszystkich praw natury. Gromnica zwykle by\u0142a pi\u0119knie przystrajana i malowana. W czasie burzy zapalano j\u0105 i stawiano w oknach, by prosi\u0107 Maryj\u0119 o ochron\u0119. Gromnic\u0119 wr\u0119czano r\u00f3wnie\u017c konaj\u0105cym, aby jej p\u0142omie\u0144 pom\u00f3g\u0142 umieraj\u0105cemu my\u015ble\u0107 o Chrystusie.<\/p>\n\n\n\n<p>\u015awiec\u0119 \u015bwi\u0119ci si\u0119 co rok, poniewa\u017c wynika to z tradycji. Dzi\u015b gromnic\u0119 pali si\u0119 rzadko, zapominamy o tym, by modli\u0107 si\u0119 przy jej towarzystwie. Niegdy\u015b bardzo cz\u0119sto palono gromnic\u0119, w czasie nawa\u0142nic, burz \u2013 st\u0105d gromnica szybko si\u0119 wypala\u0142a i pojawi\u0142a si\u0119 potrzeba, by obrz\u0119d po\u015bwi\u0119cenia \u015bwiec odbywa\u0142 si\u0119 co roku.&nbsp;<\/p>\n\n\n\n<p>Dzi\u015b r\u00f3wnie\u017c mo\u017cemy modli\u0107 si\u0119 przy \u015bwietle gromnicy. S\u0105 to najcz\u0119\u015bciej sytuacje, kiedy powstaje zagro\u017cenie zwi\u0105zane z kataklizmami, panowaniem \u017cywio\u0142\u00f3w. Symbol \u015bwiat\u0142a ma by\u0107 dowodem obecno\u015bci Boga w trudnych chwilach. \u015awiec\u0119 mo\u017cna tak\u017ce zapali\u0107, kiedy w \u017cyciu cz\u0142owieka s\u0105 sytuacje bez wyj\u015bcia, gdy wszystkie sprawy si\u0119 komplikuj\u0105 \u2013 prosz\u0105c, by \u015bwiat\u0142o Chrystusa wskaza\u0142o drog\u0119 wyj\u015bcia, oczyszczenia. Gromnic\u0119 zapala si\u0119 tak\u017ce w obecno\u015bci umieraj\u0105cej osoby, aby \u015bwiat\u0142o\u015b\u0107 Chrystusa zaprowadzi\u0142a j\u0105 do zbawienia.&nbsp;<\/p>\n\n\n\n<p><\/p>\n\n\n\n<figure class=\"wp-block-image\"><a href=\"http:\/\/rafalk-elblag.pl\/wp-content\/uploads\/2021\/08\/ogloszenia-parafialne-baner-01a.jpg\"><img loading=\"lazy\" decoding=\"async\" width=\"720\" height=\"232\" src=\"http:\/\/rafalk-elblag.pl\/wp-content\/uploads\/2021\/08\/ogloszenia-parafialne-baner-01a.jpg\" alt=\"\" class=\"wp-image-4410\" srcset=\"https:\/\/rafalk-elblag.pl\/wp-content\/uploads\/2021\/08\/ogloszenia-parafialne-baner-01a.jpg 720w, https:\/\/rafalk-elblag.pl\/wp-content\/uploads\/2021\/08\/ogloszenia-parafialne-baner-01a-300x97.jpg 300w\" sizes=\"auto, (max-width: 720px) 100vw, 720px\" \/><\/a><\/figure>\n\n\n\n<h1 class=\"wp-block-heading\">Og\u0142oszenia parafialne 29.01.2023r<\/h1>\n\n\n\n<ol class=\"wp-block-list\"><li><strong>We wtorek 31 stycznia br. na godz. 10:00 zapraszam ch\u0119tne osoby do pomocy przy rozbieraniu dekoracji \u015bwi\u0105tecznej ko\u015bcio\u0142a.<\/strong><\/li><li><strong>W czwartek przypada \u015awi\u0119to Ofiarowania Pa\u0144skiego.<\/strong> W ca\u0142ym Ko\u015bciele obchodzimy \u015awiatowy Dzie\u0144 \u017bycia Konsekrowanego. W tym dniu czcimy Chrystusa Pana &#8211; \u015awiat\u0142o\u015b\u0107 \u015awiata (symbolizuj\u0105 to \u015bwiece) i Jego Matk\u0119 pod nazw\u0105 Matki Bo\u017cej Gromnicznej. <strong>Po\u015bwi\u0119cenie \u015bwiec podczas ka\u017cdej Mszy \u015bw. o godz. 8:00, 11:00 i 18:00<\/strong><\/li><li>W pi\u0105tek wspomnienie \u015bw. B\u0142a\u017ceja patrona od chor\u00f3b gard\u0142a. <em>Zapraszamy do wsp\u00f3lnej modlitwy podczas Mszy \u015bw. o&nbsp;godz. 8:00 i 18:00 za wstawiennictwem \u015bwi\u0119tego patrona.<\/em><\/li><li>W tym tygodniu przypada pierwszy czwartek, pi\u0105tek i sobota miesi\u0105ca.<\/li><\/ol>\n\n\n\n<ul class=\"wp-block-list\"><li><strong>w pierwszy czwartek <\/strong>zapraszamy do wsp\u00f3lnej modlitwy o nowe powo\u0142ania kap\u0142a\u0144skie i zakonne.<strong> Msza \u015bw. o godz. 18:00, a po niej ,,Godzina \u015awi\u0119ta\u201d<\/strong>, czyli ADORACJA przed Naj\u015bwi\u0119tszym Sakramentem w powy\u017cszych intencjach.<\/li><li><strong>w pierwszy pi\u0105tek<\/strong> spowied\u017a dla dzieci, m\u0142odzie\u017cy i doros\u0142ych w tygodniu od godz. 17:30 i Msza \u015bw. Wotywna o NSPJ dla wszystkich o godz.18:00. Zapraszamy.<\/li><li><strong>w pierwsz\u0105 sobot\u0119<\/strong> przed Msz\u0105 \u015bw. o godz. 17:00 zapraszamy na nabo\u017ce\u0144stwo wynagradzaj\u0105ce Niepokalanemu Sercu Maryi za zniewagi grzesznik\u00f3w. <em>Tego dnia zmiana tajemnic dla \u017bywego R\u00f3\u017ca\u0144ca.<\/em><\/li><\/ul>\n\n\n\n<ol class=\"wp-block-list\" start=\"5\"><li>Z racji pierwszego pi\u0105tku kap\u0142ani udadz\u0105 si\u0119 do chorych 3 lutego od godz. 9:30.<\/li><li><strong>Wsp\u00f3lnota \u201e KANA GALILEJSKA\u201d zaprasza na REO (Rekolekcje Ewangelizacyjne Odnowy).<\/strong> Rozpocz\u0119cie 6 lutego br. Msz\u0105 \u015bw. o godz. 18:00 w naszym ko\u015bciele. <em><u>Prowadz\u0105cy to: ks. S\u0142awomir MILDE oraz ks. Tomasz WIECZOREK.<\/u><\/em> <br><br><em>S\u0105 to 7 \u2013 tygodniowe rekolekcje przeznaczone dla os\u00f3b doros\u0142ych oraz dla m\u0142odzie\u017cy, kt\u00f3ra uko\u0144czy\u0142a 17 lat. Spotkania cotygodniowe w poniedzia\u0142ki obejmuj\u0105 wsp\u00f3ln\u0105 modlitw\u0119, konferencje i spotkanie w grupach.<\/em> Pami\u0119taj \u017ce rekolekcje to czas \u0142aski i dzia\u0142ania Boga.<br><br>Zach\u0119camy do zrobienia Mu przestrzeni, otwarcia na Ducha \u015awi\u0119tego kt\u00f3ry w to co stare i znane, potrafi w\u0142o\u017cy\u0107 zupe\u0142nie co\u015b nowego i \u015bwie\u017cego. <em><strong>ZAPRASZAMY.<\/strong><\/em> ULOTK\u0118 ZNAJDZIESZ PRZY BIULETYNIE.<\/li><\/ol>\n\n\n\n<ol class=\"wp-block-list\" start=\"7\"><li><strong>Na czas ferii zimowych &#8211; wszystkim dzieciom, m\u0142odzie\u017cy i nauczycielom \u017cyczymy na ten czas b\u0142ogos\u0142awie\u0144stwa Bo\u017cego, bezpiecznego i pe\u0142nego rado\u015bci wypoczynku.<\/strong><\/li><\/ol>\n\n\n\n<p><\/p>\n\n\n\n<figure class=\"wp-block-image\"><img decoding=\"async\" src=\"http:\/\/rafalk-elblag.pl\/wp-content\/uploads\/2020\/04\/baner-intencje-mszy.jpg\" alt=\"\"\/><\/figure>\n\n\n\n<h1 class=\"wp-block-heading\">Intencje mszalne 29.01.2023r<br><\/h1>\n\n\n\n<p><strong>PONIEDZIA\u0141EK \/ 30 stycznia 2023 r.<\/strong><br>8.00 Z okazji urodzin Adrianny o moc b\u0142. Bo\u017cego i opiek\u0119 dla ca\u0142ej jej rodziny<br>18.00 \u015bp. Marcin Kierzkowski (30 greg.)<\/p>\n\n\n\n<p><strong>WTOREK \/ 31 stycznia 2023 r.<\/strong><br>\u015bw. Jana Bosko<br>8.00 \u015bp. Krystyna Mo\u0142ek<br>18.00 \u015bp. J\u00f3zef Smolak w 19 rocznica \u015bmierci<br>\u015aRODA \/ 1 lutego 2023 r.<br>8.00 \u015bp. Jolanta Janta-Lipi\u0144ska (1 greg.)<br>18.00 \u015bp. Jerzy (w 3 rocznic\u0119 \u015bmierci)<br>18.00 \u015bp. Mieczys\u0142aw Salwin w rocznic\u0119 \u015bmierci<\/p>\n\n\n\n<p><strong>CZWARTEK \/ 2 lutego 2023 r.<\/strong><br>\u015awi\u0119to Ofiarowania Pa\u0144skiego<br>Pierwszy czwartek miesi\u0105ca<br>8.00 Dzi\u0119kczynna za otrzymane \u0142aski z pro\u015bb\u0105 o dalsze \u0142aski dla Ireny i Zenona<br>11.00 W intencji os\u00f3b konsekrowanych pos\u0142uguj\u0105cychw naszym mie\u015bcie, zakony kaluzurowe (karmelitanki, klaryski) z pro\u015bb\u0105 o nowe powo\u0142ania do swoich zakon\u00f3w<br>18.00 Za powo\u0142anych z naszej parafii oraz o nowe powo\u0142ania kap\u0142a\u0144skie , zakonne i misyjne<br>18.00 \u015bp. Jolanta Janta-Lipi\u0144ska (2 greg.)<\/p>\n\n\n\n<p><strong>PI\u0104TEK \/ 3 lutego 2023 r.<\/strong><br>Pierwszy pi\u0105tek miesi\u0105ca<br>8.00 Za dusze w czy\u015b\u0107cu cierpi\u0105ce<br>18.00 \u015bp. Jolanta Janta-Lipi\u0144ska (3 greg.)<\/p>\n\n\n\n<p><strong>SOBOTA \/ 4 lutego 2023 r.<\/strong><br>\u015bw. Tomasza z Akwinu<br>Pierwsza sobota miesi\u0105ca<br>8.00 \u015bp. Jolanta Janta-Lipi\u0144ska (4 greg.)<br>18.00 W intencji \u017bywego R\u00f3\u017ca\u0144ca<\/p>\n\n\n\n<p><strong>V Niedziela Zwyk\u0142a \u2013 Niedziela Adoracji Naj\u015bwi\u0119tszego Sakramentu<\/strong><br>5 lutego 2023 r.<br>8.00 O do\u015bwiadczenie Bo\u017cej mi\u0142o\u015bci dla Karoliny i Sebastiana<br>10.00 \u015bp. Janina Pastuszka (6 rocznica \u015bmierci) oraz Jan, Tadeusz, Zbigniew, Wojciech i zmarli z rodziny<br>12.00 W intencji Parafian<br>15.00 \u015bp. Jan Marcinkowski (2 rocznica \u015bmierci)<br>18.00 \u015bp. Weronika Fiodorowicz (2 rocznica \u015bmierci) oraz Jan Fiodorowicz<br>18.00 \u015bp. Jolanta Janta-Lipi\u0144ska (5 greg.)<\/p>\n","protected":false},"excerpt":{"rendered":"<p>Ewangelia (Mt 5, 1-12a) B\u0142ogos\u0142awieni ubodzy w duchu S\u0142owa Ewangelii wed\u0142ug \u015awi\u0119tego Mateusza Jezus, widz\u0105c t\u0142umy, wyszed\u0142 na g\u00f3r\u0119. A gdy usiad\u0142, przyst\u0105pili do Niego Jego uczniowie. Wtedy otworzy\u0142 usta i naucza\u0142 ich tymi s\u0142owami: \u00abB\u0142ogos\u0142awieni ubodzy w duchu, albowiem do nich nale\u017cy kr\u00f3lestwo niebieskie. B\u0142ogos\u0142awieni, kt\u00f3rzy si\u0119 smuc\u0105, albowiem oni b\u0119d\u0105 pocieszeni. B\u0142ogos\u0142awieni cisi, [&hellip;]<\/p>\n","protected":false},"author":1,"featured_media":4897,"comment_status":"closed","ping_status":"closed","sticky":false,"template":"","format":"standard","meta":{"ngg_post_thumbnail":0,"footnotes":""},"categories":[11,8,4,3],"tags":[],"class_list":["post-4896","post","type-post","status-publish","format-standard","has-post-thumbnail","hentry","category-aktualnosci","category-blog","category-intencje","category-ogloszenia"],"_links":{"self":[{"href":"https:\/\/rafalk-elblag.pl\/index.php?rest_route=\/wp\/v2\/posts\/4896","targetHints":{"allow":["GET"]}}],"collection":[{"href":"https:\/\/rafalk-elblag.pl\/index.php?rest_route=\/wp\/v2\/posts"}],"about":[{"href":"https:\/\/rafalk-elblag.pl\/index.php?rest_route=\/wp\/v2\/types\/post"}],"author":[{"embeddable":true,"href":"https:\/\/rafalk-elblag.pl\/index.php?rest_route=\/wp\/v2\/users\/1"}],"replies":[{"embeddable":true,"href":"https:\/\/rafalk-elblag.pl\/index.php?rest_route=%2Fwp%2Fv2%2Fcomments&post=4896"}],"version-history":[{"count":2,"href":"https:\/\/rafalk-elblag.pl\/index.php?rest_route=\/wp\/v2\/posts\/4896\/revisions"}],"predecessor-version":[{"id":4903,"href":"https:\/\/rafalk-elblag.pl\/index.php?rest_route=\/wp\/v2\/posts\/4896\/revisions\/4903"}],"wp:featuredmedia":[{"embeddable":true,"href":"https:\/\/rafalk-elblag.pl\/index.php?rest_route=\/wp\/v2\/media\/4897"}],"wp:attachment":[{"href":"https:\/\/rafalk-elblag.pl\/index.php?rest_route=%2Fwp%2Fv2%2Fmedia&parent=4896"}],"wp:term":[{"taxonomy":"category","embeddable":true,"href":"https:\/\/rafalk-elblag.pl\/index.php?rest_route=%2Fwp%2Fv2%2Fcategories&post=4896"},{"taxonomy":"post_tag","embeddable":true,"href":"https:\/\/rafalk-elblag.pl\/index.php?rest_route=%2Fwp%2Fv2%2Ftags&post=4896"}],"curies":[{"name":"wp","href":"https:\/\/api.w.org\/{rel}","templated":true}]}}