{"id":4892,"date":"2023-01-22T09:57:52","date_gmt":"2023-01-22T09:57:52","guid":{"rendered":"http:\/\/rafalk-elblag.pl\/?p=4892"},"modified":"2023-01-22T09:57:52","modified_gmt":"2023-01-22T09:57:52","slug":"ogloszenia-22-01-2023-iii-niedziela-zwykla","status":"publish","type":"post","link":"https:\/\/rafalk-elblag.pl\/?p=4892","title":{"rendered":"Og\u0142oszenia 22.01.2023, III Niedziela Zwyk\u0142a"},"content":{"rendered":"\n<figure class=\"wp-block-embed is-type-video is-provider-youtube wp-block-embed-youtube wp-embed-aspect-16-9 wp-has-aspect-ratio\"><div class=\"wp-block-embed__wrapper\">\n<iframe loading=\"lazy\" title=\"Nasz pocz\u0105tek Ewangelii - III Niedziela Zwyk\u0142a A Niedziela S\u0142owa Bo\u017cego kazanie dla dzieci\" width=\"900\" height=\"506\" src=\"https:\/\/www.youtube.com\/embed\/rJ74wCkysqE?feature=oembed\" frameborder=\"0\" allow=\"accelerometer; autoplay; clipboard-write; encrypted-media; gyroscope; picture-in-picture; web-share\" allowfullscreen><\/iframe>\n<\/div><\/figure>\n\n\n\n<h1 class=\"wp-block-heading\">Ewangelia (Mt 4, 12-23)\nNa Jezusie spe\u0142nia si\u0119 zapowied\u017a Izajasza\n<\/h1>\n\n\n\n<p>S\u0142owa Ewangelii wed\u0142ug \u015awi\u0119tego Mateusza<\/p>\n\n\n\n<p>\n\nGdy Jezus pos\u0142ysza\u0142, \u017ce Jan zosta\u0142 uwi\u0119ziony, usun\u0105\u0142 si\u0119 do Galilei. Opu\u015bci\u0142 jednak Nazaret, przyszed\u0142 i osiad\u0142 w Kafarnaum nad jeziorem, na pograniczu ziem Zabulona i Neftalego. Tak mia\u0142o si\u0119 spe\u0142ni\u0107 s\u0142owo proroka Izajasza: \u00abZiemia Zabulona i ziemia Neftalego, na drodze ku morzu, Zajordanie, Galilea pogan! Lud, kt\u00f3ry siedzia\u0142 w ciemno\u015bci, ujrza\u0142 \u015bwiat\u0142o wielkie, i mieszka\u0144com cienistej krainy \u015bmierci wzesz\u0142o \u015bwiat\u0142o\u00bb.\n\nOdt\u0105d pocz\u0105\u0142 Jezus naucza\u0107 i m\u00f3wi\u0107: \u00abNawracajcie si\u0119, albowiem bliskie jest kr\u00f3lestwo niebieskie\u00bb.\n\nPrzechodz\u0105c obok Jeziora Galilejskiego, Jezus ujrza\u0142 dw\u00f3ch braci: Szymona, zwanego Piotrem, i brata jego, Andrzeja, jak zarzucali sie\u0107 w jezioro; byli bowiem rybakami. I rzek\u0142 do nich: \u00abP\u00f3jd\u017acie za Mn\u0105, a uczyni\u0119 was rybakami ludzi\u00bb. Oni natychmiast, zostawiwszy sieci, poszli za Nim.\n\nA id\u0105c stamt\u0105d dalej, ujrza\u0142 innych dw\u00f3ch braci: Jakuba, syna Zebedeusza, i brata jego, Jana, jak z ojcem swym Zebedeuszem naprawiali w \u0142odzi swe sieci. Ich te\u017c powo\u0142a\u0142. A oni natychmiast zostawili \u0142\u00f3d\u017a i ojca i poszli za Nim.\n\nI obchodzi\u0142 Jezus ca\u0142\u0105 Galile\u0119, nauczaj\u0105c w tamtejszych synagogach, g\u0142osz\u0105c Ewangeli\u0119 o kr\u00f3lestwie i lecz\u0105c wszelkie choroby i wszelkie s\u0142abo\u015bci w\u015br\u00f3d ludu.\n\n\n<\/p>\n\n\n\n<h1 class=\"wp-block-heading\"><strong><strong><strong><strong><strong><strong><strong><strong><strong><strong><strong><strong><strong><strong>Pismo \u015awi\u0119te w \u017cyciu Ko\u015bcio\u0142a<\/strong><\/strong><\/strong><\/strong><\/strong><\/strong><\/strong><\/strong><\/strong><\/strong><\/strong><\/strong><\/strong><\/strong><\/h1>\n\n\n\n<p>Pismo \u015awi\u0119te jest podstawowym \u017ar\u00f3d\u0142em naszej wiary. Jest to ksi\u0119ga objawienia si\u0119 Boga ludzko\u015bci; s\u0105 w niej zapisane do\u015bwiadczenia ludzi w kontakcie z Bogiem.<\/p>\n\n\n\n<p>Objawienie Bo\u017ce zawarte w Pi\u015bmie \u015awi\u0119tym staje si\u0119 dost\u0119pne<br>w Ko\u015bciele. Ko\u015bci\u00f3\u0142 g\u0142osi Objawienie, t\u0142umaczy je i chroni przed b\u0142\u0119dnym rozumieniem (por. 2 P 1,20). Objawienie Bo\u017ce nie zosta\u0142o dane ka\u017cdemu cz\u0142owiekowi z osobna, lecz ludzkiej wsp\u00f3lnocie: najpierw narodowi izraelskiemu \u2013 Ludowi Bo\u017cemu Starego Przymierza, a nast\u0119pnie wyznawcom Chrystusa \u2013 Ludowi Bo\u017cemu Nowego Testamentu.<\/p>\n\n\n\n<p><strong>To, co g\u0142osili prorocy, a p\u00f3\u017aniej to, co g\u0142osili aposto\u0142owie, nie pochodzi\u0142o od nich samych: g\u0142osili Objawienie Bo\u017ce.<\/strong> Prorocy g\u0142osili to, co im nakazywa\u0142 B\u00f3g, aposto\u0142owie to, co widzieli i s\u0142yszeli od Jezusa Chrystusa (por. 2 P 1,21). <strong>Zosta\u0142o to spisane pod natchnieniem Ducha \u015awi\u0119tego. Jest zatem nie tyle s\u0142owem ludzkim, ile S\u0142owem Bo\u017cym: zachowanym na pi\u015bmie Bo\u017cym Objawieniem.<\/strong> Z tej racji Ko\u015bci\u00f3\u0142, nauczaj\u0105c i wyja\u015bniaj\u0105c Pismo \u015awi\u0119te, chce mu si\u0119 w pe\u0142ni poddawa\u0107, kierowa\u0107 si\u0119 nim, nie odst\u0119puj\u0105c od niego. Wierzy te\u017c, \u017ce zgodnie z obietnic\u0105 Chrystusa, kt\u00f3ry zapewni\u0142 swoim uczniom Ducha \u015awi\u0119tego, ten sam Duch, dzi\u0119ki kt\u00f3remu S\u0142owo Bo\u017ce by\u0142o wiernie g\u0142oszone, a p\u00f3\u017aniej spisane, dzi\u015b czuwa nad jego wiernym nauczaniem i wyja\u015bnianiem przez Ko\u015bci\u00f3\u0142.<\/p>\n\n\n\n<p>B\u00f3g da\u0142 Ko\u015bcio\u0142owi Pismo \u015awi\u0119te jako obowi\u0105zuj\u0105c\u0105 norm\u0119 wiary. Wszelkie \u017cycie religijne, kt\u00f3re nie rodzi si\u0119 i nie rozwija w zgodzie z Bibli\u0105, nie jest tym \u017cyciem, o kt\u00f3re w chrze\u015bcija\u0144stwie chodzi i kt\u00f3re B\u00f3g pragnie w chrze\u015bcijanach wzbudza\u0107.<\/p>\n\n\n\n<p><strong>Dla rozwoju, umocnienia i pog\u0142\u0119bienia wiary konieczna jest znajomo\u015b\u0107 Pisma \u015awi\u0119tego. <\/strong>Katechizm Ko\u015bcio\u0142a Katolickiego cytuj\u0105c soborow\u0105 Konstytucj\u0119 o Objawieniu stwierdza: \u201eTak wielka tkwi w s\u0142owie Bo\u017cym moc i pot\u0119ga, \u017ce&nbsp;jest ono dla Ko\u015bcio\u0142a podpor\u0105 i si\u0142\u0105 \u017cywotn\u0105, a dla syn\u00f3w Ko\u015bcio\u0142a utwierdzeniem wiary, pokarmem duszy oraz \u017ar\u00f3d\u0142em czystym i sta\u0142ym \u017cycia duchowego.\u201d (KKK 131) Dlatego wszyscy wierz\u0105cy s\u0105 zach\u0119cani do lektury Pisma \u015awi\u0119tego: \u201eKo\u015bci\u00f3\u0142 usilnie i szczeg\u00f3lnie upomina wszystkich wiernych (\u2026), aby przez cz\u0119ste czytanie Pisma \u015awi\u0119tego nabywali \u00abnajwy\u017csz\u0105 warto\u015b\u0107 poznania Chrystusa Jezusa\u00bb (Flp 3,8). <strong>\u00abNieznajomo\u015b\u0107 Pisma \u015awi\u0119tego jest nieznajomo\u015bci\u0105 Chrystusa\u00bb<\/strong> (\u015bw. Hieronim)\u201d (KKK 133).<\/p>\n\n\n\n<p>Zastan\u00f3w si\u0119:&nbsp;<em>Czy znajdujesz czas na lektur\u0119 Pisma \u015awi\u0119tego? Czy jest ono dla ciebie \u017ar\u00f3d\u0142em poznania Boga? Czy uwa\u017cnie s\u0142uchasz s\u0142\u00f3w Pisma \u015awi\u0119tego odczytywanych w Liturgii S\u0142owa?<\/em><\/p>\n\n\n\n<p><\/p>\n\n\n\n<figure class=\"wp-block-image\"><a href=\"http:\/\/rafalk-elblag.pl\/wp-content\/uploads\/2021\/08\/ogloszenia-parafialne-baner-01a.jpg\"><img loading=\"lazy\" decoding=\"async\" width=\"720\" height=\"232\" src=\"http:\/\/rafalk-elblag.pl\/wp-content\/uploads\/2021\/08\/ogloszenia-parafialne-baner-01a.jpg\" alt=\"\" class=\"wp-image-4410\" srcset=\"https:\/\/rafalk-elblag.pl\/wp-content\/uploads\/2021\/08\/ogloszenia-parafialne-baner-01a.jpg 720w, https:\/\/rafalk-elblag.pl\/wp-content\/uploads\/2021\/08\/ogloszenia-parafialne-baner-01a-300x97.jpg 300w\" sizes=\"auto, (max-width: 720px) 100vw, 720px\" \/><\/a><\/figure>\n\n\n\n<h1 class=\"wp-block-heading\">Og\u0142oszenia parafialne 22.01.2023r<\/h1>\n\n\n\n<ol class=\"wp-block-list\"><li><strong>Zapraszamy dzisiaj na OP\u0141ATEK WSP\u00d3LNOTOWY<\/strong> po Mszy \u015bw. o godz. 15:00, kt\u00f3ry odb\u0119dzie si\u0119 w salce na plebanii. <em>Przyjd\u017a czekamy na Ciebie.<\/em><\/li><li>Wyj\u0105tkowo dzisiaj wolontariusze Caritas zbieraj\u0105 przed ko\u015bcio\u0142em ofiary dla najubo\u017cszych i potrzebuj\u0105cych z naszej parafii<em>.<\/em><\/li><\/ol>\n\n\n\n<p><em>Parafialny Oddzia\u0142 Caritas naszej parafii znajduje si\u0119 przy ul. Myliusa 1A i jest czynny w I i III czwartek miesi\u0105ca od 16:00 do 17:00.<\/em><\/p>\n\n\n\n<ol class=\"wp-block-list\" start=\"3\"><li>Spotkanie organizacyjne dotycz\u0105ce <strong>SAMOLOTOWEJ PIELGRZYMKI DO PORTUGALII I HISZPANII <\/strong>w drugiej po\u0142owie pa\u017adziernika (17-24) 2023 roku odb\u0119dzie si\u0119 dzisiaj w parafii \u015awi\u0119tej Rodziny na Zawadzie na plebanii o godz. 16:00. Przypominamy koszt ok. 4950z\u0142. plus 160 euro. Telefon kontaktowy: 737\u00a0322 448.<\/li><li>Wczoraj prze\u017cywali\u015bmy <strong>Dzie\u0144 Babci a dzisiaj obchodzimy Dzie\u0144 Dziadka.<\/strong> Pami\u0119tajmy o nich w naszych modlitwach \u2013 pro\u015bmy dla \u017cyj\u0105cych o zdrowie i Bo\u017ce b\u0142ogos\u0142awie\u0144stwo, dla zmar\u0142ych \u2013 o \u017cycie wieczne w niebie.<\/li><li>Od 18 stycznia trwa w ko\u015bciele <strong>TYDZIE\u0143 MODLITW O JEDNO\u015a\u0106 CHRZE\u015aCIJAN.<\/strong> <em>Zach\u0119camy wszystkich do wsp\u00f3lnej modlitwy.<\/em> Program spotka\u0144 umieszczony na tablicy og\u0142osze\u0144.<\/li><li>W tym tygodniu zako\u0144czymy wizyty duszpasterskie w naszej parafii. Kol\u0119da rozpoczyna od godz. 16:00. <em><u>Rodziny, kt\u00f3re jeszcze pragn\u0105 zaprosi\u0107 kap\u0142ana na kol\u0119d\u0119 prosimy o zapisanie si\u0119 w zakrystii. Do tych rodzin udamy si\u0119 25 stycznia od godz. 16:00.<\/u><\/em><\/li><\/ol>\n\n\n\n<ol class=\"wp-block-list\" start=\"7\"><li><strong>DZI\u0118KUJEMY<\/strong> za z\u0142o\u017cone ofiary w ostatnim tygodniu na potrzeby naszej parafii.<\/li><li>Pod ch\u00f3rem znajduje si\u0119 naczynie z <strong>WOD\u0104 \u015aWI\u0118CON\u0104 <\/strong>do po\u015bwiecenia mieszkania podczas kol\u0119dy.<\/li><li>Wy\u017csze Seminarium Duchowne Diecezji Elbl\u0105skiej zaprasza m\u0142odzie\u017c m\u0119sk\u0105 szk\u00f3\u0142 \u015brednich i student\u00f3w na <strong>REKOLEKCJE POWO\u0141ANIOWE, kt\u00f3re<\/strong> odb\u0119d\u0105 si\u0119 w dniach 28 \u2013 31 stycznia br. <em>Wi\u0119cej informacji na stronie internetowej: wsdelblag.pl. Zg\u0142oszenia na adres email: <\/em><a href=\"mailto:kolopowolaniowe@gmail.com\"><em>kolopowolaniowe@gmail.com<\/em><\/a><em>. Koszt rekolekcji 100 z\u0142.<\/em><\/li><li><strong>Na czas ferii zimowych &#8211; wszystkim dzieciom, m\u0142odzie\u017cy i nauczycielom \u017cyczymy na ten czas b\u0142ogos\u0142awie\u0144stwa Bo\u017cego, bezpiecznego i pe\u0142nego rado\u015bci wypoczynku.<\/strong><\/li><li>Zach\u0119cam do nabywania nowego numeru \u201eGo\u015bcia Niedzielnego\u201d w cenie 10 z\u0142 z dodatkiem \u201eGo\u015b\u0107 Elbl\u0105ski.<\/li><\/ol>\n\n\n\n<p><strong>PROGRAM WIZYTY DUSZPASTERSKIEJ<\/strong><br><strong>W PARAFII \u015aW. RAFA\u0141A KALINOWSKIEGO<\/strong><\/p>\n\n\n\n<figure class=\"wp-block-table\"><table><tbody><tr><td><strong>Poniedzia\u0142ek<\/strong> 23.01.2023r. od 16:00<\/td><td>ul. Korczaka 21, 22, 23, 24 ul. Korczaka 25, 26, 27, 28<\/td><\/tr><tr><\/tr><tr><\/tr><tr><\/tr><tr><\/tr><tr><\/tr><tr><\/tr><tr><\/tr><tr><\/tr><tr><\/tr><tr><\/tr><tr><\/tr><tr><\/tr><tr><\/tr><tr><\/tr><tr><\/tr><tr><\/tr><tr><\/tr><tr><\/tr><tr><\/tr><tr><\/tr><tr><\/tr><tr><\/tr><tr><\/tr><tr><\/tr><tr><\/tr><tr><\/tr><tr><\/tr><tr><\/tr><tr><\/tr><tr><td><strong>Wtorek<\/strong> 24.01.2023r. od 16:00<\/td><td>ul. Korczaka 30, 31, 32, 33 i domki \u2013 35, 38, 39, 41, 42 ul. Porazi\u0144ska i Lubelska<\/td><\/tr><tr><\/tr><tr><\/tr><tr><\/tr><tr><\/tr><tr><\/tr><tr><\/tr><tr><\/tr><tr><\/tr><tr><\/tr><tr><\/tr><tr><\/tr><tr><\/tr><tr><\/tr><tr><\/tr><tr><\/tr><tr><\/tr><tr><\/tr><tr><\/tr><tr><\/tr><tr><\/tr><tr><\/tr><tr><\/tr><tr><\/tr><tr><\/tr><tr><\/tr><tr><\/tr><tr><\/tr><tr><\/tr><tr><\/tr><tr><td><strong>\u015aroda<\/strong> 25.01.2023r. od 16:00<\/td><td>Kol\u0119da na indywidualne zaproszenia<\/td><\/tr><\/tbody><\/table><\/figure>\n\n\n\n<p><strong>Prosimy o przygotowanie si\u0119 do wizyty duszpasterskiej:<\/strong><\/p>\n\n\n\n<ul class=\"wp-block-list\"><li>W miar\u0119 mo\u017cliwo\u015bci, aby zebra\u0142a si\u0119 ca\u0142a rodzina.<\/li><li>Dzieci powinny przygotowa\u0107 zeszyty do religii, ziarenka potwierdzaj\u0105ce udzia\u0142 we Mszy \u015bw. niedzielnej a m\u0142odzie\u017c ksi\u0105\u017ceczki od przygotowania do Sakramentu Bierzmowania.<\/li><li>St\u00f3\u0142 powinien by\u0107 przykryty bia\u0142ym obrusem, Pismo \u015awi\u0119te, Krzy\u017c, \u015bwiecznik, woda \u015bwi\u0119cona i kropid\u0142o.<\/li><li><strong>Tematyk\u0105 tegorocznej Kol\u0119dy jest dzielenie si\u0119 nasz\u0105 wiar\u0105 z innymi w nawi\u0105zaniu do has\u0142a roku duszpasterskiego 2022\/2023: <\/strong><strong>\u201ePOS\u0141ANI W POKOJU CHRYSTUSA\u201d<\/strong>.<\/li><li>Kol\u0119dy rozpoczynamy: od poniedzia\u0142ku do pi\u0105tku rozpoczynamy od godz. 16.00, natomiast w soboty od godz. 15.00.<\/li><\/ul>\n\n\n\n<h2 class=\"wp-block-heading\"><strong>Zaproszenie<\/strong><\/h2>\n\n\n\n<p><strong>Wsp\u00f3lnota \u201e KANA GALILEJSKA\u201d zaprasza na REO (Rekolekcje Ewangelizacyjne Odnowy).<\/strong> Rozpocz\u0119cie 6 lutego br. Msz\u0105 \u015bw. o godz. 18:00<br>w naszym ko\u015bciele.<\/p>\n\n\n\n<p><em><u>Prowadz\u0105cy to: ks. S\u0142awomir MILDE oraz ks. Tomasz WIECZOREK.<\/u><\/em><\/p>\n\n\n\n<p><em>S\u0105 to 7 \u2013 tygodniowe rekolekcje przeznaczone dla os\u00f3b doros\u0142ych oraz dla m\u0142odzie\u017cy, kt\u00f3ra uko\u0144czy\u0142a 17 lat. Spotkania cotygodniowe w poniedzia\u0142ki obejmuj\u0105 wsp\u00f3ln\u0105 modlitw\u0119, konferencje i spotkanie w grupach.<\/em> Pami\u0119taj \u017ce rekolekcje to czas \u0142aski i dzia\u0142ania Boga.<\/p>\n\n\n\n<p>Zach\u0119camy do zrobienia Mu przestrzeni, otwarcia na Ducha \u015awi\u0119tego kt\u00f3ry w to co stare i znane, potrafi w\u0142o\u017cy\u0107 zupe\u0142nie co\u015b nowego i \u015bwie\u017cego. <em><strong>ZAPRASZAMY.<\/strong><\/em><\/p>\n\n\n\n<p><\/p>\n\n\n\n<figure class=\"wp-block-image\"><img decoding=\"async\" src=\"http:\/\/rafalk-elblag.pl\/wp-content\/uploads\/2020\/04\/baner-intencje-mszy.jpg\" alt=\"\"\/><\/figure>\n\n\n\n<h1 class=\"wp-block-heading\">Intencje mszalne 22.01.2023r<br><\/h1>\n\n\n\n<p><strong>PONIEDZIA\u0141EK \/ 16 stycznia 2023 r.<\/strong><br>8.00 \u015bp. Marcin Kierzkowski (16 greg.)<br>8.00 \u015bp. Stanis\u0142awa [k] i Stanis\u0142aw G\u0142owaccy i zmarli z obojga stron<br>18.00 Za Rodzin\u0119 Szkaplerzn\u0105 i osoby przyjmuj\u0105ce szkaplerz \u015bw.<\/p>\n\n\n\n<p><strong>WTOREK \/ 17 stycznia 2023 r.<\/strong><br>\u015bw. Antoniego<br>8.00 \u015bp. Marcin Kierzkowski (17 greg.)<br>8.00 \u015bp. Karol Wi\u015bniewski (w 14 rocznic\u0119 \u015bmierci) i zmarli z rodzin Wi\u015bniewskich i Filar<br>18.00 \u015bp. Apoloniusz Komuda (w 10 rocznic\u0119 \u015bmierci) i zmarli z rodziny<\/p>\n\n\n\n<p><strong>\u015aRODA \/ 18 stycznia 2023 r.<\/strong><br>8.00 \u015bp. Marcin Kierzkowski (18 greg.)<br>8.00 \u015bp. S\u0142awomir Soko\u0142owski (w 5 rocznic\u0119 \u015bmierci)<br>18.00 \u015bp. Andrzej Klecha (w 1 rocznic\u0119 \u015bmierci) i wszystkich zmar\u0142ych z rodzin Klecha i Minkiewicz<\/p>\n\n\n\n<p><strong>CZWARTEK \/ 19 stycznia 2023 r.<\/strong><br>\u015bw. Jozafata Sebastiana Pelczara<br>8.00 \u015bp. Marcin Kierzkowski (19 greg.)<br>8.00 \u015bp. Barbara Maszkowska (30 dzie\u0144 po pogrzebie)<br>18.00 Dzi\u0119kczynna za dar \u017cycia Micha\u0142a i \u0141ucji z pro\u015bb\u0105 o Bo\u017ce b\u0142. i potrzebne \u0142aski w \u017cyciu<\/p>\n\n\n\n<p><strong>PI\u0104TEK \/ 20 stycznia 2023 r.<\/strong><br>8.00 \u015bp. Marcin Kierzkowski (20 greg.)<br>8.00 Za zmar\u0142ych z rodzin Rudnickich i Kwestarz\u00f3w<br>18.00 Dzi\u0119kczynna w dniu imienin Sebastiana z pro\u015bb\u0105 o \u017cyw\u0105 wiar\u0119<\/p>\n\n\n\n<p><strong>SOBOTA \/ 21 stycznia 2023 r.<\/strong><br>\u015bw. Agnieszki<br>8.00 \u015bp. Marcin Kierzkowski (21 greg.)<br>8.00 \u015bp. Jadwiga Lewandowska (30 dzie\u0144 po pogrzebie)<br>18.00 \u015bp. Teresa Ma\u0142kowska z okazji Dnia Babci<\/p>\n\n\n\n<p><strong>III Niedziela Zwyk\u0142a<\/strong><br>22 stycznia 2023 r.<br>8.00 \u015bp. Joanna (2 rocznica \u015bmierci) oraz Halina, Genowefa, Stanis\u0142aw<br>10.00 \u015bp. Marcin Kierzkowski (22 greg.)<br>10.00 Dzi\u0119kczynna za dar \u017cycia Kingi i Amelki z pro\u015bb\u0105 o potrzebne \u0142aski<br>12.00 W intencji Parafian<br>15.00 Dzi\u0119kczynna w 30 urodziny Patrycji, z pro\u015bb\u0105 o Bo\u017ce b\u0142., opiek\u0119 Matki Bo\u017cej Szkaplerznej, potrzebne \u0142aski i zdrowie<br>18.00 Dzi\u0119kczynna w 25 rocznic\u0119 urodzin Dawida, z pro\u015bb\u0105 o dary Ducha \u015awi\u0119tego, Bo\u017ce b\u0142. i opiek\u0119 Matki Bo\u017cej Szkaplerznej<\/p>\n","protected":false},"excerpt":{"rendered":"<p>Ewangelia (Mt 4, 12-23) Na Jezusie spe\u0142nia si\u0119 zapowied\u017a Izajasza S\u0142owa Ewangelii wed\u0142ug \u015awi\u0119tego Mateusza Gdy Jezus pos\u0142ysza\u0142, \u017ce Jan zosta\u0142 uwi\u0119ziony, usun\u0105\u0142 si\u0119 do Galilei. Opu\u015bci\u0142 jednak Nazaret, przyszed\u0142 i osiad\u0142 w Kafarnaum nad jeziorem, na pograniczu ziem Zabulona i Neftalego. Tak mia\u0142o si\u0119 spe\u0142ni\u0107 s\u0142owo proroka Izajasza: \u00abZiemia Zabulona i ziemia Neftalego, na [&hellip;]<\/p>\n","protected":false},"author":1,"featured_media":4893,"comment_status":"closed","ping_status":"closed","sticky":false,"template":"","format":"standard","meta":{"ngg_post_thumbnail":0,"footnotes":""},"categories":[11,8,4,3],"tags":[],"class_list":["post-4892","post","type-post","status-publish","format-standard","has-post-thumbnail","hentry","category-aktualnosci","category-blog","category-intencje","category-ogloszenia"],"_links":{"self":[{"href":"https:\/\/rafalk-elblag.pl\/index.php?rest_route=\/wp\/v2\/posts\/4892","targetHints":{"allow":["GET"]}}],"collection":[{"href":"https:\/\/rafalk-elblag.pl\/index.php?rest_route=\/wp\/v2\/posts"}],"about":[{"href":"https:\/\/rafalk-elblag.pl\/index.php?rest_route=\/wp\/v2\/types\/post"}],"author":[{"embeddable":true,"href":"https:\/\/rafalk-elblag.pl\/index.php?rest_route=\/wp\/v2\/users\/1"}],"replies":[{"embeddable":true,"href":"https:\/\/rafalk-elblag.pl\/index.php?rest_route=%2Fwp%2Fv2%2Fcomments&post=4892"}],"version-history":[{"count":1,"href":"https:\/\/rafalk-elblag.pl\/index.php?rest_route=\/wp\/v2\/posts\/4892\/revisions"}],"predecessor-version":[{"id":4894,"href":"https:\/\/rafalk-elblag.pl\/index.php?rest_route=\/wp\/v2\/posts\/4892\/revisions\/4894"}],"wp:featuredmedia":[{"embeddable":true,"href":"https:\/\/rafalk-elblag.pl\/index.php?rest_route=\/wp\/v2\/media\/4893"}],"wp:attachment":[{"href":"https:\/\/rafalk-elblag.pl\/index.php?rest_route=%2Fwp%2Fv2%2Fmedia&parent=4892"}],"wp:term":[{"taxonomy":"category","embeddable":true,"href":"https:\/\/rafalk-elblag.pl\/index.php?rest_route=%2Fwp%2Fv2%2Fcategories&post=4892"},{"taxonomy":"post_tag","embeddable":true,"href":"https:\/\/rafalk-elblag.pl\/index.php?rest_route=%2Fwp%2Fv2%2Ftags&post=4892"}],"curies":[{"name":"wp","href":"https:\/\/api.w.org\/{rel}","templated":true}]}}