{"id":4888,"date":"2023-01-13T15:27:33","date_gmt":"2023-01-13T15:27:33","guid":{"rendered":"http:\/\/rafalk-elblag.pl\/?p=4888"},"modified":"2023-01-13T15:27:33","modified_gmt":"2023-01-13T15:27:33","slug":"ogloszenia-15-01-2023-ii-niedziela-zwykla","status":"publish","type":"post","link":"https:\/\/rafalk-elblag.pl\/?p=4888","title":{"rendered":"Og\u0142oszenia 15.01.2023, II Niedziela Zwyk\u0142a"},"content":{"rendered":"\n<figure class=\"wp-block-embed is-type-video is-provider-youtube wp-block-embed-youtube wp-embed-aspect-16-9 wp-has-aspect-ratio\"><div class=\"wp-block-embed__wrapper\">\n<iframe loading=\"lazy\" title=\"ks. Piotr Pawlukiewicz - Co jesz tak\u0105 masz si\u0142\u0119!\" width=\"900\" height=\"506\" src=\"https:\/\/www.youtube.com\/embed\/VCN2chw9X1U?feature=oembed\" frameborder=\"0\" allow=\"accelerometer; autoplay; clipboard-write; encrypted-media; gyroscope; picture-in-picture; web-share\" allowfullscreen><\/iframe>\n<\/div><\/figure>\n\n\n\n<h1 class=\"wp-block-heading\">Ewangelia (J 1, 29-34)\nChrystus jest Barankiem, kt\u00f3ry g\u0142adzi grzech \u015bwiata\n<\/h1>\n\n\n\n<p>S\u0142owa Ewangelii wed\u0142ug \u015awi\u0119tego Jana<\/p>\n\n\n\n<p>\n\nJan zobaczy\u0142 podchodz\u0105cego ku niemu Jezusa i rzek\u0142: \u00abOto Baranek Bo\u017cy, kt\u00f3ry g\u0142adzi grzech \u015bwiata. To jest Ten, o kt\u00f3rym powiedzia\u0142em: \u201ePo mnie przyjdzie M\u0105\u017c, kt\u00f3ry mnie przewy\u017cszy\u0142 godno\u015bci\u0105, gdy\u017c by\u0142 wcze\u015bniej ode mnie\u201d. Ja Go przedtem nie zna\u0142em, ale przyszed\u0142em chrzci\u0107 wod\u0105 w tym celu, aby On si\u0119 objawi\u0142 Izraelowi\u00bb.\n\nJan da\u0142 takie \u015bwiadectwo: \u00abUjrza\u0142em ducha, kt\u00f3ry zst\u0119powa\u0142 z nieba jak go\u0142\u0119bica i spocz\u0105\u0142 na Nim. Ja Go przedtem nie zna\u0142em, ale Ten, kt\u00f3ry mnie pos\u0142a\u0142, abym chrzci\u0142 wod\u0105, powiedzia\u0142 do mnie: \u201eTen, nad kt\u00f3rym ujrzysz ducha zst\u0119puj\u0105cego i spoczywaj\u0105cego na Nim, jest Tym, kt\u00f3ry chrzci Duchem \u015awi\u0119tym\u201d. Ja to ujrza\u0142em i daj\u0119 \u015bwiadectwo, \u017ce On jest Synem Bo\u017cym\u00bb.\n\n\n<\/p>\n\n\n\n<h1 class=\"wp-block-heading\"><strong><strong><strong><strong><strong><strong><strong><strong><strong><strong><strong><strong><strong>Pokarm Jezusa<\/strong><\/strong><\/strong><\/strong><\/strong><\/strong><\/strong><\/strong><\/strong><\/strong><\/strong><\/strong><\/strong><\/h1>\n\n\n\n<p>W swoim codziennym \u017cyciu spotykasz si\u0119 z Bogiem w r\u00f3\u017cnorodnych formach, np: poprzez wszystko, co On stworzy\u0142, poprzez drugiego cz\u0142owieka, poprzez wydarzenia. Spotykasz si\u0119 z Nim te\u017c, i to w spos\u00f3b szczeg\u00f3lny, poprzez Jego wol\u0119. <strong>B\u00f3g poprzez swoj\u0105 wol\u0119 przychodzi do ciebie tak jakby w swej w\u0142asnej osobie. Wola Bo\u017ca to nie tylko co\u015b \u2013 to r\u00f3wnie\u017c Kto\u015b.<\/strong><\/p>\n\n\n\n<p>To B\u00f3g wychodz\u0105cy ku tobie z konkretnym wezwaniem, B\u00f3g objawiaj\u0105cy ci to, co dla ciebie zbawienne, a tym samym najlepsze.<\/p>\n\n\n\n<p>Jakiej postawy B\u00f3g od nas oczekuje, kiedy przychodzi z wezwaniem i czeka na odpowied\u017a?<\/p>\n\n\n\n<p>\u2013&nbsp;Popatrz, jak\u0105 postaw\u0119 mia\u0142 Jezus.<\/p>\n\n\n\n<p>O Jego nastawieniu do woli Ojca m\u00f3wi dobitnie wyznanie: \u201eNie szukam [&#8230;] w\u0142asnej woli, lecz woli Tego, kt\u00f3ry Mnie pos\u0142a\u0142\u201d (J 5,&nbsp;30). \u201eMoim pokarmem jest wype\u0142ni\u0107 wol\u0119 Tego, kt\u00f3ry Mnie pos\u0142a\u0142, i wykona\u0107 Jego dzie\u0142o\u201d (J 4,&nbsp;34).<\/p>\n\n\n\n<p><strong>Je\u017celi Jezus stale pe\u0142ni wol\u0119 Ojca, kt\u00f3ra jest Jego pokarmem, to znaczy, \u017ce stale karmi si\u0119 tym pokarmem.<\/strong> A przyjmowanie pokarmu poprzedza uczucie g\u0142odu. Mo\u017cna wi\u0119c powiedzie\u0107, \u017ce u Jezusa by\u0142o usilne pragnienie \u2013 g\u0142\u00f3d pe\u0142nienia woli Ojca. Jezus \u017cy\u0142 pe\u0142en tego g\u0142odu, kt\u00f3ry cho\u0107 by\u0142 stale zaspokajany, nigdy si\u0119 nie ko\u0144czy\u0142. Ten g\u0142\u00f3d poprzedza\u0142 u Jezusa pe\u0142nienie woli Boga.<\/p>\n\n\n\n<p>Swoim przyk\u0142adem Chrystus i ciebie do tego zach\u0119ca. Trzeba, by\u015b chcia\u0142 \u017cy\u0107 g\u0142odem pe\u0142nienia woli Bo\u017cej.<\/p>\n\n\n\n<p>S\u0142owo \u201eg\u0142\u00f3d\u201d wydaje si\u0119 tu najbardziej adekwatne. Kto\u015b, kto jest g\u0142odny, nie wybrzydza, kiedy otrzymuje posi\u0142ek. Nie m\u00f3wi: nie, tego to ja nie b\u0119d\u0119 jad\u0142, bo ja tego nie lubi\u0119. Cz\u0142owiek g\u0142odny je, co mu podadz\u0105.<\/p>\n\n\n\n<p>Gdyby by\u0142 w tobie stale g\u0142\u00f3d woli Boga, przyjmowa\u0142by\u015b j\u0105 zawsze z wielk\u0105 rado\u015bci\u0105, z ut\u0119sknieniem. W\u00f3wczas twoje w\u0142asne plany i zamiary, kt\u00f3re mo\u017cesz przecie\u017c mie\u0107, zajmowa\u0142yby stale miejsce drugorz\u0119dne. W przypadku za\u015b, gdyby w konfrontacji z wol\u0105 Boga nie zgadza\u0142y si\u0119 z ni\u0105, \u0142atwo by\u015b z nich rezygnowa\u0142.<\/p>\n\n\n\n<p>G\u0142\u00f3d pe\u0142nienia woli Boga wyzwoli\u0142by ci\u0119 ze zbytniej troski o siebie, o swoj\u0105 przysz\u0142o\u015b\u0107.<\/p>\n\n\n\n<p><\/p>\n\n\n\n<figure class=\"wp-block-image\"><a href=\"http:\/\/rafalk-elblag.pl\/wp-content\/uploads\/2021\/08\/ogloszenia-parafialne-baner-01a.jpg\"><img loading=\"lazy\" decoding=\"async\" width=\"720\" height=\"232\" src=\"http:\/\/rafalk-elblag.pl\/wp-content\/uploads\/2021\/08\/ogloszenia-parafialne-baner-01a.jpg\" alt=\"\" class=\"wp-image-4410\" srcset=\"https:\/\/rafalk-elblag.pl\/wp-content\/uploads\/2021\/08\/ogloszenia-parafialne-baner-01a.jpg 720w, https:\/\/rafalk-elblag.pl\/wp-content\/uploads\/2021\/08\/ogloszenia-parafialne-baner-01a-300x97.jpg 300w\" sizes=\"auto, (max-width: 720px) 100vw, 720px\" \/><\/a><\/figure>\n\n\n\n<h1 class=\"wp-block-heading\">Og\u0142oszenia parafialne 15.01.2023r<\/h1>\n\n\n\n<ol class=\"wp-block-list\"><li><strong>WSP\u00d3LNOTA ODNOWY W DUCHU \u015aWI\u0118TYM \u201eKANA GALILEJSKA\u201d obchodzi 25 lecie istnienia przy naszej parafii. <\/strong>Wsp\u00f3lnota zaprasza dzisiaj na godz. 16:30, na MODLITW\u0118 UWIELBIENIA, MSZ\u0118 \u015aW. O GODZ. 18:00 a po Mszy \u015bw. dalsze \u015bwi\u0119towanie \u2013 AGAPA na plebanii.<strong> Wszystkich by\u0142ych i obecnych cz\u0142onk\u00f3w wsp\u00f3lnoty serdecznie zapraszamy.<\/strong><\/li><li>Ka\u017cdy 16 dzie\u0144 miesi\u0105ca to dzie\u0144 spotkania si\u0119 <strong>Bractwa Szkaplerznego i Rodziny Szkaplerznej<\/strong>. Zapraszamy 16 stycznia (poniedzia\u0142ek) wszystkich nale\u017c\u0105cych i pragn\u0105cych w\u0142\u0105czy\u0107 si\u0119 do tej wsp\u00f3lnoty na Msz\u0119 \u015bw. z katechez\u0105 o godz. 18:00.<\/li><li>Od 18 stycznia rozpoczyna si\u0119 w ko\u015bciele <strong>TYDZIE\u0143 MODLITW O JEDNO\u015a\u0106 CHRZE\u015aCIJAN.<\/strong> Zach\u0119camy wszystkich do wsp\u00f3lnej modlitwy.<\/li><li>Trwa Wizyta duszpasterska w naszej parafii. Kol\u0119da rozpoczyna od godz. 16:00 a w sobot\u0119 od godz. 15:00. <strong>W trakcie kol\u0119dy zapraszamy na Msz\u0119 \u015bw. o godz. 8:00, gdzie polecamy Bogu rodziny, do kt\u00f3rych udamy si\u0119 z wizyt\u0105 duszpastersk\u0105. Tym bardziej zach\u0119camy osoby dysponuj\u0105ce czasem do wsp\u00f3lnej modlitwy.<\/strong><\/li><\/ol>\n\n\n\n<p><em><strong>Program kol\u0119dy znajdziemy w Biuletynie Parafialnym.<\/strong><\/em><\/p>\n\n\n\n<ol class=\"wp-block-list\" start=\"5\"><li>Pod ch\u00f3rem znajduje si\u0119 naczynie z <strong>WOD\u0104 \u015aWI\u0118CON\u0104.<\/strong> Prosz\u0119 o przyniesienie swojego naczynia, by zaopatrzy\u0107 si\u0119 w te wod\u0119 do po\u015bwiecenia mieszkania podczas kol\u0119dy.<\/li><li><strong>Za tydzie\u0144 22 stycznia (niedziela)<\/strong> po wsp\u00f3lnej Mszy \u015bw. o godz. 15:00 odb\u0119dzie si\u0119 spotkanie op\u0142atkowe dla wsp\u00f3lnot parafialnych: <strong>Bractwo Szkaplerzne, Odnowa w Duchu \u015awi\u0119tym, Wsp\u00f3lnota Krwi Chrystusa, Kr\u0119g Biblijny, Apostolat Margaretka, Apostolat Bo\u017cego Mi\u0142osierdzia, Wolontariuszy Caritas i \u017bywego R\u00f3\u017ca\u0144ca na kt\u00f3re zapraszamy.<\/strong><\/li><\/ol>\n\n\n\n<p><em>Przyjd\u017a czekamy na Ciebie.<\/em><\/p>\n\n\n\n<ol class=\"wp-block-list\" start=\"7\"><li>W tym tygodniu obchodzimy <strong>Dzie\u0144 Babci i Dziadka.<\/strong> Pami\u0119tajmy o nich w naszych modlitwach \u2013 pro\u015bmy dla \u017cyj\u0105cych o zdrowie i Bo\u017ce b\u0142ogos\u0142awie\u0144stwo, dla zmar\u0142ych \u2013 o \u017cycie wieczne w niebie.<\/li><li>Wy\u017csze Seminarium Duchowne Diecezji Elbl\u0105skiej zaprasza m\u0142odzie\u017c m\u0119sk\u0105 szk\u00f3\u0142 \u015brednich i student\u00f3w na <strong>REKOLEKCJE POWO\u0141ANIOWE, <\/strong>kt\u00f3re odb\u0119d\u0105 si\u0119 w dniach 28 \u2013 31 stycznia br. <em>Wi\u0119cej informacji na stronie internetowej: wsdelblag.pl. Zg\u0142oszenia na adres email: <\/em><a href=\"mailto:kolopowolaniowe@gmail.com\"><em>kolopowolaniowe@gmail.com<\/em><\/a><em>. Koszt rekolekcji 100 z\u0142.<\/em><\/li><li><strong>KANCELARIA PARAFIALNA<\/strong> z racji trwaj\u0105cej KOL\u0118DY czynna b\u0119dzie czynna tylko<br>w sobot\u0119 od godz. 11:00 do 12:30. Zapraszamy.<\/li><li><strong>DZI\u0118KUJEMY<\/strong> za z\u0142o\u017cone ofiary w ostatnim tygodniu na potrzeby naszej parafii.<\/li><li>Zach\u0119cam do nabywania nowego numeru \u201eGo\u015bcia Niedzielnego\u201d w cenie 10 z\u0142 <strong>z dodatkiem<\/strong> <strong>\u201eGo\u015b\u0107 Elbl\u0105ski<\/strong>.<\/li><\/ol>\n\n\n\n<p><strong>PROGRAM WIZYTY DUSZPASTERSKIEJ<\/strong><br><strong>W PARAFII \u015aW. RAFA\u0141A KALINOWSKIEGO<\/strong><\/p>\n\n\n\n<figure class=\"wp-block-table\"><table><tbody><tr><td><strong>Poniedzia\u0142ek<\/strong> 16.01.2023r. od 16:00<\/td><td>ul. Tuwima 8, 9, 10, 11 ul. Brzechwy 1, 2, 3, 4<\/td><\/tr><tr><\/tr><tr><\/tr><tr><\/tr><tr><\/tr><tr><\/tr><tr><\/tr><tr><\/tr><tr><\/tr><tr><\/tr><tr><\/tr><tr><\/tr><tr><\/tr><tr><\/tr><tr><\/tr><tr><\/tr><tr><\/tr><tr><\/tr><tr><\/tr><tr><\/tr><tr><\/tr><tr><\/tr><tr><\/tr><tr><\/tr><tr><\/tr><tr><\/tr><tr><\/tr><tr><\/tr><tr><\/tr><tr><\/tr><tr><td><strong>Wtorek<\/strong> 17.01.2023r. od 16:00<\/td><td>ul. Brzechwy 6, 7, 8, 9 ul. Brzechwy 10, 11, 12, 13 ul. Brzechwy 14, 15, 16, 17<\/td><\/tr><tr><\/tr><tr><\/tr><tr><\/tr><tr><\/tr><tr><\/tr><tr><\/tr><tr><\/tr><tr><\/tr><tr><\/tr><tr><\/tr><tr><\/tr><tr><\/tr><tr><\/tr><tr><\/tr><tr><\/tr><tr><\/tr><tr><\/tr><tr><\/tr><tr><\/tr><tr><\/tr><tr><\/tr><tr><\/tr><tr><\/tr><tr><\/tr><tr><\/tr><tr><\/tr><tr><\/tr><tr><\/tr><tr><\/tr><tr><td><strong>\u015aroda<\/strong> 18.01.2023r. od 16:00<\/td><td>ul. Brzechwy 18, 19, 20, 21 ul. Brzechwy 22, 23, 24, 25 ul. Brzechwy 26, 27, 28, 29, 30<\/td><\/tr><tr><\/tr><tr><\/tr><tr><\/tr><tr><\/tr><tr><\/tr><tr><\/tr><tr><\/tr><tr><\/tr><tr><\/tr><tr><\/tr><tr><\/tr><tr><\/tr><tr><\/tr><tr><\/tr><tr><\/tr><tr><\/tr><tr><\/tr><tr><\/tr><tr><\/tr><tr><\/tr><tr><\/tr><tr><\/tr><tr><\/tr><tr><\/tr><tr><\/tr><tr><\/tr><tr><\/tr><tr><\/tr><tr><\/tr><tr><td><strong>Czwartek<\/strong> 19.01.2023r. od 16:00<\/td><td>ul. Brzechwy 31, 32, 33, 34, 35, 36 ul. Korczaka 1, 2, 3, 4 ul. Korczaka 5, 6, 7, 8<\/td><\/tr><tr><\/tr><tr><\/tr><tr><\/tr><tr><\/tr><tr><\/tr><tr><\/tr><tr><\/tr><tr><\/tr><tr><\/tr><tr><\/tr><tr><\/tr><tr><\/tr><tr><\/tr><tr><\/tr><tr><\/tr><tr><\/tr><tr><\/tr><tr><\/tr><tr><\/tr><tr><\/tr><tr><\/tr><tr><\/tr><tr><\/tr><tr><\/tr><tr><\/tr><tr><\/tr><tr><\/tr><tr><\/tr><tr><\/tr><tr><td><strong>Pi\u0105tek<\/strong> 20.01. 2023 od 16:00<\/td><td>ul. Korczaka 9, 10, 11, 12 ul. Korczaka 13, 14, 15, 16 ul. Korczaka 17, 18, 19, 20<\/td><\/tr><tr><\/tr><tr><\/tr><tr><\/tr><tr><\/tr><tr><\/tr><tr><\/tr><tr><\/tr><tr><\/tr><tr><\/tr><tr><\/tr><tr><\/tr><tr><\/tr><tr><\/tr><tr><\/tr><tr><\/tr><tr><\/tr><tr><\/tr><tr><\/tr><tr><\/tr><tr><\/tr><tr><\/tr><tr><\/tr><tr><\/tr><tr><\/tr><tr><\/tr><tr><\/tr><tr><\/tr><tr><\/tr><tr><\/tr><tr><td><strong>Sobota<\/strong> 21.01.2023r. od 15:00<\/td><td>ul. Mieszka I ul. Krzywoustego ul. Og\u00f3lna &#8211; ca\u0142a<\/td><\/tr><\/tbody><\/table><\/figure>\n\n\n\n<p><strong>Prosimy o przygotowanie si\u0119 do wizyty duszpasterskiej:<\/strong><\/p>\n\n\n\n<ul class=\"wp-block-list\"><li>W miar\u0119 mo\u017cliwo\u015bci, aby zebra\u0142a si\u0119 ca\u0142a rodzina.<\/li><li>Dzieci powinny przygotowa\u0107 zeszyty do religii, ziarenka potwierdzaj\u0105ce udzia\u0142 we Mszy \u015bw. niedzielnej a m\u0142odzie\u017c ksi\u0105\u017ceczki od przygotowania do Sakramentu Bierzmowania.<\/li><li>St\u00f3\u0142 powinien by\u0107 przykryty bia\u0142ym obrusem, Pismo \u015awi\u0119te, Krzy\u017c, \u015bwiecznik, woda \u015bwi\u0119cona i kropid\u0142o.<\/li><li><strong>Tematyk\u0105 tegorocznej Kol\u0119dy jest dzielenie si\u0119 nasz\u0105 wiar\u0105 z innymi w nawi\u0105zaniu do has\u0142a roku duszpasterskiego 2022\/2023: <\/strong><strong>\u201ePOS\u0141ANI W POKOJU CHRYSTUSA\u201d<\/strong>.<\/li><li>Kol\u0119dy rozpoczynamy: od poniedzia\u0142ku do pi\u0105tku rozpoczynamy od godz. 16.00, natomiast w soboty od godz. 15.00.<\/li><\/ul>\n\n\n\n<p><\/p>\n\n\n\n<p><\/p>\n\n\n\n<figure class=\"wp-block-image\"><img decoding=\"async\" src=\"http:\/\/rafalk-elblag.pl\/wp-content\/uploads\/2020\/04\/baner-intencje-mszy.jpg\" alt=\"\"\/><\/figure>\n\n\n\n<h1 class=\"wp-block-heading\">Intencje mszalne 15.01.2023r<br><\/h1>\n\n\n\n<p><strong>PONIEDZIA\u0141EK \/ 16 stycznia 2023 r.<\/strong><br>8.00 \u015bp. Marcin Kierzkowski (16 greg.)<br>8.00 \u015bp. Stanis\u0142awa [k] i Stanis\u0142aw G\u0142owaccy i zmarli z obojga stron<br>18.00 Za Rodzin\u0119 Szkaplerzn\u0105 i osoby przyjmuj\u0105ce szkaplerz \u015bw.<\/p>\n\n\n\n<p><strong>WTOREK \/ 17 stycznia 2023 r.<br>\u015bw. Antoniego<\/strong><br>8.00 \u015bp. Marcin Kierzkowski (17 greg.)<br>8.00 \u015bp. Karol Wi\u015bniewski (w 14 rocznic\u0119 \u015bmierci) i zmarli z rodzin Wi\u015bniewskich i Filar<br>18.00 \u015bp. Apoloniusz Komuda (w 10 rocznic\u0119 \u015bmierci) i zmarli z rodziny<\/p>\n\n\n\n<p><strong>\u015aRODA \/ 18 stycznia 2023 r.<\/strong><br>8.00 \u015bp. Marcin Kierzkowski (18 greg.)<br>8.00 \u015bp. S\u0142awomir Soko\u0142owski (w 5 rocznic\u0119 \u015bmierci)<br>18.00 \u015bp. Andrzej Klecha (w 1 rocznic\u0119 \u015bmierci) i wszystkich zmar\u0142ych z rodzin Klecha i Minkiewicz<\/p>\n\n\n\n<p><strong>CZWARTEK \/ 19 stycznia 2023 r.<\/strong><br>\u015bw. Jozafata Sebastiana Pelczara<br>8.00 \u015bp. Marcin Kierzkowski (19 greg.)<br>8.00 \u015bp. Barbara Maszkowska (30 dzie\u0144 po pogrzebie)<br>18.00 Dzi\u0119kczynna za dar \u017cycia Micha\u0142a i \u0141ucji z pro\u015bb\u0105 o Bo\u017ce b\u0142. i potrzebne \u0142aski w \u017cyciu<\/p>\n\n\n\n<p><strong>PI\u0104TEK \/ 20 stycznia 2023 r.<\/strong><br>8.00 \u015bp. Marcin Kierzkowski (20 greg.)<br>8.00 Za zmar\u0142ych z rodzin Rudnickich i Kwestarz\u00f3w<br>18.00 Dzi\u0119kczynna w dniu imienin Sebastiana z pro\u015bb\u0105 o \u017cyw\u0105 wiar\u0119<\/p>\n\n\n\n<p><strong>SOBOTA \/ 21 stycznia 2023 r.<br>\u015bw. Agnieszki<\/strong><br>8.00 \u015bp. Marcin Kierzkowski (21 greg.)<br>8.00 \u015bp. Jadwiga Lewandowska (30 dzie\u0144 po pogrzebie)<br>18.00 \u015bp. Teresa Ma\u0142kowska z okazji Dnia Babci<\/p>\n\n\n\n<p><strong>III Niedziela Zwyk\u0142a<br>22 stycznia 2023 r.<\/strong><br>8.00 \u015bp. Joanna (2 rocznica \u015bmierci) oraz Halina, Genowefa, Stanis\u0142aw<br>10.00 \u015bp. Marcin Kierzkowski (22 greg.)<br>12.00 Dzi\u0119kczynna za dar \u017cycia Kingi i Amelki z pro\u015bb\u0105 o potrzebne \u0142aski<br>12.00 W intencji Parafian<br>15.00 Dzi\u0119kczynna w 30 urodziny Patrycji, z pro\u015bb\u0105 o Bo\u017ce b\u0142., opiek\u0119 Matki Bo\u017cej Szkaplerznej, potrzebne \u0142aski i zdrowie<br>18.00 Dzi\u0119kczynna w 25 rocznic\u0119 urodzin Dawida, z pro\u015bb\u0105 o dary Ducha \u015awi\u0119tego, Bo\u017ce b\u0142.<br>i opiek\u0119 Matki Bo\u017cej Szkaplerznej<\/p>\n","protected":false},"excerpt":{"rendered":"<p>Ewangelia (J 1, 29-34) Chrystus jest Barankiem, kt\u00f3ry g\u0142adzi grzech \u015bwiata S\u0142owa Ewangelii wed\u0142ug \u015awi\u0119tego Jana Jan zobaczy\u0142 podchodz\u0105cego ku niemu Jezusa i rzek\u0142: \u00abOto Baranek Bo\u017cy, kt\u00f3ry g\u0142adzi grzech \u015bwiata. To jest Ten, o kt\u00f3rym powiedzia\u0142em: \u201ePo mnie przyjdzie M\u0105\u017c, kt\u00f3ry mnie przewy\u017cszy\u0142 godno\u015bci\u0105, gdy\u017c by\u0142 wcze\u015bniej ode mnie\u201d. Ja Go przedtem nie zna\u0142em, [&hellip;]<\/p>\n","protected":false},"author":1,"featured_media":4889,"comment_status":"closed","ping_status":"closed","sticky":false,"template":"","format":"standard","meta":{"ngg_post_thumbnail":0,"footnotes":""},"categories":[11,8,4,3],"tags":[],"class_list":["post-4888","post","type-post","status-publish","format-standard","has-post-thumbnail","hentry","category-aktualnosci","category-blog","category-intencje","category-ogloszenia"],"_links":{"self":[{"href":"https:\/\/rafalk-elblag.pl\/index.php?rest_route=\/wp\/v2\/posts\/4888","targetHints":{"allow":["GET"]}}],"collection":[{"href":"https:\/\/rafalk-elblag.pl\/index.php?rest_route=\/wp\/v2\/posts"}],"about":[{"href":"https:\/\/rafalk-elblag.pl\/index.php?rest_route=\/wp\/v2\/types\/post"}],"author":[{"embeddable":true,"href":"https:\/\/rafalk-elblag.pl\/index.php?rest_route=\/wp\/v2\/users\/1"}],"replies":[{"embeddable":true,"href":"https:\/\/rafalk-elblag.pl\/index.php?rest_route=%2Fwp%2Fv2%2Fcomments&post=4888"}],"version-history":[{"count":1,"href":"https:\/\/rafalk-elblag.pl\/index.php?rest_route=\/wp\/v2\/posts\/4888\/revisions"}],"predecessor-version":[{"id":4890,"href":"https:\/\/rafalk-elblag.pl\/index.php?rest_route=\/wp\/v2\/posts\/4888\/revisions\/4890"}],"wp:featuredmedia":[{"embeddable":true,"href":"https:\/\/rafalk-elblag.pl\/index.php?rest_route=\/wp\/v2\/media\/4889"}],"wp:attachment":[{"href":"https:\/\/rafalk-elblag.pl\/index.php?rest_route=%2Fwp%2Fv2%2Fmedia&parent=4888"}],"wp:term":[{"taxonomy":"category","embeddable":true,"href":"https:\/\/rafalk-elblag.pl\/index.php?rest_route=%2Fwp%2Fv2%2Fcategories&post=4888"},{"taxonomy":"post_tag","embeddable":true,"href":"https:\/\/rafalk-elblag.pl\/index.php?rest_route=%2Fwp%2Fv2%2Ftags&post=4888"}],"curies":[{"name":"wp","href":"https:\/\/api.w.org\/{rel}","templated":true}]}}