{"id":4885,"date":"2023-01-08T06:59:00","date_gmt":"2023-01-08T06:59:00","guid":{"rendered":"http:\/\/rafalk-elblag.pl\/?p=4885"},"modified":"2023-01-10T07:13:21","modified_gmt":"2023-01-10T07:13:21","slug":"ogloszenia-08-01-2023-swieto-chrztu-panskiego","status":"publish","type":"post","link":"https:\/\/rafalk-elblag.pl\/?p=4885","title":{"rendered":"Og\u0142oszenia 08.01.2023, \u015awi\u0119to Chrztu Pa\u0144skiego"},"content":{"rendered":"\n<figure class=\"wp-block-embed is-type-video is-provider-youtube wp-block-embed-youtube wp-embed-aspect-16-9 wp-has-aspect-ratio\"><div class=\"wp-block-embed__wrapper\">\n<iframe loading=\"lazy\" title=\"\u017cycie z chrztu\" width=\"900\" height=\"506\" src=\"https:\/\/www.youtube.com\/embed\/Q9VD-KqyRuU?feature=oembed\" frameborder=\"0\" allow=\"accelerometer; autoplay; clipboard-write; encrypted-media; gyroscope; picture-in-picture; web-share\" allowfullscreen><\/iframe>\n<\/div><\/figure>\n\n\n\n<h1 class=\"wp-block-heading\">Ewangelia (Mt 3, 13-17)\nChrzest Jezusa\n<\/h1>\n\n\n\n<p>S\u0142owa Ewangelii wed\u0142ug \u015awi\u0119tego Mateusza<\/p>\n\n\n\n<p>\n\nJezus przyszed\u0142 z Galilei nad Jordan do Jana, \u017ceby przyj\u0105\u0107 od niego chrzest. Lecz Jan powstrzymywa\u0142 Go, m\u00f3wi\u0105c: \u00abTo ja potrzebuj\u0119 chrztu od Ciebie, a Ty przychodzisz do mnie?\u00bb\n\nJezus mu odpowiedzia\u0142: \u00abUst\u0105p teraz, bo tak godzi si\u0119 nam wype\u0142ni\u0107 wszystko, co sprawiedliwe\u00bb. Wtedy Mu ust\u0105pi\u0142.\n\nA gdy Jezus zosta\u0142 ochrzczony, natychmiast wyszed\u0142 z wody. A oto otworzy\u0142y si\u0119 nad Nim niebiosa i ujrza\u0142 ducha Bo\u017cego zst\u0119puj\u0105cego jak go\u0142\u0119bica i przychodz\u0105cego nad Niego. A oto g\u0142os z nieba m\u00f3wi\u0142: \u00abTen jest m\u00f3j Syn umi\u0142owany, w kt\u00f3rym mam upodobanie\u00bb.\n\n<\/p>\n\n\n\n<h1 class=\"wp-block-heading\"><strong><strong><strong><strong><strong><strong><strong><strong><strong><strong><strong><strong>Chrzest Jezusa w Jordanie<\/strong><\/strong><\/strong><\/strong><\/strong><\/strong><\/strong><\/strong><\/strong><\/strong><\/strong><\/strong><\/h1>\n\n\n\n<p>Opis Chrztu Pana Jezusa zostawili nam wszyscy trzej synoptycy. Najszczeg\u00f3\u0142owiej to wydarzenie zrelacjonowa\u0142 nam \u015bw. Mateusz.<\/p>\n\n\n\n<p>To wydarzenie z \u017cycia Pana Jezusa musi by\u0107 szczeg\u00f3lnej wagi, skoro Ko\u015bci\u00f3\u0142 wyr\u00f3\u017cni\u0142 go osobnym \u015bwi\u0119tem. Od tego momentu Chrystus Pan rozpocz\u0105\u0142 swoj\u0105 misj\u0119 nauczycielsk\u0105. Mia\u0142 wtedy trzydzie\u015bci lat, gdy\u017c dopiero od tego wieku zwyczaj \u017cydowski pozwala\u0142 wyst\u0119powa\u0107 publicznie przed ludem i naucza\u0107.<\/p>\n\n\n\n<p>\u00a0\u00a0\u00a0\u00a0\u00a0\u00a0\u00a0\u00a0\u00a0\u00a0\u00a0 <strong>Misj\u0119 Chrystusa Pana potwierdzi\u0142 z nieba B\u00f3g Ojciec, daj\u0105c Mu \u015bwiadectwo, \u017ce jest On faktycznie Synem Bo\u017cym i ma prawo przemawia\u0107 w imieniu Boga.<\/strong> Sam B\u00f3g Syna swojego z t\u0105 misj\u0105 wysy\u0142a. <strong>Mamy te\u017c pierwsze w historii \u015bwiata pojawienie si\u0119 w postaci widzialnej ca\u0142ej Tr\u00f3jcy \u015awi\u0119tej: B\u00f3g Ojciec przemawia. Syn Bo\u017cy jest w postaci ludzkiej, a Duch \u015awi\u0119ty pojawia si\u0119 nad Nim w postaci go\u0142\u0119bicy<\/strong> (epifania trynitarna).<\/p>\n\n\n\n<p>&nbsp;&nbsp;&nbsp;&nbsp;&nbsp;&nbsp;&nbsp;&nbsp;&nbsp;&nbsp;&nbsp; Niedziela Chrztu Pa\u0144skiego przypomina nam i nak\u0142ania do ponownego przemy\u015blenia faktu naszego chrztu i wszystkich z niego wyp\u0142ywaj\u0105cych konsekwencji i zobowi\u0105za\u0144.<\/p>\n\n\n\n<p>Chrzest jest pocz\u0105tkiem nowego \u017cycia, a nie jego ko\u0144cem ani ukoronowaniem. <strong>Z nowym \u017cyciem otrzymujemy r\u00f3wnocze\u015bnie zadanie, kt\u00f3rego symbolem jest bia\u0142a szata, aby ka\u017cdy ochrzczony doni\u00f3s\u0142 j\u0105 czyst\u0105 przed oblicze Stw\u00f3rcy.<\/strong><\/p>\n\n\n\n<p>Dlatego Ko\u015bci\u00f3\u0142 wymaga, aby nowo ochrzczony wyrzek\u0142 si\u0119 szatana, spraw jego i zapewni\u0142, je\u015bli chce wej\u015b\u0107 do \u017cywota wiecznego, \u017ce b\u0119dzie \u017cy\u0142 wed\u0142ug przykaza\u0144 Bo\u017cych. W imieniu niemowl\u0105t czyni\u0105 to rodzice i rodzice chrzestni, por\u0119czaj\u0105c katolickie wychowanie, a ci, kt\u00f3rzy samodzielnie ju\u017c rozumuj\u0105, osobi\u015bcie musz\u0105 za\u015bwiadczy\u0107 gotowo\u015b\u0107 przyj\u0119cia chrztu i \u017cycia wed\u0142ug wskaza\u0144 wiary.<\/p>\n\n\n\n<p><\/p>\n\n\n\n<figure class=\"wp-block-image\"><a href=\"http:\/\/rafalk-elblag.pl\/wp-content\/uploads\/2021\/08\/ogloszenia-parafialne-baner-01a.jpg\"><img loading=\"lazy\" decoding=\"async\" width=\"720\" height=\"232\" src=\"http:\/\/rafalk-elblag.pl\/wp-content\/uploads\/2021\/08\/ogloszenia-parafialne-baner-01a.jpg\" alt=\"\" class=\"wp-image-4410\" srcset=\"https:\/\/rafalk-elblag.pl\/wp-content\/uploads\/2021\/08\/ogloszenia-parafialne-baner-01a.jpg 720w, https:\/\/rafalk-elblag.pl\/wp-content\/uploads\/2021\/08\/ogloszenia-parafialne-baner-01a-300x97.jpg 300w\" sizes=\"auto, (max-width: 720px) 100vw, 720px\" \/><\/a><\/figure>\n\n\n\n<h1 class=\"wp-block-heading\">Og\u0142oszenia parafialne 08.01.2023r<\/h1>\n\n\n\n<ol class=\"wp-block-list\" type=\"1\"><li>Niedziela Chrztu Pa\u0144skiego ko\u0144czy okres Bo\u017cego Narodzenia &#8211; rozpoczyna si\u0119 Okres Zwyk\u0142y. <em>Trwaj\u0105c w tradycji Ko\u015bcio\u0142a jeszcze do 2 lutego \u015bpiewamy kol\u0119dy.<\/em><\/li><li>Dzisiaj zapraszamy na comiesi\u0119czn\u0105 Adoracj\u0119 Naj\u015bwi\u0119tszego Sakramentu od godz. 16:00 do 18:00. <strong><em>Przyjd\u017a i oddaj Panu Bogu rozpocz\u0119ty Nowy Rok 2023.<\/em><\/strong><\/li><li><strong>W niedziel\u0119 15 stycznia Wsp\u00f3lnota Odnowy w Duchu \u015awi\u0119tym \u201eKANA GALILEJSKA\u201d obchodzi 25-lecie istnienia przy naszej parafii. Wsp\u00f3lnota zaprasza w tym dniu na godz. 16:30, NA MODLITW\u0118 UWIELBIENIA, MSZ\u0118 \u015aW. O GODZ. 18:00 a po Mszy \u015bw. dalsze \u015bwi\u0119towanie \u2013 AGAPA na plebanii. Wszystkich by\u0142ych i obecnych cz\u0142onk\u00f3w wsp\u00f3lnoty serdecznie zapraszamy.<\/strong><\/li><li><strong><u>Spotkania dla rodzic\u00f3w dzieci klas III <\/u><\/strong>przygotowuj\u0105cych si\u0119 do I KOMUNII \u015aWI\u0118TEJ odb\u0119dzie si\u0119 w poniedzia\u0142ek 9 stycznia br. o godz. 19:00 w ko\u015bciele. <em>Serdecznie zapraszamy na nasze comiesi\u0119czne spotkanie.<\/em><\/li><li>Trwa Wizyta duszpasterska w naszej parafii. Kol\u0119d\u0119 rozpoczynamy od godz. 16:00 a w sobot\u0119 od godz. 15:00. <strong>W trakcie kol\u0119dy o godz. 8:00 b\u0119dzie sprawowana Eucharystia za rodziny, do kt\u00f3rych udamy si\u0119 z Wizyt\u0105 Duszpastersk\u0105. Tym bardziej zach\u0119camy osoby dysponuj\u0105ce czasem do wsp\u00f3lnej modlitwy.<\/strong> <strong><em>Program kol\u0119dy znajdziemy w Biuletynie Parafialnym.<\/em><\/strong><\/li><li>W tradycji przyj\u0119te jest, \u017ce podczas kol\u0119dy ministranci i lektorzy otrzymuj\u0105 dobrowolne ofiary jako wyraz wdzi\u0119czno\u015bci za pos\u0142ug\u0119 przy O\u0142tarzu Pa\u0144skim. Zebrane ofiary przeznaczone b\u0119d\u0105 na ich wsp\u00f3lny wyjazd. <em>Za okazane dobro<\/em> <em>dzi\u0119kujemy!<\/em><\/li><li>Pragn\u0119 poinformowa\u0107 \u017ce pod ch\u00f3rem znajduje si\u0119 naczynie z <strong>WOD\u0104 \u015aWI\u0118CON\u0104.<\/strong> Prosz\u0119 o przyniesienie swojego naczynia, by zaopatrzy\u0107 si\u0119 w te wod\u0119 do po\u015bwiecenia mieszkania podczas kol\u0119dy.<\/li><li><strong>KANCELARIA PARAFIALNA<\/strong> z racji trwaj\u0105cej KOL\u0118DY czynna b\u0119dzie czynna tylko w sobot\u0119 od godz. 11:00\u00a0 do 12:30. Zapraszamy.<\/li><li>Ofiary z\u0142o\u017cone dzisiaj na tac\u0119 przeznaczone s\u0105 na uregulowanie rachunku za ogrzewanie Ko\u015bcio\u0142a. <em>Dzi\u0119kuj\u0119 za zrozumienie i z\u0142o\u017cone ofiary.<\/em><\/li><li><strong>DZI\u0118KUJEMY<\/strong> za z\u0142o\u017cone ofiary w ostatnim tygodniu na potrzeby naszej parafii. <em>\u00a0<\/em><\/li><li>Zach\u0119camy do zamawiania Mszy \u015bw. dzi\u0119kczynnych (rodzinnych) za miniony rok\u00a0\u00a0\u00a0\u00a0\u00a0\u00a0\u00a0\u00a0\u00a0\u00a0\u00a0\u00a0\u00a0\u00a0\u00a0\u00a0\u00a0\u00a0\u00a0\u00a0 z pro\u015bb\u0105 o dalsz\u0105 opiek\u0119 i Bo\u017ce b\u0142ogos\u0142awie\u0144stwo <strong>w Nowym Roku 2023.<\/strong><\/li><li>Zach\u0119cam do nabywania nowego numeru \u201eGo\u015bcia Niedzielnego\u201d w cenie 8 z\u0142\u00a0\u00a0\u00a0\u00a0\u00a0\u00a0\u00a0\u00a0\u00a0\u00a0\u00a0\u00a0\u00a0\u00a0\u00a0\u00a0\u00a0\u00a0\u00a0\u00a0\u00a0\u00a0\u00a0\u00a0\u00a0\u00a0\u00a0\u00a0\u00a0\u00a0\u00a0\u00a0\u00a0 <strong>z dodatkiem<\/strong> <strong>\u201eGo\u015b\u0107 Elbl\u0105ski<\/strong>.<\/li><\/ol>\n\n\n\n<p><strong>PROGRAM WIZYTY DUSZPASTERSKIEJ<\/strong><br><strong>W PARAFII \u015aW. RAFA\u0141A KALINOWSKIEGO<\/strong><\/p>\n\n\n\n<figure class=\"wp-block-table\"><table><tbody><tr><td><strong>Poniedzia\u0142ek<\/strong> 9.01.2023r. od 16:00<\/td><td>ul. K\u0142oczowskiego 23, 24, 25, 26 ul. K\u0142oczowskiego 27, 28, 29, 30, 31<\/td><\/tr><tr><td><strong>Wtorek<\/strong> 10.01.2023r. od 16:00<\/td><td>ul. K\u0142oczowskiego 32, 33, 34, 35 ul. Broniewskiego 1, 3, 5, 7 ul. Broniewskiego 9, 11, 13, 15<\/td><\/tr><tr><td><strong>\u015aroda<\/strong> 11.01.2023r. od 16:00<\/td><td>ul. Broniewskiego 18, 20, 22, 25 ul. Broniewskiego 10, 12, 14, 16 ul. Broniewskiego 17, 19, 21, 23<\/td><\/tr><tr><td><strong>Czwartek<\/strong> 12.01.2023r. od 16:00<\/td><td>ul. Broniewskiego 27, 29, 31, 33, 35 ul. Broniewskiego 2, 4 ul. Broniewskiego 6, 8<\/td><\/tr><tr><td><strong>Pi\u0105tek<\/strong> 13.01. 2023 od 16:00<\/td><td>ul. Tuwima 1, 2, 3, 12, 13 ul. Tuwima 5 (1-36) ul. Tuwima 6, 7<\/td><\/tr><tr><td><strong>Sobota<\/strong> 14.01.2023r. od 15:00<\/td><td>ul. K\u0142oczowskiego 14 (1-32) ul. \u0141okietka 67 &#8211; 127 ul. Fromborska 31<\/td><\/tr><\/tbody><\/table><\/figure>\n\n\n\n<p><strong>Prosimy o przygotowanie si\u0119 do wizyty duszpasterskiej:<\/strong><\/p>\n\n\n\n<ul class=\"wp-block-list\"><li>W miar\u0119 mo\u017cliwo\u015bci, aby zebra\u0142a si\u0119 ca\u0142a rodzina.<\/li><li>Dzieci powinny przygotowa\u0107 zeszyty do religii, ziarenka potwierdzaj\u0105ce udzia\u0142 we Mszy \u015bw. niedzielnej a m\u0142odzie\u017c ksi\u0105\u017ceczki od przygotowania do Sakramentu Bierzmowania.<\/li><li>St\u00f3\u0142 powinien by\u0107 przykryty bia\u0142ym obrusem, Pismo \u015awi\u0119te, Krzy\u017c, \u015bwiecznik, woda \u015bwi\u0119cona i kropid\u0142o.<\/li><li><strong>Tematyk\u0105 tegorocznej Kol\u0119dy jest dzielenie si\u0119 nasz\u0105 wiar\u0105 z innymi w nawi\u0105zaniu do has\u0142a roku duszpasterskiego 2022\/2023: <\/strong><strong>\u201ePOS\u0141ANI W POKOJU CHRYSTUSA\u201d<\/strong>.<\/li><li>Kol\u0119dy rozpoczynamy: od poniedzia\u0142ku do pi\u0105tku rozpoczynamy od godz. 16.00, natomiast w soboty od godz. 15.00.<\/li><\/ul>\n\n\n\n<p><\/p>\n\n\n\n<p><\/p>\n\n\n\n<figure class=\"wp-block-image\"><img decoding=\"async\" src=\"http:\/\/rafalk-elblag.pl\/wp-content\/uploads\/2020\/04\/baner-intencje-mszy.jpg\" alt=\"\"\/><\/figure>\n\n\n\n<h1 class=\"wp-block-heading\">Intencje mszalne 08.01.2023r<br><\/h1>\n\n\n\n<p><strong>PONIEDZIA\u0141EK \/ 9 stycznia 2023 r.<\/strong><br>8.00 \u015bp. Marcin Kierzkowski (9 greg.)<br>8.00 \u015bp. Teresa Odziemczyk (30 dzie\u0144 po pogrzebie)<br>18.00 \u015bp. Jan Przedwojewski (4 rocznica \u015bmierci), Krystyna, Gra\u017cyna<\/p>\n\n\n\n<p><br><strong>WTOREK \/ 10 stycznia 2023 r.<\/strong><br>8.00 \u015bp. Marcin Kierzkowski (10 greg.)<br>8.00 \u015bp. Jadwiga i Micha\u0142 \u0141astowscy<br>18.00 O Bo\u017ce b\u0142., dary Ducha \u015awi\u0119tego i opiek\u0119 Matki Bo\u017cej dla ks. Arkadiusza Grabowskiego<br>z okazji imienin (intencja od Margaretki)<\/p>\n\n\n\n<p><strong>\u015aRODA \/ 11 stycznia 2023 r.<\/strong><br>8.00 \u015bp. Marcin Kierzkowski (11 greg.)<br>8.00 \u015bp. Stanis\u0142aw i Stefania \u017buromscy<br>18.00 Dzi\u0119kczynna w 64 rocznic\u0119 urodzin Ireny, z pro\u015bb\u0105 o potrzebne \u0142aski i b\u0142. Bo\u017ce<\/p>\n\n\n\n<p><strong>CZWARTEK \/ 12 stycznia 2023 r.<\/strong><br>8.00 \u015bp. Marcin Kierzkowski (12 greg.)<br>8.00 O Bo\u017ce b\u0142. i wszelkie potrzebna \u0142aski w Nowym Roku dla ks. Arkadiusza (intencja od<br>Margaretki)<br>18.00 \u015bp. Franciszek, rodzice, rodze\u0144stwo; zmarli z rodzin: Kudlewskich i Ba\u0142dyga<\/p>\n\n\n\n<p><strong>PI\u0104TEK \/ 13 stycznia 2023 r.<\/strong><br>8.00 Za dusze w czy\u015b\u0107cu cierpi\u0105ce<br>8.00 \u015bp. Piotr Kar\u017cewicz (w 20 rocznic\u0119 \u015bmierci), Longina [k] Kar\u017cewicz i zmarli z rodzin<br>Kar\u017cewicz i Sienkiewicz<br>18.00 \u015bp. Marcin Kierzkowski (13 greg.)<\/p>\n\n\n\n<p><strong>SOBOTA \/ 14 stycznia 2023 r.<\/strong><br>8.00 \u015bp. Marcin Kierzkowski (14 greg.)<br>8.00 rezerwacja<br>18.00 Zmarli z rodzin Radziszewskich oraz Rend\u00f3w<br><\/p>\n\n\n\n<p><strong>II Niedziela Zwyk\u0142a \/ 15 stycznia 2023 r.<\/strong><br>8.00 \u015bp. Marcin Kierzkowski (15 greg.)<br>10.00 Za dusze w czy\u015b\u0107cu cierpi\u0105ce<br>12.00 O zdrowie, b\u0142. Bo\u017ce, dary Ducha \u015awi\u0119tego i opiek\u0119 Matki Bo\u017cej Szkaplerznej dla Bogumi\u0142y i Zbigniewa Troczek z okazji 32 rocznicy \u015blubu oraz o moc Bo\u017c\u0105 z okazji 70 urodzin Bogumi\u0142y<br>12.00 W intencji Parafian<br>15.00 \u015bp. Jadwiga i Teofil<br>18.00 Dzi\u0119kczynna w 25 rocznic\u0119 powstania wsp\u00f3lnoty Odnowy w Duchu \u015awi\u0119tym \u201eKana<br>Galilejska\u201d<\/p>\n","protected":false},"excerpt":{"rendered":"<p>Ewangelia (Mt 3, 13-17) Chrzest Jezusa S\u0142owa Ewangelii wed\u0142ug \u015awi\u0119tego Mateusza Jezus przyszed\u0142 z Galilei nad Jordan do Jana, \u017ceby przyj\u0105\u0107 od niego chrzest. Lecz Jan powstrzymywa\u0142 Go, m\u00f3wi\u0105c: \u00abTo ja potrzebuj\u0119 chrztu od Ciebie, a Ty przychodzisz do mnie?\u00bb Jezus mu odpowiedzia\u0142: \u00abUst\u0105p teraz, bo tak godzi si\u0119 nam wype\u0142ni\u0107 wszystko, co sprawiedliwe\u00bb. Wtedy [&hellip;]<\/p>\n","protected":false},"author":1,"featured_media":4886,"comment_status":"closed","ping_status":"closed","sticky":false,"template":"","format":"standard","meta":{"ngg_post_thumbnail":0,"footnotes":""},"categories":[11,8,4,3],"tags":[],"class_list":["post-4885","post","type-post","status-publish","format-standard","has-post-thumbnail","hentry","category-aktualnosci","category-blog","category-intencje","category-ogloszenia"],"_links":{"self":[{"href":"https:\/\/rafalk-elblag.pl\/index.php?rest_route=\/wp\/v2\/posts\/4885","targetHints":{"allow":["GET"]}}],"collection":[{"href":"https:\/\/rafalk-elblag.pl\/index.php?rest_route=\/wp\/v2\/posts"}],"about":[{"href":"https:\/\/rafalk-elblag.pl\/index.php?rest_route=\/wp\/v2\/types\/post"}],"author":[{"embeddable":true,"href":"https:\/\/rafalk-elblag.pl\/index.php?rest_route=\/wp\/v2\/users\/1"}],"replies":[{"embeddable":true,"href":"https:\/\/rafalk-elblag.pl\/index.php?rest_route=%2Fwp%2Fv2%2Fcomments&post=4885"}],"version-history":[{"count":1,"href":"https:\/\/rafalk-elblag.pl\/index.php?rest_route=\/wp\/v2\/posts\/4885\/revisions"}],"predecessor-version":[{"id":4887,"href":"https:\/\/rafalk-elblag.pl\/index.php?rest_route=\/wp\/v2\/posts\/4885\/revisions\/4887"}],"wp:featuredmedia":[{"embeddable":true,"href":"https:\/\/rafalk-elblag.pl\/index.php?rest_route=\/wp\/v2\/media\/4886"}],"wp:attachment":[{"href":"https:\/\/rafalk-elblag.pl\/index.php?rest_route=%2Fwp%2Fv2%2Fmedia&parent=4885"}],"wp:term":[{"taxonomy":"category","embeddable":true,"href":"https:\/\/rafalk-elblag.pl\/index.php?rest_route=%2Fwp%2Fv2%2Fcategories&post=4885"},{"taxonomy":"post_tag","embeddable":true,"href":"https:\/\/rafalk-elblag.pl\/index.php?rest_route=%2Fwp%2Fv2%2Ftags&post=4885"}],"curies":[{"name":"wp","href":"https:\/\/api.w.org\/{rel}","templated":true}]}}