{"id":4880,"date":"2023-01-01T16:27:05","date_gmt":"2023-01-01T16:27:05","guid":{"rendered":"http:\/\/rafalk-elblag.pl\/?p=4880"},"modified":"2023-01-01T16:27:05","modified_gmt":"2023-01-01T16:27:05","slug":"ogloszenia-01-01-2023-uroczystosc-swietej-bozej-rodzicielki","status":"publish","type":"post","link":"https:\/\/rafalk-elblag.pl\/?p=4880","title":{"rendered":"Og\u0142oszenia 01.01.2023, Uroczysto\u015b\u0107 \u015awi\u0119tej Bo\u017cej Rodzicielki"},"content":{"rendered":"\n<figure class=\"wp-block-embed is-type-video is-provider-youtube wp-block-embed-youtube wp-embed-aspect-16-9 wp-has-aspect-ratio\"><div class=\"wp-block-embed__wrapper\">\n<iframe loading=\"lazy\" title=\"b\u0142ogos\u0142awcie\" width=\"900\" height=\"506\" src=\"https:\/\/www.youtube.com\/embed\/D1CsEhjcpz8?feature=oembed\" frameborder=\"0\" allow=\"accelerometer; autoplay; clipboard-write; encrypted-media; gyroscope; picture-in-picture\" allowfullscreen><\/iframe>\n<\/div><\/figure>\n\n\n\n<h1 class=\"wp-block-heading\">Ewangelia (\u0141k 2, 16-21)\nNadano Mu imi\u0119 Jezus\n<\/h1>\n\n\n\n<p>S\u0142owa Ewangelii wed\u0142ug \u015awi\u0119tego \u0141ukasza<\/p>\n\n\n\n<p>\nPasterze po\u015bpiesznie udali si\u0119 do Betlejem i znale\u017ali Maryj\u0119, J\u00f3zefa oraz le\u017c\u0105ce w \u017c\u0142obie Niemowl\u0119. Gdy Je ujrzeli, opowiedzieli, co im zosta\u0142o objawione o tym dzieci\u0119ciu. A wszyscy, kt\u00f3rzy to s\u0142yszeli, zdumieli si\u0119 tym, co im pasterze opowiedzieli.\n\nLecz Maryja zachowywa\u0142a wszystkie te sprawy i rozwa\u017ca\u0142a je w swoim sercu. A pasterze wr\u00f3cili, wielbi\u0105c i wys\u0142awiaj\u0105c Boga za wszystko, co s\u0142yszeli i widzieli, jak im to zosta\u0142o przedtem powiedziane.\n\nGdy nadszed\u0142 dzie\u0144 \u00f3smy i nale\u017ca\u0142o obrzeza\u0107 dzieci\u0119, nadano Mu imi\u0119 Jezus, kt\u00f3rym Je nazwa\u0142 Anio\u0142, zanim si\u0119 pocz\u0119\u0142o w \u0142onie Matki.\n<\/p>\n\n\n\n<h1 class=\"wp-block-heading\"><strong><strong><strong><strong><strong><strong><strong><strong><strong><strong><strong>Objawienie Pa\u0144skie<\/strong><\/strong><\/strong><\/strong><\/strong><\/strong><\/strong><\/strong><\/strong><\/strong><\/strong><\/h1>\n\n\n\n<p><strong>W \u015bwi\u0119cie Trzech Kr\u00f3li czcimy objawienie si\u0119 Boga<br>w widzialnej postaci. Wcielony B\u00f3g objawi\u0142 si\u0119 poganom<br>w osobach M\u0119drc\u00f3w, narodowi wybranemu przy chrzcie<br>w Jordanie i swoim uczniom przez cud dokonany w Kanie Galilejskiej.<\/strong><\/p>\n\n\n\n<p>Uroczysto\u015b\u0107 Trzech Kr\u00f3li jest jednym z najstarszych \u015bwi\u0105t w Ko\u015bciele. Na Wschodzie by\u0142a ona znana ju\u017c w III w. Sto lat p\u00f3\u017aniej pojawi\u0142a si\u0119 tak\u017ce na Zachodzie, gdzie przeobrazi\u0142a si\u0119 w \u015bwi\u0119to Trzech Kr\u00f3li. W liturgii uroczysto\u015b\u0107 ta wi\u0105\u017ce si\u0119 nierozerwalnie z Bo\u017cym Narodzeniem. Ewangelia \u015bw. Mateusza m\u00f3wi o M\u0119drcach ze Wschodu, kt\u00f3rzy id\u0105c za gwiazd\u0105 przybyli do Jerozolimy i Betlejem szukaj\u0105c nowo narodzonego kr\u00f3la \u017cydowskiego.<\/p>\n\n\n\n<p>Pok\u0142on Jezusowi oddali M\u0119drcy ze wschodu nazwani: Kacper, Melchior<br>i Baltazar. Nie byli to cz\u0142onkowie narodu Izraela. Na znak przynale\u017cno\u015bci do Chrystusa i publicznego wyznania swej katolickiej wiary od wiek\u00f3w w uroczysto\u015b\u0107 Objawienia praktykuje si\u0119 zwyczaj naznaczenia po\u015bwi\u0119con\u0105 kred\u0105 drzwi swoich dom\u00f3w. Wed\u0142ug najstarszej tradycji pisano s\u0142owa \u201eChristus mansionem benedicat\u201d (\u201eNiech Chrystus b\u0142ogos\u0142awi dom\u201d), kt\u00f3rych skr\u00f3t stanowi\u0105 litery \u201eCMB\u201d. W przedsoborowym rytuale b\u0142ogos\u0142awie\u0144stwa kredy czytamy z kolei: \u201e(\u2026) aby ci, kt\u00f3rzy j\u0105 zabior\u0105 lub napisz\u0105 na drzwiach swoich dom\u00f3w imiona Twoich \u015bwi\u0119tych: Kacpra, Melchiora i Baltazara, przez ich wstawiennictwo i zas\u0142ugi otrzymaj\u0105 zdrowie cia\u0142a i opiek\u0119 dla duszy\u201d.<\/p>\n\n\n\n<p>Oba zapisy s\u0105 prawid\u0142owe: &#8222;C+M+B 2023&#8221;, kt\u00f3ry ma by\u0107 skr\u00f3tem od \u0142aci\u0144skiego zdania &#8222;Niech Chrystus pob\u0142ogos\u0142awi dom&#8221; oraz &#8222;K+M+B 2023&#8221;, pochodz\u0105cy od imion trzech m\u0119drc\u00f3w, kt\u00f3rych \u015bwi\u0119to obchodzimy 6 stycznia: Kacpra, Melchiora i Baltazara. Znaki + pomi\u0119dzy literami s\u0105 krzy\u017cykami oznaczaj\u0105cymi b\u0142ogos\u0142awie\u0144stwo.<\/p>\n\n\n\n<p>Zapisanie trzech liter i roku na drzwiach naszych dom\u00f3w jest oznak\u0105 naszego przywi\u0105zania do katolickiej wiary i w jaki\u015b spos\u00f3b odpowiedzi\u0105 na Chrystusowe wezwanie przyznania si\u0119 do Niego przed lud\u017ami, aby i On przyzna\u0142 si\u0119 do nas przed swoim Ojcem. (Mt 10,32).<\/p>\n\n\n\n<p><\/p>\n\n\n\n<figure class=\"wp-block-image\"><a href=\"http:\/\/rafalk-elblag.pl\/wp-content\/uploads\/2021\/08\/ogloszenia-parafialne-baner-01a.jpg\"><img loading=\"lazy\" decoding=\"async\" width=\"720\" height=\"232\" src=\"http:\/\/rafalk-elblag.pl\/wp-content\/uploads\/2021\/08\/ogloszenia-parafialne-baner-01a.jpg\" alt=\"\" class=\"wp-image-4410\" srcset=\"https:\/\/rafalk-elblag.pl\/wp-content\/uploads\/2021\/08\/ogloszenia-parafialne-baner-01a.jpg 720w, https:\/\/rafalk-elblag.pl\/wp-content\/uploads\/2021\/08\/ogloszenia-parafialne-baner-01a-300x97.jpg 300w\" sizes=\"auto, (max-width: 720px) 100vw, 720px\" \/><\/a><\/figure>\n\n\n\n<h1 class=\"wp-block-heading\">Og\u0142oszenia parafialne 01.01.2023r<\/h1>\n\n\n\n<ol class=\"wp-block-list\"><li><strong>W Nowy Rok<\/strong>, Ko\u015bci\u00f3\u0142 obchodzi Uroczysto\u015b\u0107 \u015awi\u0119tej Bo\u017cej Rodzicielki Maryi.<\/li><\/ol>\n\n\n\n<p>Jest to \u015awiatowy Dzie\u0144 Modlitw o Pok\u00f3j, pro\u015bmy szczeg\u00f3lnie o ten pok\u00f3j na UKRAINIE.<strong> Zapraszamy na Msze \u015bw. w tym dniu o godz. 8:00, 10:00, 12:00 i o godz. 18:00.<\/strong><\/p>\n\n\n\n<ol class=\"wp-block-list\" start=\"2\"><li>W przysz\u0142\u0105 niedziel\u0119 zapraszamy na comiesi\u0119czn\u0105 Adoracj\u0119 Naj\u015bwi\u0119tszego Sakramentu od godz. 16:00 do 18:00. <em><strong>Przyjd\u017a i oddaj Panu Bogu rozpocz\u0119ty Nowy Rok 2023.<\/strong><\/em><\/li><li>W pi\u0105tek obchodzi\u0107 b\u0119dziemy <strong>UROCZYSTO\u015a\u0106 OBJAWIENIA PA\u0143SKIEGO (TRZECH KR\u00d3LI<\/strong>). Msze \u015awi\u0119te w tym dniu o godz. <strong>8:00, 10:00, 12:00 i 18:00.<\/strong> Jest to dzie\u0144 modlitw za misje, dlatego pami\u0119tajmy o misjonarzach pochodz\u0105cych z naszej parafii. Ofiary zbierane do puszek przeznaczone b\u0119d\u0105 na pomoc dla o. Dariusza Maruta CSSp pracuj\u0105cego na Madagaskarze. B\u00f3g zap\u0142a\u0107 za zrozumienie. <strong>W tym dniu podczas ka\u017cdej Mszy \u015awi\u0119tej po\u015bwi\u0119cenie kredy i wody, kt\u00f3r\u0105 mo\u017cemy zabra\u0107 do domu.<\/strong><\/li><li><strong>Po raz kolejny w naszym mie\u015bcie odb\u0119dzie si\u0119 Orszak Trzech Kr\u00f3li. Wydarzenie to, kt\u00f3re w tym roku obejmie wiele miast w Polsce przywraca star\u0105 polsk\u0105 tradycj\u0119 jase\u0142ek ulicznych<\/strong>: radosnych, wielobarwnych grup roz\u015bpiewanych i u\u015bmiechni\u0119tych kol\u0119dnik\u00f3w g\u0142osz\u0105cych na ulicach Radosn\u0105 i Dobr\u0105 Nowin\u0119 o narodzeniu Jezusa. W tym dniu&nbsp; mo\u017cemy by\u0107 jak Trzej M\u0119drcy &#8211; ujrze\u0107 \u015bwiat\u0142o betlejemskiej gwiazdy, p\u00f3j\u015b\u0107 za ni\u0105 i odnale\u017a\u0107 Prawd\u0119, Dobro i Pi\u0119kno. <strong>Orszak rozpocznie si\u0119 na Placu Jagiello\u0144czyka o godz.13.00, a zako\u0144czy si\u0119 Msz\u0105 sw. w<\/strong> Katedrze \u015bw. Miko\u0142aja.<\/li><li>W tym tygodniu przypada pierwszy czwartek, pi\u0105tek i sobota miesi\u0105ca:<\/li><\/ol>\n\n\n\n<ul class=\"wp-block-list\"><li><strong>I czwartek miesi\u0105ca<\/strong> \u2013 zapraszamy na Msz\u0119 \u015bw. o godz. 18:00, a po niej na Adoracj\u0119 przy \u017c\u0142\u00f3bku. <em>Zapraszamy wszystkie \u201eMargaretki\u201d do wsp\u00f3lnej modlitwy.<\/em><\/li><li><strong>I pi\u0105tek miesi\u0105ca<\/strong> <strong>(6.01.)<\/strong> przypada w <strong>UROCZYSTO\u015a\u0106 OBJAWIENIA PA\u0143SKIEGO <\/strong>zapraszamy do skorzystanie z Sakramentu Spowiedzi w tym dniu: dzieci, m\u0142odzie\u017c i doros\u0142ych.<strong>Msza \u015bw. dla wszystkich dzieci w I pi\u0105tek 6 stycznia o godz. 10:00.<\/strong><\/li><li><strong>I sobota miesi\u0105ca<\/strong><strong> zapraszamy <\/strong>o godz. 17:00 na <strong>NABO\u017bE\u0143STWO WYNAGRADZAJ\u0104CE ZA OBELGI PRZECIWKO NIEPOKALANEMU POCZ\u0118CIU MARYI<\/strong> <strong>w ramach nabo\u017ce\u0144stwa pierwszych pi\u0119ciu sob\u00f3t,<br>o kt\u00f3re prosi\u0142a Matka Bo\u017ca w FATIMIE.<\/strong><\/li><\/ul>\n\n\n\n<ol class=\"wp-block-list\" start=\"6\"><li>Do chorych z racji pierwszego pi\u0105tku miesi\u0105ca udamy si\u0119 w sobot\u0119 (7 stycznia) od godz. 9:30.<\/li><li><strong>KANCELARIA PARAFIALNA<\/strong> z racji trwaj\u0105cej KOL\u0118DY czynna b\u0119dzie czynna tylko w sobot\u0119 od godz. 11:00 do 12:30. Zapraszamy.<\/li><li>Za tydzie\u0144 ofiary z\u0142o\u017cone na tac\u0119 przeznaczone b\u0119d\u0105 uregulowanie rachunku za ogrzewanie Ko\u015bcio\u0142a. <em>Dzi\u0119kuj\u0119 za zrozumienie i z\u0142o\u017cone ofiary.<\/em><\/li><li>Trwa Wizyta duszpasterska w naszej parafii. Kol\u0119d\u0119 rozpoczynamy od godz. 16:00 a w sobot\u0119 od godz. 15:00. <strong>W trakcie kol\u0119dy o godz. 8:00 b\u0119dzie sprawowana Eucharystia za rodziny, do kt\u00f3rych udamy si\u0119 z Wizyt\u0105 Duszpastersk\u0105. Tym bardziej zach\u0119camy osoby dysponuj\u0105ce czasem do wsp\u00f3lnej modlitwy. Program znajdziemy w Biuletynie.<\/strong><\/li><li>W tradycji przyj\u0119te jest, \u017ce podczas kol\u0119dy ministranci i lektorzy otrzymuj\u0105 dobrowolne ofiary jako wyraz wdzi\u0119czno\u015bci za pos\u0142ug\u0119 przy O\u0142tarzu Pa\u0144skim. Zebrane ofiary przeznaczone b\u0119d\u0105 na ich wsp\u00f3lny wyjazd. <em>Za okazane dobro<\/em> <em>dzi\u0119kujemy!<\/em><\/li><li>Pragn\u0119 poinformowa\u0107 \u017ce pod ch\u00f3rem znajduje si\u0119 naczynie z WOD\u0104 \u015aWIECON\u0104. Prosz\u0119<br>o przyniesienie swojego naczynia, by zaopatrzy\u0107 si\u0119 w te wod\u0119 do po\u015bwiecenia mieszkania podczas kol\u0119dy.<\/li><li>Pan powo\u0142a\u0142 do wieczno\u015bci: \u015bp. Janin\u0119 OBR\u0118BSK\u0104 lat 72 z ul. K\u0142oczowskiego<\/li><\/ol>\n\n\n\n<p><em>Wieczny odpoczynek racz jej da\u0107 Panie! A \u015bwiat\u0142o\u015b\u0107 wiekuista niechaj im \u015bwieci.<\/em><\/p>\n\n\n\n<p><strong>PROGRAM WIZYTY DUSZPASTERSKIEJ<\/strong><br><strong>W PARAFII \u015aW. RAFA\u0141A KALINOWSKIEGO<\/strong><\/p>\n\n\n\n<figure class=\"wp-block-table\"><table><tbody><tr><td><strong>Poniedzia\u0142ek<\/strong> 2.01.2023r. od 16:00<\/td><td>ul. Legion\u00f3w 42 ul. Sobieskiego 2A, ul. Sobieskiego 2B i domki 21,23,25 ul. Sobieskiego 2, 4, 6, 8, 10<\/td><\/tr><tr><\/tr><tr><\/tr><tr><\/tr><tr><\/tr><tr><\/tr><tr><\/tr><tr><\/tr><tr><\/tr><tr><\/tr><tr><\/tr><tr><\/tr><tr><\/tr><tr><\/tr><tr><\/tr><tr><\/tr><tr><\/tr><tr><\/tr><tr><\/tr><tr><\/tr><tr><\/tr><tr><\/tr><tr><\/tr><tr><\/tr><tr><\/tr><tr><\/tr><tr><\/tr><tr><\/tr><tr><\/tr><tr><\/tr><tr><td><strong>Wtorek<\/strong> 3.01.2023r. od 16:00<\/td><td>ul. Sobieskiego 12, 14, 16, 18 ul. Sobieskiego 20, 22, 24, 26 ul. Sobieskiego 16A, 18A ul. Sobieskiego 28, 30, 32, 34<\/td><\/tr><tr><\/tr><tr><\/tr><tr><\/tr><tr><\/tr><tr><\/tr><tr><\/tr><tr><\/tr><tr><\/tr><tr><\/tr><tr><\/tr><tr><\/tr><tr><\/tr><tr><\/tr><tr><\/tr><tr><\/tr><tr><\/tr><tr><\/tr><tr><\/tr><tr><\/tr><tr><\/tr><tr><\/tr><tr><\/tr><tr><\/tr><tr><\/tr><tr><\/tr><tr><\/tr><tr><\/tr><tr><\/tr><tr><\/tr><tr><td><strong>\u015aroda<\/strong> 4.01.2023r. od 16:00<\/td><td>ul. Sobieskiego 29, 33, 35, 36, 38, 40 ul. K\u0142oczowskiego 1, 2, 3, 4 ul. K\u0142oczowskiego 5, 6, 7 ul. K\u0142oczowskiego 8, 9, 10, 11<\/td><\/tr><tr><\/tr><tr><\/tr><tr><\/tr><tr><\/tr><tr><\/tr><tr><\/tr><tr><\/tr><tr><\/tr><tr><\/tr><tr><\/tr><tr><\/tr><tr><\/tr><tr><\/tr><tr><\/tr><tr><\/tr><tr><\/tr><tr><\/tr><tr><\/tr><tr><\/tr><tr><\/tr><tr><\/tr><tr><\/tr><tr><\/tr><tr><\/tr><tr><\/tr><tr><\/tr><tr><\/tr><tr><\/tr><tr><\/tr><tr><td><strong>Czwartek<\/strong> 5.01.2023r. od 16:00<\/td><td>ul. K\u0142oczowskiego 12, 12A ul. K\u0142oczowskiego 13, 13 A ul. K\u0142oczowskiego 15, 16, 17, 18 ul. K\u0142oczowskiego 19, 20, 21, 22<\/td><\/tr><tr><\/tr><tr><\/tr><tr><\/tr><tr><\/tr><tr><\/tr><tr><\/tr><tr><\/tr><tr><\/tr><tr><\/tr><tr><\/tr><tr><\/tr><tr><\/tr><tr><\/tr><tr><\/tr><tr><\/tr><tr><\/tr><tr><\/tr><tr><\/tr><tr><\/tr><tr><\/tr><tr><\/tr><tr><\/tr><tr><\/tr><tr><\/tr><tr><\/tr><tr><\/tr><tr><\/tr><tr><\/tr><tr><\/tr><tr><td><strong>Sobota<\/strong> 7.01.2023r. od 15:00<\/td><td>ul. \u0141okietka 1-65 ul. \u0141okietka 2- 62<\/td><\/tr><\/tbody><\/table><\/figure>\n\n\n\n<p><strong>Prosimy o przygotowanie si\u0119 do wizyty duszpasterskiej:<\/strong><\/p>\n\n\n\n<ul class=\"wp-block-list\"><li>W miar\u0119 mo\u017cliwo\u015bci, aby zebra\u0142a si\u0119 ca\u0142a rodzina.<\/li><li>Dzieci powinny przygotowa\u0107 zeszyty do religii, ziarenka potwierdzaj\u0105ce udzia\u0142 we Mszy \u015bw. niedzielnej a m\u0142odzie\u017c ksi\u0105\u017ceczki od przygotowania do Sakramentu Bierzmowania.<\/li><li>St\u00f3\u0142 powinien by\u0107 przykryty bia\u0142ym obrusem, Pismo \u015awi\u0119te, Krzy\u017c, \u015bwiecznik, woda \u015bwi\u0119cona i kropid\u0142o.<\/li><li><strong>Tematyk\u0105 tegorocznej Kol\u0119dy jest dzielenie si\u0119 nasz\u0105 wiar\u0105 z innymi w nawi\u0105zaniu do has\u0142a roku duszpasterskiego 2022\/2023: <\/strong><strong>\u201ePOS\u0141ANI W POKOJU CHRYSTUSA\u201d<\/strong>.<\/li><li>Kol\u0119dy rozpoczynamy: od poniedzia\u0142ku do pi\u0105tku rozpoczynamy od godz. 16.00, natomiast w soboty od godz. 15.00.<\/li><\/ul>\n\n\n\n<p><\/p>\n\n\n\n<p><\/p>\n\n\n\n<figure class=\"wp-block-image\"><img decoding=\"async\" src=\"http:\/\/rafalk-elblag.pl\/wp-content\/uploads\/2020\/04\/baner-intencje-mszy.jpg\" alt=\"\"\/><\/figure>\n\n\n\n<h1 class=\"wp-block-heading\">Intencje mszalne 01.01.2023r<br><\/h1>\n\n\n\n<p><strong>PONIEDZIA\u0141EK \/ 2 stycznia 2023 r. \u015bw. Bazylego Wielkiego i Grzegorza z Nazjanzu<\/strong><br>8.00 \u015bp. Marcin Kierzkowski (2 greg.)<br>8.00 \u015bp. J\u00f3zefa [k] Urba\u0144ska (w 30 dzie\u0144 po pogrzebie)<br>18.00 \u015bp. Marta Bogdanowicz<\/p>\n\n\n\n<p><strong>WTOREK \/ 3 stycznia 2023 r. Naj\u015bwi\u0119tszego Imienia Jezusa<\/strong><br>8.00 \u015bp. Marcin Kierzkowski (3 greg.)<br>8.00 W intencji rodzin odwiedzanych w czasie kol\u0119dy<br>18.00 \u015bp. Ryszarda [k] Tomczak (w 1 rocznic\u0119 \u015bmierci)<\/p>\n\n\n\n<p><strong>\u015aRODA \/ 4 stycznia 2023 r.<\/strong><br>8.00 \u015bp. Marcin Kierzkowski (4 greg.)<br>8.00 \u015bp. Irena Putkowska (w 1 rocznic\u0119 \u015bmierci)<br>18.00 \u015bp. Janina, Stefan Janta \u2013 Lipi\u0144scy i zmarli z rodziny<\/p>\n\n\n\n<p><strong>CZWARTEK \/ 5 stycznia 2023 r.<\/strong><br>8.00 \u015bp. Marcin Kierzkowski (5 greg.)<br>8.00 \u015bp. Kinga Stankiewicz i zmarli z rodziny S\u0142omi\u0144skich i Stankiewicz<br>18.00 W intencji powo\u0142a\u0144<\/p>\n\n\n\n<p><strong>UROCZYSTO\u015a\u0106 OBJAWIENIA PA\u0143SKIEGO<br>PI\u0104TEK \/ 6 stycznia 2023 r.<\/strong><br>8.00 \u015bp. Boles\u0142aw Malinowski (w 4 rocznic\u0119 \u015bmierci)<br>10.00 \u015bp. Stanis\u0142aw Waszak (w 15 rocznic\u0119 \u015bmierci) i zmarli z rodziny z obojga stron<br>12.00 \u015bp. Krystyna Kami\u0144ska (w 9 rocznic\u0119 \u015bmierci)<br>12.00 W intencji Parafian<br>18.00 \u015bp. Marcin Kierzkowski (6 greg.)<\/p>\n\n\n\n<p><strong>SOBOTA \/ 7 stycznia 2023 r.<\/strong><br>8.00 \u015bp. Marcin Kierzkowski (7 greg.)<br>18.00 Dzi\u0119kczynna w 45 rocznic\u0119 \u015blubu Gra\u017cyny i Tadeusza Jasi\u0144skich z pro\u015bb\u0105 o Bo\u017ce b\u0142.<br>i potrzebne \u0142aski dla Jubilat\u00f3w<\/p>\n\n\n\n<p><strong>\u015aWI\u0118TO CHRZTU PA\u0143SKIEGO<br>1 stycznia 2023 r.<\/strong><br>8.00 \u015bp. Genowefa (20 rocznica \u015bmierci) i Stanis\u0142aw P\u0105czkowscy<br>10.00 O Bo\u017ce b\u0142. i wszelkie potrzebne \u0142aski w Nowym Roku dla Nikodema i jego rodziny, Agnieszki i ca\u0142ej rodziny zakonnej oraz Magdaleny i jej rodziny<br>10.00 \u015bp. Stanis\u0142aw Rutkowski (1 rocznica \u015bmierci)<br>12.00 W intencji Parafian<br>15.00 \u015bp. Marcin Kierzkowski (8 greg.)<br>18.00 \u015bp. Tadeusz Tonga (1 rocznic\u0119 \u015bmierci), Jan Tonga (8 rocznica \u015bmierci) oraz wszyscy zmarli z rodziny Tonga i Koniecznych<\/p>\n","protected":false},"excerpt":{"rendered":"<p>Ewangelia (\u0141k 2, 16-21) Nadano Mu imi\u0119 Jezus S\u0142owa Ewangelii wed\u0142ug \u015awi\u0119tego \u0141ukasza Pasterze po\u015bpiesznie udali si\u0119 do Betlejem i znale\u017ali Maryj\u0119, J\u00f3zefa oraz le\u017c\u0105ce w \u017c\u0142obie Niemowl\u0119. Gdy Je ujrzeli, opowiedzieli, co im zosta\u0142o objawione o tym dzieci\u0119ciu. A wszyscy, kt\u00f3rzy to s\u0142yszeli, zdumieli si\u0119 tym, co im pasterze opowiedzieli. Lecz Maryja zachowywa\u0142a wszystkie [&hellip;]<\/p>\n","protected":false},"author":1,"featured_media":4882,"comment_status":"closed","ping_status":"closed","sticky":false,"template":"","format":"standard","meta":{"ngg_post_thumbnail":0,"footnotes":""},"categories":[11,8,4,3],"tags":[],"class_list":["post-4880","post","type-post","status-publish","format-standard","has-post-thumbnail","hentry","category-aktualnosci","category-blog","category-intencje","category-ogloszenia"],"_links":{"self":[{"href":"https:\/\/rafalk-elblag.pl\/index.php?rest_route=\/wp\/v2\/posts\/4880","targetHints":{"allow":["GET"]}}],"collection":[{"href":"https:\/\/rafalk-elblag.pl\/index.php?rest_route=\/wp\/v2\/posts"}],"about":[{"href":"https:\/\/rafalk-elblag.pl\/index.php?rest_route=\/wp\/v2\/types\/post"}],"author":[{"embeddable":true,"href":"https:\/\/rafalk-elblag.pl\/index.php?rest_route=\/wp\/v2\/users\/1"}],"replies":[{"embeddable":true,"href":"https:\/\/rafalk-elblag.pl\/index.php?rest_route=%2Fwp%2Fv2%2Fcomments&post=4880"}],"version-history":[{"count":1,"href":"https:\/\/rafalk-elblag.pl\/index.php?rest_route=\/wp\/v2\/posts\/4880\/revisions"}],"predecessor-version":[{"id":4883,"href":"https:\/\/rafalk-elblag.pl\/index.php?rest_route=\/wp\/v2\/posts\/4880\/revisions\/4883"}],"wp:featuredmedia":[{"embeddable":true,"href":"https:\/\/rafalk-elblag.pl\/index.php?rest_route=\/wp\/v2\/media\/4882"}],"wp:attachment":[{"href":"https:\/\/rafalk-elblag.pl\/index.php?rest_route=%2Fwp%2Fv2%2Fmedia&parent=4880"}],"wp:term":[{"taxonomy":"category","embeddable":true,"href":"https:\/\/rafalk-elblag.pl\/index.php?rest_route=%2Fwp%2Fv2%2Fcategories&post=4880"},{"taxonomy":"post_tag","embeddable":true,"href":"https:\/\/rafalk-elblag.pl\/index.php?rest_route=%2Fwp%2Fv2%2Ftags&post=4880"}],"curies":[{"name":"wp","href":"https:\/\/api.w.org\/{rel}","templated":true}]}}