{"id":4877,"date":"2022-12-25T10:47:00","date_gmt":"2022-12-25T10:47:00","guid":{"rendered":"http:\/\/rafalk-elblag.pl\/?p=4877"},"modified":"2023-01-01T16:11:18","modified_gmt":"2023-01-01T16:11:18","slug":"ogloszenia-25-12-2022-vi-niedziela-adwentu","status":"publish","type":"post","link":"https:\/\/rafalk-elblag.pl\/?p=4877","title":{"rendered":"Og\u0142oszenia 25.12.2022, Bo\u017ce Narodzenie"},"content":{"rendered":"\n<figure class=\"wp-block-embed is-type-video is-provider-youtube wp-block-embed-youtube wp-embed-aspect-16-9 wp-has-aspect-ratio\"><div class=\"wp-block-embed__wrapper\">\n<iframe loading=\"lazy\" title=\"Ks. Piotr Pawlukiewicz - Czwarta niedziela adwentu\" width=\"900\" height=\"506\" src=\"https:\/\/www.youtube.com\/embed\/kcWDBLsdO4c?feature=oembed\" frameborder=\"0\" allow=\"accelerometer; autoplay; clipboard-write; encrypted-media; gyroscope; picture-in-picture\" allowfullscreen><\/iframe>\n<\/div><\/figure>\n\n\n\n<h1 class=\"wp-block-heading\">Bo\u017ce Narodzenie <\/h1>\n\n\n\n<p>\u201eId\u017acie do Betlejem, gdzie Dzieci\u0119 zrodzone<\/p>\n\n\n\n<p>W pieluszki powite, w \u017c\u0142obie po\u0142o\u017cone.<\/p>\n\n\n\n<p>Oddajcie Mu pok\u0142on Boski<\/p>\n\n\n\n<p>On os\u0142odzi wasze troski\u201d<\/p>\n\n\n\n<p><em>Jako duszpasterze chcemy przekaza\u0107 wszystkim najpi\u0119kniejsze \u017cyczenia<br>z okazji \u015bwi\u0105t Narodzenia Pa\u0144skiego.<\/em><\/p>\n\n\n\n<p><em>Nowonarodzony Chrystus niech wype\u0142ni wasze serca niezachwian\u0105 nadziej\u0105, kt\u00f3ra pozwoli pokona\u0107 wszelkie trudno\u015bci, siln\u0105 wiar\u0105, kt\u00f3ra rozja\u015bni nawet najbardziej mroczne dni i g\u0142\u0119bok\u0105 mi\u0142o\u015bci\u0105, kt\u00f3ra zawsze jest gotowa pomaga\u0107.<\/em><\/p>\n\n\n\n<p><em>Niech Bo\u017cy pok\u00f3j i dary Ducha \u015awi\u0119tego towarzysz\u0105 Wam ka\u017cdego dnia<br>a Bo\u017ce b\u0142ogos\u0142awie\u0144stwo wype\u0142ni ca\u0142y 2023 rok.<\/em><\/p>\n\n\n\n<p><\/p>\n\n\n\n<figure class=\"wp-block-image\"><a href=\"http:\/\/rafalk-elblag.pl\/wp-content\/uploads\/2021\/08\/ogloszenia-parafialne-baner-01a.jpg\"><img loading=\"lazy\" decoding=\"async\" width=\"720\" height=\"232\" src=\"http:\/\/rafalk-elblag.pl\/wp-content\/uploads\/2021\/08\/ogloszenia-parafialne-baner-01a.jpg\" alt=\"\" class=\"wp-image-4410\" srcset=\"https:\/\/rafalk-elblag.pl\/wp-content\/uploads\/2021\/08\/ogloszenia-parafialne-baner-01a.jpg 720w, https:\/\/rafalk-elblag.pl\/wp-content\/uploads\/2021\/08\/ogloszenia-parafialne-baner-01a-300x97.jpg 300w\" sizes=\"auto, (max-width: 720px) 100vw, 720px\" \/><\/a><\/figure>\n\n\n\n<h1 class=\"wp-block-heading\">Og\u0142oszenia parafialne 25.12.2022r<\/h1>\n\n\n\n<ol class=\"wp-block-list\"><li><strong>Dzi\u0119kuj\u0119 tym wszystkim,<\/strong> kt\u00f3rzy w\u0142\u0105czyli si\u0119 w przygotowanie naszego Ko\u015bcio\u0142a do \u015awi\u0105t Bo\u017cego Narodzenia. Szczeg\u00f3lne wyrazy wdzi\u0119czno\u015bci sk\u0142adam pa\u0144stwu Bo\u017cenie, Henrykowi KULIG i Ko\u015bcielnym &#8211; panu Edmundowi i Zbigniewowi oraz wszystkim kt\u00f3rzy po\u015bwiecili sw\u00f3j czas. <em>B\u00f3g zap\u0142a\u0107.<\/em><\/li><li>W drugi dzie\u0144 \u015bwi\u0105t, taca przeznaczona jest na KATOLICKI UNIWERSYTET LUBELSKI oraz na Wy\u017csze Seminarium Duchowne Diecezji Elbl\u0105skiej, gdzie studiuj\u0105 nasi <em>diakon Krzysztof Lewandowski i kleryk Amadeusz Babiel.<\/em> <em>B\u00f3g zap\u0142a\u0107 za z\u0142o\u017cone ofiary.<\/em> <em>Msze \u015bw. w tym dniu o godz. 8:00, 10:00, 12:00 i o godz. 18:00.<\/em><\/li><li>Oktawa Narodzenia Pa\u0144skiego jest przed\u0142u\u017ceniem rado\u015bci wierz\u0105cych z przyj\u015bcia na \u015bwiat Syna Bo\u017cego. <em><strong>Zapraszamy na<\/strong><\/em><em><strong>Msze \u015bw. o godz. 8:00 i 18:00.<\/strong><\/em><\/li><li>Parafian, kt\u00f3rzy pragn\u0105 podzi\u0119kowa\u0107 za ko\u0144cz\u0105cy si\u0119 ROK 2022 zapraszamy na godz. 17:00 w sobot\u0119 (31 grudnia) na nabo\u017ce\u0144stwo dzi\u0119kczynno-przeb\u0142agalne przed Naj\u015bwi\u0119tszym Sakramentem oraz na Msz\u0119 \u015bw. o godz.18:00.<\/li><li><strong>W Nowy Rok<\/strong> (NIEDZIELA) &#8211; Ko\u015bci\u00f3\u0142 obchodzi Uroczysto\u015b\u0107 \u015awi\u0119tej Bo\u017cej Rodzicielki Maryi. Jest to \u015awiatowy Dzie\u0144 Modlitw o Pok\u00f3j. <strong>Uwaga<\/strong>!!!<strong> Msze \u015bw. w tym dniu o godz. 8:00, 10:00, 12:00 i o godz. 18:00. Zapraszamy.<\/strong><\/li><li><strong>PROPOZYCJE PIELGRZYMEK W ROKU 2023 !!!<\/strong> Parafia organizuje:<\/li><\/ol>\n\n\n\n<ul class=\"wp-block-list\"><li>autokarow\u0105 pielgrzymk\u0119 do CZERNEJ \u2013 Sanktuarium Matki Bo\u017cej Szkaplerznej i \u015bw. Rafa\u0142a Kalinowskiego z okazji 30-lecia istnienia parafii. Termin od 9 do 13 czerwca 2023 roku tj. pi\u0119\u0107 dni. Koszt ok. 980 z\u0142.<\/li><li>autokarow\u0105 pielgrzymk\u0119 do Medjugorie we wrze\u015bniu(18-25) 2023 roku.<\/li><\/ul>\n\n\n\n<p>Koszt ok. 850 z\u0142 i 250 euro.<\/p>\n\n\n\n<ul class=\"wp-block-list\"><li>samolotow\u0105 pielgrzymk\u0119 do Portugalii i Hiszpanii w drugiej po\u0142owie pa\u017adziernika (17-24) 2023 roku. Koszt ok. 4950z\u0142. i 160 euro. <em>Zapisy i wi\u0119cej informacji u ks. Proboszcza.<\/em><\/li><\/ul>\n\n\n\n<p><em><strong>Pomy\u015bl i zaplanuj ju\u017c dzi\u015b Tw\u00f3j wyjazd do tak wa\u017cnych i cudownych miejsc.<\/strong><\/em><\/p>\n\n\n\n<ol class=\"wp-block-list\" start=\"7\"><li>Kancelaria Parafialna z racji trwaj\u0105cej KOL\u0118DY czynna b\u0119dzie czynna tylko w sobot\u0119 od godz. 11:00 do 12:30. Zapraszamy.<\/li><li><em><u>PROSIMY O ZAMYKANIE DRZWI PRZY WCHODZENIU I WYCHODZENIU Z KO\u015aCIO\u0141A PONIEWA\u017b KO\u015aCI\u00d3\u0141 JEST OGRZEWANY. <\/u><\/em><em><u><strong>DZI\u0118KUJEMY.<\/strong><\/u><\/em><\/li><li>Za tydzie\u0144 ofiary z\u0142o\u017cone na tac\u0119 przeznaczone b\u0119d\u0105 uregulowanie rachunku za ogrzewanie Ko\u015bcio\u0142a. <em>Dzi\u0119kuj\u0119 za zrozumienie i z\u0142o\u017cone ofiary.<\/em><\/li><li>Wizyty duszpasterskie rozpoczniemy 27 grudnia br. od ul. Leszczy\u0144skiego. Kol\u0119d\u0119 rozpoczynamy od godz. 16:00. <strong>W trakcie kol\u0119dy o godz. 8:00 b\u0119dzie sprawowana Eucharystia za rodziny, do kt\u00f3rych udamy si\u0119 z Wizyt\u0105 Duszpastersk\u0105. Tym bardziej zach\u0119camy osoby dysponuj\u0105ce czasem do wsp\u00f3lnej modlitwy. Program w Biuletynie.<\/strong><\/li><li>W tradycji przyj\u0119te jest, \u017ce podczas kol\u0119dy ministranci i lektorzy otrzymuj\u0105 dobrowolne ofiary jako wyraz wdzi\u0119czno\u015bci za pos\u0142ug\u0119 przy O\u0142tarzu Pa\u0144skim. Zebrane ofiary przeznaczone b\u0119d\u0105 na ich wsp\u00f3lny wyjazd. <em>Za okazane dobro<\/em> <em>dzi\u0119kujemy!<\/em><\/li><li>Zach\u0119camy do nabywania \u015bwi\u0105tecznego numeru \u201eGo\u015bcia Niedzielnego\u201d w cenie 15 z\u0142<br><strong>z dodatkiem<\/strong> <strong>\u201eGo\u015b\u0107 Elbl\u0105ski<\/strong>.<\/li><li>Pan powo\u0142a\u0142 do wieczno\u015bci: \u015bp. Barbar\u0119 MASZKOWSK\u0104 lat 83 z ul. Korczaka<\/li><\/ol>\n\n\n\n<p><strong>\u2020 \u015bp. Jadwig\u0119 LEWANDOWSK\u0104<\/strong> lat 71 z ul. Tuwima<\/p>\n\n\n\n<p><strong>\u2020 \u015bp. El\u017cbiet\u0119 KOZ\u0141OWSK\u0104<\/strong> lat 67 z ul. Korczaka<\/p>\n\n\n\n<p><em>Wieczny odpoczynek racz im da\u0107 Panie! A \u015bwiat\u0142o\u015b\u0107 wiekuista niechaj im \u015bwieci.<\/em><\/p>\n\n\n\n<p><strong>PROGRAM WIZYTY DUSZPASTERSKIEJ<\/strong><\/p>\n\n\n\n<p><strong>W PARAFII \u015aW. RAFA\u0141A KALINOWSKIEGO<\/strong><\/p>\n\n\n\n<figure class=\"wp-block-table\"><table><tbody><tr><td><strong>Wtorek<\/strong> 27.12.2022r. od 16.00<\/td><td>ul. Leszczy\u0144skiego 1, 2, 3, 4 ul. Leszczy\u0144skiego 5, 6, 7, 8 ul. Leszczy\u0144skiego 9, 10, 11, 12<\/td><\/tr><tr><\/tr><tr><\/tr><tr><\/tr><tr><\/tr><tr><\/tr><tr><\/tr><tr><\/tr><tr><\/tr><tr><\/tr><tr><\/tr><tr><\/tr><tr><\/tr><tr><\/tr><tr><\/tr><tr><\/tr><tr><\/tr><tr><\/tr><tr><\/tr><tr><\/tr><tr><\/tr><tr><\/tr><tr><\/tr><tr><\/tr><tr><\/tr><tr><\/tr><tr><\/tr><tr><\/tr><tr><\/tr><tr><\/tr><tr><td><strong>\u015aroda<\/strong> 28.12.2022r. od 16.00<\/td><td>ul. Leszczy\u0144skiego 13, 14, 15, 16 ul. Leszczy\u0144skiego 20, 21, 22, 23 ul. Leszczy\u0144skiego 24, 25, 26, 27<\/td><\/tr><tr><\/tr><tr><\/tr><tr><\/tr><tr><\/tr><tr><\/tr><tr><\/tr><tr><\/tr><tr><\/tr><tr><\/tr><tr><\/tr><tr><\/tr><tr><\/tr><tr><\/tr><tr><\/tr><tr><\/tr><tr><\/tr><tr><\/tr><tr><\/tr><tr><\/tr><tr><\/tr><tr><\/tr><tr><\/tr><tr><\/tr><tr><\/tr><tr><\/tr><tr><\/tr><tr><\/tr><tr><\/tr><tr><\/tr><tr><td><strong>Czwartek<\/strong> 29.12.2022r. od 16.00<\/td><td>ul. Leszczy\u0144skiego 28, 29, 30,31 ul. Myliusa 1 (1 \u2013 36) ul. Myliusa 2, 3, 4, 5<\/td><\/tr><tr><\/tr><tr><\/tr><tr><\/tr><tr><\/tr><tr><\/tr><tr><\/tr><tr><\/tr><tr><\/tr><tr><\/tr><tr><\/tr><tr><\/tr><tr><\/tr><tr><\/tr><tr><\/tr><tr><\/tr><tr><\/tr><tr><\/tr><tr><\/tr><tr><\/tr><tr><\/tr><tr><\/tr><tr><\/tr><tr><\/tr><tr><\/tr><tr><\/tr><tr><\/tr><tr><\/tr><tr><\/tr><tr><\/tr><tr><td><strong>Pi\u0105tek<\/strong> 30.12.2022r. od 16.00<\/td><td>ul. Myliusa 6, 7, 8, 10 ul. Myliusa 11, 12, 13, 14 ul. Myliusa 15, 16, 17, 18, 19<\/td><\/tr><\/tbody><\/table><\/figure>\n\n\n\n<p><strong>Prosimy o przygotowanie si\u0119 do wizyty duszpasterskiej:<\/strong><\/p>\n\n\n\n<ul class=\"wp-block-list\"><li>Obecna ca\u0142a rodzina<\/li><li>Dzieci przygotowuj\u0105 zeszyty do religii, ziarenka potwierdzaj\u0105ce udzia\u0142 we Mszy \u015bw. niedzielnej a m\u0142odzie\u017c ksi\u0105\u017ceczki od przygotowania do Sakramentu Bierzmowania<\/li><li>Bia\u0142y obrus, Pismo \u015awi\u0119te, Krzy\u017c \u015bwiecznik, woda \u015bwi\u0119cona, kropid\u0142o<\/li><li>Tematyk\u0105 tegorocznej Kol\u0119dy jest dzielenie si\u0119 nasz\u0105 wiar\u0105 z innymi w nawi\u0105zaniu do has\u0142a roku duszpasterskiego 2022\/2023:<\/li><\/ul>\n\n\n\n<p>\u201e<strong>POS\u0141ANI W POKOJU CHRYSTUSA\u201d<\/strong>.<\/p>\n\n\n\n<ul class=\"wp-block-list\"><li><strong>UWAGA !!!<\/strong> Kol\u0119dy od poniedzia\u0142ku do pi\u0105tku rozpoczynamy od godz. 16.00. Natomiast w soboty od godz. 15.00.<\/li><\/ul>\n\n\n\n<p><\/p>\n\n\n\n<p><\/p>\n\n\n\n<figure class=\"wp-block-image\"><img decoding=\"async\" src=\"http:\/\/rafalk-elblag.pl\/wp-content\/uploads\/2020\/04\/baner-intencje-mszy.jpg\" alt=\"\"\/><\/figure>\n\n\n\n<h1 class=\"wp-block-heading\">Intencje mszalne 25.12.2022r<br><\/h1>\n\n\n\n<p><strong>PONIEDZIA\u0141EK \/ 26 grudnia 2022r. \u015bw. Szczepana<\/strong><br>8.00 W intencji Panu Bogu wiadomej<br>10.00 \u015bp. Czes\u0142awa [k] KIERZKOWSKA (26 greg.)<br>10.00 \u015bp. Adam Zieli\u0144ski (w 8 rocznic\u0119 \u015bmierci)<br>12.00 Dzi\u0119kczynna w 18 rocznic\u0119 sakramentu chrztu \u015bwi\u0119tego Jakuba Kr\u00f3l, z pro\u015bb\u0105 o opiek\u0119 i b\u0142. Bo\u017ce, dary Ducha \u015awi\u0119tego oraz o siln\u0105 wiar\u0119, nadziej\u0119 i mi\u0142o\u015b\u0107 w doros\u0142ym \u017cyciu<br>18.00 \u015bp. Miros\u0142aw Sowi\u0144ski<\/p>\n\n\n\n<p><strong>WTOREK \/ 27 grudnia 2022r. \u015bw. Jana Aposto\u0142a<\/strong><br>8.00 \u015bp. Czes\u0142awa [k] KIERZKOWSKA (27 greg.)<br>8.00 Dzi\u0119kczynna za dar \u017cycia Stanis\u0142awa w 11 urodziny, z pro\u015bb\u0105 o Bo\u017ce b\u0142. i prowadzenie<br>18.00 \u015bp. Bronis\u0142aw Sosnowski (w 2 rocznic\u0119 \u015bmierci)<\/p>\n\n\n\n<p><strong>\u015aRODA \/ 28 grudnia 2022r. \u015bw. M\u0142odziank\u00f3w<\/strong><br>8.00 \u015bp. Zdzis\u0142aw Brzozowski (2 rocznica \u015bmierci)<br>8.00 W intencji rodzin odwiedzanych w czasie kol\u0119dy<br>18.00 \u015bp. Czes\u0142awa [k] KIERZKOWSKA (28 greg.)<\/p>\n\n\n\n<p><strong>CZWARTEK \/ 29 grudnia 2022r.<\/strong><br>8.00 \u015bp. Czes\u0142awa [k] KIERZKOWSKA (29 greg.)<br>8.00 W intencji rodzin odwiedzanych w czasie kol\u0119dy<br>18.00 O wype\u0142nienie woli Bo\u017cej i o Bo\u017ce mi\u0142osierdzie dla Genowefy<\/p>\n\n\n\n<p><strong>PI\u0104TEK \/ 30 grudnia 2022r. \u015awi\u0119tej Rodziny: Jezusa, Maryi i J\u00f3zefa<\/strong><br>8.00 Dzi\u0119kczynna z okazji imienin Eugeniusza z pro\u015bb\u0105 o zdrowie, potrzebne \u0142aski i opiek\u0119 Matki Bo\u017cej<br>8.00 \u015bp. Czes\u0142awa [k] KIERZKOWSKA (30 greg.)<br>8.00 \u015bp. Zbigniew Zapa\u015bnik<br>18.00 \u015bp. Maksymilian Szyd\u0142owski (w 36 rocznic\u0119 \u015bmierci), Marta Szyd\u0142owska (w 17 rocznic\u0119 \u015bmierci)<\/p>\n\n\n\n<p><strong>SOBOTA \/ 31 grudnia 2022r.<\/strong><br>8.00 Dzi\u0119kczynna za otrzymane \u0142aski w ko\u0144cz\u0105cym si\u0119 roku, z pro\u015bb\u0105 o Bo\u017ce b\u0142. i potrzebne \u0142aski w Nowym Roku dla Jadwigi<br>18.00 \u015bp. Jan Stempa (30 dzie\u0144 po pogrzebie)<br>18.00 W intencji parafii<\/p>\n\n\n\n<p><strong>UROCZYSTO\u015a\u0106 \u015aWI\u0118TEJ BO\u017bEJ RODZICIELKI MARYI<\/strong><br>1 stycznia 2023 r.<br>8.00 rezerwacja<br>10.00 \u015bp. Marcin Kierzkowski (1 greg.)<br>10.00 rezerwacja<br>12.00 W intencji Parafian<br>18.00 Dzi\u0119kczynna z okazji urodzin i imienin m\u0119\u017ca Mieczys\u0142awa Lenckowskiego, z pro\u015bb\u0105 o potrzebne \u0142aski w Nowym Roku<\/p>\n","protected":false},"excerpt":{"rendered":"<p>Bo\u017ce Narodzenie \u201eId\u017acie do Betlejem, gdzie Dzieci\u0119 zrodzone W pieluszki powite, w \u017c\u0142obie po\u0142o\u017cone. Oddajcie Mu pok\u0142on Boski On os\u0142odzi wasze troski\u201d Jako duszpasterze chcemy przekaza\u0107 wszystkim najpi\u0119kniejsze \u017cyczeniaz okazji \u015bwi\u0105t Narodzenia Pa\u0144skiego. Nowonarodzony Chrystus niech wype\u0142ni wasze serca niezachwian\u0105 nadziej\u0105, kt\u00f3ra pozwoli pokona\u0107 wszelkie trudno\u015bci, siln\u0105 wiar\u0105, kt\u00f3ra rozja\u015bni nawet najbardziej mroczne dni i [&hellip;]<\/p>\n","protected":false},"author":1,"featured_media":4878,"comment_status":"closed","ping_status":"closed","sticky":false,"template":"","format":"standard","meta":{"ngg_post_thumbnail":0,"footnotes":""},"categories":[11,8,4,3],"tags":[],"class_list":["post-4877","post","type-post","status-publish","format-standard","has-post-thumbnail","hentry","category-aktualnosci","category-blog","category-intencje","category-ogloszenia"],"_links":{"self":[{"href":"https:\/\/rafalk-elblag.pl\/index.php?rest_route=\/wp\/v2\/posts\/4877","targetHints":{"allow":["GET"]}}],"collection":[{"href":"https:\/\/rafalk-elblag.pl\/index.php?rest_route=\/wp\/v2\/posts"}],"about":[{"href":"https:\/\/rafalk-elblag.pl\/index.php?rest_route=\/wp\/v2\/types\/post"}],"author":[{"embeddable":true,"href":"https:\/\/rafalk-elblag.pl\/index.php?rest_route=\/wp\/v2\/users\/1"}],"replies":[{"embeddable":true,"href":"https:\/\/rafalk-elblag.pl\/index.php?rest_route=%2Fwp%2Fv2%2Fcomments&post=4877"}],"version-history":[{"count":2,"href":"https:\/\/rafalk-elblag.pl\/index.php?rest_route=\/wp\/v2\/posts\/4877\/revisions"}],"predecessor-version":[{"id":4881,"href":"https:\/\/rafalk-elblag.pl\/index.php?rest_route=\/wp\/v2\/posts\/4877\/revisions\/4881"}],"wp:featuredmedia":[{"embeddable":true,"href":"https:\/\/rafalk-elblag.pl\/index.php?rest_route=\/wp\/v2\/media\/4878"}],"wp:attachment":[{"href":"https:\/\/rafalk-elblag.pl\/index.php?rest_route=%2Fwp%2Fv2%2Fmedia&parent=4877"}],"wp:term":[{"taxonomy":"category","embeddable":true,"href":"https:\/\/rafalk-elblag.pl\/index.php?rest_route=%2Fwp%2Fv2%2Fcategories&post=4877"},{"taxonomy":"post_tag","embeddable":true,"href":"https:\/\/rafalk-elblag.pl\/index.php?rest_route=%2Fwp%2Fv2%2Ftags&post=4877"}],"curies":[{"name":"wp","href":"https:\/\/api.w.org\/{rel}","templated":true}]}}