{"id":4873,"date":"2022-12-18T08:48:00","date_gmt":"2022-12-18T08:48:00","guid":{"rendered":"http:\/\/rafalk-elblag.pl\/?p=4873"},"modified":"2022-12-20T09:25:21","modified_gmt":"2022-12-20T09:25:21","slug":"ogloszenia-18-12-2022-vi-niedziela-adwentu","status":"publish","type":"post","link":"https:\/\/rafalk-elblag.pl\/?p=4873","title":{"rendered":"Og\u0142oszenia 18.12.2022, VI Niedziela Adwentu"},"content":{"rendered":"\n<figure class=\"wp-block-embed is-type-video is-provider-youtube wp-block-embed-youtube wp-embed-aspect-16-9 wp-has-aspect-ratio\"><div class=\"wp-block-embed__wrapper\">\n<iframe loading=\"lazy\" title=\"Ks. Piotr Pawlukiewicz - Czwarta niedziela adwentu\" width=\"900\" height=\"506\" src=\"https:\/\/www.youtube.com\/embed\/kcWDBLsdO4c?feature=oembed\" frameborder=\"0\" allow=\"accelerometer; autoplay; clipboard-write; encrypted-media; gyroscope; picture-in-picture\" allowfullscreen><\/iframe>\n<\/div><\/figure>\n\n\n\n<h1 class=\"wp-block-heading\">Ewangelia (Mt 1, 18-24)\nJezus urodzi si\u0119 z Maryi za\u015blubionej J\u00f3zefowi, potomkowi Dawida\n<\/h1>\n\n\n\n<p>S\u0142owa Ewangelii wed\u0142ug \u015awi\u0119tego Mateusza<\/p>\n\n\n\n<p>Z narodzeniem Jezusa Chrystusa by\u0142o tak. Po za\u015blubinach Matki Jego, Maryi, z J\u00f3zefem, wpierw nim zamieszkali razem, znalaz\u0142a si\u0119 brzemienn\u0105 za spraw\u0105 Ducha \u015awi\u0119tego. M\u0105\u017c Jej, J\u00f3zef, kt\u00f3ry by\u0142 cz\u0142owiekiem sprawiedliwym i nie chcia\u0142 narazi\u0107 Jej na znies\u0142awienie, zamierza\u0142 oddali\u0107 J\u0105 potajemnie. Gdy powzi\u0105\u0142 t\u0119 my\u015bl, oto Anio\u0142 Pa\u0144ski ukaza\u0142 mu si\u0119 we \u015bnie i rzek\u0142: \u00abJ\u00f3zefie, synu Dawida, nie b\u00f3j si\u0119 wzi\u0105\u0107 do siebie Maryi, twej Ma\u0142\u017conki; albowiem z Ducha \u015awi\u0119tego jest to, co si\u0119 w Niej pocz\u0119\u0142o. Porodzi Syna, kt\u00f3remu nadasz imi\u0119 Jezus, On bowiem zbawi sw\u00f3j lud od jego grzech\u00f3w\u00bb. A sta\u0142o si\u0119 to wszystko, aby si\u0119 wype\u0142ni\u0142o s\u0142owo Pa\u0144skie powiedziane przez Proroka: \u00abOto Dziewica pocznie i porodzi Syna, kt\u00f3remu nadadz\u0105 imi\u0119 Emmanuel\u00bb, to znaczy B\u00f3g z nami. Zbudziwszy si\u0119 ze snu, J\u00f3zef uczyni\u0142 tak, jak mu poleci\u0142 Anio\u0142 Pa\u0144ski: wzi\u0105\u0142 swoj\u0105 Ma\u0142\u017conk\u0119 do siebie. <\/p>\n\n\n\n<h1 class=\"wp-block-heading\"><strong><strong><strong><strong><strong><strong><strong><strong><strong><strong>Tajemnica wcielenia Syna Bo\u017cego<\/strong><\/strong><\/strong><\/strong><\/strong><\/strong><\/strong><\/strong><\/strong><\/strong><\/h1>\n\n\n\n<p>W Bo\u017ce Narodzenie, drugie co do wa\u017cno\u015bci \u015bwi\u0119to w liturgii chrze\u015bcija\u0144skiej, Ko\u015bci\u00f3\u0142 wspomina prawd\u0119, \u017ce B\u00f3g sta\u0142 si\u0119 cz\u0142owiekiem. <strong>Jednorodzony i odwieczny Syn Bo\u017cy przyj\u0105\u0142 ludzk\u0105 natur\u0119, aby w niej dokona\u0107 zbawienia ludzi.<\/strong><\/p>\n\n\n\n<p>Ko\u015bci\u00f3\u0142 podkre\u015bla, \u017ce Jezus Chrystus, narodzony w Betlejem z Maryi, \u017cony cie\u015bli J\u00f3zefa, za Cezara Augusta (kt\u00f3ry panowa\u0142 w latach 30 p.n.e do 14 n.e.) by\u0142 prawdziwym Bogiem i prawdziwym cz\u0142owiekiem. &#8222;Niezmienny w swoim B\u00f3stwie, przyj\u0105\u0142 to, co ludzkie&#8221; &#8211; stwierdza liturgia rzymska. To samo wyra\u017ca jedna z polskich kol\u0119d: &#8222;B\u00f3g si\u0119 rodzi, moc truchleje (&#8230;) ma granice Niesko\u0144czony&#8221;.<\/p>\n\n\n\n<p>Rodz\u0105c si\u0119 jako Dziecko B\u00f3g sta\u0142 si\u0119 naprawd\u0119 Emmanuelem &#8211; Bogiem z nami, od kt\u00f3rego nie oddziela nas \u017caden dystans wysoko\u015bci i oddalenia. W ten spos\u00f3b spe\u0142ni\u0142a si\u0119 wielokrotnie powtarzana przez prorok\u00f3w obietnica Boga, \u017ce przyjdzie Mesjasz, kt\u00f3ry odnowi \u015bwiat i pojedna ludzi z Bogiem. Jezus Chrystus, B\u00f3g-Cz\u0142owiek, zjednoczy\u0142 ziemi\u0119 i niebo, nierozerwalnie pojedna\u0142 cz\u0142owieka z Bogiem, sprawiaj\u0105c, \u017ce cz\u0142owiek sta\u0142 si\u0119 dzieckiem Boga. Dlatego w liturgii Bo\u017cego Narodzenia cytuje si\u0119 s\u0142owa \u015bw. Leona Wielkiego: `Poznaj swoj\u0105 godno\u015b\u0107, chrze\u015bcijaninie. Sta\u0142e\u015b si\u0119 uczestnikiem Boskiej natury, porzu\u0107 wi\u0119c wyrodne obyczaje dawnego upodlenia i ju\u017c do nich nie powracaj`. W Bo\u017cym Narodzeniu widoczna jest bezbronna mi\u0142o\u015b\u0107 Boga, Jego pokora i dobro\u0107. <strong>Bo\u017ce Narodzenie ukazuje jak bardzo Bogu zale\u017cy na cz\u0142owieku: &#8222;Tak B\u00f3g umi\u0142owa\u0142 \u015bwiat, \u017ce Syna swojego da\u0142&#8221; (J 3,16).<\/strong><strong><\/strong><\/p>\n\n\n\n<p>Narodzenie Chrystusa, dokonane w ogromnym ukryciu, niemal w ca\u0142kowitej &#8222;tajemnicy&#8221;, sta\u0142o si\u0119 \u015bwi\u0119tem powszechnym, wykraczaj\u0105cym swoim oddzia\u0142ywaniem daleko poza \u015bwiat chrze\u015bcija\u0144ski. Przynajmniej na kilka dni przemienia ono oblicze Ziemi przynosz\u0105c pok\u00f3j, pojednanie, wzajemn\u0105 \u017cyczliwo\u015b\u0107, otwarto\u015b\u0107 na bli\u017anich. Dzi\u0119ki temu zosta\u0142a objawiona prawda o braterstwie i godno\u015bci ka\u017cdego cz\u0142owieka, bez wzgl\u0119du na r\u00f3\u017cnice kulturowe, rasowe, spo\u0142eczne czy intelektualne. B\u00f3g Ojciec jest wzorem wszelkiego prawdziwego ojcostwa, fizycznego i duchowego. W Polsce \u015bwi\u0119to to ma charakter szczeg\u00f3lnie rodzinny.<\/p>\n\n\n\n<p>Uroczysto\u015b\u0107 Bo\u017cego Narodzenia wywodzi sw\u00f3j pocz\u0105tek z Jerozolimy, ale ju\u017c w IV w. znana by\u0142o tak\u017ce w Antiochii, Konstantynopolu, Rzymie i w Hiszpanii. Ustali\u0142 si\u0119 zwyczaj, \u017ce patriarcha udawa\u0142 si\u0119 z Jerozolimy w procesji do Betlejem, odleg\u0142ego ok. 8 km i tam w Grocie Narodzenia odprawia\u0142 w nocy Msz\u0119 \u015bw., kt\u00f3r\u0105 p\u00f3\u017aniej nazwano &#8222;Pasterk\u0105&#8221; w nawi\u0105zaniu do ewangelicznej opowie\u015bci o pasterzach, kt\u00f3rzy jako pierwsi oddali pok\u0142on nowonarodzonemu Chrystusowi.<\/p>\n\n\n\n<p>Dzie\u0144 Bo\u017cego Narodzenia ustalono na 25 grudnia. Wtedy w\u0142a\u015bnie nastaje przesilenie dnia i nocy. Jest to tak\u017ce nawi\u0105zanie do fragmentu Ewangelii: &#8222;Dzi\u0119ki serdecznej lito\u015bci naszego Boga nawiedzi\u0142o nas z wysoka Wschodz\u0105ce S\u0142o\u0144ce&#8221; (\u0141k 1,78).<\/p>\n\n\n\n<p>Dla chrze\u015bcijan prawda o prawdziwym wcieleniu i pe\u0142nym cz\u0142owiecze\u0144stwie S\u0142owa Boga jako Drugiej Osoby Tr\u00f3jcy \u015awi\u0119tej, czyli Syna Bo\u017cego, jest prawd\u0105 centraln\u0105. M\u00f3wi nam, \u017ce B\u00f3g, <strong>Syn Bo\u017cy, odwieczne S\u0142owo Bo\u017ce, sta\u0142 si\u0119 w pe\u0142ni cz\u0142owiekiem i w pe\u0142ni przyj\u0105\u0142 ludzkie \u017cycie, \u0142\u0105cznie z wszystkim, co by\u0142o konsekwencj\u0105 grzechu; wie, czym jest cierpienie i \u015bmier\u0107.<\/strong> Dlatego tajemnica wcielenia jest w wyznaniu wiary jakby zwornikiem wszystkiego.<\/p>\n\n\n\n<p>Wyznanie tej prawdy o wcieleniu jest podkre\u015blone w recytacji Credo przez zewn\u0119trzny gest. Przed Soborem Watyka\u0144skim II przykl\u0119kano, gdy wypowiadano s\u0142owa: <em>et incarnatus est de Spiritu Sancto ex Maria Virgine<\/em>, tzn. <em>i za spraw\u0105 Ducha \u015awi\u0119tego przyj\u0105\u0142 cia\u0142o z Maryi Dziewicy<\/em>. Teraz ten znak przykl\u0119kni\u0119cia czynimy dwa razy w roku: w uroczysto\u015b\u0107 Zwiastowania Pa\u0144skiego, a zarazem w dzie\u0144 wcielenia Jezusa Chrystusa, pocz\u0119cia si\u0119 Go w \u0142onie Maryi, oraz w uroczysto\u015b\u0107 Narodzenia Jezusa, czyli w Bo\u017ce Narodzenie. We wszystkich innych przypadkach, <strong>kiedy recytujemy wyznanie wiary, na s\u0142owa i za spraw\u0105 Ducha \u015awi\u0119tego przyj\u0105\u0142 cia\u0142o z Maryi Dziewicy czynimy uk\u0142on, pochylamy cia\u0142o.<\/strong> Faktem jest, \u017ce cz\u0119sto tego nie robimy. Warto o tym pami\u0119ta\u0107 i na to zwr\u00f3ci\u0107 uwag\u0119. <strong>Zginaj\u0105c kolana przed tajemnic\u0105 Wcielenia, niejako zginamy tak\u017ce nasz spos\u00f3b my\u015blenia. Trudno jest bowiem uwierzy\u0107 w to, \u017ce w nasze ludzkie \u017cycie wszed\u0142 B\u00f3g i \u017cy\u0142 tak jak my.<\/strong> Nie jest te\u017c \u0142atwo wierzy\u0107 w to, \u017ce aktualnie to nasze \u017cycie, w kt\u00f3rym doznajemy tylu r\u00f3\u017cnych trudno\u015bci i umieramy, jest przenikni\u0119te obecno\u015bci\u0105 Boga. Trzeba zgi\u0119cia kolan, trzeba pochylenia g\u0142owy. O wiele \u0142atwiej uwierzyliby\u015bmy w takiego Boga, kt\u00f3ry przychodzi i chroni przed krzy\u017cem.<\/p>\n\n\n\n<p>\u017bycie cz\u0142owieka od pocz\u0105tku, ze wzgl\u0119du na skutek grzechu, jest zwi\u0105zane z cierpieniem i \u015bmierci\u0105. Dlatego B\u00f3g przyszed\u0142, \u017ceby dla nas t\u0119 traum\u0119 rozwi\u0105za\u0107. <strong>Przez cierpienie, krzy\u017c i \u015bmier\u0107 pokaza\u0142, \u017ce przyj\u0119cie ich nie ko\u0144czy \u017cycia cz\u0142owieka, lecz otwiera now\u0105 perspektyw\u0119 \u2013 perspektyw\u0119 zmartwychwstania. I to jest w chrze\u015bcija\u0144stwie podstawowy przedmiot wiary.<\/strong><strong><\/strong><\/p>\n\n\n\n<p><\/p>\n\n\n\n<figure class=\"wp-block-image\"><a href=\"http:\/\/rafalk-elblag.pl\/wp-content\/uploads\/2021\/08\/ogloszenia-parafialne-baner-01a.jpg\"><img loading=\"lazy\" decoding=\"async\" width=\"720\" height=\"232\" src=\"http:\/\/rafalk-elblag.pl\/wp-content\/uploads\/2021\/08\/ogloszenia-parafialne-baner-01a.jpg\" alt=\"\" class=\"wp-image-4410\" srcset=\"https:\/\/rafalk-elblag.pl\/wp-content\/uploads\/2021\/08\/ogloszenia-parafialne-baner-01a.jpg 720w, https:\/\/rafalk-elblag.pl\/wp-content\/uploads\/2021\/08\/ogloszenia-parafialne-baner-01a-300x97.jpg 300w\" sizes=\"auto, (max-width: 720px) 100vw, 720px\" \/><\/a><\/figure>\n\n\n\n<h1 class=\"wp-block-heading\">Og\u0142oszenia parafialne 18.12.2022r<\/h1>\n\n\n\n<ol class=\"wp-block-list\" type=\"1\"><li><strong>Przed nami ostatni tydzie\u0144 Adwentu<\/strong> czasu w kt\u00f3rym pragniemy przygotowa\u0107 si\u0119 do \u015bwi\u0105t Bo\u017cego Narodzenia. <strong>W dni powszednie zapraszamy na MSZE RORATNIE ku czci Matki Bo\u017cej o godz. 6:30.<\/strong> <strong>Dzieci zapraszamy we wtorek i czwartek o godz. 6:30, a m\u0142odzie\u017c \u00a0\u00a0\u00a0\u00a0\u00a0\u00a0\u00a0\u00a0\u00a0\u00a0\u00a0\u00a0\u00a0\u00a0\u00a0\u00a0\u00a0\u00a0\u00a0z doros\u0142ymi w pi\u0105tek o godz. 6:00.<\/strong><br><em>Dzisiaj nie wszyscy rodzice gotowi s\u0105 mobilizowa\u0107 swoje pociechy do p\u00f3j\u015bcia rano na Msz\u0119 \u015bw. To raczej doro\u015bli, a nie dzieci, maj\u0105 problemy z porannymi Roratami. A trzeba pami\u0119ta\u0107, i\u017c w tym zwyczaju kryje si\u0119 mo\u017cliwo\u015b\u0107 \u0107wiczenia woli i umiej\u0119tno\u015bci wyrzeczenia, tak potrzebnych p\u00f3\u017aniej w doros\u0142ym \u017cyciu.<\/em><\/li><li>Mamy jeszcze mo\u017cliwo\u015b\u0107 nabycia ma\u0142ych \u015bwiec<strong> <\/strong>na st\u00f3\u0142 wigilijny w ramach akcji <strong><em>\u201eWigilijne Dzie\u0142o Pomocy Dzieciom\u201d <\/em><\/strong>w ceni 10 z\u0142.<strong> Je\u015bli kto\u015b nie ma jeszcze po\u015bwi\u0119conego op\u0142atka na st\u00f3\u0142 wigilijny, mo\u017ce go naby\u0107 u pana Ko\u015bcielnego w zakrystii. Zapraszamy.<\/strong><\/li><li><strong>Osoby pragn\u0105ce pom\u00f3c przy Szopce<\/strong> i dekoracji Ko\u015bcio\u0142a zapraszam jutro (poniedzia\u0142ek)\u00a0\u00a0\u00a0\u00a0\u00a0\u00a0\u00a0\u00a0\u00a0\u00a0\u00a0\u00a0\u00a0\u00a0\u00a0\u00a0\u00a0\u00a0\u00a0\u00a0\u00a0\u00a0\u00a0\u00a0\u00a0\u00a0\u00a0 tj. 19 grudnia br. na godz. 9:00. <em><u>Prosz\u0119, aby w\u015br\u00f3d ch\u0119tnych nie zabrak\u0142o m\u0119\u017cczyzn.<\/u><\/em>\u00a0\u00a0 <\/li><li>Przed nami ostatnie dni ADWENTU 2022 roku i Bo\u017ce Narodzenie. Mo\u017cliwo\u015b\u0107 skorzystania \u00a0\u00a0\u00a0\u00a0\u00a0\u00a0\u00a0\u00a0\u00a0\u00a0\u00a0\u00a0\u00a0\u00a0\u00a0\u00a0z SAKRAMENTU POKUTY zawsze od godz. 17:30.<strong> <u>Natomiast w pi\u0105tek 23 grudnia zapraszamy na ADORACJ\u0118 od godz. 19:00 do godz. 20:00 z mo\u017cliwo\u015bci\u0105 skorzystania \u00a0\u00a0\u00a0\u00a0\u00a0\u00a0\u00a0\u00a0\u00a0\u00a0\u00a0\u00a0\u00a0\u00a0\u00a0z SAKRAMENTU SPOWIEDZI. <\/u><\/strong><em><u>Uczy\u0144my wszystko, by tegoroczne \u015bwi\u0119ta prze\u017cywa\u0107 w prawdziwej rado\u015bci z Narodzin Dzieci\u0105tka Jezus.<\/u> <\/em><\/li><li>Zach\u0119camy do godnego prze\u017cycia <strong>WIGILII BO\u017bEGO NARODZENIA<\/strong>. <strong>W tym roku\u00a0 mamy mo\u017cliwo\u015b\u0107 wybra\u0107 si\u0119 na Pasterk\u0119 o godz. 22:00 i o godz. 24:00.<\/strong> W Uroczysto\u015b\u0107 Narodzenia Pa\u0144skiego Msze b\u0119d\u0105 odprawiane o godz. 8:00, 10:00, 12:00 i 18:00. <strong><u>Nie ma Mszy \u015aw. \u00a0\u00a0\u00a0\u00a0\u00a0\u00a0\u00a0\u00a0\u00a0\u00a0\u00a0\u00a0\u00a0\u00a0\u00a0\u00a0\u00a0\u00a0\u00a0\u00a0\u00a0o godz.\u00a015:00.<\/u> <\/strong><em>Przypominamy, \u017ce wed\u0142ug tradycji, wieczerza wigilijna powinna by\u0107 posi\u0142kiem bezmi\u0119snym i rozpoczyna\u0107 si\u0119 odczytaniem fragmentu Ewangelii i modlitw\u0105.<\/em> <em>Na stole wigilijnym niech zap\u0142onie \u015bwieca Caritas. <\/em><\/li><li><strong>PROPOZYCJE PIELGRZYMEK W ROKU 2023 !!!<\/strong> Parafia organizuje: <br>autokarow\u0105 pielgrzymk\u0119 do CZERNEJ \u2013 Sanktuarium Matki Bo\u017cej Szkaplerznej i \u015bw. Rafa\u0142a Kalinowskiego z okazji 30-lecia istnienia parafii. Termin od 9 do 13 czerwca 2023 roku\u00a0 tj. pi\u0119\u0107 dni. Koszt ok. 980 z\u0142.<br>autokarow\u0105 pielgrzymk\u0119 do Medjugorie we wrze\u015bniu (18-25) 2023 roku.<br>Koszt ok. 850 z\u0142 i 250 euro.<br>samolotow\u0105 pielgrzymk\u0119 do Portugalii i Hiszpanii w drugiej po\u0142owie pa\u017adziernika (17-24) 2023 roku. Koszt ok. 4950z\u0142. i 160 euro.\u00a0 <em>Zapisy i wi\u0119cej informacji u ks. Proboszcza.<\/em> <strong><em>Pomy\u015bl i zaplanuj ju\u017c dzi\u015b Tw\u00f3j wyjazd do tak wa\u017cnych i cudownych miejsc.<\/em><\/strong><\/li><li>Kancelaria Parafialna w tym tygodniu, b\u0119dzie czynna tylko w \u015brod\u0119 od godz. 16:00 do 17:30. Zapraszamy.<\/li><li><em><u>PROSIMY O ZAMYKANIE DRZWI PRZY WCHODZENIU I WYCHODZENIU Z KO\u015aCIO\u0141A PONIEWA\u017b KO\u015aCI\u00d3\u0141 JEST OGRZEWANY. \u00a0\u00a0<strong>DZI\u0118KUJEMY.<\/strong><\/u><\/em><\/li><li>Wizyty duszpasterskie rozpoczniemy 27 grudnia br. od ul. Leszczy\u0144skiego. Kol\u0119d\u0119 rozpoczynamy od godz. 16:00. <strong>W trakcie kol\u0119dy o godz. 8:00 b\u0119dzie sprawowana Eucharystia za rodziny, do kt\u00f3rych udamy si\u0119 z Wizyt\u0105 Duszpastersk\u0105. Tym bardziej zach\u0119camy osoby dysponuj\u0105ce czasem do wsp\u00f3lnej modlitwy.<\/strong><\/li><\/ol>\n\n\n\n<p><\/p>\n\n\n\n<p><\/p>\n\n\n\n<figure class=\"wp-block-image\"><img decoding=\"async\" src=\"http:\/\/rafalk-elblag.pl\/wp-content\/uploads\/2020\/04\/baner-intencje-mszy.jpg\" alt=\"\"\/><\/figure>\n\n\n\n<h1 class=\"wp-block-heading\">Intencje mszalne 18.12.2022r<br><\/h1>\n\n\n\n<p><strong>IV NIEDZIELA ADWENTU<br>18 grudnia 2022 r.<\/strong><br>8.00 \u015bp. Joanna JENDRZEJEWSKA, Genowefa, Halina, Stanis\u0142aw P\u0104CZKOWSCY<br>10.00 Dzi\u0119kczynna w 10 rocznic\u0119 urodzin Tatiany KABAN oraz rodzin\u0119 SZCZYPSKICH i WILANK\u00d3W<br>12.00 W intencji Parafian<br>15.00 \u015bp. Marcin KIERZKOWSKI (2 rocznica \u015bmierci)<br>18.00 \u015bp. Czes\u0142awa [k] KIERZKOWSKA (18 greg.)<br><\/p>\n\n\n\n<p><strong>PONIEDZIA\u0141EK \/ 19 grudnia 2022r.<\/strong><br>6.30 \u015bp. Czes\u0142awa [k] KIERZKOWSKA (19 greg.)<br>18.00 \u015bp. Halina \u0141UKASZEWSKA (w 1 rocznic\u0119 \u015bmierci)<br><\/p>\n\n\n\n<p><strong>WTOREK \/ 20 grudnia 2022r.<\/strong><br>6.30 \u015bp. Ewa, Miko\u0142aj i zmarli z rodzin BARANIK, RU\u015aNIAK, FITCZAK<br>18.00 \u015bp. Czes\u0142awa [k] KIERZKOWSKA (20 greg.)<br><\/p>\n\n\n\n<p><strong>\u015aRODA \/ 21 grudnia 2022r.<\/strong><br>6.30 \u015bp. Czes\u0142awa [k] KIERZKOWSKA (21 greg.)<br>18.00 Za S\u0142u\u017cb\u0119 Liturgiczn\u0105 i ich rodziny<br>18.00 \u015bp. Jadwiga i Stanis\u0142aw BYZDRA (28 rocznica \u015bmierci) i zmarli dziadkowie<br><\/p>\n\n\n\n<p><strong>CZWARTEK \/ 22 grudnia 2022r.<\/strong><br>6.30 \u015bp. Dariusz MORZY, Krzysztof MORZY<br>18.00 \u015bp. Franciszek OSSOWSKI (w 2 rocznic\u0119 \u015bmierci) i zmarli z rodziny<br>18.00 \u015bp. Czes\u0142awa [k] KIERZKOWSKA (22 greg.)<br><\/p>\n\n\n\n<p><strong>PI\u0104TEK \/ 23 grudnia 2022r.<\/strong><br>6.00 \u015bp. Apolonia, Henryk GROSZYK, Alfreda [k] i Henryk WALKOWIAK<br>6.00 \u015bp. Czes\u0142awa [k] KIERZKOWSKA (23 greg.)<br>18.00 \u015bp. Ryszard OBSZY\u0143SKI (w 1 rocznic\u0119 \u015bmierci)<br>18.00 Dzi\u0119kczynna w 70 urodziny Krystyny z pro\u015bb\u0105 o Bo\u017ce b\u0142., potrzebne \u0142aski na dalsze lata \u017cycia<\/p>\n\n\n\n<p><br><strong>SOBOTA \/ 24 grudnia 2022r.<\/strong><br>6.30 \u015bp. Czes\u0142awa [k] KIERZKOWSKA (24 greg.)<br>6.30 \u015bp. Jolanta KARMAN (w 10 rocznic\u0119 \u015bmierci)<br>22.00 W intencji Parafian<br>22.00 Za Ma\u0142gorzat\u0119, Tadeusza, Jakuba BARDELSKICH; Joann\u0119, Mariusza, Filipa STAN oraz Paul\u0119 i Micha\u0142a KAMI\u0143SKICH<br>24.00 W intencji Parafian<br>24.00 rezerwacja<\/p>\n","protected":false},"excerpt":{"rendered":"<p>Ewangelia (Mt 1, 18-24) Jezus urodzi si\u0119 z Maryi za\u015blubionej J\u00f3zefowi, potomkowi Dawida S\u0142owa Ewangelii wed\u0142ug \u015awi\u0119tego Mateusza Z narodzeniem Jezusa Chrystusa by\u0142o tak. Po za\u015blubinach Matki Jego, Maryi, z J\u00f3zefem, wpierw nim zamieszkali razem, znalaz\u0142a si\u0119 brzemienn\u0105 za spraw\u0105 Ducha \u015awi\u0119tego. M\u0105\u017c Jej, J\u00f3zef, kt\u00f3ry by\u0142 cz\u0142owiekiem sprawiedliwym i nie chcia\u0142 narazi\u0107 Jej na [&hellip;]<\/p>\n","protected":false},"author":1,"featured_media":4874,"comment_status":"closed","ping_status":"closed","sticky":false,"template":"","format":"standard","meta":{"ngg_post_thumbnail":0,"footnotes":""},"categories":[11,8,4,3],"tags":[],"class_list":["post-4873","post","type-post","status-publish","format-standard","has-post-thumbnail","hentry","category-aktualnosci","category-blog","category-intencje","category-ogloszenia"],"_links":{"self":[{"href":"https:\/\/rafalk-elblag.pl\/index.php?rest_route=\/wp\/v2\/posts\/4873","targetHints":{"allow":["GET"]}}],"collection":[{"href":"https:\/\/rafalk-elblag.pl\/index.php?rest_route=\/wp\/v2\/posts"}],"about":[{"href":"https:\/\/rafalk-elblag.pl\/index.php?rest_route=\/wp\/v2\/types\/post"}],"author":[{"embeddable":true,"href":"https:\/\/rafalk-elblag.pl\/index.php?rest_route=\/wp\/v2\/users\/1"}],"replies":[{"embeddable":true,"href":"https:\/\/rafalk-elblag.pl\/index.php?rest_route=%2Fwp%2Fv2%2Fcomments&post=4873"}],"version-history":[{"count":1,"href":"https:\/\/rafalk-elblag.pl\/index.php?rest_route=\/wp\/v2\/posts\/4873\/revisions"}],"predecessor-version":[{"id":4875,"href":"https:\/\/rafalk-elblag.pl\/index.php?rest_route=\/wp\/v2\/posts\/4873\/revisions\/4875"}],"wp:featuredmedia":[{"embeddable":true,"href":"https:\/\/rafalk-elblag.pl\/index.php?rest_route=\/wp\/v2\/media\/4874"}],"wp:attachment":[{"href":"https:\/\/rafalk-elblag.pl\/index.php?rest_route=%2Fwp%2Fv2%2Fmedia&parent=4873"}],"wp:term":[{"taxonomy":"category","embeddable":true,"href":"https:\/\/rafalk-elblag.pl\/index.php?rest_route=%2Fwp%2Fv2%2Fcategories&post=4873"},{"taxonomy":"post_tag","embeddable":true,"href":"https:\/\/rafalk-elblag.pl\/index.php?rest_route=%2Fwp%2Fv2%2Ftags&post=4873"}],"curies":[{"name":"wp","href":"https:\/\/api.w.org\/{rel}","templated":true}]}}