{"id":4870,"date":"2022-12-11T09:18:00","date_gmt":"2022-12-11T09:18:00","guid":{"rendered":"http:\/\/rafalk-elblag.pl\/?p=4870"},"modified":"2022-12-13T09:25:26","modified_gmt":"2022-12-13T09:25:26","slug":"ogloszenia-11-12-2022-iii-niedziela-adwentu","status":"publish","type":"post","link":"https:\/\/rafalk-elblag.pl\/?p=4870","title":{"rendered":"Og\u0142oszenia 11.12.2022, III Niedziela Adwentu"},"content":{"rendered":"\n<figure class=\"wp-block-embed is-type-video is-provider-youtube wp-block-embed-youtube wp-embed-aspect-16-9 wp-has-aspect-ratio\"><div class=\"wp-block-embed__wrapper\">\n<iframe loading=\"lazy\" title=\"ks. Piotr Pawlukiewicz - Rekolekcje Adwentowe w Magdalence 2012.12.20-22 cz.1\" width=\"900\" height=\"506\" src=\"https:\/\/www.youtube.com\/embed\/_7nrkJguOmo?feature=oembed\" frameborder=\"0\" allow=\"accelerometer; autoplay; clipboard-write; encrypted-media; gyroscope; picture-in-picture\" allowfullscreen><\/iframe>\n<\/div><\/figure>\n\n\n\n<h1 class=\"wp-block-heading\">Ewangelia (Mt 11, 2-11)\nNa Chrystusie spe\u0142niaj\u0105 si\u0119 proroctwa\n<\/h1>\n\n\n\n<p>S\u0142owa Ewangelii wed\u0142ug \u015awi\u0119tego Mateusza<\/p>\n\n\n\n<p><strong> Gdy Jan us\u0142ysza\u0142 w wi\u0119zieniu o czynach Chrystusa, pos\u0142a\u0142 swoich uczni\u00f3w z zapytaniem: <\/strong><br>\u00abCzy Ty jeste\u015b Tym, kt\u00f3ry ma przyj\u015b\u0107, czy te\u017c innego mamy oczekiwa\u0107?\u00bb <strong>Jezus im odpowiedzia\u0142: <\/strong><br>\u00abId\u017acie i oznajmijcie Janowi to, co s\u0142yszycie i na co patrzycie: niewidomi wzrok odzyskuj\u0105, chromi chodz\u0105, tr\u0119dowaci zostaj\u0105 oczyszczeni, g\u0142usi s\u0142ysz\u0105, umarli zmartwychwstaj\u0105, ubogim g\u0142osi si\u0119 Ewangeli\u0119. A b\u0142ogos\u0142awiony jest ten, kto nie zw\u0105tpi we Mnie\u00bb. <br><strong>Gdy oni odchodzili, Jezus zacz\u0105\u0142 m\u00f3wi\u0107 do t\u0142um\u00f3w o Janie: <\/strong><br>\u00abCo wyszli\u015bcie obejrze\u0107 na pustyni? Trzcin\u0119 ko\u0142ysz\u0105c\u0105 si\u0119 na wietrze? Ale co wyszli\u015bcie zobaczy\u0107? Cz\u0142owieka w mi\u0119kkie szaty ubranego? Oto w domach kr\u00f3lewskich s\u0105 ci, kt\u00f3rzy mi\u0119kkie szaty nosz\u0105. Po co wi\u0119c wyszli\u015bcie? Zobaczy\u0107 proroka? Tak, powiadam wam, nawet wi\u0119cej ni\u017c proroka. On jest tym, o kt\u00f3rym napisano: \u201eOto Ja posy\u0142am mego wys\u0142a\u0144ca przed Tob\u0105, aby przygotowa\u0142 Ci drog\u0119\u201d. Zaprawd\u0119, powiadam wam: Mi\u0119dzy narodzonymi z niewiast nie powsta\u0142 wi\u0119kszy od Jana Chrzciciela. Lecz najmniejszy w kr\u00f3lestwie niebieskim wi\u0119kszy jest ni\u017c on\u00bb. <\/p>\n\n\n\n<h1 class=\"wp-block-heading\"><strong><strong><strong><strong><strong><strong><strong><strong><strong>Przyj\u015bcie naszego Pana<\/strong><\/strong><\/strong><\/strong><\/strong><\/strong><\/strong><\/strong><\/strong><\/h1>\n\n\n\n<p>Tajemnica przyj\u015bcia Pana Jezusa jest g\u0142\u00f3wnym tematem, kt\u00f3ry rozwa\u017camy w Adwencie. Przyj\u015bcie Zbawiciela jest jedno, ale zarazem jest potr\u00f3jne. Jest jedno, gdy\u017c jeden jest Syn Bo\u017cy, kt\u00f3ry przychodzi; jest za\u015b potr\u00f3jne, poniewa\u017c On przychodzi w trzech r\u00f3\u017cnych czasach i na trzy r\u00f3\u017cne sposoby.<\/p>\n\n\n\n<p>\u201eW pierwszym przyj\u015bciu \u2013 m\u00f3wi \u015bw. Bernard \u2013 przychodzi On w ciele i s\u0142abo\u015bci; w drugim \u2013 przychodzi w Duchu i mocy; w trzecim za\u015b przyjdzie w chwale i majestacie. Drugie przyj\u015bcie jest \u015brodkiem, przy pomocy kt\u00f3rego mo\u017cemy przej\u015b\u0107 od pierwszego do trzeciego\u201d [Pi\u0105te kazania adwentowe]. Z kolei zapoznajmy si\u0119 z wyja\u015bnieniem owego potr\u00f3jnego przyj\u015bcia Jezusa, jakie zostawi\u0142 Piotr z Blois (1130\u20131211), w swoim trzecim Kazaniu na Adwent:<\/p>\n\n\n\n<p>\u201e<strong>Istniej\u0105 trzy przyj\u015bcia naszego Pana; pierwsze w ciele, drugie w duszy, trzecie w wyroku.<\/strong> Pierwsze z nich mia\u0142o miejsce o p\u00f3\u0142nocy, zgodnie ze s\u0142owami Ewangelii: \u00abWszak\u017ce o p\u00f3\u0142nocy rozleg\u0142 si\u0119 g\u0142os: Oto oblubieniec!\u00bb (Mt 25,6). Ale to pierwsze przyj\u015bcie nale\u017cy do przesz\u0142o\u015bci. Chrystus by\u0142 widzialny na ziemi, ogl\u0105dali Go<br>i rozmawiali z Nim \u00f3wcze\u015bni ludzie.<\/p>\n\n\n\n<p><strong>Teraz za\u015b ma miejsce drugie przyj\u015bcie, Chrystus przychodzi do nas, pod warunkiem jednak, \u017ce jeste\u015bmy Go godni: <\/strong><em><strong>\u201eJe\u015bli mnie kto mi\u0142uje, b\u0119dzie zachowywa\u0142 s\u0142owa moje, a Ojciec b\u0119dzie go mi\u0142owa\u0142 i przyjdziemy do niego\u201d (J 14,23).<\/strong><\/em> On powiedzia\u0142, \u017ce je\u015bli Go mi\u0142ujemy, przyjdzie do nas i zajmie miejsce przy nas. Jednak to drugie przyj\u015bcie jest pe\u0142ne niepewno\u015bci. Kt\u00f3\u017c bowiem, poza Duchem Bo\u017cym, zna rzeczy Bo\u017ce? Co do trzeciego przyj\u015bcia, jest ono pewne, \u017ce nast\u0105pi, ale niepewn\u0105 jest rzecz\u0105, kiedy to b\u0119dzie. Podobnie nic nie jest bardziej pewne ni\u017c \u015bmier\u0107, i nic mniej pewne ni\u017c godzina \u015bmierci. \u00abW\u0142a\u015bnie gdy m\u00f3wi\u0107 b\u0119d\u0105: pok\u00f3j i bezpiecze\u0144stwo, przyjdzie na nich zatracenie \u00bb \u2013 m\u00f3wi Aposto\u0142 (1 Tes 5, 3).<\/p>\n\n\n\n<p><strong>Tak wi\u0119c pierwsze przyj\u015bcie by\u0142o pokorne i ukryte, drugie jest tajemnicze i pe\u0142ne mi\u0142o\u015bci, trzecie b\u0119dzie majestatyczne i straszne. W swoim pierwszym przyj\u015bciu Chrystus zosta\u0142 niesprawiedliwie os\u0105dzony przez ludzi. W drugim to On czyni nas sprawiedliwymi dzi\u0119ki Jego \u0142asce. W trzecim b\u0119dzie s\u0105dzi\u0142 wszystko ze sprawiedliwo\u015bci\u0105. Za pierwszym razem przyszed\u0142 jako Baranek; za ostatnim przyjdzie jako Lew; w drugim \u2013 po\u015brednim przychodzi jak Oblubieniec pe\u0142en czu\u0142o\u015bci.<\/strong><\/p>\n\n\n\n<p>Ko\u015bci\u00f3\u0142 \u015bwi\u0119ty podczas Adwentu wspomina oczekiwanie \u015bwiata na Jezusa, kt\u00f3re mia\u0142o miejsce przed Jego pierwszym przyj\u015bciem. Dlatego mi\u0119dzy innymi czyta prorok\u00f3w, do kt\u00f3rych wo\u0142a\u0144 przy\u0142\u0105cza w\u0142asne b\u0142agania. Ta t\u0119sknota za Mesjaszem wyra\u017cana przez Ko\u015bci\u00f3\u0142 jest jednak czym\u015b wi\u0119cej ni\u017c tylko wspomnieniem pragnie\u0144 staro\u017cytnych \u017byd\u00f3w. Zanosi w\u0142asne pro\u015bby do Boga, wierz\u0105c, \u017ce przyczyniaj\u0105 si\u0119 one do tego, \u017ce zechcia\u0142 On uczyni\u0107 Sw\u00f3j akt wspania\u0142omy\u015blno\u015bci i da\u0107 nam Syna swego.<\/p>\n\n\n\n<p>Ko\u015bci\u00f3\u0142 pragnie tak\u017ce i ze wszystkich si\u0142 drugiego przyj\u015bcia, kt\u00f3re jest konsekwencj\u0105 pierwszego. <strong>Drugie przyj\u015bcie wyra\u017ca si\u0119 w osobistym do\u015bwiadczeniu Boga w nas, gdy przychodzi On zamieszka\u0107 przez \u0142ask\u0119 w naszej duszy<\/strong>, przygotowanej przez oczyszczenie. St\u0105d mamy nieustannie szuka\u0107 i odkrywa\u0107 Boga. Jak m\u00f3wi\u0142 \u015bw. Jan Klimak,\u00a0<strong>mamy Go szuka\u0107 w naszym sercu &#8211; przez wiar\u0119, w Ko\u015bciele &#8211; przez sakramenty i w naszych bliskich &#8211; przez mi\u0142o\u015b\u0107.<\/strong> Ka\u017cdego dnia do\u015bwiadczamy zatem ma\u0142ej paruzji. Chrystus przychodzi do nas podczas ka\u017cdego przeistoczenia, lecz nadal widzimy Go pod postaci\u0105 Chleba i Wina. Przychodzi &#8222;ukryty, lecz prawdziwy&#8221;. Stw\u00f3rca, powo\u0142uj\u0105c ludzi do istnienia, pozostaje Bogiem ukrytym, aby nie zniewoli\u0107 ich wszechmoc\u0105 prawdy i pi\u0119kna. Dzi\u0119ki temu ludzie sami podejmuj\u0105 decyzj\u0119 opowiedzenia si\u0119 za Bogiem lub przeciwko Niemu. Bo\u017ca mi\u0142o\u015b\u0107 jest pokorna, gdy\u017c mo\u017cna ni\u0105 wzgardzi\u0107 i j\u0105 odrzuci\u0107. Staje si\u0119 jednak wielk\u0105 moc\u0105 wtedy, gdy cz\u0142owiek j\u0105 dobrowolnie przyjmie.<\/p>\n\n\n\n<p>Ko\u015bci\u00f3\u0142 aspiruje tak\u017ce do trzeciego przyj\u015bcia, kt\u00f3re wype\u0142ni wszystkie rzeczy, otwieraj\u0105c bramy wieczno\u015bci. Pan przyrzek\u0142 przecie\u017c \u201eZaiste, nadejd\u0119 niebawem\u201d (Ap. 22, 20); a Ko\u015bci\u00f3\u0142 wo\u0142a do Niego: \u201eAmen, przyjd\u017a, Panie Jezu\u201d (tam\u017ce).<\/p>\n\n\n\n<p>Oblubienica \u2013 Ko\u015bci\u00f3\u0142 chce by\u0107 wyrwana z tego stanu istnienia w czasie,<br>w kt\u00f3rym istnieje obecnie; t\u0119skni, by czasy zosta\u0142y wype\u0142nione, by ukaza\u0142 si\u0119 w ob\u0142okach nieba znak Wybawiciela. Jej pragnienia wyra\u017cane s\u0105 przez liturgi\u0119 Adwentu, a id\u0105 tak daleko, jak wyja\u015bniono w tych s\u0142owach proroctwa umi\u0142owanego ucznia: \u201eWeselmy si\u0119 i radujmy, i oddajmy mu chwa\u0142\u0119, nadesz\u0142o bowiem wesele Baranka\u201d (Ap 19, 7).<\/p>\n\n\n\n<p>Ale ten dzie\u0144 ostatni, zanim si\u0119 to stanie, b\u0119dzie dniem ucisku. Ko\u015bci\u00f3\u0142 cz\u0119sto dr\u017cy na sam\u0105 my\u015bl o tym strasznym wyroku, \u017ce w tym samym dniu wiele jego dzieci znajdzie si\u0119 po lewej r\u0119ce S\u0119dziego, nie posiadaj\u0105c udzia\u0142u w szcz\u0119\u015bciu wybranych. To jest pow\u00f3d, dlaczego Ko\u015bci\u00f3\u0142 w liturgii Adwentu tak cz\u0119sto m\u00f3wi o przyj\u015bciu Chrystusa i wybiera z Pisma te fragmenty, kt\u00f3rymi chce obudzi\u0107 ochrzczonych, kt\u00f3rzy wci\u0105\u017c \u015bpi\u0105 snem grzechu.<\/p>\n\n\n\n<p><\/p>\n\n\n\n<figure class=\"wp-block-image\"><a href=\"http:\/\/rafalk-elblag.pl\/wp-content\/uploads\/2021\/08\/ogloszenia-parafialne-baner-01a.jpg\"><img loading=\"lazy\" decoding=\"async\" width=\"720\" height=\"232\" src=\"http:\/\/rafalk-elblag.pl\/wp-content\/uploads\/2021\/08\/ogloszenia-parafialne-baner-01a.jpg\" alt=\"\" class=\"wp-image-4410\" srcset=\"https:\/\/rafalk-elblag.pl\/wp-content\/uploads\/2021\/08\/ogloszenia-parafialne-baner-01a.jpg 720w, https:\/\/rafalk-elblag.pl\/wp-content\/uploads\/2021\/08\/ogloszenia-parafialne-baner-01a-300x97.jpg 300w\" sizes=\"auto, (max-width: 720px) 100vw, 720px\" \/><\/a><\/figure>\n\n\n\n<h1 class=\"wp-block-heading\">Og\u0142oszenia parafialne 11.12.2022r<\/h1>\n\n\n\n<ol class=\"wp-block-list\" type=\"1\"><li><em><u>PROSIMY O ZAMYKANIE DRZWI PRZY WCHODZENIU I WYCHODZENIU Z KO\u015aCIO\u0141A PONIEWA\u017b KO\u015aCI\u00d3\u0141 JEST OGRZEWANY. <strong>DZI\u0118KUJEMY.<\/strong><\/u><\/em><\/li><li><strong>Wszystkich Parafian doros\u0142ych zapraszamy na MSZE \u015aW. RORATNIE ku czci Matki Bo\u017cej o godz. 6:30. M\u0142odzie\u017c oraz kandydat\u00f3w do Sakramentu Bierzmowania zapraszamy w pi\u0105tki o godz. 6:00. Dla<\/strong> <strong>dzieci MSZE RORATNIE odprawiane b\u0119d\u0105\u00a0\u00a0\u00a0\u00a0\u00a0\u00a0\u00a0\u00a0\u00a0\u00a0\u00a0\u00a0\u00a0\u00a0\u00a0\u00a0\u00a0\u00a0\u00a0\u00a0\u00a0 we wtorki i czwartki o godz. 6:30.<\/strong> <em><u>Prosimy, by dzieci przychodzi\u0142y z opiekunami i przynosi\u0142y z sob\u0105 LAMPIONY.<\/u><\/em><\/li><li>Mamy jeszcze mo\u017cliwo\u015b\u0107 nabycia \u015bwiecy<strong> <\/strong>na st\u00f3\u0142 wigilijny w ramach akcji <strong><em>\u201eWigilijne Dzie\u0142o Pomocy Dzieciom\u201d <\/em><\/strong>w cenie: ma\u0142e \u015bwiece \u2013 10 z\u0142. i du\u017ce \u015bwiece \u2013 20 z\u0142. \u00a0 <em>Nabywaj\u0105c \u015bwiece okazujesz serce tym, kt\u00f3rzy licz\u0105 na Tw\u0105 dobro\u0107.<\/em><strong> Je\u015bli kto\u015b nie ma jeszcze po\u015bwi\u0119conego op\u0142atka na st\u00f3\u0142 wigilijny, mo\u017ce go naby\u0107 u pana Ko\u015bcielnego w zakrystii. Zapraszamy.<\/strong><\/li><li><strong>Rodzic\u00f3w dzieci klas III Szko\u0142y Podstawowej<\/strong> przygotowuj\u0105cych si\u0119 do I Spowiedzi i Komunii \u015bw. zapraszam jutro (12 grudnia) na comiesi\u0119czne spotkanie do ko\u015bcio\u0142a na godz. 19:00. <em>Obecno\u015b\u0107 obowi\u0105zkowa.<\/em><\/li><li>Wszystkich chc\u0105cych pog\u0142\u0119bi\u0107 swoj\u0105 wiedz\u0119 i relacj\u0119 z Bogiem poprzez Pismo \u015awi\u0119te, zapraszamy na spotkanie<strong> Kr\u0119gu Biblijnego<\/strong> w \u015brod\u0119 14 grudnia o godz. 19:00, kt\u00f3re odb\u0119dzie w salce na plebanii.<\/li><li>Parafialny Oddzia\u0142 Caritas naszej parafii znajduje si\u0119 przy ul. Myliusa 1A i jest czynny<br>w I i III czwartek miesi\u0105ca od 16:00 do 17:00. W najbli\u017cszy czwartek tj. 15 grudnia b\u0119d\u0105 przygotowane paczki \u015bwi\u0105teczne dla os\u00f3b w trudnej sytuacji rodzinnej.<\/li><li>W pi\u0105tek (16 grudnia) o godz. 18:00 Msza \u015bw. i spotkanie formacyjno &#8211; modlitewne dla Rodziny Karmelita\u0144skiej i Bractwa Szkaplerznego. <em>Zapraszamy.<\/em><\/li><li>Osoby pragn\u0105ce pom\u00f3c przy szopce i dekoracji ko\u015bcio\u0142a zapraszamy w poniedzia\u0142ek<br>19 grudnia br. na godz. 9:30. <em><u>Pro\u015bba, aby w\u015br\u00f3d ch\u0119tnych nie zabrak\u0142o m\u0119\u017cczyzn.<\/u><\/em>\u00a0 Zaplanujmy sobie dobrze czas i w\u0142\u0105czmy si\u0119 w to wsp\u00f3lne dzie\u0142o. \u00a0<\/li><li>Wszystkim Jubilatom i Solenizantom tego tygodnia \u017cyczymy wielu \u0142ask Bo\u017cych i opieki Matki Bo\u017cej Szkaplerznej.<\/li><li>Pan powo\u0142a\u0142 do wieczno\u015bci: <br><strong>\u2020 \u015bp. Teres\u0119 ODZIEMCZYK<\/strong> \u00a0lat 70 z ul. Myliusa<br>Wieczny odpoczynek racz jej da\u0107 Panie.<\/li><\/ol>\n\n\n\n<p><\/p>\n\n\n\n<p><\/p>\n\n\n\n<figure class=\"wp-block-image\"><img decoding=\"async\" src=\"http:\/\/rafalk-elblag.pl\/wp-content\/uploads\/2020\/04\/baner-intencje-mszy.jpg\" alt=\"\"\/><\/figure>\n\n\n\n<h1 class=\"wp-block-heading\">Intencje mszalne 11.12.2022r<br><\/h1>\n\n\n\n<p><strong>PONIEDZIA\u0141EK \/ 12 grudnia 2022r.<\/strong><br>6.30 \u015bp. Czes\u0142awa [k] Kierzkowska (12 greg.)<br>18.00 \u015bp. Ryszard Kujawa (w 1 rocznic\u0119 \u015bmierci)<br>18.00 \u015bp. Stefania [k] Litka (w 10 rocznic\u0119 \u015bmierci)<br><br><strong>WTOREK \/ 13 grudnia 2022r.<br>\u015bw. \u0141ucji<\/strong><br>6.30 O \u0142ask\u0119 powrotu do zdrowia dla Anny W\u0119gorz<br>18.00 \u015bp. Waldemar Malinowski (6 rocznica \u015bmierci)<br>18.00 \u015bp. Czes\u0142awa [k] Kierzkowska (13 greg.)<br><br><strong>\u015aRODA \/ 14 grudnia 2022r.<br>\u015bw. Jana od Krzy\u017ca<\/strong><br>6.30 Za Amelk\u0119 i King\u0119 z pro\u015bb\u0105 o potrzebne \u0142aski i opiek\u0119 Matki Bo\u017cej na ich drodze \u017cycia<br>18.00 \u015bp. Czes\u0142awa [k] Kierzkowska (14 greg.)<br>18.00 O wszelkie potrzebne \u0142aski, dary Ducha \u015awi\u0119tego, zdrowie, Bo\u017ce b\u0142., opiek\u0119 Matki Bo\u017cej Szkaplerznej dla Aleksandry z okazji 18 urodzin<br><br><strong>CZWARTEK \/ 15 grudnia 2022r.<\/strong><br>6.30 \u015bp. Piotr Lietz i zmarli z obojga stron<br>18.00 \u015bp. Czes\u0142awa [k] Kierzkowska (15 greg.)<br><br><strong>PI\u0104TEK \/ 16 grudnia 2022r.<\/strong><br>6.00<br>18.00 W intencji Rodziny i Bractwa Szkaplerznego<br>18.00 \u015bp. Czes\u0142awa [k] Kierzkowska (16 greg.)<br><br><strong>SOBOTA \/ 17 grudnia 2022r.<\/strong><br>6.30 \u015bp. Czes\u0142awa [k] Kierzkowska (17 greg.)<br>18.00 \u015bp. Alfred (2 rocznica \u015bmierci), zmarli bracia, syn Jan i zmarli z obojga stron<br>18.00 \u015bp. Stanis\u0142aw D\u017cugan (w 30 dzie\u0144 po pogrzebie)<br><br><strong>IV NIEDZIELA ADWENTU<br>18 grudnia 2022 r.<\/strong><br>8.00 \u015bp. Joanna Jendrzejewska, Genowefa, Hanna, Stanis\u0142aw P\u0105czkowscy<br>10.00 Dzi\u0119kczynna w 10 rocznic\u0119 urodzin Tatiany Kaban oraz rodzin\u0119 Szczypskich i Wilank\u00f3w<br>12.00 W intencji Parafian<br>15.00 \u015bp. Marcin Kierzkowski (2 rocznica \u015bmierci)<br>18.00 \u015bp. Czes\u0142awa [k] Kierzkowska (18 greg.)<br>Intencje Mszy \u015bw.<\/p>\n","protected":false},"excerpt":{"rendered":"<p>Ewangelia (Mt 11, 2-11) Na Chrystusie spe\u0142niaj\u0105 si\u0119 proroctwa S\u0142owa Ewangelii wed\u0142ug \u015awi\u0119tego Mateusza Gdy Jan us\u0142ysza\u0142 w wi\u0119zieniu o czynach Chrystusa, pos\u0142a\u0142 swoich uczni\u00f3w z zapytaniem: \u00abCzy Ty jeste\u015b Tym, kt\u00f3ry ma przyj\u015b\u0107, czy te\u017c innego mamy oczekiwa\u0107?\u00bb Jezus im odpowiedzia\u0142: \u00abId\u017acie i oznajmijcie Janowi to, co s\u0142yszycie i na co patrzycie: niewidomi wzrok [&hellip;]<\/p>\n","protected":false},"author":1,"featured_media":4872,"comment_status":"closed","ping_status":"closed","sticky":false,"template":"","format":"standard","meta":{"ngg_post_thumbnail":0,"footnotes":""},"categories":[11,8,4,3],"tags":[],"class_list":["post-4870","post","type-post","status-publish","format-standard","has-post-thumbnail","hentry","category-aktualnosci","category-blog","category-intencje","category-ogloszenia"],"_links":{"self":[{"href":"https:\/\/rafalk-elblag.pl\/index.php?rest_route=\/wp\/v2\/posts\/4870","targetHints":{"allow":["GET"]}}],"collection":[{"href":"https:\/\/rafalk-elblag.pl\/index.php?rest_route=\/wp\/v2\/posts"}],"about":[{"href":"https:\/\/rafalk-elblag.pl\/index.php?rest_route=\/wp\/v2\/types\/post"}],"author":[{"embeddable":true,"href":"https:\/\/rafalk-elblag.pl\/index.php?rest_route=\/wp\/v2\/users\/1"}],"replies":[{"embeddable":true,"href":"https:\/\/rafalk-elblag.pl\/index.php?rest_route=%2Fwp%2Fv2%2Fcomments&post=4870"}],"version-history":[{"count":1,"href":"https:\/\/rafalk-elblag.pl\/index.php?rest_route=\/wp\/v2\/posts\/4870\/revisions"}],"predecessor-version":[{"id":4871,"href":"https:\/\/rafalk-elblag.pl\/index.php?rest_route=\/wp\/v2\/posts\/4870\/revisions\/4871"}],"wp:featuredmedia":[{"embeddable":true,"href":"https:\/\/rafalk-elblag.pl\/index.php?rest_route=\/wp\/v2\/media\/4872"}],"wp:attachment":[{"href":"https:\/\/rafalk-elblag.pl\/index.php?rest_route=%2Fwp%2Fv2%2Fmedia&parent=4870"}],"wp:term":[{"taxonomy":"category","embeddable":true,"href":"https:\/\/rafalk-elblag.pl\/index.php?rest_route=%2Fwp%2Fv2%2Fcategories&post=4870"},{"taxonomy":"post_tag","embeddable":true,"href":"https:\/\/rafalk-elblag.pl\/index.php?rest_route=%2Fwp%2Fv2%2Ftags&post=4870"}],"curies":[{"name":"wp","href":"https:\/\/api.w.org\/{rel}","templated":true}]}}