{"id":4866,"date":"2022-12-04T17:12:28","date_gmt":"2022-12-04T17:12:28","guid":{"rendered":"http:\/\/rafalk-elblag.pl\/?p=4866"},"modified":"2022-12-04T17:12:28","modified_gmt":"2022-12-04T17:12:28","slug":"ogloszenia-04-12-2022-ii-niedziela-adwentu","status":"publish","type":"post","link":"https:\/\/rafalk-elblag.pl\/?p=4866","title":{"rendered":"Og\u0142oszenia 04.12.2022, II Niedziela Adwentu"},"content":{"rendered":"\n<figure class=\"wp-block-embed is-type-video is-provider-youtube wp-block-embed-youtube wp-embed-aspect-16-9 wp-has-aspect-ratio\"><div class=\"wp-block-embed__wrapper\">\n<iframe loading=\"lazy\" title=\"Ks. Piotr Pawlukiewicz - Druga Niedziela Adwentu - rok A\" width=\"900\" height=\"506\" src=\"https:\/\/www.youtube.com\/embed\/aJgEwWA9BdI?feature=oembed\" frameborder=\"0\" allow=\"accelerometer; autoplay; clipboard-write; encrypted-media; gyroscope; picture-in-picture\" allowfullscreen><\/iframe>\n<\/div><\/figure>\n\n\n\n<h1 class=\"wp-block-heading\">Ewangelia (Mt 3, 1-12)\nNawracajcie si\u0119, bo bliskie jest kr\u00f3lestwo niebieskie\n<\/h1>\n\n\n\n<p>S\u0142owa Ewangelii wed\u0142ug \u015awi\u0119tego Mateusza<\/p>\n\n\n\n<p>\nW owym czasie pojawi\u0142 si\u0119 Jan Chrzciciel i g\u0142osi\u0142 na Pustyni Judzkiej te s\u0142owa: \u00abNawracajcie si\u0119, bo bliskie jest kr\u00f3lestwo niebieskie\u00bb. Do niego to odnosi si\u0119 s\u0142owo proroka izajasza, gdy m\u00f3wi: \u00abG\u0142os wo\u0142aj\u0105cego na pustyni: Przygotujcie drog\u0119 Panu, dla Niego prostujcie \u015bcie\u017cki!\u00bb\n\nSam za\u015b Jan nosi\u0142 odzienie z sier\u015bci wielb\u0142\u0105dziej i pas sk\u00f3rzany oko\u0142o bioder, a jego pokarmem by\u0142y szara\u0144cza i mi\u00f3d le\u015bny. W\u00f3wczas ci\u0105gn\u0119\u0142y do niego Jerozolima oraz ca\u0142a Judea i ca\u0142a okolica nad Jordanem. Przyjmowano od niego chrzest w rzece Jordan, wyznaj\u0105c swoje grzechy. A gdy widzia\u0142, \u017ce przychodzi\u0142o do chrztu wielu spo\u015br\u00f3d faryzeusz\u00f3w i saduceusz\u00f3w, m\u00f3wi\u0142 im:\n\n\u00abPlemi\u0119 \u017cmijowe, kto wam pokaza\u0142, jak uciec przed nadchodz\u0105cym gniewem? Wydajcie wi\u0119c godny owoc nawr\u00f3cenia, a nie my\u015blcie, \u017ce mo\u017cecie sobie m\u00f3wi\u0107: \u201eAbrahama mamy za ojca\u201d, bo powiadam wam, \u017ce z tych kamieni mo\u017ce B\u00f3g wzbudzi\u0107 dzieci Abrahamowi. Ju\u017c siekiera jest przy\u0142o\u017cona do korzenia drzew. Ka\u017cde wi\u0119c drzewo, kt\u00f3re nie wydaje dobrego owocu, zostaje wyci\u0119te i wrzucone w ogie\u0144. Ja was chrzcz\u0119 wod\u0105 dla nawr\u00f3cenia; lecz Ten, kt\u00f3ry idzie za mn\u0105, mocniejszy jest ode mnie; ja nie jestem godzien nosi\u0107 Mu sanda\u0142\u00f3w. On was chrzci\u0107 b\u0119dzie Duchem \u015awi\u0119tym i ogniem. Ma on wiejad\u0142o w r\u0119ku i oczy\u015bci sw\u00f3j om\u0142ot: pszenic\u0119 zbierze do spichlerza, a plewy spali w ogniu nieugaszonym\u00bb.\n\n\n<\/p>\n\n\n\n<h1 class=\"wp-block-heading\"><strong><strong><strong><strong><strong><strong><strong><strong>Czym s\u0105 rekolekcje?<\/strong><\/strong><\/strong><\/strong><\/strong><\/strong><\/strong><\/strong><\/h1>\n\n\n\n<p>Sens rekolekcji oddaj\u0105 s\u0142owa Jezusa: \u201eNawracajcie si\u0119 i wierzcie w Ewangeli\u0119\u201d. &#8211; Nawraca\u0107 si\u0119, to znaczy zmienia\u0107 na nowo swoje my\u015blenie, a co za tym idzie post\u0119powanie &#8211; t\u0142umaczy o. Wiktor Tokarski, bernardyn z Rzeszowa. &#8211; Nasze \u017cycie powinni\u015bmy prze\u017cywa\u0107 w \u0142\u0105czno\u015bci z Bogiem, winni\u015bmy na\u015bladowa\u0107 w nim Chrystusa, s\u0142ucha\u0107 Jego Ewangelii. On wskazuje nam w\u0142a\u015bciw\u0105 drog\u0119, kt\u00f3r\u0105 powinni\u015bmy i\u015b\u0107. By m\u00f3c na nowo na ni\u0105 wej\u015b\u0107<strong>, trzeba najpierw skonfrontowa\u0107 to, co ma miejsce w naszym \u017cyciu z nauczaniem Chrystusa<\/strong> &#8211; m\u00f3wi. <strong>Tak\u0105 mo\u017cliwo\u015b\u0107 daj\u0105 nam nauki rekolekcyjne<\/strong>, a kap\u0142an &#8211; rekolekcjonista jest tym, kt\u00f3ry nas ukierunkowuje, niejako podpowiada nad czym musimy popracowa\u0107.<\/p>\n\n\n\n<p><strong>Nie mo\u017cemy zapomnie\u0107 o tym, \u017ce rekolekcje wyros\u0142y nie z praktyki \u201es\u0142uchania duchowego\u201d, lecz \u201e\u0107wicze\u0144 duchownych\u201d, zak\u0142adaj\u0105 wi\u0119c nie tylko wys\u0142uchanie nauk, ale w\u0142asn\u0105 aktywno\u015b\u0107, \u201e\u0107wiczenie si\u0119\u201d w \u017cyciu chrze\u015bcija\u0144skim.<\/strong> <strong>Rekolekcje w naszym \u017cyciu b\u0119d\u0105 jednak na tyle owocne, na ile sami si\u0119 w ich prze\u017cycie zaanga\u017cujemy<\/strong> i na ile b\u0119dziemy sk\u0142onni na nowo przemy\u015ble\u0107 swoj\u0105 wiar\u0119. <strong>Rekolekcje wi\u0119c to osobista refleksja, po\u015bwi\u0119cenie wi\u0119cej czasu na modlitw\u0119<\/strong> &#8211; zar\u00f3wno indywidualn\u0105, jak i wsp\u00f3ln\u0105, w rodzinie.&nbsp;<\/p>\n\n\n\n<p>Rekolekcje to w\u0142a\u015bciwy moment, \u017ceby spokojnie pos\u0142ucha\u0107 wewn\u0119trznego g\u0142osu, kt\u00f3rego nie da si\u0119 uciszy\u0107, a kt\u00f3ry zadaje nam nurtuj\u0105ce pytania. Dlaczego istniej\u0119? Dok\u0105d zmierzam? Czy dobrze post\u0119puj\u0119? Nareszcie masz czas, aby spr\u00f3bowa\u0107 odpowiedzie\u0107 na te pytania. One nigdy nie ucichn\u0105 w Tobie. Wielcy chrze\u015bcijanie wa\u017cne decyzje podejmowali zawsze po rekolekcjach. <strong>Ale<\/strong> <strong>\u017ceby us\u0142ysze\u0107, co B\u00f3g ma nam do powiedzenia, trzeba wy\u0142\u0105czy\u0107 to, co zag\u0142usza cisz\u0119.<\/strong> Wtedy dopiero mo\u017cemy \u201eodzyska\u0107\u201d (z \u0142aciny <em>recolligo<\/em>) sens i cel \u017cycia.<\/p>\n\n\n\n<p>I na koniec rzecz bardzo wa\u017cna: <strong>rekolekcje to tak\u017ce czas, by \u201eodzyska\u0107\u201d (<\/strong><em><strong>recolligo<\/strong><\/em><strong>) czysto\u015b\u0107 duszy w sakramencie pojednania.<\/strong> Warto si\u0119 do tej rekolekcyjnej spowiedzi przygotowa\u0107 przez rachunek sumienia, zado\u015b\u0107uczynienie i pojednanie si\u0119 z tymi, kt\u00f3rych przez moje grzechy skrzywdzi\u0142em oraz mocne postanowienie poprawy. A przy okazji &#8211; warto te\u017c pomodli\u0107 si\u0119 przed spowiedzi\u0105 za ksi\u0119dza, kt\u00f3ry b\u0119dzie mnie spowiada\u0142, o potrzebne mu \u015bwiat\u0142o Ducha \u015awi\u0119tego, \u017ceby m\u00f3g\u0142 mi dobrze pom\u00f3c, rozezna\u0107, doradzi\u0107.<\/p>\n\n\n\n<p>Rekolekcje adwentowe s\u0105 zatem dla ka\u017cdego z nas szans\u0105 pog\u0142\u0119bienia swojej wiary i warto przyj\u0105\u0107 ten czas jaki daje nam B\u00f3g.<\/p>\n\n\n\n<h2 class=\"wp-block-heading\"><strong>REKOLEKCJE ADWENTOWE 2022<br>W PARAFII \u015aW. RAFA\u0141A KALINOWSKIEGO W ELBL\u0104GU<\/strong><\/h2>\n\n\n\n<p><strong>PONIEDZIA\u0141EK \u2013 5 grudnia<\/strong><\/p>\n\n\n\n<figure class=\"wp-block-table\"><table><tbody><tr><td>6.30<\/td><td>Msza \u015bw. roratnia z nauk\u0105 dla doros\u0142ych<\/td><\/tr><tr><\/tr><tr><\/tr><tr><\/tr><tr><\/tr><tr><\/tr><tr><\/tr><tr><\/tr><tr><\/tr><tr><\/tr><tr><td>11.00<\/td><td>Msza \u015bw. z nauk\u0105 dla doros\u0142ych<\/td><\/tr><tr><\/tr><tr><\/tr><tr><\/tr><tr><\/tr><tr><\/tr><tr><\/tr><tr><\/tr><tr><\/tr><tr><\/tr><tr><td>12.00<\/td><td>Anio\u0142 Pa\u0144ski<\/td><\/tr><tr><\/tr><tr><\/tr><tr><\/tr><tr><\/tr><tr><\/tr><tr><\/tr><tr><\/tr><tr><\/tr><tr><\/tr><tr><td>16.30<\/td><td>Nauka dla Szko\u0142y Podstawowej klasy 0, I, II, III<\/td><\/tr><tr><\/tr><tr><\/tr><tr><\/tr><tr><\/tr><tr><\/tr><tr><\/tr><tr><\/tr><tr><\/tr><tr><\/tr><tr><td>17.00<\/td><td>Nauka dla Szko\u0142y Podstawowej klasy IV, V, VI, VII<\/td><\/tr><tr><\/tr><tr><\/tr><tr><\/tr><tr><\/tr><tr><\/tr><tr><\/tr><tr><\/tr><tr><\/tr><tr><\/tr><tr><td>18.00<\/td><td>Msza \u015bw. z nauk\u0105 dla doros\u0142ych<\/td><\/tr><tr><\/tr><tr><\/tr><tr><\/tr><tr><\/tr><tr><\/tr><tr><\/tr><tr><\/tr><tr><\/tr><tr><\/tr><tr><td>19.15<\/td><td>Nauka dla Szko\u0142y Podstawowej: klasy VIII i m\u0142odzie\u017c<\/td><\/tr><tr><\/tr><tr><\/tr><tr><\/tr><tr><\/tr><tr><\/tr><tr><\/tr><tr><\/tr><tr><\/tr><tr><\/tr><tr><td>20.00<\/td><td>Msza \u015bw. z nauk\u0105 dla doros\u0142ych<\/td><\/tr><tr><\/tr><tr><\/tr><tr><\/tr><tr><\/tr><tr><\/tr><tr><\/tr><tr><\/tr><tr><\/tr><tr><\/tr><tr><td>21.00<\/td><td>Apel Jasnog\u00f3rski w intencji parafii<\/td><\/tr><\/tbody><\/table><\/figure>\n\n\n\n<p><strong>WTOREK \u2013 6 grudnia<\/strong><\/p>\n\n\n\n<figure class=\"wp-block-table\"><table><tbody><tr><td>6.30<\/td><td>Msza \u015bw. roratnia z nauk\u0105 dla doros\u0142ych i dzieci<\/td><\/tr><tr><\/tr><tr><\/tr><tr><\/tr><tr><\/tr><tr><\/tr><tr><\/tr><tr><\/tr><tr><\/tr><tr><\/tr><tr><td>11.00<\/td><td>Msza \u015bw. z nauk\u0105 dla doros\u0142ych<\/td><\/tr><tr><\/tr><tr><\/tr><tr><\/tr><tr><\/tr><tr><\/tr><tr><\/tr><tr><\/tr><tr><\/tr><tr><\/tr><tr><td>12.00<\/td><td>Anio\u0142 Pa\u0144ski<\/td><\/tr><tr><\/tr><tr><\/tr><tr><\/tr><tr><\/tr><tr><\/tr><tr><\/tr><tr><\/tr><tr><\/tr><tr><\/tr><tr><td>16.30<\/td><td>Nauka dla Szko\u0142y Podstawowej klasy 0, I, II, III<\/td><\/tr><tr><\/tr><tr><\/tr><tr><\/tr><tr><\/tr><tr><\/tr><tr><\/tr><tr><\/tr><tr><\/tr><tr><\/tr><tr><td>17.00<\/td><td>Nauka dla Szko\u0142y Podstawowej klasy IV, V, VI, VII <strong>&#8211; spowied\u017a<\/strong><\/td><\/tr><tr><\/tr><tr><\/tr><tr><\/tr><tr><\/tr><tr><\/tr><tr><\/tr><tr><\/tr><tr><\/tr><tr><\/tr><tr><td>18.00<\/td><td>Msza \u015bw. z nauk\u0105 dla doros\u0142ych<\/td><\/tr><tr><\/tr><tr><\/tr><tr><\/tr><tr><\/tr><tr><\/tr><tr><\/tr><tr><\/tr><tr><\/tr><tr><\/tr><tr><td>19.15<\/td><td>Nauka dla klas VIII Szko\u0142y Podstawowej i m\u0142odzie\u017cy <strong>&#8211; spowied\u017a<\/strong><\/td><\/tr><tr><\/tr><tr><\/tr><tr><\/tr><tr><\/tr><tr><\/tr><tr><\/tr><tr><\/tr><tr><\/tr><tr><\/tr><tr><td>20.00<\/td><td>Msza \u015bw. z nauk\u0105 dla doros\u0142ych<\/td><\/tr><tr><\/tr><tr><\/tr><tr><\/tr><tr><\/tr><tr><\/tr><tr><\/tr><tr><\/tr><tr><\/tr><tr><\/tr><tr><td>21.00<\/td><td>Apel Jasnog\u00f3rski w intencji parafii<\/td><\/tr><\/tbody><\/table><\/figure>\n\n\n\n<p><strong>\u015aRODA \u2013 7 grudnia<\/strong><\/p>\n\n\n\n<figure class=\"wp-block-table\"><table><tbody><tr><td>6.30<\/td><td>Msza \u015bw. roratnia z nauk\u0105 dla doros\u0142ych<\/td><\/tr><tr><\/tr><tr><\/tr><tr><\/tr><tr><\/tr><tr><\/tr><tr><\/tr><tr><\/tr><tr><\/tr><tr><\/tr><tr><td>11.00<\/td><td>Msza \u015bw. z nauk\u0105 dla doros\u0142ych<\/td><\/tr><tr><\/tr><tr><\/tr><tr><\/tr><tr><\/tr><tr><\/tr><tr><\/tr><tr><\/tr><tr><\/tr><tr><\/tr><tr><td>12.00<\/td><td>Anio\u0142 Pa\u0144ski<\/td><\/tr><tr><\/tr><tr><\/tr><tr><\/tr><tr><\/tr><tr><\/tr><tr><\/tr><tr><\/tr><tr><\/tr><tr><\/tr><tr><td>16.30<\/td><td>Msza \u015bw. dla Szko\u0142y Podstawowej klasy 0 &#8211; VII<\/td><\/tr><tr><\/tr><tr><\/tr><tr><\/tr><tr><\/tr><tr><\/tr><tr><\/tr><tr><\/tr><tr><\/tr><tr><\/tr><tr><td>18.00<\/td><td>Msza \u015bw. z nauk\u0105 dla doros\u0142ych<\/td><\/tr><tr><\/tr><tr><\/tr><tr><\/tr><tr><\/tr><tr><\/tr><tr><\/tr><tr><\/tr><tr><\/tr><tr><\/tr><tr><td>20.00<\/td><td>Msza \u015bw. dla kandydat\u00f3w do Bierzmowania oraz m\u0142odzie\u017cy<\/td><\/tr><tr><\/tr><tr><\/tr><tr><\/tr><tr><\/tr><tr><\/tr><tr><\/tr><tr><\/tr><tr><\/tr><tr><\/tr><tr><td>21.00<\/td><td>Apel Jasnog\u00f3rski w intencji parafii<\/td><\/tr><\/tbody><\/table><\/figure>\n\n\n\n<p><strong>Spowied\u017a \u015awi\u0119ta p\u00f3\u0142 godziny przed Msz\u0105 \u015aw<\/strong><\/p>\n\n\n\n<p><\/p>\n\n\n\n<figure class=\"wp-block-image\"><a href=\"http:\/\/rafalk-elblag.pl\/wp-content\/uploads\/2021\/08\/ogloszenia-parafialne-baner-01a.jpg\"><img loading=\"lazy\" decoding=\"async\" width=\"720\" height=\"232\" src=\"http:\/\/rafalk-elblag.pl\/wp-content\/uploads\/2021\/08\/ogloszenia-parafialne-baner-01a.jpg\" alt=\"\" class=\"wp-image-4410\" srcset=\"https:\/\/rafalk-elblag.pl\/wp-content\/uploads\/2021\/08\/ogloszenia-parafialne-baner-01a.jpg 720w, https:\/\/rafalk-elblag.pl\/wp-content\/uploads\/2021\/08\/ogloszenia-parafialne-baner-01a-300x97.jpg 300w\" sizes=\"auto, (max-width: 720px) 100vw, 720px\" \/><\/a><\/figure>\n\n\n\n<h1 class=\"wp-block-heading\">Og\u0142oszenia parafialne 04.12.2022r<\/h1>\n\n\n\n<ol class=\"wp-block-list\"><li><strong>Zapraszamy dzi\u015b na Adoracj\u0119 Naj\u015bwi\u0119tszego Sakramentu od godz. 16:00. <\/strong><em><strong>Wykorzystaj ten czas ADWENTU i znajd\u017a chwil\u0119 na ADORACJ\u0118, by powierzy\u0107 Panu Bogu nasze Rekolekcje i swoje sprawy.<\/strong><\/em><\/li><li><strong>Witamy w naszej wsp\u00f3lnocie ks. \u0141ukasza BOCIEK z Radomia<\/strong>, kt\u00f3ry poprowadzi tegoroczne<strong> Rekolekcje Adwentowe<\/strong> w naszej parafii. Pro\u015bmy o \u015bwiat\u0142o Ducha \u015awi\u0119tego dla Rekolekcjonisty i ca\u0142ej parafii. <em>Zaplanujmy dobrze swoje obowi\u0105zki domowe, by wzi\u0105\u0107 udzia\u0142 w duchowym przygotowaniu do \u015bwi\u0105t Narodzenia Pa\u0144skiego<strong>.<\/strong><\/em><\/li><\/ol>\n\n\n\n<ol class=\"wp-block-list\" start=\"3\"><li>Dzisiejsza taca przeznaczona jest na sp\u0142at\u0119 wykonanych balasek i balustrad w naszym ko\u015bciele. <em>B\u00f3g zap\u0142a\u0107 za z\u0142o\u017cone ofiary.<\/em> <em><u>PROSIMY O ZAMYKANIE DRZWI PRZY WCHODZENIU I WYCHODZENIU Z KO\u015aCIO\u0141A PONIEWA\u017b KO\u015aCI\u00d3\u0141 JEST OGRZEWANY. <\/u><\/em><em><u><strong>DZI\u0118KUJEMY.<\/strong><\/u><\/em><\/li><li>W ramach og\u00f3lnopolskiej akcji <em><strong>\u201eWigilijne Dzie\u0142o Pomocy Dzieciom\u201d<\/strong><\/em> Wolontariusze Caritas rozprowadzaj\u0105 dzisiaj \u015bwiece na st\u00f3\u0142 wigilijny w cenie: ma\u0142e \u015bwiece \u2013 10 z\u0142. i du\u017ce \u015bwiece \u2013 20 z\u0142. <em><u>Mamy tez mo\u017cliwo\u015b\u0107 nabycia za dobrowoln\u0105 ofiar\u0119 po\u015bwi\u0119conego op\u0142atka na st\u00f3\u0142 wigilijny przed Ko\u015bcio\u0142em.<\/u><\/em><\/li><li><strong>Wszystkich Parafian doros\u0142ych zapraszamy na MSZE \u015aW. RORATNIE ku czci Matki Bo\u017cej o godz. 6:30. M\u0142odzie\u017c wraz z kandydatami do Sakramentu Bierzmowania zapraszamy w pi\u0105tki o godz. 6:00. Dla<\/strong> <strong>dzieci Msze RORATNIE odprawiane b\u0119d\u0105 we wtorki i czwartki o godz. 6:30. <\/strong><em><u>Prosimy, by dzieci przychodzi\u0142y z opiekunami i przynosi\u0142y z sob\u0105 LAMPIONY.<\/u><\/em><\/li><li>W czwartek 8 grudnia obchodzimy<strong> Uroczysto\u015b\u0107 Niepokalanego Pocz\u0119cia NMP. <\/strong><em>Dzie\u0144 ten jest \u015bwi\u0119tem patronalnym Ruchu \u015awiat\u0142o-\u017bycie, a w nim ga\u0142\u0119zi Domowego Ko\u015bcio\u0142a. Tego dnia zapraszamy o godz. 17:30 na wsp\u00f3lny \u015bpiew <\/em><em><strong>GODZINEK KU CZCI NIEPOKALANEGO POCZ\u0118CIA NMP <\/strong><\/em><em>w intencji dzi\u0119kczynnej za dar \u015aWI\u0118TEGO JANA PAW\u0141A II, kt\u00f3ry zawierzy\u0142 ca\u0142y \u015bwiat NIEPOKALANEJ.<\/em><\/li><li><strong>W<\/strong> <strong>Uroczysto\u015b\u0107 Niepokalanego Pocz\u0119cia NMP <\/strong>zapraszamy na nabo\u017ce\u0144stwo przed Naj\u015bwi\u0119tszym Sakramentem i skorzystania z GODZINY \u0141ASKI od 12:00 do godz. 13:00. Matka Bo\u017ca przekaza\u0142a \u015bwiatu: \u201e<em><strong>Dzi\u0119ki modlitwie w tej godzinie, ze\u015bl\u0119 wiele \u0142ask dla duszy i cia\u0142a. B\u0119d\u0105 masowe nawr\u00f3cenia. Dusze zatwardzia\u0142e i zimne jak marmur poruszone b\u0119d\u0105 \u0142ask\u0105 Bo\u017c\u0105 i zn\u00f3w stan\u0105 si\u0119 wierne i mi\u0142uj\u0105ce Boga. Jest moim \u017cyczeniem, aby ta Godzina by\u0142a rozpowszechniona\u201d.<\/strong><\/em><\/li><li>Zach\u0119camy do nabywania nowego numeru \u201eGo\u015bcia Niedzielnego\u201d w cenie 8 z\u0142 <strong>z dodatkiem<\/strong> <strong>\u201eGo\u015b\u0107 Elbl\u0105ski<\/strong>.<\/li><li>Wszystkim Jubilatom i Solenizantom tego tygodnia \u017cyczymy wielu \u0142ask Bo\u017cych i opieki Matki Bo\u017cej Szkaplerznej.<\/li><\/ol>\n\n\n\n<p><\/p>\n\n\n\n<p><\/p>\n\n\n\n<figure class=\"wp-block-image\"><img decoding=\"async\" src=\"http:\/\/rafalk-elblag.pl\/wp-content\/uploads\/2020\/04\/baner-intencje-mszy.jpg\" alt=\"\"\/><\/figure>\n\n\n\n<h1 class=\"wp-block-heading\">Intencje mszalne 20.11.2022r<\/h1>\n\n\n\n<p><br><\/p>\n\n\n\n<p><strong>PONIEDZIA\u0141EK \/ 5 grudnia 2022r.<\/strong><br>6.30 \u015bp. Halina i Jan Ostrowscy, Barbara Skorubska<br>11.00 \u015bp. Czes\u0142awa [k] Kierzkowska (5 greg.)<br>18.00 Dzi\u0119kczynna w 70 urodziny Wies\u0142awy Krauze, z pro\u015bb\u0105 o Bo\u017ce b\u0142., potrzebne \u0142aski dla Jubilatki oraz dla Krystyny Mackiel (intencja od wsp\u00f3lnoty Odnowy w Duchu \u015awi\u0119tym)<br>20.00<\/p>\n\n\n\n<p><strong>WTOREK \/ 6 grudnia 2022r. \u015bw. Miko\u0142aja, biskupa<\/strong><br>6.30 \u015bp. Czes\u0142awa [k] Kierzkowska (6 greg.)<br>11.00<br>18.00 \u015bp. Krystyna Ma\u0107ko (w 12 rocznic\u0119 \u015bmierci), Zdzis\u0142aw Sidor<br>18.00 \u015bp. J\u00f3zef Sielewicz (w 10 rocznic\u0119 \u015bmierci)<br>20.00<\/p>\n\n\n\n<p><strong>\u015aRODA \/ 7 grudnia 2022r. \u015bw. Ambro\u017cego, biskupa i doktora Ko\u015bcio\u0142a<\/strong><br>6.30 \u015bp. Czes\u0142awa [k] Kierzkowska (7 greg.)<br>11.00<br>16.30 W intencji dzieci naszej parafii<br>18.00 \u015bp. Franciszek, Boles\u0142awa [k], Jan, Jerzy Kurzy\u0144scy oraz zmarli z obojga stron<br>18.00 \u015bp. Anna Piekarska (w 1 rocznic\u0119 \u015bmierci), Jerzy, Stanis\u0142aw<br>20.00 \u015bp. Alicja \u0141ozowska (30 dzie\u0144 po pogrzebie)<\/p>\n\n\n\n<p><strong>CZWARTEK \/ 8 grudnia 2022r. Uroczysto\u015b\u0107 Niepokalanego Pocz\u0119cia Naj\u015bwi\u0119tszej Maryi Panny<\/strong><br>6.30 \u015bp. Marianna M\u0142ynarska w dniu imienin, J\u00f3zef, Zbigniew, S\u0142awomir M\u0142ynarscy<br>6.30 \u015bp. Czes\u0142awa [k] Kierzkowska (8 greg.)<br>18.00 Dzi\u0119kczynna za przyjaci\u00f3\u0142 i darczy\u0144c\u00f3w z pro\u015bb\u0105 o Bo\u017ce b\u0142ogos\u0142awie\u0144stwo<br>18.00 Dzi\u0119kczynna za otrzymane \u0142aski w dniu urodzin i imienin z pro\u015bb\u0105 o dalsze \u0142aski dla Marii Wojtczak<\/p>\n\n\n\n<p><strong>PI\u0104TEK \/ 9 grudnia 2022r.<\/strong><br>6.00 \u015bp. Maria Za\u0142\u0119ska<br>6.00 \u015bp. Micha\u0142 Jakubiak (8 rocznica \u015bmierci) i zmarli z rodziny Jakubiak i Dzikowskich<br>18.00 Za dusze w czy\u015b\u0107cu cierpi\u0105ce<br>18.00 \u015bp. Czes\u0142awa [k] Kierzkowska (9 greg.)<\/p>\n\n\n\n<p><strong>SOBOTA \/ 10 grudnia 2022r.<\/strong><br>6.30 \u015bp. Czes\u0142awa [k] Kierzkowska (10 greg.)<br>18.00 \u015bp. Stanis\u0142awa [k] Klonkowska (5 rocznica \u015bmierci), Stanis\u0142aw Klonkowski (6 rocznica \u015bmierci)<br>18.00 \u015bp. Adela Demska (w 4 rocznic\u0119 \u015bmierci)<\/p>\n\n\n\n<p><strong>III NIEDZIELA ADWENTU Gaudete \/ 11 grudnia 2022 r.<\/strong><br>8.00 Dzi\u0119kczynna za wszelkie \u0142aski udzielone w ci\u0105gu roku Nikodemowi i jego rodzinie, Agnieszce i ca\u0142ej rodzinie zakonnej oraz Magdzie i jej rodzinie<br>10.00 Dzi\u0119kczynna z okazji urodzin Sylwii z pro\u015bb\u0105 o potrzebne \u0142aski wiary, nadziei, mi\u0142o\u015bci i opiek\u0119 Matki Bo\u017cej Szkaplerznej<br>12.00 W intencji Parafian<br>15.00 \u015bp. Czes\u0142awa [k] Kierzkowska (11 greg.)<br>18.00 \u015bp. Wiktor Idzikowski (7 rocznica \u015bmierci)<\/p>\n","protected":false},"excerpt":{"rendered":"<p>Ewangelia (Mt 3, 1-12) Nawracajcie si\u0119, bo bliskie jest kr\u00f3lestwo niebieskie S\u0142owa Ewangelii wed\u0142ug \u015awi\u0119tego Mateusza W owym czasie pojawi\u0142 si\u0119 Jan Chrzciciel i g\u0142osi\u0142 na Pustyni Judzkiej te s\u0142owa: \u00abNawracajcie si\u0119, bo bliskie jest kr\u00f3lestwo niebieskie\u00bb. Do niego to odnosi si\u0119 s\u0142owo proroka izajasza, gdy m\u00f3wi: \u00abG\u0142os wo\u0142aj\u0105cego na pustyni: Przygotujcie drog\u0119 Panu, dla [&hellip;]<\/p>\n","protected":false},"author":1,"featured_media":4867,"comment_status":"closed","ping_status":"closed","sticky":false,"template":"","format":"standard","meta":{"ngg_post_thumbnail":0,"footnotes":""},"categories":[11,8,4,3],"tags":[],"class_list":["post-4866","post","type-post","status-publish","format-standard","has-post-thumbnail","hentry","category-aktualnosci","category-blog","category-intencje","category-ogloszenia"],"_links":{"self":[{"href":"https:\/\/rafalk-elblag.pl\/index.php?rest_route=\/wp\/v2\/posts\/4866","targetHints":{"allow":["GET"]}}],"collection":[{"href":"https:\/\/rafalk-elblag.pl\/index.php?rest_route=\/wp\/v2\/posts"}],"about":[{"href":"https:\/\/rafalk-elblag.pl\/index.php?rest_route=\/wp\/v2\/types\/post"}],"author":[{"embeddable":true,"href":"https:\/\/rafalk-elblag.pl\/index.php?rest_route=\/wp\/v2\/users\/1"}],"replies":[{"embeddable":true,"href":"https:\/\/rafalk-elblag.pl\/index.php?rest_route=%2Fwp%2Fv2%2Fcomments&post=4866"}],"version-history":[{"count":1,"href":"https:\/\/rafalk-elblag.pl\/index.php?rest_route=\/wp\/v2\/posts\/4866\/revisions"}],"predecessor-version":[{"id":4868,"href":"https:\/\/rafalk-elblag.pl\/index.php?rest_route=\/wp\/v2\/posts\/4866\/revisions\/4868"}],"wp:featuredmedia":[{"embeddable":true,"href":"https:\/\/rafalk-elblag.pl\/index.php?rest_route=\/wp\/v2\/media\/4867"}],"wp:attachment":[{"href":"https:\/\/rafalk-elblag.pl\/index.php?rest_route=%2Fwp%2Fv2%2Fmedia&parent=4866"}],"wp:term":[{"taxonomy":"category","embeddable":true,"href":"https:\/\/rafalk-elblag.pl\/index.php?rest_route=%2Fwp%2Fv2%2Fcategories&post=4866"},{"taxonomy":"post_tag","embeddable":true,"href":"https:\/\/rafalk-elblag.pl\/index.php?rest_route=%2Fwp%2Fv2%2Ftags&post=4866"}],"curies":[{"name":"wp","href":"https:\/\/api.w.org\/{rel}","templated":true}]}}