{"id":4862,"date":"2022-11-27T12:39:00","date_gmt":"2022-11-27T12:39:00","guid":{"rendered":"http:\/\/rafalk-elblag.pl\/?p=4862"},"modified":"2022-11-30T12:55:28","modified_gmt":"2022-11-30T12:55:28","slug":"ogloszenia-20-11-2022-uroczystosc-jezusa-chrystusa-krola-wszechswiata-2","status":"publish","type":"post","link":"https:\/\/rafalk-elblag.pl\/?p=4862","title":{"rendered":"Og\u0142oszenia 27.11.2022, I Niedziela Adwentu"},"content":{"rendered":"\n<figure class=\"wp-block-embed is-type-video is-provider-youtube wp-block-embed-youtube wp-embed-aspect-16-9 wp-has-aspect-ratio\"><div class=\"wp-block-embed__wrapper\">\n<iframe loading=\"lazy\" title=\"ks. Piotr Pawlukiewicz. Czuwajcie i m\u00f3dlcie si\u0119 w ka\u017cdym czasie.\" width=\"900\" height=\"506\" src=\"https:\/\/www.youtube.com\/embed\/m6HRI_4UaGk?feature=oembed\" frameborder=\"0\" allow=\"accelerometer; autoplay; clipboard-write; encrypted-media; gyroscope; picture-in-picture\" allowfullscreen><\/iframe>\n<\/div><\/figure>\n\n\n\n<h1 class=\"wp-block-heading\">Ewangelia (Mt 24, 37-44)\nPotrzeba czujno\u015bci w oczekiwaniu na przyj\u015bcie Chrystusa\n<\/h1>\n\n\n\n<p>S\u0142owa Ewangelii wed\u0142ug \u015awi\u0119tego Mateusza<\/p>\n\n\n\n<p>\nJezus powiedzia\u0142 do swoich uczni\u00f3w:\n\n\u00abJak by\u0142o za dni Noego, tak b\u0119dzie z przyj\u015bciem Syna Cz\u0142owieczego. Albowiem jak w czasie przed potopem jedli i pili, \u017cenili si\u0119 i za m\u0105\u017c wydawali a\u017c do dnia, kiedy Noe wszed\u0142 do arki, i nie spostrzegli si\u0119, a\u017c przyszed\u0142 potop i poch\u0142on\u0105\u0142 wszystkich, tak r\u00f3wnie\u017c b\u0119dzie z przyj\u015bciem Syna Cz\u0142owieczego. Wtedy dw\u00f3ch b\u0119dzie w polu: jeden b\u0119dzie wzi\u0119ty, drugi zostawiony. Dwie b\u0119d\u0105 mle\u0107 na \u017carnach: jedna b\u0119dzie wzi\u0119ta, druga zostawiona.\n\nCzuwajcie wi\u0119c, bo nie wiecie, w kt\u00f3rym dniu Pan wasz przyjdzie. A to rozumiejcie: Gdyby gospodarz wiedzia\u0142, o jakiej porze nocy nadejdzie z\u0142odziej, na pewno by czuwa\u0142 i nie pozwoli\u0142by w\u0142ama\u0107 si\u0119 do swego domu. Dlatego i wy b\u0105d\u017acie gotowi, bo o godzinie, kt\u00f3rej si\u0119 nie domy\u015blacie, Syn Cz\u0142owieczy przyjdzie\u00bb.\n\n<\/p>\n\n\n\n<h1 class=\"wp-block-heading\"><strong><strong><strong><strong><strong><strong><strong>Szczeg\u00f3lna data<\/strong><\/strong><\/strong><\/strong><\/strong><\/strong><\/strong><\/h1>\n\n\n\n<p>Tegoroczny adwent rozpoczyna si\u0119 27 listopada. To szczeg\u00f3lna data zwi\u0105zana z Matk\u0105 Bo\u017c\u0105.<\/p>\n\n\n\n<p> Adres: Rue du Bac 140. Zwyk\u0142a uliczka w centrum miasta i niczym szczeg\u00f3lnym niewyr\u00f3\u017cniaj\u0105ca si\u0119 brama. Ta brama prowadz\u0105ca do klasztoru Si\u00f3str Wincentek (tak we Francji nazywa si\u0119 Siostry Mi\u0142osierdzia \u015bw. Wincentego a Paulo), stanowi filtr pomi\u0119dzy ha\u0142a\u015bliwymi dzielnicami turyst\u00f3w i biznesmen\u00f3w, a znajduj\u0105c\u0105 si\u0119 obok \u201eoaz\u0105 pokoju\u201d. To tu zaczyna si\u0119 inny \u015bwiat: w kt\u00f3rym panuje cisza, czas p\u0142ynie powoli. To za t\u0105 bram\u0105, w zakonnej kaplicy, <strong>27 listopada 1830 r., nieznanej nikomu nowicjuszce Katarzynie Labour\u00e9 ukazuje si\u0119 Matka Naj\u015bwi\u0119tsza.<\/strong> Ubrana w bia\u0142\u0105 sukni\u0119, okryta srebrzysto-b\u0142\u0119kitnym p\u0142aszczem i w welonie, stoi na kuli ziemskiej. Z Jej otwartych d\u0142oni, skierowanych ku ziemi, wychodz\u0105 promienie &#8211; symbol \u0142ask, jakie wyprasza ludziom. Wok\u00f3\u0142 Niepokalanej napis: \u201eO Maryjo, bez grzechu pocz\u0119ta, m\u00f3dl si\u0119 za nami, kt\u00f3rzy si\u0119 do Ciebie uciekamy\u201d. <strong>Postaraj si\u0119 o wybicie medalika wed\u0142ug tego wzoru<\/strong> &#8211; s. Katarzyna s\u0142yszy g\u0142os. &#8211; Wszyscy, kt\u00f3rzy go b\u0119d\u0105 nosili, dost\u0105pi\u0105 wielkich \u0142ask, szczeg\u00f3lnie je\u015bli go b\u0119d\u0105 nosili na szyi. Po chwili obraz z Matk\u0105 Bo\u017c\u0105 obraca si\u0119 i nowicjuszka dostrzega liter\u0119 \u201eM\u201d z wpisanym w ni\u0105 krzy\u017cem, a pod nimi serca Jezusa i Maryi. Tak rozpoczyna si\u0119 historia Cudownego Medalika, jednego z trzech &#8211; obok r\u00f3\u017ca\u0144ca i szkaplerza &#8211; sakramentali\u00f3w w dziejach Ko\u015bcio\u0142a, kt\u00f3ry otrzyma\u0142 bardzo wysok\u0105 aprobat\u0119: ustanowiono \u015bwi\u0119to<br>i nabo\u017ce\u0144stwo ku jego czci.<\/p>\n\n\n\n<p>Gdy o objawieniu dowiaduje si\u0119 arcybiskup Pary\u017ca &#8211; Ludwikowi de Quelen, okazuje przychylno\u015b\u0107 i w czerwcu 1832 r. zostaje wybitych pierwsze 1500 egzemplarzy Medalika. Rozdaje si\u0119 je, nie wspominaj\u0105c o objawieniach, by po owocach, jakie przyniesie, rozezna\u0107 prawdziwo\u015b\u0107 widzenia.<\/p>\n\n\n\n<p>Na cuda i \u0142aski nie trzeba by\u0142o d\u0142ugo czeka\u0107. Ju\u017c w tym samym roku o\u015bmioletnia Karolina Nenain z parafii Saint-Germain-l\u2019Auxerrois, odzyskuje zdrowie dzie\u0144 po tym, jak siostry daj\u0105 jej Medalik. Rok p\u00f3\u017aniej, 13 czerwca, wojskowy z Alen\u00e7on, znany \u201eateista i blu\u017anierca\u201d, kt\u00f3remu siostry wr\u0119czy\u0142y medalik, zaczyna si\u0119 modli\u0107. \u201eO smutek przyprawia mnie my\u015bl, \u017ce tak p\u00f3\u017ano pokocha\u0142em i nie kocha\u0142em wi\u0119cej\u201d &#8211; m\u00f3wi. W styczniu 1842 r. dochodzi do jednego z bardziej spektakularnych cud\u00f3w w historii Ko\u015bcio\u0142a. M\u0142ody, francuski \u017byd, Alfons Ratizbone, kt\u00f3remu wcze\u015bniej przyjaciel zak\u0142ada Medalik na szyi, wst\u0119puje na chwil\u0119 do \u015bwi\u0105tyni S. Andrea della Fratte w Rzymie. Widz\u0105c w bocznej kaplicy wizerunek pi\u0119knej Pani z Cudownego Wizerunku, kl\u0119ka. W tym momencie doznaje ol\u015bnienia i z ko\u015bcio\u0142a wychodzi nawr\u00f3cony. 31 maja 1842 r. w klasztorze Jezuit\u00f3w przyjmuje chrzest i przyst\u0119puje do Komunii \u015bw. Cztery dni p\u00f3\u017aniej jego nawr\u00f3cenie zostaje uznane dekretem papieskim za prawdziwe dzia\u0142anie Bo\u017ce za wstawiennictwem Naj\u015bwi\u0119tszej Maryi Panny.<\/p>\n\n\n\n<p>22 sierpnia 1845 r. <strong>John Henry Newman, anglika\u0144ski teolog, interesuj\u0105cy si\u0119 nauk\u0105 Ko\u015bcio\u0142a rzymskiego, zawiesza sobie Medalik na szyi. Dwa miesi\u0105ce p\u00f3\u017aniej przechodzi na katolicyzm.<\/strong><\/p>\n\n\n\n<p><strong>W 1919 r. Ojciec Maksymilian obiera medalik jako znak cz\u0142onk\u00f3w Milicji Niepokalanej<\/strong>. Oto jego \u015bwiadectwo:<\/p>\n\n\n\n<p><em>W tych dniach przysz\u0142a do mnie pewna pani i prosi, bym si\u0119 uda\u0142 do chorego, kt\u00f3ry&#8230; nie chce si\u0119 spowiada\u0107. By\u0142 ju\u017c u niego ksi\u0105dz H. I ten w\u0142a\u015bnie przys\u0142a\u0142 j\u0105 do mnie, bo zabiegi jego chybi\u0142y. &#8211; Czy odmawia on do Matki Naj\u015bwi\u0119tszej cho\u0107by jedno \u201eZdrowa\u015b Maryjo\u201d na dzie\u0144? &#8211; spyta\u0142em. &#8211; Proponowa\u0142am mu to, ale odpowiedzia\u0142, \u017ce w Matk\u0119 Bo\u017c\u0105 nie wierzy. &#8211; To prosz\u0119 mu zanie\u015b\u0107 ten medalik &#8211; rzek\u0142em, podaj\u0105c Cudowny Medalik. &#8211; Czy dla pani przyjmie on go i pozwoli sobie zawiesi\u0107 na szyi? &#8211; Dla mnie to zrobi. &#8211; Wi\u0119c dobrze, niech mu go pani zaniesie i modli si\u0119 za niego; ja za\u015b postaram si\u0119 tam zagl\u0105dn\u0105\u0107. I posz\u0142a&#8230;<\/em><\/p>\n\n\n\n<p><em>Tymczasem spotka\u0142em si\u0119 z ksi\u0119dzem H. &#8211; By\u0142em u chorego jako u mego znajomego &#8211; opowiada\u0142 mi on &#8211; ale nic si\u0119 zrobi\u0107 nie da\u0142o (&#8230;).<\/em><\/p>\n\n\n\n<p><em>Chory sobie nie \u017cyczy ksi\u0119dza i rodzice jego r\u00f3wnie\u017c, wi\u0119c po c\u00f3\u017c tam p\u00f3jd\u0119? &#8211; my\u015bla\u0142em sobie, ale mimo wszystko poszed\u0142em, chocia\u017c w g\u0142\u0119bi duszy nurtowa\u0142o zw\u0105tpienie, czy wycieczka si\u0119 uda. Jedyna nadzieja to medalik, kt\u00f3ry przecie\u017c chory ma ju\u017c na sobie. W drodze odmawia\u0142em R\u00f3\u017caniec. (&#8230;)<\/em><\/p>\n\n\n\n<p><em>Usiad\u0142em przy jego \u0142o\u017cu i nawi\u0105za\u0142em rozmow\u0119. Wypytywa\u0142em o stan zdrowia, a wkr\u00f3tce potem rozmowa przesz\u0142a na sprawy religijne. Chory wy\u0142uszcza\u0142 swoje w\u0105tpliwo\u015bci, a ja stara\u0142em si\u0119 mu je wyja\u015bni\u0107. Przy rozmowie zauwa\u017cy\u0142em na jego szyi niebieski sznureczek, w\u0142a\u015bnie ten, na kt\u00f3rym nawleczony by\u0142 medalik. Ma medalik &#8211; pomy\u015bla\u0142em &#8211; wi\u0119c sprawa wygrana. Nagle chory zwraca si\u0119 do mnie i m\u00f3wi: &#8211; Ksi\u0119\u017ce, mo\u017ce by przyst\u0105pi\u0107 do rzeczy? &#8211; Wi\u0119c pan si\u0119 chce wyspowiada\u0107? &#8211; zapyta\u0142em. W odpowiedzi rzewny p\u0142acz wstrz\u0105sn\u0105\u0142 jego wychud\u0142\u0105 piersi\u0105&#8230; to trwa\u0142o dobr\u0105 chwil\u0119&#8230; Gdy chory si\u0119 uspokoi\u0142, zacz\u0119\u0142a si\u0119 spowied\u017a. Po otrzymaniu Wiatyku i&#8230; Namaszczenia chory dla okazania wdzi\u0119czno\u015bci uj\u0105\u0142 mnie i poca\u0142owa\u0142. Mimo zara\u017aliwo\u015bci choroby, ch\u0119tnie da\u0142em mu ten poca\u0142unek pokoju. Cze\u015b\u0107 Niepokalanej za to zwyci\u0119stwo!!!<\/em><\/p>\n\n\n\n<p><\/p>\n\n\n\n<figure class=\"wp-block-image\"><a href=\"http:\/\/rafalk-elblag.pl\/wp-content\/uploads\/2021\/08\/ogloszenia-parafialne-baner-01a.jpg\"><img loading=\"lazy\" decoding=\"async\" width=\"720\" height=\"232\" src=\"http:\/\/rafalk-elblag.pl\/wp-content\/uploads\/2021\/08\/ogloszenia-parafialne-baner-01a.jpg\" alt=\"\" class=\"wp-image-4410\" srcset=\"https:\/\/rafalk-elblag.pl\/wp-content\/uploads\/2021\/08\/ogloszenia-parafialne-baner-01a.jpg 720w, https:\/\/rafalk-elblag.pl\/wp-content\/uploads\/2021\/08\/ogloszenia-parafialne-baner-01a-300x97.jpg 300w\" sizes=\"auto, (max-width: 720px) 100vw, 720px\" \/><\/a><\/figure>\n\n\n\n<h1 class=\"wp-block-heading\">Og\u0142oszenia parafialne 20.11.2022r<\/h1>\n\n\n\n<ol class=\"wp-block-list\"><li>Dzi\u015b rozpoczynamy <strong>OKRES ADWENTU<\/strong>, kt\u00f3ry jest pocz\u0105tkiem <strong>NOWEGO ROKU LITURGICZNEGO W KO\u015aCIELE.<\/strong><\/li><li><strong>Przed nami ostatnie trzy dni listopada, kiedy to w spos\u00f3b szczeg\u00f3lny modlimy si\u0119 za zmar\u0142ych. W naszym Ko\u015bciele codziennie o godz. 18:00 oprawiamy Msz\u0119 \u015awi\u0119t\u0105 zbiorow\u0105 <\/strong>a bezpo\u015brednio po Mszy \u015bw. s\u0105 WYPOMINKI po\u0142\u0105czone z Koronk\u0105 do Mi\u0142osierdzia Bo\u017cego.<em><strong> Pami\u0119tajmy: \u201e\u015awi\u0119t\u0105 i zbawienn\u0105 rzecz\u0105 jest modli\u0107 si\u0119 za \u017cywych i zmar\u0142ych.\u201dCzy to ju\u017c uczyni\u0142e\u015b?<\/strong><\/em><\/li><li>Dzisiaj na Mszy \u015bw. o godz. 8:00 zosta\u0142y po\u015bwi\u0119cone <strong>op\u0142atki na st\u00f3\u0142 wigilijny<\/strong>. Przy okazji informuj\u0119, \u017ce nikt w imieniu parafii nie roznosi op\u0142atk\u00f3w po domach. Op\u0142atki za dobrowoln\u0105 ofiar\u0119 mo\u017cna nabywa\u0107 w zakrystii i u os\u00f3b rozprowadzaj\u0105cych \u015aWIECE CARITASU.<\/li><li>W ramach og\u00f3lnopolskiej akcji <em><strong>\u201eWigilijne Dzie\u0142o Pomocy Dzieciom\u201d<\/strong><\/em> od przysz\u0142ej niedzieli tj. 4 grudnia Wolontariusze Caritas b\u0119d\u0105 rozprowadza\u0107 \u015bwiece na st\u00f3\u0142 wigilijny w cenie: ma\u0142e \u015bwiece \u2013 10 z\u0142. oraz du\u017ce \u015bwiece \u2013 20 z\u0142.<\/li><li><strong>Wszystkich Parafian doros\u0142ych zapraszamy na MSZE \u015aW. RORATNIE ku czci Matki Bo\u017cej o godz. 6:30. M\u0142odzie\u017c wraz z kandydatami do Sakramentu Bierzmowania zapraszamy w pi\u0105tki o godz. 6:30. Dla<\/strong> <strong>dzieci Msze RORATNIE odprawiane b\u0119d\u0105 we wtorki i czwartki o godz. 6:30<\/strong>. <strong>Prosimy, by dzieci przychodzi\u0142y z opiekunami i przynosi\u0142y ze sob\u0105 LAMPIONY.<\/strong><\/li><\/ol>\n\n\n\n<ol class=\"wp-block-list\" start=\"6\"><li>W tym tygodniu przypada pierwszy czwartek, pi\u0105tek i sobota miesi\u0105ca:<\/li><\/ol>\n\n\n\n<ul class=\"wp-block-list\"><li><strong>I czwartek miesi\u0105ca (1 XII)<\/strong> \u2013 zapraszamy na Msz\u0119 \u015bw. o godz. 18:00, a po niej na Adoracj\u0119 Naj\u015bwi\u0119tszego Sakramentu tj. na \u201eGODZIN\u0118 \u015aWI\u0118T\u0104\u201d. Zapraszamy wszystkie osoby modl\u0105ce si\u0119 za kap\u0142an\u00f3w do wsp\u00f3lnej modlitwy.<\/li><li><strong>I pi\u0105tek miesi\u0105ca<\/strong> <strong>(2 XII)<\/strong> zapraszamy do spowiedzi dzieci z klas IV w tygodniu, wed\u0142ug ustalonego porz\u0105dku tj.: poniedzia\u0142ek od godz. 17:30 klasa IVA, wtorek od godz. 17:30 klasa IVB, \u015broda od godz. 17:30 klasa IVC, czwartek od godz. 17:30 klasa IVD i w pi\u0105tek od godz. 16:00 pozosta\u0142e dzieci z innych klas. <strong>Msza \u015bw. dla wszystkich dzieci w I pi\u0105tek tj. 2 grudnia o godz. 16:30. <\/strong><em>Natomiast <\/em><em>spowied\u017a dla doros\u0142ych i m\u0142odzie\u017cy od godz. 17:30. Msza \u015bw. Wotywna o godz. 18:00.<\/em><\/li><li><strong>I sobota miesi\u0105ca (3 XII) <\/strong>zapraszamy wszystkich czcicieli Matki Bo\u017cej na nabo\u017ce\u0144stwo po\u0142\u0105czone z&nbsp;Adoracj\u0105 Naj\u015bwi\u0119tszego Sakramentu od godz. 17:00.<\/li><\/ul>\n\n\n\n<ol class=\"wp-block-list\" start=\"7\"><li>W pierwszy pi\u0105tek miesi\u0105ca <strong>(3 XII) <\/strong>kap\u0142ani udadz\u0105 si\u0119 do chorych od godz. 9:30.<\/li><li>Dzisiaj wolontariusze Caritas zbieraj\u0105 przed ko\u015bcio\u0142em ofiary dla najubo\u017cszych i potrzebuj\u0105cych z naszej parafii. Parafialny Oddzia\u0142 Caritas naszej parafii znajduje si\u0119 przy ul. Myliusa 1A i jest czynny w I i III czwartek miesi\u0105ca od 16:00 do 17:00.<\/li><li><strong>REKOLEKCJE ADWENTOWE<\/strong> w naszej parafii odb\u0119d\u0105 si\u0119 w dniach: 4,5,6,7 grudnia. W tym roku rekolekcje poprowadzi <strong>ks. \u0141ukasz BOCIEK z Radomia.<\/strong> <em><u>Zaplanujmy dobrze swoje obowi\u0105zki domowe, by wzi\u0105\u0107 udzia\u0142 w duchowym przygotowaniu do \u015bwi\u0105t Narodzenia Pa\u0144skiego.<\/u><\/em><\/li><li>Za tydzie\u0144 sk\u0142adane ofiary na tac\u0119 przeznaczone b\u0119d\u0105 na sp\u0142at\u0119 wykonanych balasek i balustrad w naszym ko\u015bciele. <em>B\u00f3g zap\u0142a\u0107 za sk\u0142adane ofiary<strong>.<\/strong><\/em><\/li><li>Zach\u0119camy do nabywania nowego numeru \u201eGo\u015bcia Niedzielnego\u201d w cenie 8 z\u0142 <strong>z dodatkiem<\/strong> <strong>\u201eGo\u015b\u0107 Elbl\u0105ski<\/strong>.<\/li><li>Wszystkim Jubilatom i Solenizantom tego tygodnia \u017cyczymy wielu \u0142ask Bo\u017cych i opieki Matki Bo\u017cej Szkaplerznej.<\/li><li>W tym tygodniu odeszli do wieczno\u015bci: <br><strong>\u2020 \u015bp. Jan STEMPA <\/strong>lat 74 z ul. Korczaka<br><strong>\u2020 \u015bp. Zbigniew ZAPA\u015aNIK<\/strong> lat 71 z ul. Korczaka<br><em>Wieczny odpoczynek racz im da\u0107 Panie\u2026<\/em><\/li><\/ol>\n\n\n\n<p><\/p>\n\n\n\n<p><\/p>\n\n\n\n<figure class=\"wp-block-image\"><img decoding=\"async\" src=\"http:\/\/rafalk-elblag.pl\/wp-content\/uploads\/2020\/04\/baner-intencje-mszy.jpg\" alt=\"\"\/><\/figure>\n\n\n\n<h1 class=\"wp-block-heading\">Intencje mszalne 20.11.2022r<\/h1>\n\n\n\n<p><br><\/p>\n\n\n\n<p><strong>PONIEDZIA\u0141EK \/ 28 listopada 2022r.<\/strong><br>6.30 \u015bp. Franciszek Songin<br>18.00 Dzi\u0119kczynna w 100 rocznic\u0119 urodzin \u0141ucji z pro\u015bb\u0105 o Bo\u017ce b\u0142. i opiek\u0119 Matki Bo\u017cej dla Jubilatki<br>18.00 Msza \u015bw. zbiorowa za zmar\u0142ych<br><\/p>\n\n\n\n<p><strong>WTOREK \/ 29 listopada 2022r.<\/strong><br>6.30 Dzi\u0119kczynna za dar rodzicielstwa dla Anny i Krzysztofa i ich narodzonego dziecka, z pro\u015bb\u0105 o Bo\u017ce b\u0142. i opiek\u0119 Matki Bo\u017cej<br>18.00 rezerwacja<br>18.00 Msza \u015bw. zbiorowa za zmar\u0142ych<br><\/p>\n\n\n\n<p><strong>\u015aRODA \/ 30 listopada 2022r.<br>\u015bw. Andrzeja<\/strong><br>6.30 \u015bp. Stanis\u0142aw D\u017cugan, intencja od kuzyn\u00f3w z Bieszczad<br>18.00 \u015bp. J\u00f3zef Kawiatosz w 9 rocznic\u0119 \u015bmierci<br>18.00 Msza \u015bw. zbiorowa za zmar\u0142ych<br><\/p>\n\n\n\n<p><strong>CZWARTEK \/ 1 grudnia 2022r.<\/strong><br>6.30 \u015bp. Czes\u0142awa [k] Kierzkowska (1 greg.)<br>18.00 O Bo\u017ce b\u0142. dla Wsp\u00f3lnoty Przemienienie<br>18.00 W intencji powo\u0142a\u0144<br><\/p>\n\n\n\n<p><strong>PI\u0104TEK \/ 2 grudnia 2022r.<\/strong><br>6.30 \u015bp. Czes\u0142awa [k] Kierzkowska (2 greg.)<br>16.30 W intencji czcicieli Naj\u015bwi\u0119tszego Serca Pana Jezusa<br>18.00 \u015bp. Jan i Janina Ostrowscy, Julian Hochtletrer i zmarli rodzice Jan i Cecylia<br><\/p>\n\n\n\n<p><strong>SOBOTA \/ 3 grudnia 2022r.<br>\u015bw. Franciszka Ksawerego<\/strong><br>6.30 \u015bp. Czes\u0142awa [k] Kierzkowska (3 greg.)<br>18.00 \u015bp. El\u017cbieta Grudzi\u0144ska (30 dzie\u0144 po pogrzebie)<br>18.00 rezerwacja<br><\/p>\n\n\n\n<p><strong>II NIEDZIELA ADWENTU<br>4 grudnia 2022 r.<\/strong><br>8.00 O do\u015bwiadczenie Bo\u017cej mi\u0142o\u015bci dla Karliny [k] i Sebastania<br>10.00 \u015bp. Ksawera Korwek<br>10.00 \u015bp. Czes\u0142awa [k] Kierzkowska (4 greg.)<br>12.00 W intencji Parafian<br>12.00 Dzi\u0119kczynna w 40 urodziny Tomasza i Joanny, z pro\u015bb\u0105 o Bo\u017ce b\u0142., potrzebne \u0142aski oraz o \u017cyw\u0105 wiar\u0119 dla ca\u0142ej rodziny<br>15.00 rezerwacja<br>18.00 Dzi\u0119kczynna w 70 rocznic\u0119 urodzin Wies\u0142awy, z pro\u015bb\u0105 o Bo\u017ce b\u0142., opiek\u0119 Matki Bo\u017cej i zdrowie oraz o Bo\u017ce b\u0142. dla ca\u0142ej rodziny<\/p>\n","protected":false},"excerpt":{"rendered":"<p>Ewangelia (Mt 24, 37-44) Potrzeba czujno\u015bci w oczekiwaniu na przyj\u015bcie Chrystusa S\u0142owa Ewangelii wed\u0142ug \u015awi\u0119tego Mateusza Jezus powiedzia\u0142 do swoich uczni\u00f3w: \u00abJak by\u0142o za dni Noego, tak b\u0119dzie z przyj\u015bciem Syna Cz\u0142owieczego. Albowiem jak w czasie przed potopem jedli i pili, \u017cenili si\u0119 i za m\u0105\u017c wydawali a\u017c do dnia, kiedy Noe wszed\u0142 do arki, [&hellip;]<\/p>\n","protected":false},"author":1,"featured_media":4863,"comment_status":"closed","ping_status":"closed","sticky":false,"template":"","format":"standard","meta":{"ngg_post_thumbnail":0,"footnotes":""},"categories":[11,8,4,3],"tags":[],"class_list":["post-4862","post","type-post","status-publish","format-standard","has-post-thumbnail","hentry","category-aktualnosci","category-blog","category-intencje","category-ogloszenia"],"_links":{"self":[{"href":"https:\/\/rafalk-elblag.pl\/index.php?rest_route=\/wp\/v2\/posts\/4862","targetHints":{"allow":["GET"]}}],"collection":[{"href":"https:\/\/rafalk-elblag.pl\/index.php?rest_route=\/wp\/v2\/posts"}],"about":[{"href":"https:\/\/rafalk-elblag.pl\/index.php?rest_route=\/wp\/v2\/types\/post"}],"author":[{"embeddable":true,"href":"https:\/\/rafalk-elblag.pl\/index.php?rest_route=\/wp\/v2\/users\/1"}],"replies":[{"embeddable":true,"href":"https:\/\/rafalk-elblag.pl\/index.php?rest_route=%2Fwp%2Fv2%2Fcomments&post=4862"}],"version-history":[{"count":2,"href":"https:\/\/rafalk-elblag.pl\/index.php?rest_route=\/wp\/v2\/posts\/4862\/revisions"}],"predecessor-version":[{"id":4865,"href":"https:\/\/rafalk-elblag.pl\/index.php?rest_route=\/wp\/v2\/posts\/4862\/revisions\/4865"}],"wp:featuredmedia":[{"embeddable":true,"href":"https:\/\/rafalk-elblag.pl\/index.php?rest_route=\/wp\/v2\/media\/4863"}],"wp:attachment":[{"href":"https:\/\/rafalk-elblag.pl\/index.php?rest_route=%2Fwp%2Fv2%2Fmedia&parent=4862"}],"wp:term":[{"taxonomy":"category","embeddable":true,"href":"https:\/\/rafalk-elblag.pl\/index.php?rest_route=%2Fwp%2Fv2%2Fcategories&post=4862"},{"taxonomy":"post_tag","embeddable":true,"href":"https:\/\/rafalk-elblag.pl\/index.php?rest_route=%2Fwp%2Fv2%2Ftags&post=4862"}],"curies":[{"name":"wp","href":"https:\/\/api.w.org\/{rel}","templated":true}]}}