{"id":4854,"date":"2022-11-20T07:39:00","date_gmt":"2022-11-20T07:39:00","guid":{"rendered":"http:\/\/rafalk-elblag.pl\/?p=4854"},"modified":"2022-11-22T07:48:03","modified_gmt":"2022-11-22T07:48:03","slug":"ogloszenia-20-11-2022-uroczystosc-jezusa-chrystusa-krola-wszechswiata","status":"publish","type":"post","link":"https:\/\/rafalk-elblag.pl\/?p=4854","title":{"rendered":"Og\u0142oszenia 20.11.2022, Uroczysto\u015b\u0107 Jezusa Chrystusa Kr\u00f3la Wszech\u015bwiata"},"content":{"rendered":"\n<figure class=\"wp-block-embed is-type-video is-provider-youtube wp-block-embed-youtube wp-embed-aspect-16-9 wp-has-aspect-ratio\"><div class=\"wp-block-embed__wrapper\">\n<iframe loading=\"lazy\" title=\"w\u0142adza, kasa, kr\u00f3lowanie\" width=\"900\" height=\"506\" src=\"https:\/\/www.youtube.com\/embed\/m70dzcZoDYw?feature=oembed\" frameborder=\"0\" allow=\"accelerometer; autoplay; clipboard-write; encrypted-media; gyroscope; picture-in-picture\" allowfullscreen><\/iframe>\n<\/div><\/figure>\n\n\n\n<h1 class=\"wp-block-heading\">Ewangelia (\u0141k 23, 35-43)\nJezu, wspomnij na mnie, gdy przyjdziesz do swego kr\u00f3lestwa\n<\/h1>\n\n\n\n<p> S\u0142owa Ewangelii wed\u0142ug \u015awi\u0119tego \u0141ukasza <\/p>\n\n\n\n<p>\nGdy ukrzy\u017cowano Jezusa, lud sta\u0142 i patrzy\u0142. A cz\u0142onkowie Sanhedrynu szydzili: \u00abInnych wybawia\u0142, niech\u017ce teraz siebie wybawi, je\u015bli jest Mesjaszem, Bo\u017cym Wybra\u0144cem\u00bb.\n\nSzydzili z Niego i \u017co\u0142nierze; podchodzili do Niego i podawali Mu ocet, m\u00f3wi\u0105c: \u00abJe\u015bli Ty jeste\u015b Kr\u00f3lem \u017cydowskim, wybaw sam siebie\u00bb.\n\nBy\u0142 tak\u017ce nad Nim napis w j\u0119zyku greckim, \u0142aci\u0144skim i hebrajskim: \u00abTo jest Kr\u00f3l \u017cydowski\u00bb.\n\nJeden ze z\u0142oczy\u0144c\u00f3w, kt\u00f3rych tam powieszono, ur\u0105ga\u0142 Mu: \u00abCzy\u017c Ty nie jeste\u015b Mesjaszem? Wybaw wi\u0119c siebie i nas\u00bb.\n\nLecz drugi, karc\u0105c go, rzek\u0142: \u00abTy nawet Boga si\u0119 nie boisz, chocia\u017c t\u0119 sam\u0105 kar\u0119 ponosisz? My przecie\u017c \u2013 sprawiedliwie, odbieramy bowiem s\u0142uszn\u0105 kar\u0119 za nasze uczynki, ale On nic z\u0142ego nie uczyni\u0142\u00bb.\n\nI doda\u0142: \u00abJezu, wspomnij na mnie, gdy przyjdziesz do swego kr\u00f3lestwa\u00bb.\n\nJezus mu odpowiedzia\u0142: \u00abZaprawd\u0119, powiadam ci: Dzi\u015b b\u0119dziesz ze Mn\u0105 w raju\u00bb.\n<\/p>\n\n\n\n<h1 class=\"wp-block-heading\"><strong><strong><strong><strong><strong><strong>Patron parafii<\/strong><\/strong><\/strong><\/strong><\/strong><\/strong><\/h1>\n\n\n\n<p>J\u00f3zef \u2013 bo takie imi\u0119 otrzyma\u0142 na chrzcie \u2013 <strong>Kalinowski pochodzi\u0142 ze szlacheckiej rodziny herbu Kalinowa. Przyszed\u0142 na \u015bwiat 1 wrze\u015bnia 1835 r. w Wilnie.<\/strong> W wieku o\u015bmiu lat rozpocz\u0105\u0142 edukacj\u0119 w Instytucie Szlacheckim. Za namow\u0105 ojca wst\u0105pi\u0142 do Instytutu Agronomicznego w Hory Horkach. Nied\u0142ugo jednak wytrwa\u0142 w zg\u0142\u0119bianiu wiedzy agronomicznej, <strong>fascynowa\u0142 go bowiem rozw\u00f3j techniki<\/strong> i to bynajmniej nie rolniczej. Prosi\u0142 ojca o zgod\u0119 na zmian\u0119 uczelni. Zapisa\u0142 si\u0119 do dzia\u0142aj\u0105cej w stolicy Rosji wojskowej Miko\u0142ajewskiej Akademii In\u017cynierskiej. Niestety, okres petersburskich studi\u00f3w to tak\u017ce pocz\u0105tek os\u0142abienia religijno\u015bci Kalinowskiego. W tym czasie przesta\u0142 przyst\u0119powa\u0107 do sakrament\u00f3w, w rzadkich chwilach przyp\u0142ywu uczu\u0107 religijnych chodzi\u0142 na Msze \u015bw. By\u0142 raczej zamkni\u0119ty w sobie, \u017cy\u0142 nieco na marginesie spo\u0142eczno\u015bci, kt\u00f3ra go otacza\u0142a. Mimo kilku lat sp\u0119dzonych w centrum kultury rosyjskiej, a zarazem metropolii \u015bwiatowej, jak\u0105 niew\u0105tpliwie by\u0142 Petersburg, nadal czu\u0142 si\u0119 obco w \u015brodowisku prawos\u0142awnym. Po uzyskaniu stopnia oficerskiego pozosta\u0142 na uczelni jako adiunkt na wydziale matematyki. Szybko jednak znudzi\u0142o go to zaj\u0119cie. Mia\u0142 do\u015b\u0107 Petersburga. Zaanga\u017cowa\u0142 si\u0119 w prac\u0119 przy tyczeniu nowej linii kolejowej Kursk Kij\u00f3w Odessa.<\/p>\n\n\n\n<p>\u017bycie na g\u0142\u0119bokiej prowincji sprzyja\u0142o rozmy\u015blaniom. Po pracy wiele czyta\u0142. <strong>Szczeg\u00f3lnie ch\u0119tnie zag\u0142\u0119bia\u0142 si\u0119 w lektur\u0119 Wyzna\u0144 \u015bw. Augustyna.<\/strong> Wielkie wra\u017cenie zrobi\u0142 na nim otrzymany w prezencie ma\u0142y modlitewnik. Rozbudza\u0142 w nim potrzeb\u0119 rozmowy z Bogiem. Jeszcze jednak nie nadszed\u0142 czas powrotu syna marnotrawnego\u2026 Na razie poprosi\u0142 o przeniesienie do kraju. W 1860 r. zosta\u0142 przydzielony do garnizonu twierdzy w Brze\u015bciu nad Bugiem.<\/p>\n\n\n\n<p>22 stycznia 1863 r. w kraju wybuch\u0142o powstanie. Wiadomo\u015b\u0107 ta przygn\u0119bi\u0142a Kalinowskiego, kt\u00f3ry zdawa\u0142 sobie spraw\u0119 z pot\u0119gi militarnej Rosji. Zaanga\u017cowa\u0142 si\u0119 w prace powsta\u0144czych w\u0142adz cywilnych na Litwie. Po upadku powstania powr\u00f3ci\u0142 do Wilna, gdzie 24 marca 1864 r. zosta\u0142 aresztowany i osadzony w wi\u0119zieniu. W wyniku procesu skazano go na kar\u0119 \u015bmierci. Wskutek interwencji krewnych i przyjaci\u00f3\u0142, a tak\u017ce z obawy, \u017ce po \u015bmierci Polacy mog\u0105 uwa\u017ca\u0107 J\u00f3zefa Kalinowskiego za m\u0119czennika i \u015bwi\u0119tego, w\u0142adze carskie zamieni\u0142y mu wyrok na dziesi\u0119cioletni\u0105 katorg\u0119 na Syberii. Pobyt w Usolu, a potem w Irkucku nie by\u0142 dla przysz\u0142ego o. Rafa\u0142a czasem straconym. To tam przysz\u0142y \u015bwi\u0119ty wzrasta\u0142 duchowo, a w ko\u0144cu podj\u0105\u0142 decyzj\u0119, \u017ce po powrocie z zes\u0142ania wst\u0105pi do klasztoru.&nbsp;<\/p>\n\n\n\n<p>Wreszcie w 1873 r. dzi\u0119ki zabiegom Kalinowskiego oraz jego rodziny uda\u0142o mu si\u0119 uzyska\u0107 najpierw zgod\u0119 w\u0142adz na kilkumiesi\u0119czny urlop w kraju, a potem zwolnienie z odbycia reszty kary. Teraz tylko jedna rzecz wstrzymywa\u0142a Kalinowskiego od przest\u0105pienia furty klasztornej \u2013 pragn\u0105\u0142 sp\u0142aci\u0107 d\u0142ugi, jakie rodzina zaci\u0105gn\u0119\u0142a na wsparcie finansowe dla niego oraz zabiegi o zwolnienie z katorgi. Okazja do tego nadarzy\u0142a si\u0119 doskona\u0142a \u2013 otrzyma\u0142 propozycj\u0119 obj\u0119cia posady opiekuna ksi\u0119cia Augusta, syna przyw\u00f3dcy obozu konserwatywnego na emigracji W\u0142adys\u0142awa Czartoryskiego. Kilka lat pracy Kalinowskiego z wychowankiem by\u0142o bardzo owocne. Wystarczy wspomnie\u0107, \u017ce ksi\u0105\u017c\u0119 wst\u0105pi\u0142 p\u00f3\u017aniej do salezjan\u00f3w, a po przedwczesnej \u015bmierci (by\u0142 bardzo w\u0105t\u0142ego zdrowia) dost\u0105pi\u0142 chwa\u0142y Niebios.<\/p>\n\n\n\n<p>Jeszcze zanim przysz\u0142y o. Rafa\u0142 opu\u015bci\u0142 posad\u0119 u Czartoryskich, rozegra\u0142a si\u0119 swoista walka o jego osob\u0119. Os\u0142abiony polityk\u0105 zaborc\u00f3w polski Karmel m\u0119ski by\u0142 w stanie upadku. Ostatni klasztor na ziemiach polskich w podkrakowskiej Czernej dogorywa\u0142. Brakowa\u0142o powo\u0142a\u0144. Gdy zaniepokojone sytuacj\u0105 krakowskie karmelitanki dowiedzia\u0142y si\u0119 o osobie<br>i zaletach J\u00f3zefa Kalinowskiego oraz jego postanowieniu wst\u0105pienia do klasztoru, w pozyskaniu jego osoby z\u0142o\u017cy\u0142y nadziej\u0119 na odtworzenie polskiej prowincji karmelit\u00f3w bosych. Karmelitanki rozpocz\u0119\u0142y szturm modlitewny do Nieba. Swoj\u0105 modlitw\u0119 \u0142\u0105czy\u0142y z postem w tej intencji. Si\u0142a modlitwy jest wielka \u2013 ostatecznie J\u00f3zef Kalinowski wybra\u0142 Karmel.<\/p>\n\n\n\n<p><strong>Odwiecznym zwyczajem zakonnym przyj\u0105\u0142 nowe imi\u0119 \u2013 Rafa\u0142 od \u015bw. J\u00f3zefa.<\/strong> Po przej\u015bciu formacji karmelita\u0144skiej oraz zdobyciu wykszta\u0142cenia teologicznego na W\u0119grzech, brat Kalinowski w 1881 r. z\u0142o\u017cy\u0142 \u015bluby wieczyste, po czym przyjecha\u0142 do Czernej. Tu otrzyma\u0142 \u015bwi\u0119cenia kap\u0142a\u0144skie. Z pomoc\u0105 zakonnik\u00f3w przyby\u0142ych z innych prowincji oraz polskich karmelit\u00f3w trzewiczkowych rozpocz\u0105\u0142 prac\u0119 nad odbudow\u0105 klasztoru czernie\u0144skiego, a potem prowincji polskiej zakonu. Okaza\u0142o si\u0119, \u017ce karmelitanki mia\u0142y dobr\u0105 intuicj\u0119 \u2013 o. Rafa\u0142 sta\u0142 si\u0119 g\u0142\u00f3wnym motorem odbudowy. <strong>Wielokrotnie pe\u0142ni\u0142 wa\u017cne funkcje w strukturach hierarchicznych prowincji polskiej.<\/strong> Najpierw jako przeor w Czernej reformowa\u0142 tamtejsz\u0105 wsp\u00f3lnot\u0119. Jako wizytator i spowiednik krakowskich karmelitanek podnosi\u0142 oba tamtejsze klasztory na wy\u017cszy poziom. Czyni\u0142 zabiegi o za\u0142o\u017cenia nowych klasztor\u00f3w ga\u0142\u0119zi \u017ce\u0144skiej w Przemy\u015blu i Lwowie. Jego staraniom zawdzi\u0119czaj\u0105 swe powstanie i rozw\u00f3j tak\u017ce klasztory m\u0119skie w Wadowicach i Krakowie. S\u0142awa wybitnego przewodnika \u017cycia duchowego jaka szybko otoczy\u0142a Kalinowskiego, spowodowa\u0142a, \u017ce cz\u0119sto otrzymywa\u0142 zaproszenia od w\u0142adz r\u00f3\u017cnych wsp\u00f3lnot zakonnych do przeprowadzenia spowiedzi. Do krat jego konfesjona\u0142u cisn\u0119li si\u0119 tak\u017ce katolicy \u015bwieccy. Codziennie ca\u0142e godziny o. Rafa\u0142 po\u015bwi\u0119ca\u0142 na s\u0142uchanie spowiedzi.<\/p>\n\n\n\n<p>Ci\u0119\u017cka praca prze\u0142o\u017conego i duszpasterza wyczerpywa\u0142a si\u0142y \u015bwi\u0119tego zakonnika. Zmar\u0142 15 listopada 1907 r. w Wadowicach, gdzie pe\u0142ni\u0142 funkcj\u0119 przeora. Jego doczesne szcz\u0105tki z\u0142o\u017cono na terenie klasztoru w Czernej.<\/p>\n\n\n\n<p><\/p>\n\n\n\n<figure class=\"wp-block-image\"><a href=\"http:\/\/rafalk-elblag.pl\/wp-content\/uploads\/2021\/08\/ogloszenia-parafialne-baner-01a.jpg\"><img loading=\"lazy\" decoding=\"async\" width=\"720\" height=\"232\" src=\"http:\/\/rafalk-elblag.pl\/wp-content\/uploads\/2021\/08\/ogloszenia-parafialne-baner-01a.jpg\" alt=\"\" class=\"wp-image-4410\" srcset=\"https:\/\/rafalk-elblag.pl\/wp-content\/uploads\/2021\/08\/ogloszenia-parafialne-baner-01a.jpg 720w, https:\/\/rafalk-elblag.pl\/wp-content\/uploads\/2021\/08\/ogloszenia-parafialne-baner-01a-300x97.jpg 300w\" sizes=\"auto, (max-width: 720px) 100vw, 720px\" \/><\/a><\/figure>\n\n\n\n<h1 class=\"wp-block-heading\">Og\u0142oszenia parafialne 20.11.2022r<\/h1>\n\n\n\n<ol class=\"wp-block-list\" type=\"1\"><li><strong>Prze\u017cywamy dzisiaj Uroczysto\u015b\u0107 Chrystusa Kr\u00f3la Wszech\u015bwiata a zarazem UROCZYSTO\u015a\u0106 KU CZCI \u015aW. RAFA\u0141A KALINOWSKIEGO patrona naszej parafii. Witamy w naszej wsp\u00f3lnocie ks. Edwarda Rysztowskiego \u2013 Kierownika Katolickiego Ruchu Antynarkotycznego KARAN Oddzia\u0142 w Elbl\u0105gu, kt\u00f3ry w dniu dzisiejszym g\u0142osi S\u0142owo Bo\u017ce.<em> Zapraszam do skorzystania z \u0142aski odpustu. Pami\u0119taj to r\u00f3wnie\u017c imieniny ca\u0142ej wsp\u00f3lnoty parafialnej.<\/em><u> <em>Niech \u015bw. Rafa\u0142 Kalinowski wyprasza nam wszelkie potrzebne \u0142aski, umacnia wiar\u0119\u00a0 i dodaje si\u0142 w codziennych zmaganiach.<\/em><\/u><\/strong><\/li><li>W listopadzie w spos\u00f3b szczeg\u00f3lny pochylamy si\u0119 nad mogi\u0142ami, w kt\u00f3rych spoczywaj\u0105 nasi bliscy. Najg\u0142\u0119bszym wyrazem naszej mi\u0142o\u015bci jest nasza modlitwa za nich. Dlatego zapraszamy do wsp\u00f3lnej modlitwy za zmar\u0142ych codziennie o godz. 18:00 na Mszy \u015bw. Zbiorowej<br>a bezpo\u015brednio po na WYPOMINKI po\u0142\u0105czone z Koronk\u0105 do Mi\u0142osierdzia Bo\u017cego.<strong><em> Pami\u0119tajmy: \u201e\u015awi\u0119t\u0105 i zbawienn\u0105 rzecz\u0105 jest modli\u0107 si\u0119 za \u017cywych i zmar\u0142ych.\u201d<\/em> <em>Czy to ju\u017c uczyni\u0142e\u015b?<\/em><\/strong><\/li><li>Panu Piotrowi naszemu Organi\u015bcie, pani Cecylii Wi\u015bniewskiej, Scholce Parafialnej oraz Zespo\u0142owi M\u0142odzie\u017cowemu \u017cycz\u0119, by \u015bw. Cecylia &#8211; patronka muzyki ko\u015bcielnej wyprasza\u0142a potrzebne \u0142aski do dalszego pos\u0142ugiwania swym \u015bpiewem i muzyk\u0105 na Bo\u017c\u0105 chwa\u0142\u0119.<\/li><li>Wszystkich chc\u0105cych pog\u0142\u0119bi\u0107 swoj\u0105 wiedz\u0119 i relacj\u0119 z Bogiem poprzez Pismo \u015awi\u0119te, zapraszamy na <strong>spotkanie Kr\u0119gu Biblijnego<\/strong> wyj\u0105tkowo w \u015brod\u0119 30 listopada o godz. 19:00 kt\u00f3re odb\u0119dzie w salce na plebanii.<\/li><li><strong>ZAPRASZAM DO WSP\u00d3LNEGO WYJ\u015aCIA DO MULTIKINA <\/strong>w<strong> <\/strong>Elbl\u0105gu \u2013 Ogrody,<strong> dniu 22 listopada br.(wtorek): godz. 19:30 na film \u201ePROROK\u201d.<\/strong><br>Film opowiada histori\u0119 kardyna\u0142a Stefana Wyszy\u0144skiego (w tej roli S\u0142awomir Grzymkowski) \u2013 Prymasa Polski i przyw\u00f3dcy duchowego, kt\u00f3ry przez lata inwigilowany, pertraktowa\u0142 z w\u0142adzami komunistycznymi, by chroni\u0107 prawa Ko\u015bcio\u0142a i narodu. Z ponad 30-letniej historii inwigilacji i represji wobec Prymasa Tysi\u0105clecia, do fabu\u0142y wybrali\u015bmy okres 14 lat, od roku 1956 do 1970. W tym czasie kardyna\u0142 Wyszy\u0144ski staje przed niezwykle trudnym zadaniem przeprowadzenia narodu przez zmasowane PRL-owskie ataki na Ko\u015bci\u00f3\u0142<strong>. Film ukazuje \u017cycie Prymasa oraz kulisy akcji w\u0142adz komunistycznych, kt\u00f3re chcia\u0142y zniszczy\u0107 Ko\u015bci\u00f3\u0142, jego duchowego przyw\u00f3dc\u0119 i doprowadzi\u0107 do ateizacji Polski.<\/strong> <br><strong><em>Cena biletu 13 z\u0142. wp\u0142acamy przy wej\u015bciu do sali kinowej.<\/em><\/strong><\/li><li>W poniedzia\u0142ek 21 listopada po wieczornej Mszy \u015bw. zapraszamy na adoracj\u0119 Naj\u015bwi\u0119tszego Sakramentu prowadzon\u0105 przez wsp\u00f3lnot\u0119 Odnowy w Duchu \u015awi\u0119tym.<\/li><li>W ostatni\u0105 niedziel\u0119 listopada wolontariusze Caritas b\u0119d\u0105 zbiera\u0107 przed ko\u015bcio\u0142em ofiary dla najubo\u017cszych i potrzebuj\u0105cych z naszej parafii.\u00a0 Parafialny Oddzia\u0142 Caritas naszej parafii znajduje si\u0119 przy ul. Myliusa 1A i jest czynny w I i III czwartek miesi\u0105ca od 16.00 do 17.00.<\/li><li>Wszystkim Jubilatom i Solenizantom tego tygodnia \u017cyczymy wielu \u0142ask Bo\u017cych i opieki Matki Bo\u017cej Szkaplerznej.<\/li><li>Pan powo\u0142a\u0142 do wieczno\u015bci: <br><strong>\u2020 \u015bp. Stanis\u0142awa(m)<\/strong> D\u017bUGAN lat 67 z ul. K\u0142oczowskiego <br><em>Wieczny odpoczynek racz mu da\u0107 Panie\u2026<\/em><\/li><\/ol>\n\n\n\n<p><\/p>\n\n\n\n<p><\/p>\n\n\n\n<figure class=\"wp-block-image\"><img decoding=\"async\" src=\"http:\/\/rafalk-elblag.pl\/wp-content\/uploads\/2020\/04\/baner-intencje-mszy.jpg\" alt=\"\"\/><\/figure>\n\n\n\n<h1 class=\"wp-block-heading\">Intencje mszalne 20.11.2022r<\/h1>\n\n\n\n<p><br><\/p>\n\n\n\n<p><strong>PONIEDZIA\u0141EK \/ 21 listopada 2022r.<\/strong><br>Wspomnienia Ofiarowania NMP<br>8.00 Dzi\u0119kczynna w 18 rodziny syna Zbigniewa, z pro\u015bb\u0105 o \u015bwi\u0119to\u015b\u0107 \u017cycia<br>18.00 \u2020 Tadeusz CIE\u015aLI\u0143SKI (27 rocznica \u015bmierci); Stanis\u0142awa, Krystyna, J\u00f3zef CIE\u015aLI\u0143SCY<br>18.00 \u2020 Msza \u015bw. zbiorowa za zmar\u0142ych<br><br><strong>WTOREK \/ 22 listopada 2022r.<\/strong><br>\u015bw. Cecylii<br>8.00 \u2020 Cecylia, J\u00f3zef CHMIEL<br>18.00 \u2020 Cecylia i W\u0142adys\u0142aw LEWANDOWSCY, Jan PRZERADZKI i zmarli z rodziny FIJA\u0141KOWSKICH<br>18.00 \u2020 Msza \u015bw. zbiorowa za zmar\u0142ych<br><br><strong>\u015aRODA \/ 23 listopada 2022r.<\/strong><br>8.00 \u2020 Marian PIWNIKIEWICZ (intencja od \u017cony i dzieci)<br>18.00 \u2020 Kazimierz POLASIK (intencja od R\u00f3\u017cy \u015bw. Jana Paw\u0142a II)<br>18.00 \u2020 Msza \u015bw. zbiorowa za zmar\u0142ych<br><\/p>\n\n\n\n<p><strong>CZWARTEK \/ 24 listopada 2022r.<\/strong><br>\u015bw. Andrzeja Dung-Lac i Towarzyszy<br>8.00 \u2020 Aniela, Eugeniusz, Ewa, Piotr, Janina, W\u0142adys\u0142aw CIESIELSCY; Teresa, TO\u0141UWI\u0143SKA; Jadwiga i Zdzis\u0142aw BUJNOWSCY<br>18.00 \u2020 Stanis\u0142aw SUSZY\u0143SKI (miesi\u0105c po pogrzebie)<br>18.00 \u2020 Msza \u015bw. zbiorowa za zmar\u0142ych<br><\/p>\n\n\n\n<p><strong>PI\u0104TEK \/ 25 listopada 2022r.<\/strong><br>8.00 \u2020 Adam \u017bUKOWSKI, W\u0142adys\u0142aw i Zofia NAZAREK i zmarli z tych rodzin<br>8.00 \u2020 Stefan \u015aWIDER (w 6 rocznic\u0119 \u015bmierci)<br>18.00 \u2020 Msza \u015bw. zbiorowa za zmar\u0142ych<br><\/p>\n\n\n\n<p><strong>SOBOTA \/ 26 listopada 2022r.<\/strong><br>8.00 O Bo\u017ce b\u0142. i opiek\u0119 Matki Bo\u017cej dla Elizy z okazji 3 urodzin<br>18.00 \u2020 Robert, Jadwiga i Kazimierz<br>18.00 \u2020 Msza \u015bw. zbiorowa za zmar\u0142ych<br><\/p>\n\n\n\n<p><strong>I NIEDZIELA ADWENTU<\/strong><br>27 listopada 2022 r.<br>8.00 \u2020 Antoni K\u0118PI\u0143SKI (w 30 rocznic\u0119 \u015bmierci) oraz Stanis\u0142awa K\u0118PI\u0143SKA<br>10.00 \u2020 Wincenty WI\u015aNIEWSKI (w 35 rocznic\u0119 \u015bmierci), Helena WI\u015aNIEWSKA (w 28 rocznic\u0119 \u015bmierci)<br>12.00 W intencji Parafian<br>12.00 Dzi\u0119kczynna w 45 rocznic\u0119 \u015blubu Krystyny i Edwarda BUKOJEMSKICH z pro\u015bb\u0105 o Bo\u017ce b\u0142. i opiek\u0119 Matki Bo\u017cej<br>15.00 \u2020 Izydor BINKOWSKI w rocznic\u0119 \u015bmierci i zmarli z rodziny BINKOWSKICH<br>18.00 \u2020 Msza \u015bw. zbiorowa za zmar\u0142ych<\/p>\n","protected":false},"excerpt":{"rendered":"<p>Ewangelia (\u0141k 23, 35-43) Jezu, wspomnij na mnie, gdy przyjdziesz do swego kr\u00f3lestwa S\u0142owa Ewangelii wed\u0142ug \u015awi\u0119tego \u0141ukasza Gdy ukrzy\u017cowano Jezusa, lud sta\u0142 i patrzy\u0142. A cz\u0142onkowie Sanhedrynu szydzili: \u00abInnych wybawia\u0142, niech\u017ce teraz siebie wybawi, je\u015bli jest Mesjaszem, Bo\u017cym Wybra\u0144cem\u00bb. Szydzili z Niego i \u017co\u0142nierze; podchodzili do Niego i podawali Mu ocet, m\u00f3wi\u0105c: \u00abJe\u015bli Ty [&hellip;]<\/p>\n","protected":false},"author":1,"featured_media":4857,"comment_status":"closed","ping_status":"closed","sticky":false,"template":"","format":"standard","meta":{"ngg_post_thumbnail":0,"footnotes":""},"categories":[11,8,4,3],"tags":[],"class_list":["post-4854","post","type-post","status-publish","format-standard","has-post-thumbnail","hentry","category-aktualnosci","category-blog","category-intencje","category-ogloszenia"],"_links":{"self":[{"href":"https:\/\/rafalk-elblag.pl\/index.php?rest_route=\/wp\/v2\/posts\/4854","targetHints":{"allow":["GET"]}}],"collection":[{"href":"https:\/\/rafalk-elblag.pl\/index.php?rest_route=\/wp\/v2\/posts"}],"about":[{"href":"https:\/\/rafalk-elblag.pl\/index.php?rest_route=\/wp\/v2\/types\/post"}],"author":[{"embeddable":true,"href":"https:\/\/rafalk-elblag.pl\/index.php?rest_route=\/wp\/v2\/users\/1"}],"replies":[{"embeddable":true,"href":"https:\/\/rafalk-elblag.pl\/index.php?rest_route=%2Fwp%2Fv2%2Fcomments&post=4854"}],"version-history":[{"count":2,"href":"https:\/\/rafalk-elblag.pl\/index.php?rest_route=\/wp\/v2\/posts\/4854\/revisions"}],"predecessor-version":[{"id":4858,"href":"https:\/\/rafalk-elblag.pl\/index.php?rest_route=\/wp\/v2\/posts\/4854\/revisions\/4858"}],"wp:featuredmedia":[{"embeddable":true,"href":"https:\/\/rafalk-elblag.pl\/index.php?rest_route=\/wp\/v2\/media\/4857"}],"wp:attachment":[{"href":"https:\/\/rafalk-elblag.pl\/index.php?rest_route=%2Fwp%2Fv2%2Fmedia&parent=4854"}],"wp:term":[{"taxonomy":"category","embeddable":true,"href":"https:\/\/rafalk-elblag.pl\/index.php?rest_route=%2Fwp%2Fv2%2Fcategories&post=4854"},{"taxonomy":"post_tag","embeddable":true,"href":"https:\/\/rafalk-elblag.pl\/index.php?rest_route=%2Fwp%2Fv2%2Ftags&post=4854"}],"curies":[{"name":"wp","href":"https:\/\/api.w.org\/{rel}","templated":true}]}}