{"id":4851,"date":"2022-11-13T09:43:00","date_gmt":"2022-11-13T09:43:00","guid":{"rendered":"http:\/\/rafalk-elblag.pl\/?p=4851"},"modified":"2022-11-22T07:48:44","modified_gmt":"2022-11-22T07:48:44","slug":"ogloszenia-13-11-2022-xxxiii-niedziela-zwykla","status":"publish","type":"post","link":"https:\/\/rafalk-elblag.pl\/?p=4851","title":{"rendered":"Og\u0142oszenia 13.11.2022, XXXIII Niedziela Zwyk\u0142a"},"content":{"rendered":"\n<figure class=\"wp-block-embed is-type-video is-provider-youtube wp-block-embed-youtube wp-embed-aspect-16-9 wp-has-aspect-ratio\"><div class=\"wp-block-embed__wrapper\">\n<iframe loading=\"lazy\" title=\"PROROCTWO | o.J. Bashobora - wywiad | \u017bycie w pe\u0142ni czyli nadzieja w Jezusie | Biblia - Ksi\u0119ga \u017bycia\" width=\"900\" height=\"506\" src=\"https:\/\/www.youtube.com\/embed\/ZNucxwBJ4kU?feature=oembed\" frameborder=\"0\" allow=\"accelerometer; autoplay; clipboard-write; encrypted-media; gyroscope; picture-in-picture\" allowfullscreen><\/iframe>\n<\/div><\/figure>\n\n\n\n<h1 class=\"wp-block-heading\">Ewangelia (\u0141k 21, 5-19)\nJezus zapowiada prze\u015bladowania swoich wyznawc\u00f3w\n<\/h1>\n\n\n\n<p> S\u0142owa Ewangelii wed\u0142ug \u015awi\u0119tego \u0141ukasza <\/p>\n\n\n\n<p><strong> Gdy niekt\u00f3rzy m\u00f3wili o \u015bwi\u0105tyni, \u017ce jest przyozdobiona pi\u0119knymi kamieniami i darami, Jezus powiedzia\u0142: \u00abPrzyjdzie czas, kiedy z tego, na co patrzycie, nie zostanie kamie\u0144 na kamieniu, kt\u00f3ry by nie by\u0142 zwalony\u00bb. Zapytali Go: \u00abNauczycielu, kiedy to nast\u0105pi? I jaki b\u0119dzie znak, gdy to si\u0119 dzia\u0107 zacznie?\u00bb <\/strong><\/p>\n\n\n\n<p>Jezus odpowiedzia\u0142: \u00abStrze\u017ccie si\u0119, \u017ceby was nie zwiedziono. Wielu bowiem przyjdzie pod moim imieniem i b\u0119d\u0105 m\u00f3wi\u0107: \u201eTo ja jestem\u201d oraz: \u201eNadszed\u0142 czas\u201d. Nie pod\u0105\u017cajcie za nimi! I nie trw\u00f3\u017ccie si\u0119, gdy pos\u0142yszycie o wojnach i przewrotach. To najpierw \u201emusi si\u0119 sta\u0107\u201d, ale nie zaraz nast\u0105pi koniec\u00bb. Wtedy m\u00f3wi\u0142 do nich: \u00ab\u201ePowstanie nar\u00f3d przeciw narodowi\u201d i kr\u00f3lestwo przeciw kr\u00f3lestwu. <\/p>\n\n\n\n<p>Wyst\u0105pi\u0105 silne trz\u0119sienia ziemi, a miejscami g\u0142\u00f3d i zaraza; uka\u017c\u0105 si\u0119 straszne zjawiska i wielkie znaki na niebie. Lecz przed tym wszystkim podnios\u0105 na was r\u0119ce i b\u0119d\u0105 was prze\u015bladowa\u0107. Wydadz\u0105 was do synagog i do wi\u0119zie\u0144 oraz z powodu mojego imienia wlec was b\u0119d\u0105 przed kr\u00f3l\u00f3w i namiestnik\u00f3w. B\u0119dzie to dla was sposobno\u015b\u0107 do sk\u0142adania \u015bwiadectwa. Postan\u00f3wcie sobie w sercu nie obmy\u015bla\u0107 naprz\u00f3d swej obrony.<\/p>\n\n\n\n<p> Ja bowiem dam wam wymow\u0119 i m\u0105dro\u015b\u0107, kt\u00f3rej \u017caden z waszych prze\u015bladowc\u00f3w nie b\u0119dzie m\u00f3g\u0142 si\u0119 oprze\u0107 ani sprzeciwi\u0107. A wydawa\u0107 was b\u0119d\u0105 nawet rodzice i bracia, krewni i przyjaciele i niekt\u00f3rych z was o \u015bmier\u0107 przyprawi\u0105. I z powodu mojego imienia b\u0119dziecie w nienawi\u015bci u wszystkich. Ale w\u0142os z g\u0142owy wam nie spadnie. Przez swoj\u0105 wytrwa\u0142o\u015b\u0107 ocalicie wasze \u017cycie\u00bb. <\/p>\n\n\n\n<h1 class=\"wp-block-heading\"><strong><strong><strong><strong><strong>S\u0142owa \u015bwi\u0119tych o czy\u015b\u0107cu<\/strong><\/strong><\/strong><\/strong><\/strong><\/h1>\n\n\n\n<p>Koncepcja czy\u015b\u0107ca jest obecna w nauczaniu Ko\u015bcio\u0142a Katolickiego w zasadzie od samego pocz\u0105tku. Ojcowie Ko\u015bcio\u0142a nie mieli co do istnienia czy\u015b\u0107ca w\u0105tpliwo\u015bci i po\u015bwi\u0119cili mu sporo miejsca w swoich dzie\u0142ach. \u015aw. Klemens Aleksandryjski przyjmuje mo\u017cliwo\u015b\u0107 odpuszczenia grzech\u00f3w po \u015bmierci, pisz\u0105c: <em>\u201eCo wi\u0119cej, lituje si\u0119 na tymi, kt\u00f3rzy po \u015bmierci podlegaj\u0105 wychowaniu i dopiero przez kar\u0119 zmuszeni s\u0105 do wyznania grzech\u00f3w\u201d<\/em>. R\u00f3wnie\u017c \u015bw. Grzegorz Wielki, w wypowiedzi na temat dwunastego rozdzia\u0142u Ewangelii wg \u015bw. Mateusza stwierdza: <em>\u201e<\/em><em>Co do pewnych win lekkich trzeba wierzy\u0107, \u017ce jeszcze przed s\u0105dem istnieje ogie\u0144 oczyszczaj\u0105cy, wed\u0142ug s\u0142\u00f3w Tego, kt\u00f3ry jest prawd\u0105\u201d<\/em>.<\/p>\n\n\n\n<p>O czy\u015b\u0107cu wspomina r\u00f3wnie\u017c w dziele&nbsp;<em>O Pa\u0144stwie Bo\u017cym&nbsp;<\/em>\u015bw. Augustyn<br>z Hippony: <strong><em>\u201eNiekt\u00f3rzy bowiem to, czego im nie odpuszczono w tym \u017cyciu, b\u0119d\u0105 mieli odpuszczone w \u017cyciu przysz\u0142ym\u201d<\/em><\/strong>, kt\u00f3rego matka \u2013 \u015bw. Monika \u2013 mia\u0142a na \u0142o\u017cu \u015bmierci wypowiedzie\u0107 nast\u0119puj\u0105ce s\u0142owa:&nbsp;<em>\u201eTo niewa\u017cne, gdzie z\u0142o\u017cycie moje&nbsp;cia\u0142o. Zupe\u0142nie si\u0119 o to nie martwcie! Tylko o jedno was prosz\u0119, <\/em><em>\u017ceby\u015bcie \u2014<\/em><em> gdziekolwiek b\u0119dziecie \u2014 <\/em><em>wspominali&nbsp;mnie przed o\u0142tarzem Pa\u0144skim<\/em><em>\u201d<\/em> (<em>Wyznania<\/em>, IX, 11-13). Nauka o czy\u015b\u0107cu nieobca by\u0142a r\u00f3wnie\u017c Ojcom Ko\u015bcio\u0142a Wschodniego, co potwierdzaj\u0105 m.in. fragmenty zachowanych pism \u015bw. Eustracjusza, \u015bw. Efrema Syryjskiego czy \u015bw. Jana Chryzostoma (<em>\u201e<\/em><strong><em>Je\u015bli synowie Hioba zostali oczyszczeni przez ofiar\u0119 ich ojca, dlaczego mieliby\u015bmy w\u0105tpi\u0107, \u017ce nasze ofiary za zmar\u0142ych przynosz\u0105 im jak\u0105\u015b pociech\u0119? Nie wahajmy si\u0119 nie\u015b\u0107 pomocy tym, kt\u00f3rzy odeszli, i ofiarujmy za nich nasze modlitwy<\/em><\/strong><em>\u201d<\/em>).<\/p>\n\n\n\n<p>\u015aw. Tomasz z Akwinu w&nbsp;<em>Summie Teologicznej<\/em>&nbsp;po\u015bwi\u0119ci\u0142 ca\u0142y rozdzia\u0142 tej tematyce. Udowadnia w niej \u017ce czy\u015bciec istnieje, a otrzymywana w nim kara jest kar\u0105 wynikaj\u0105c\u0105 ze sprawiedliwo\u015bci bo\u017cej i skutecznym przeb\u0142aganiem za grzechy powszednie. \u015aw. Tomasza zaproszono do udzia\u0142u w obradach II Soboru Lyo\u0144skiego (1274 r.), ten jednak nie dotar\u0142 na miejsce, gdy\u017c w drodze zachorowa\u0142 i zmar\u0142. Jego pogl\u0105dy zosta\u0142y jednak potwierdzone w orzeczeniu soborowym na temat<br><br><br>czy\u015b\u0107ca:&nbsp;\u201eJe\u015bliby prawdziwie pokutuj\u0105cy zako\u0144czyli \u017cycie w mi\u0142o\u015bci [Boga] jeszcze przed godnym zado\u015b\u0107uczynieniem czynami pokutnymi za pope\u0142nione grzechy<br>i zaniedbania, w\u00f3wczas ich dusze [\u2026] zostaj\u0105 po \u015bmierci oczyszczone karami czy\u015b\u0107cowymi, czyli ekspiacyjnymi. Do z\u0142agodzenia tego rodzaju kar dopomaga wstawiennictwo wiernych \u017cyj\u0105cych, a mianowicie ofiary Mszy \u015bw., modlitwy, ja\u0142mu\u017cny i inne akty pobo\u017cno\u015bci, kt\u00f3re zgodnie z postanowieniami Ko\u015bcio\u0142a jedni wierni zwykli ofiarowa\u0107 za innych wiernych\u201d.<\/p>\n\n\n\n<p>\u015aw. Katarzyna ze Sieny, obdarzona stygmatami na znak jej ca\u0142kowitego zjednoczenia z Ukrzy\u017cowanym, przekazuje to, co us\u0142ysza\u0142a od Jezusa na temat czy\u015b\u0107ca: \u201e<em><strong>Kiedy przyjrzysz si\u0119 czy\u015b\u0107cowi, dostrze\u017cesz tam moj\u0105 s\u0142odk\u0105 i niezmierzon\u0105 Opatrzno\u015b\u0107 wobec mizernych dusz, kt\u00f3re straci\u0142y czas i teraz, oddzielone od cia\u0142a, nie maj\u0105 ju\u017c czasu, by zdoby\u0107 zas\u0142ugi<\/strong><\/em>&#8222;.<\/p>\n\n\n\n<p>Czy\u015bcie\u0107 opisa\u0142a tak\u017ce \u015bw. Faustyna Kowalska. W jej Dzienniczku mo\u017cemy przeczyta\u0107: <em><strong>Ujrza\u0142am Anio\u0142a Bo\u017cego, kt\u00f3ry mi kaza\u0142 p\u00f3j\u015b\u0107 za sob\u0105.&nbsp; W&nbsp;jednej chwili znalaz\u0142am si\u0119 w miejscu mglistym, nape\u0142nionym ogniem, a nim ca\u0142e mn\u00f3stwo dusz cierpi\u0105cych. M\u00f3j&nbsp;Anio\u0142 Str\u00f3\u017c nie odst\u0119powa\u0142 mnie ani na&nbsp;chwil\u0119. I&nbsp;zapyta\u0142am si\u0119 tych dusz, jakie ich jest najwi\u0119ksze cierpienie? I&nbsp;odpowiedzia\u0142y mi jednoznacznie, \u017ce&nbsp;najwi\u0119kszym dla nich cierpieniem, to&nbsp;jest t\u0119sknota za Bogiem. Widzia\u0142am Matk\u0119 Bo\u017c\u0105 odwiedzaj\u0105c\u0105 dusze w czy\u015b\u0107cu. Dusze nazywaj\u0105 Maryj\u0119 \u201eGwiazd\u0105 Morza\u201d. Ona im przynosi och\u0142od\u0119. Chcia\u0142am wi\u0119cej z&nbsp;nimi porozmawia\u0107, ale m\u00f3j Anio\u0142 Str\u00f3\u017c da\u0142 mi znak do wyj\u015bcia. Wyszli\u015bmy za drzwi tego wi\u0119zienia cierpi\u0105cego. Us\u0142ysza\u0142am g\u0142os wewn\u0119trzny, kt\u00f3ry powiedzia\u0142: Mi\u0142osierdzie Moje nie chce tego, ale&nbsp;sprawiedliwo\u015b\u0107 ka\u017ce.<\/strong><\/em><\/p>\n\n\n\n<p>B\u00f3g chce nas w niebie. Dlatego czy\u015bciec w rzeczywisto\u015bci nie jest kar\u0105 dla ludzkiej duszy, ale ostatni\u0105 szans\u0105 na jej oczyszczenie z rdzy grzechu, by mog\u0142a wej\u015b\u0107 do chwa\u0142y nieba; jest dost\u0105pieniem mi\u0142osierdzia. Dusze czy\u015b\u0107cowe naprawd\u0119 pragn\u0105 doskona\u0142ego oczyszczenia. One ju\u017c wiedz\u0105, kim jest B\u00f3g. I wiedz\u0105, \u017ce grzech naprawd\u0119 obra\u017ca Boga i naprawd\u0119 czyni cz\u0142owieka ca\u0142kowicie niegodnym spotkania z Nim. Doskonale uj\u0105\u0142 to s\u0142uga Bo\u017cy abp Fulton J. Sheen: \u201e<em><strong>Im bardziej cz\u0142owiek zbli\u017ca si\u0119 do Boga, tym bardziej czuje si\u0119 niegodny. Obraz w \u015bwietle \u015bwiecy zdradza mniej defekt\u00f3w, ni\u017c gdy ogl\u0105dany jest w blasku s\u0142o\u0144ca; podobnie dusze nieco oddalone od Boga s\u0105 bardziej przekonane o swojej moralnej prawo\u015bci ni\u017c te, kt\u00f3re znajduj\u0105 si\u0119 blisko Niego. Ci, kt\u00f3rzy porzucili blaski oraz splendory \u015bwiata i od lat \u017cyli w blasku Jego oblicza, pierwsi gotowi s\u0105 wyzna\u0107, jak bardzo przyt\u0142acza ich ci\u0119\u017car ich w\u0142asnych grzech\u00f3w<\/strong><\/em>\u201d. \u015aw. Jan Pawe\u0142&nbsp;II w bulli zapocz\u0105tkowuj\u0105cej Jubileusz \u015awi\u0119tego Roku Odkupienia w 1983&nbsp;r. zatem t\u0142umaczy\u0142: \u201e<em><strong>Trzeba odkry\u0107 poczucie grzechu, a \u017ceby to osi\u0105gn\u0105\u0107, trzeba odkry\u0107 poczucie Boga!<\/strong><\/em>\u201d<\/p>\n\n\n\n<p>Ko\u015bci\u00f3\u0142 uzna\u0142 na Soborze Trydenckim i powt\u00f3rzy\u0142 na II Soborze Watyka\u0144skim, \u017ce mo\u017cemy skutecznie pomaga\u0107 duszom w czy\u015b\u0107cu poprzez Msz\u0119 \u015bw. \u2013 to dla nich najwi\u0119ksza pociecha. \u015aw. Robert Bellarmin publicznie naucza\u0142, \u017ce ten, kto wstawia si\u0119 za duszami czy\u015b\u0107cowymi i czyni dla nich dobro, robi w ten spos\u00f3b wi\u0119cej, ni\u017c gdyby z\u0142o\u017cy\u0142 najwi\u0119kszy datek na rzecz ubogiego jeszcze \u017cyj\u0105cego na tym \u015bwiecie. Czy mo\u017cna to sobie wyobrazi\u0107? Mo\u017cna zlekcewa\u017cy\u0107? Nasza modlitwa ma tak\u0105 moc, \u017ce przynosi ulg\u0119 duszom cierpi\u0105cym w czy\u015b\u0107cu.<\/p>\n\n\n\n<p><\/p>\n\n\n\n<figure class=\"wp-block-image\"><a href=\"http:\/\/rafalk-elblag.pl\/wp-content\/uploads\/2021\/08\/ogloszenia-parafialne-baner-01a.jpg\"><img loading=\"lazy\" decoding=\"async\" width=\"720\" height=\"232\" src=\"http:\/\/rafalk-elblag.pl\/wp-content\/uploads\/2021\/08\/ogloszenia-parafialne-baner-01a.jpg\" alt=\"\" class=\"wp-image-4410\" srcset=\"https:\/\/rafalk-elblag.pl\/wp-content\/uploads\/2021\/08\/ogloszenia-parafialne-baner-01a.jpg 720w, https:\/\/rafalk-elblag.pl\/wp-content\/uploads\/2021\/08\/ogloszenia-parafialne-baner-01a-300x97.jpg 300w\" sizes=\"auto, (max-width: 720px) 100vw, 720px\" \/><\/a><\/figure>\n\n\n\n<h1 class=\"wp-block-heading\">Og\u0142oszenia parafialne 13.11.2022r<\/h1>\n\n\n\n<ol class=\"wp-block-list\"><li>W naszej parafii trwa Nowenna do \u015bw. Rafa\u0142a Kalinowskiego, przygotowuj\u0105ca duchowo do<strong> ODPUSTU PARAFIALNEGO<\/strong><strong>.<\/strong> <em><u>Nowenn\u0119 odmawiamy na zako\u0144czenie Mszy \u015bw.<\/u><\/em><\/li><li><strong>Dzisiaj diakon Krzysztof Lewandowski<\/strong> rozprowadza przed ko\u015bcio\u0142em, kalendarze \u015bcienne na rok <strong>2023<\/strong> za dobrowoln\u0105 ofiar\u0119. <em>Nabywaj\u0105c kalendarz wspieramy Wy\u017csze Seminarium Duchowne w Elbl\u0105gu. Dzi\u0119kujemy za zrozumienie.<\/em><\/li><li><strong>W listopadzie w spos\u00f3b szczeg\u00f3lny pochylamy si\u0119 nad mogi\u0142ami, w kt\u00f3rych spoczywaj\u0105 nasi bliscy. Najg\u0142\u0119bszym wyrazem naszej mi\u0142o\u015bci jest nasza modlitwa za nich. Dlatego zapraszamy do wsp\u00f3lnej modlitwy za zmar\u0142ych codziennie o godz. 18:00 na Mszy \u015bw. Zbiorowej a bezpo\u015brednio po na WYPOMINKI po\u0142\u0105czone z Koronk\u0105 do Mi\u0142osierdzia Bo\u017cego.<\/strong><\/li><li><strong>Rodzic\u00f3w dzieci klas III Szko\u0142y Podstawowej<\/strong> przygotowuj\u0105cych si\u0119 do I Spowiedzi i Komunii \u015bw. zapraszam jutro (14 listopada) na comiesi\u0119czne spotkanie do ko\u015bcio\u0142a na godz. 19:00. <em>Obecno\u015b\u0107 obowi\u0105zkowa.<\/em><\/li><li>Dzieci wraz z rodzicami lub opiekunami zapraszamy na modlitw\u0119 za zmar\u0142ych 15 listopada (wtorek) na godz. 16:30.<\/li><li><strong>W TYM TYGODNIU WA\u017bNE WYDARZENIA:<\/strong><\/li><\/ol>\n\n\n\n<ul class=\"wp-block-list\"><li><strong>w \u015brod\u0119 16 listopada<\/strong> dzie\u0144 spotkania <strong>RODZINY SZKAPLERZNEJ<\/strong>.<\/li><\/ul>\n\n\n\n<p>Serdecznie zapraszamy na Msz\u0119 \u015bw. o godz. 18:00 oraz po Mszy \u015bw. na WYPOMINKI po\u0142\u0105czone z Koronk\u0105 do Bo\u017cego Mi\u0142osierdzia, zako\u0144czon\u0105 NOWENN\u0104 I APELEM MARYJNYM.<\/p>\n\n\n\n<ul class=\"wp-block-list\"><li><strong>w czwartek 17 listopada<\/strong> przypada czwarta rocznica <strong>KONSEKRACJI NASZEGO KO\u015aCIO\u0141A.<\/strong> W powy\u017csz\u0105 Uroczysto\u015b\u0107 w ko\u015bciele b\u0119d\u0105 zapalone ZACHEUSZKI tj. \u015bwieczki na \u015bcianach symbolizuj\u0105ce miejsca namaszczenia olejem \u015bwi\u0119tym mur\u00f3w naszego Ko\u015bcio\u0142a.<\/li><\/ul>\n\n\n\n<p><em>Zapraszamy w tym dniu na Msze \u015bw. o godz. 8:00 oraz o godz. 18:00.<\/em><\/p>\n\n\n\n<ul class=\"wp-block-list\"><li><strong>w pi\u0105tek 18 listopada<\/strong> wspomnienie b\u0142. Karoliny K\u00f3zk\u00f3wny \u2013 dziewicy i m\u0119czennicy Zapraszamy w tym dniu m\u0142odzie\u017c na spotkanie o godz. 18:00 w ko\u015bciele.<\/li><li><strong>w sobot\u0119 19 listopada<\/strong> obchodzimy <strong>PARAFIALNY DZIE\u0143 OBRONY \u017bYCIA.<\/strong> W tym dniu na Mszy \u015bw. o godz. 18:00 b\u0119dzie mo\u017cliwo\u015b\u0107 podj\u0119cia Duchowej Adopcji Dziecka Pocz\u0119tego, zagro\u017conego ABORCJ\u0104. <em>Zapraszamy wszystkie osoby, pragn\u0105ce w\u0142\u0105czy\u0107 w OBRON\u0118 \u017bYCIA poprzez modlitw\u0119.<\/em><\/li><\/ul>\n\n\n\n<p><em><u><strong>Przy Biuletynie znajdziemy kartki do wype\u0142nienia w celu podj\u0119cia tego dzie\u0142a.<\/strong><\/u><\/em><\/p>\n\n\n\n<ol class=\"wp-block-list\" start=\"7\"><li><strong>UROCZYSTO\u015aCI KU CZCI \u015aW. RAFA\u0141A KALINOWSKIEGO obchodzi\u0107 b\u0119dziemy w niedziel\u0119 &#8211; 20 listopada. UROCZYSTA MSZA \u015aW. sprawowana b\u0119dzie o godz.: 12:00 (z udzia\u0142em ksi\u0119\u017cy z Dekanatu) <\/strong><em><strong>Serdecznie zapraszamy do skorzystania z \u0142aski odpustu parafialnego.<\/strong><\/em><em><strong> To r\u00f3wnie\u017c Twoje imieniny &#8211; nie mo\u017ce Ci\u0119 zabrakn\u0105\u0107.<\/strong><\/em><em><u><strong>Niech \u015bw. Rafa\u0142 Kalinowski wyprasza nam wszelkie potrzebne \u0142aski, umacnia wiar\u0119 i dodaje si\u0142<br>w codziennych zmaganiach.<\/strong><\/u><\/em><\/li><li>Zach\u0119cam w tym tygodniu do korzystania z<strong> Sakramentu Spowiedzi \u015awi\u0119tej codziennie od godz. 7:45 oraz od godz. 17:30.<\/strong><\/li><\/ol>\n\n\n\n<p><\/p>\n\n\n\n<p><\/p>\n\n\n\n<figure class=\"wp-block-image\"><img decoding=\"async\" src=\"http:\/\/rafalk-elblag.pl\/wp-content\/uploads\/2020\/04\/baner-intencje-mszy.jpg\" alt=\"\"\/><\/figure>\n\n\n\n<h1 class=\"wp-block-heading\">Intencje mszalne 13.11.2022r<\/h1>\n\n\n\n<p><br><\/p>\n\n\n\n<p><strong>PONIEDZIA\u0141EK \/ 14 listopada 2022r.<\/strong><br>8.00 O Bo\u017ce b\u0142., wszelkie potrzebne \u0142aski od Boga i nieustanna opiek\u0119 Matki Bo\u017cej dla Rados\u0142awa z okazji urodzin<br>18.00 \u2020 Wanda JAB\u0141O\u0143SKA w 2 rocznic\u0119 \u015bmierci, Boles\u0142aw JAB\u0141O\u0143SKI w 27 rocznic\u0119 \u015bmierci<br>18.00 \u2020 Msza \u015bw. zbiorowa za zmar\u0142ych<\/p>\n\n\n\n<p><strong>WTOREK \/ 15 listopada 2022r.<\/strong><br>8.00 \u2020 Roman i dusze w czy\u015b\u0107cu cierpi\u0105ce<br>18.00 \u2020 W\u0142adys\u0142awa [k], W\u0142adys\u0142aw, Jerzy KLIMUK, Albin WIERZCHUCKI<br>18.00 \u2020 Msza \u015bw. zbiorowa za zmar\u0142ych<\/p>\n\n\n\n<p><strong>\u015aRODA \/ 16 listopada 2022r.<\/strong><br>8.00 \u2020 Stefania Leokadia SAKOWSKA w 3 rocznic\u0119 \u015bmierci<br>18.00 W intencji Bractwa Szkaplerznego i os\u00f3b, kt\u00f3re przyjm\u0105 szkaplerz<br>18.00 \u2020 Msza \u015bw. zbiorowa za zmar\u0142ych<\/p>\n\n\n\n<p><strong>CZWARTEK \/ 17 listopada 2022r.<\/strong><br>Rocznica po\u015bwi\u0119cenia ko\u015bcio\u0142a<br>8.00 \u2020 Florentyna KR\u00d3L, Sabina KOROTKIEWICZ<br>18.00 \u2020 Jolanta KO\u015aCI\u0143SKA w 6 rocznic\u0119 \u015bmierci, Anna RZEPKA, El\u017cbieta GRUDZI\u0143SKA<br>18.00 \u2020 Msza \u015bw. zbiorowa za zmar\u0142ych<\/p>\n\n\n\n<p><strong>PI\u0104TEK \/ 18 listopada 2022r.<\/strong><br>b\u0142. Karoliny K\u00f3zk\u00f3wny<br>8.00 \u2020 Kazimierz POLASIK w 1 rocznic\u0119 \u015bmierci<br>8.00 W dniu imienin Karoliny z pro\u015bb\u0105 o \u017cyw\u0105 wiar\u0119<br>18.00 \u2020 Helena NIEWI\u0143SKA (miesi\u0105c po \u015bmierci)<br>18.00 \u2020 Msza \u015bw. zbiorowa za zmar\u0142ych<\/p>\n\n\n\n<p><strong>SOBOTA \/ 19 listopada 2022r.<\/strong><br>8.00 \u2020 Leszek w 9 rocznic\u0119 \u015bmierci<br>18.00 Dzi\u0119kczynna z Danut\u0119 i Jerzego ROGALSKICH w 50 rocznic\u0119 \u015blubu, z pro\u015bb\u0105 o Bo\u017ce b\u0142., wszelkie potrzebne \u0142aski i opiek\u0119 Matki Bo\u017cej<br>18.00 \u2020 Msza \u015bw. zbiorowa za zmar\u0142ych<\/p>\n\n\n\n<p><strong>UROCZYSTO\u015a\u0106 JEZUSA CHRYSTUSA KT\u00d3LRA WSZECH\u015aWIATA \/<br>\u015aW. RAFA\u0141A KALINOWSKIEGO<br>20 listopada 2022 r.<\/strong><br>8.00 \u2020 Andrzej JAWORSKI w 10 rocznic\u0119 \u015bmierci i zmarli z rodziny JAWORSKICH, STAN\u00d3W oraz za babcie i dziadk\u00f3w z obojga stron<br>10.00 Dzi\u0119kczynna z okazji urodzin Patryka z pro\u015bb\u0105 o potrzebne \u0142aski wiary, nadziei i mi\u0142o\u015bci oraz opiek\u0119 Matki Bo\u017cej Szkaplerznej<br>12.00 W intencji Parafian<br>15.00 \u2020 Zdzis\u0142aw BOROWSKI w 6 rocznic\u0119 \u015bmierci, Stanis\u0142aw HUMELT w 12 rocznic\u0119 \u015bmierci i zmarli<br>z rodziny<br>18.00 \u2020 Msza \u015bw. zbiorowa za zmar\u0142ych<\/p>\n","protected":false},"excerpt":{"rendered":"<p>Ewangelia (\u0141k 21, 5-19) Jezus zapowiada prze\u015bladowania swoich wyznawc\u00f3w S\u0142owa Ewangelii wed\u0142ug \u015awi\u0119tego \u0141ukasza Gdy niekt\u00f3rzy m\u00f3wili o \u015bwi\u0105tyni, \u017ce jest przyozdobiona pi\u0119knymi kamieniami i darami, Jezus powiedzia\u0142: \u00abPrzyjdzie czas, kiedy z tego, na co patrzycie, nie zostanie kamie\u0144 na kamieniu, kt\u00f3ry by nie by\u0142 zwalony\u00bb. Zapytali Go: \u00abNauczycielu, kiedy to nast\u0105pi? I jaki b\u0119dzie [&hellip;]<\/p>\n","protected":false},"author":1,"featured_media":4852,"comment_status":"closed","ping_status":"closed","sticky":false,"template":"","format":"standard","meta":{"ngg_post_thumbnail":0,"footnotes":""},"categories":[11,8,4,3],"tags":[],"class_list":["post-4851","post","type-post","status-publish","format-standard","has-post-thumbnail","hentry","category-aktualnosci","category-blog","category-intencje","category-ogloszenia"],"_links":{"self":[{"href":"https:\/\/rafalk-elblag.pl\/index.php?rest_route=\/wp\/v2\/posts\/4851","targetHints":{"allow":["GET"]}}],"collection":[{"href":"https:\/\/rafalk-elblag.pl\/index.php?rest_route=\/wp\/v2\/posts"}],"about":[{"href":"https:\/\/rafalk-elblag.pl\/index.php?rest_route=\/wp\/v2\/types\/post"}],"author":[{"embeddable":true,"href":"https:\/\/rafalk-elblag.pl\/index.php?rest_route=\/wp\/v2\/users\/1"}],"replies":[{"embeddable":true,"href":"https:\/\/rafalk-elblag.pl\/index.php?rest_route=%2Fwp%2Fv2%2Fcomments&post=4851"}],"version-history":[{"count":2,"href":"https:\/\/rafalk-elblag.pl\/index.php?rest_route=\/wp\/v2\/posts\/4851\/revisions"}],"predecessor-version":[{"id":4859,"href":"https:\/\/rafalk-elblag.pl\/index.php?rest_route=\/wp\/v2\/posts\/4851\/revisions\/4859"}],"wp:featuredmedia":[{"embeddable":true,"href":"https:\/\/rafalk-elblag.pl\/index.php?rest_route=\/wp\/v2\/media\/4852"}],"wp:attachment":[{"href":"https:\/\/rafalk-elblag.pl\/index.php?rest_route=%2Fwp%2Fv2%2Fmedia&parent=4851"}],"wp:term":[{"taxonomy":"category","embeddable":true,"href":"https:\/\/rafalk-elblag.pl\/index.php?rest_route=%2Fwp%2Fv2%2Fcategories&post=4851"},{"taxonomy":"post_tag","embeddable":true,"href":"https:\/\/rafalk-elblag.pl\/index.php?rest_route=%2Fwp%2Fv2%2Ftags&post=4851"}],"curies":[{"name":"wp","href":"https:\/\/api.w.org\/{rel}","templated":true}]}}