{"id":4846,"date":"2022-11-06T17:38:38","date_gmt":"2022-11-06T17:38:38","guid":{"rendered":"http:\/\/rafalk-elblag.pl\/?p=4846"},"modified":"2022-11-22T07:48:56","modified_gmt":"2022-11-22T07:48:56","slug":"ogloszenia-06-11-2022-xxxii-niedziela-zwykla","status":"publish","type":"post","link":"https:\/\/rafalk-elblag.pl\/?p=4846","title":{"rendered":"Og\u0142oszenia 06.11.2022, XXXII Niedziela Zwyk\u0142a"},"content":{"rendered":"\n<figure class=\"wp-block-embed is-type-video is-provider-youtube wp-block-embed-youtube wp-embed-aspect-16-9 wp-has-aspect-ratio\"><div class=\"wp-block-embed__wrapper\">\n<iframe loading=\"lazy\" title=\"Ks. Piotr Pawlukiewicz - To nie jest tak, \u017ce oni umarli, a my \u017cyjemy. To oni \u017cyj\u0105, a my umieramy\" width=\"900\" height=\"506\" src=\"https:\/\/www.youtube.com\/embed\/HGlpb59VE8I?feature=oembed\" frameborder=\"0\" allow=\"accelerometer; autoplay; clipboard-write; encrypted-media; gyroscope; picture-in-picture\" allowfullscreen><\/iframe>\n<\/div><\/figure>\n\n\n\n<h1 class=\"wp-block-heading\">Ewangelia (\u0141k 20, 27-38)\nUduchowione \u017cycie zmartwychwsta\u0142ych\n<\/h1>\n\n\n\n<p> S\u0142owa Ewangelii wed\u0142ug \u015awi\u0119tego \u0141ukasza <\/p>\n\n\n\n<p> Podesz\u0142o do Jezusa kilku saduceusz\u00f3w, kt\u00f3rzy twierdz\u0105, \u017ce nie ma zmartwychwstania, i zagadn\u0119li Go w ten spos\u00f3b: <\/p>\n\n\n\n<p>\u00abNauczycielu, Moj\u017cesz tak nam przepisa\u0142: \u201eJe\u015bli umrze czyj\u015b brat, kt\u00f3ry mia\u0142 \u017con\u0119, a by\u0142 bezdzietny, niech jego brat pojmie j\u0105 za \u017con\u0119 i niech wzbudzi potomstwo swemu bratu\u201d. Ot\u00f3\u017c by\u0142o siedmiu braci. Pierwszy poj\u0105\u0142 \u017con\u0119 i zmar\u0142 bezdzietnie. Poj\u0105\u0142 j\u0105 drugi, a potem trzeci, i tak wszyscy pomarli, nie zostawiwszy dzieci. W ko\u0144cu umar\u0142a ta kobieta. Przy zmartwychwstaniu wi\u0119c kt\u00f3rego z nich b\u0119dzie \u017con\u0105? Wszyscy siedmiu bowiem mieli j\u0105 za \u017con\u0119\u00bb. <\/p>\n\n\n\n<p>Jezus im odpowiedzia\u0142: \u00abDzieci tego \u015bwiata \u017ceni\u0105 si\u0119 i za m\u0105\u017c wychodz\u0105. Lecz ci, kt\u00f3rzy uznani zostan\u0105 za godnych udzia\u0142u w \u015bwiecie przysz\u0142ym i w powstaniu z martwych, ani si\u0119 \u017ceni\u0107 nie b\u0119d\u0105, ani za m\u0105\u017c wychodzi\u0107. Ju\u017c bowiem umrze\u0107 nie mog\u0105, gdy\u017c s\u0105 r\u00f3wni anio\u0142om i s\u0105 dzie\u0107mi Bo\u017cymi, b\u0119d\u0105c uczestnikami zmartwychwstania. A \u017ce umarli zmartwychwstaj\u0105, to i Moj\u017cesz zaznaczy\u0142 tam, gdzie jest mowa o krzewie, gdy Pana nazywa \u201eBogiem Abrahama, Bogiem Izaaka i Bogiem Jakuba\u201d. B\u00f3g nie jest Bogiem umar\u0142ych, lecz \u017cywych; wszyscy bowiem dla Niego \u017cyj\u0105\u00bb.<\/p>\n\n\n\n<h1 class=\"wp-block-heading\"><strong><strong><strong><strong>Co Pismo \u015awi\u0119te m\u00f3wi o czy\u015b\u0107cu?<\/strong><\/strong><\/strong><\/strong><\/h1>\n\n\n\n<p>Katolicka nauka o czy\u015b\u0107cu oparta jest o dwie zasadnicze sk\u0142adowe. Pierwsz\u0105 jest wiara w istnienie stanu, w kt\u00f3rym dusze dost\u0119puj\u0105ce zbawienia pokutuj\u0105 za winy, za kt\u00f3re nie zd\u0105\u017cy\u0142 nale\u017cycie zado\u015b\u0107uczyni\u0107 Bogu w czasie ziemskiego \u017cycia. Drugi filar stanowi przekonanie o mo\u017cliwo\u015bci pomocy duszom czy\u015b\u0107cowym w jak najszybszym dostaniu si\u0119 do Nieba poprzez pobo\u017cne praktyki i modlitw\u0119, a tak\u017ce wstawiennictwo \u015bwi\u0119tych. Nauka Ko\u015bcio\u0142a na temat czy\u015b\u0107ca kszta\u0142towa\u0142a si\u0119 przez wieki. Proces formowania teologii czy\u015b\u0107cowej stanowi jeden z dowod\u00f3w rozwagi Ko\u015bcio\u0142a Katolickiego jako stra\u017cnika prawdy objawionej.<\/p>\n\n\n\n<p><strong>Katolicka nauka o czy\u015b\u0107cu \u2013 wbrew temu, co powszechnie twierdzi si\u0119 we wsp\u00f3lnotach protestanckich \u2013 znajduje swoje oparcie w s\u0142owach Pisma \u015awi\u0119tego. <\/strong>Najcz\u0119\u015bciej przytaczanym cytatem jest <strong>fragment Drugiej Ksi\u0119gi Machabejskiej<\/strong>, opisuj\u0105cy modlitwy w intencji \u017cydowskich powsta\u0144c\u00f3w poleg\u0142ych podczas walki z oddzia\u0142ami Gorgiasza w Gileadzie. S\u0142owa <strong>\u201e<\/strong><em><strong>Wszyscy za\u015b wychwalali Pana, sprawiedliwego S\u0119dziego, kt\u00f3ry rzeczy ukryte czyni jawnymi,&nbsp;a potem oddali si\u0119 modlitwie i b\u0142agali, aby pope\u0142niony grzech zosta\u0142 ca\u0142kowicie wymazany<\/strong><\/em><strong>.\u201d<\/strong> (2 Mch 12, 41-42) <strong>S\u0142owa te wyra\u017anie wskazuj\u0105 na mo\u017cliwo\u015b\u0107 oczyszczenia zmar\u0142ych z grzech\u00f3w nieodpokutowanych za \u017cycia, co jest podstaw\u0105 koncepcji czy\u015b\u0107ca.<\/strong> Co wi\u0119cej, w dalszych zdaniach autor natchniony wyra\u017anie pochwala pomys\u0142 modlitwy za zmar\u0142ych, jednoznacznie potwierdzaj\u0105c jej sens \u2013 a co za tym idzie, prawdziwo\u015b\u0107 wiary w oczyszczenie zbawionych dusz w czy\u015b\u0107cu:&nbsp;<strong>\u201e<\/strong><em><strong>Bardzo pi\u0119knie i szlachetnie uczyni\u0142, my\u015bla\u0142 bowiem o zmartwychwstaniu.&nbsp;Gdyby bowiem nie by\u0142 przekonany, \u017ce ci zabici zmartwychwstan\u0105, to modlitwa za zmar\u0142ych by\u0142aby czym\u015b zb\u0119dnym i niedorzecznym,&nbsp;lecz je\u015bli uwa\u017ca\u0142, \u017ce dla tych, kt\u00f3rzy pobo\u017cnie zasn\u0119li, jest przygotowana najwspanialsza nagroda \u2013 by\u0142a to my\u015bl \u015bwi\u0119ta i pobo\u017cna<\/strong><\/em><strong>\u201d<\/strong> (2 Mch 12, 43-45).<\/p>\n\n\n\n<p>O mo\u017cliwo\u015bci odpokutowania i odpuszczenia grzech\u00f3w po \u015bmierci, a przed wej\u015bciem do Kr\u00f3lestwa Bo\u017cego, m\u00f3wi fragment Ewangelii \u015bw. Mateusza: &nbsp;<strong>\u201e<\/strong><em><strong>Je\u015bli kto\u015b powie s\u0142owo przeciw Synowi Cz\u0142owieczemu, b\u0119dzie mu odpuszczone, lecz je\u015bli powie przeciw Duchowi \u015awi\u0119temu, nie b\u0119dzie mu odpuszczone ani w tym wieku, ani w przysz\u0142ym<\/strong><\/em><strong>\u201d<\/strong>&nbsp;(Mt 12,32).&nbsp;<strong>\u201eWiek przysz\u0142y\u201d wyra\u017anie oznacza&nbsp; tu rzeczywisto\u015b\u0107 po \u015bmierci \u2013 a zatem wtedy r\u00f3wnie\u017c mo\u017ce doj\u015b\u0107 do odpuszczenia grzech\u00f3w<\/strong>, kt\u00f3rych cz\u0142owiek nie zd\u0105\u017cy\u0142 odpokutowa\u0107 za \u017cycia, pod warunkiem, \u017ce nie s\u0105 to grzechy blu\u017anierstwa przeciw Duchowi \u015awi\u0119temu.<\/p>\n\n\n\n<p>Z kolei o sensie modlitwy za zmar\u0142ych mo\u017cna si\u0119 przekona\u0107 chocia\u017cby na podstawie lektury list\u00f3w \u015bw. Paw\u0142a. Zawarty w drugim li\u015bcie do Tymoteusza <strong>opis modlitwy Aposto\u0142a Narod\u00f3w o mi\u0142osierdzie dla duszy jego ucznia Onezyfora<\/strong> stanowi\u0142 w pierwszych wiekach chrze\u015bcija\u0144stwa wz\u00f3r modlitwy za zmar\u0142ych: \u201e<em>Niech\u017ce Pan u\u017cyczy mi\u0142osierdzia domowi Onezyfora za to, \u017ce cz\u0119sto mnie krzepi\u0142 i \u0142a\u0144cucha mego si\u0119 nie zawstydzi\u0142, lecz skoro si\u0119 znalaz\u0142 w Rzymie, gorliwie mnie poszuka\u0142 i odnalaz\u0142. <\/em><em><strong>Niechaj mu da Pan w owym dniu znale\u017a\u0107 mi\u0142osierdzie u Pana!<\/strong><\/em>\u201d. Czy ten fragment pozostawia jakiekolwiek w\u0105tpliwo\u015bci co do sensu modlitwy za tych, kt\u00f3rzy poprzedzili nas w drodze do wieczno\u015bci?<\/p>\n\n\n\n<p><strong>Ewangelie wspominaj\u0105 o czy\u015b\u0107cu poprzez r\u00f3\u017cnego rodzaju alegorie.<\/strong> Tak czyni Jezus w zako\u0144czeniu przypowie\u015bci o niewdzi\u0119cznym s\u0142udze, b\u0119d\u0105cej odpowiedzi\u0105 na pytanie \u015bw. Piotra o przebaczenie. Niegodziwy s\u0142uga, kt\u00f3ry po do\u015bwiadczeniu lito\u015bci kr\u00f3la nie okaza\u0142 zrozumienia swojemu wsp\u00f3\u0142s\u0142udze, musia\u0142 dok\u0142adnie odpokutowa\u0107 swoj\u0105 win\u0119: <strong>\u201e<\/strong><em><strong>I uniesiony gniewem pan jego kaza\u0142 wyda\u0107 go katom,&nbsp;dop\u00f3ki mu ca\u0142ego d\u0142ugu nie odda<\/strong><\/em><strong>\u201d<\/strong>&nbsp;(Mt 18,34). Dla potwierdzenia, \u017ce przypowie\u015b\u0107 nale\u017cy interpretowa\u0107<br>w odniesieniu do wszystkich grzesznik\u00f3w Jezus doda\u0142: <strong>\u201e<\/strong><em><strong>Podobnie uczyni wam Ojciec M\u00f3j niebieski, je\u015bli ka\u017cdy z was nie przebaczy z serca swemu bratu<\/strong><\/em><strong>\u201d.<\/strong> Konieczno\u015b\u0107 odpokutowania po \u015bmierci wszystkich grzech\u00f3w jest potwierdzona jeszcze w jednym z wcze\u015bniejszych rozdzia\u0142\u00f3w Ewangelii wg \u015bw. Mateusza: <strong>\u201e<\/strong><em><strong>Pog\u00f3d\u017a si\u0119 ze swoim przeciwnikiem szybko, dop\u00f3ki jeste\u015b z nim w drodze, by ci\u0119 przeciwnik nie poda\u0142 s\u0119dziemu, a s\u0119dzia dozorcy, i aby nie wtr\u0105cono ci\u0119 do wi\u0119zienia.&nbsp;Zaprawd\u0119 powiadam ci: nie wyjdziesz stamt\u0105d, a\u017c zwr\u00f3cisz ostatni grosz<\/strong><\/em><strong>\u201d<\/strong>. Ko\u015bci\u00f3\u0142 Katolicki alegori\u0119 czy\u015b\u0107ca widzi r\u00f3wnie\u017c w opisie \u017cycia ludzkiego jako budowy domu, zawartym w Pierwszym Li\u015bcie do Koryntian. Autor natchniony por\u00f3wnuje w nim S\u0105d Ostateczny do ognia, kt\u00f3ry poka\u017ce, na jak solidnych podstawach ka\u017cdy z nas opar\u0142 swoje \u017cycie:&nbsp;&nbsp;\u201e<em>tak te\u017c jawne si\u0119 stanie dzie\u0142o ka\u017cdego: ods\u0142oni je dzie\u0144 [Pa\u0144ski]; oka\u017ce si\u0119 bowiem w ogniu, kt\u00f3ry je wypr\u00f3buje, jakie jest. <strong>Ten, kt\u00f3rego dzie\u0142o wzniesione na fundamencie przetrwa, otrzyma zap\u0142at\u0119; ten za\u015b, kt\u00f3rego dzie\u0142o sp\u0142onie, poniesie szkod\u0119: sam wprawdzie ocaleje, lecz tak jakby przez ogie\u0144<\/strong><\/em>\u201d. Ojcowie Ko\u015bcio\u0142a zauwa\u017cyli, \u017ce oczyszczaj\u0105cy ogie\u0144 z powy\u017cszego fragmentu stanowi dok\u0142adnie opis tego, czym wed\u0142ug nauki katolickiej jest czy\u015bciec.<\/p>\n\n\n\n<p>Tak wi\u0119c Pismo \u015awi\u0119te uzasadnia wiar\u0119 w czy\u015bciec, gdy\u017c uczy o mo\u017cliwym przebaczeniu grzech\u00f3w po \u015bmierci.<\/p>\n\n\n\n<p><\/p>\n\n\n\n<figure class=\"wp-block-image\"><a href=\"http:\/\/rafalk-elblag.pl\/wp-content\/uploads\/2021\/08\/ogloszenia-parafialne-baner-01a.jpg\"><img loading=\"lazy\" decoding=\"async\" width=\"720\" height=\"232\" src=\"http:\/\/rafalk-elblag.pl\/wp-content\/uploads\/2021\/08\/ogloszenia-parafialne-baner-01a.jpg\" alt=\"\" class=\"wp-image-4410\" srcset=\"https:\/\/rafalk-elblag.pl\/wp-content\/uploads\/2021\/08\/ogloszenia-parafialne-baner-01a.jpg 720w, https:\/\/rafalk-elblag.pl\/wp-content\/uploads\/2021\/08\/ogloszenia-parafialne-baner-01a-300x97.jpg 300w\" sizes=\"auto, (max-width: 720px) 100vw, 720px\" \/><\/a><\/figure>\n\n\n\n<h1 class=\"wp-block-heading\">Og\u0142oszenia parafialne 06.11.2022r<\/h1>\n\n\n\n<ol class=\"wp-block-list\"><li><strong>Za tydzie\u0144 kleryk naszego Seminarium,<\/strong> b\u0119dzie rozprowadza\u0142 przed ko\u015bcio\u0142em, kalendarze \u015bcienne na rok <strong>2023<\/strong> za dobrowoln\u0105 ofiar\u0119. <em>Nabywaj\u0105c kalendarz wspieramy Wy\u017csze Seminarium Duchowne w Elbl\u0105gu. Dzi\u0119kujemy za zrozumienie.<\/em><\/li><li><strong>W dniu dzisiejszym indywidualna Adoracja Naj\u015bwi\u0119tszego Sakramentu od godz. 16:00 do godz. 18:<\/strong><strong>00. <\/strong><em>Znajd\u017a czas, aby by\u0107 sam na sam z Twoim Panem.<\/em><\/li><li>W pierwsze niedziele miesi\u0105ca ofiary z\u0142o\u017cone na tac\u0119 przeznaczone s\u0105 na inwestycje parafialne. Obecnie sp\u0142acamy koszty balasek i balustrad w naszym ko\u015bciele.<\/li><\/ol>\n\n\n\n<p><em>B\u00f3g zap\u0142a\u0107 za sk\u0142adane ofiary<\/em><em><strong>.<\/strong><\/em><\/p>\n\n\n\n<ol class=\"wp-block-list\" start=\"4\"><li><strong>W listopadzie w spos\u00f3b szczeg\u00f3lny pochylamy si\u0119 nad mogi\u0142ami, w kt\u00f3rych spoczywaj\u0105 nasi bliscy. Najg\u0142\u0119bszym wyrazem naszej mi\u0142o\u015bci jest nasza modlitwa za nich. Dlatego zapraszamy do wsp\u00f3lnej modlitwy za zmar\u0142ych codziennie o godz. 18:00 na Mszy \u015bw. Zbiorowej a bezpo\u015brednio po na WYPOMINKI po\u0142\u0105czone z Koronk\u0105 do Mi\u0142osierdzia Bo\u017cego.<\/strong><\/li><li>Dzieci wraz z rodzicami lub opiekunami zapraszamy na modlitw\u0119 za zmar\u0142ych 8 i 15 listopada (wtorek) na godz. 16:30. Prosimy, aby dzieci przynios\u0142y ze sob\u0105 znicze.<\/li><li>W \u015brod\u0119 9 listopada br. zapraszamy wszystkich ch\u0119tnych na spotkanie <strong>Kr\u0119gu Biblijnego<\/strong> po Mszy \u015bw. wieczornej \u2013 oko\u0142o godz. 19.00.<\/li><li>Kandydat\u00f3w przygotowuj\u0105cych do Sakramentu Bierzmowania &#8211; rok I i II zapraszamy na spotkanie w \u015brod\u0119 (9 listopada) o godz. 18:45.<\/li><li><strong>W pi\u0105tek (11 listopada), Msza \u015bw. o godz. 11:00, w 104 rocznic\u0119 odzyskania przez Polsk\u0119 Niepodleg\u0142o\u015bci. <\/strong>Dzi\u0119kowa\u0107 b\u0119dziemy za dar wolno\u015bci i prosi\u0107 o dary Ducha \u015awi\u0119tego dla wszystkich odpowiedzialnych za losy Polskiego Narodu. Szczeg\u00f3lnie prosi\u0107 b\u0119dziemy o jedno\u015b\u0107 i zgod\u0119 w naszej Ojczy\u017anie oraz o pok\u00f3j na \u015bwiecie. <br><br><em>Zapraszamy do wsp\u00f3lnej modlitwy.<\/em><br><br><strong>Na dzie\u0144 11 listopada 2022 r. (pi\u0105tek) ks. bp Jacek Jezierski udzieli\u0142 dyspensy od obowi\u0105zku zachowania wstrzemi\u0119\u017aliwo\u015bci od pokarm\u00f3w mi\u0119snych. W komunikacie Ksi\u0119dza Biskupa czytamy: \u201eNiniejsza dyspensa dotyczy diecezjan oraz os\u00f3b, kt\u00f3re w Narodowe \u015awi\u0119to Niepodleg\u0142o\u015bci przebywaj\u0105 w granicach diecezji elbl\u0105skiej. R\u00f3wnocze\u015bnie prosz\u0119, by wszyscy korzystaj\u0105cy z dyspensy dobrowolnie, przy okazji, wsparli swoj\u0105 ofiar\u0105 znajduj\u0105cych si\u0119 w potrzebie (por. kan. 87, 1250-1251 KPK).\u201d<\/strong><\/li><\/ol>\n\n\n\n<ol class=\"wp-block-list\" start=\"9\"><li>Od <strong>11 do 19 listopada<\/strong> b\u0119dzie trwa\u0142a Nowenna do \u015bw. Rafa\u0142a Kalinowskiego, przygotowuj\u0105ca nas duchowo do<strong> ODPUSTU PARAFIALNEGO.<\/strong> <em><u>Nowenn\u0119 b\u0119dziemy odmawia\u0107 na zako\u0144czenie Mszy \u015bw. Zapraszamy do wsp\u00f3lnej modlitwy.<\/u><\/em><\/li><li>Najpi\u0119kniejsz\u0105 modlitw\u0105 Ko\u015bcio\u0142a jest Msza \u015bwi\u0119ta, kt\u00f3r\u0105 mo\u017cna zamawia\u0107 za \u017cywych i umar\u0142ych lub ofiarowa\u0107 jako wspania\u0142y chrze\u015bcija\u0144ski prezent z okazji rocznicy \u015blubu, chrztu, urodzin i imienin prosz\u0105c o \u0142aski lub za nie dzi\u0119kuj\u0105c. <em>Mo\u017cna zamawia\u0107 i rezerwowa\u0107 Msze \u015bw. na rok 2023.<\/em><\/li><li>Przypominamy o funkcjonowaniu przy <strong>CARITAS DIECEZJI ELBL\u0104SKIEJ SPECJALISTYCZNEJ PORADNI RODZINNEJ (NON PROFIT).<\/strong> <br>Poradnia rodzinna dzia\u0142aj\u0105ca przy CARITAS (ul. Zamkowa 17) zapewnia wsparcie pedagogiczne, psychologiczne i duchowe dzieciom, m\u0142odzie\u017cy, doros\u0142ym i rodzinom. Pracuj\u0105 tu specjali\u015bci&nbsp;z zakresu: treningu ART (zast\u0119powanie&nbsp;agresji), mediacji, psychotraumatologii, terapii uzale\u017cnie\u0144, konsultacji rodzinnych, pedagogiki, przeciwdzia\u0142ania przemocy w rodzinie, wsparcia duchowego. Poradnia dzia\u0142a na zasadzie kr\u00f3tkofalowego wsparcia, edukacji i udzielania porad oraz informacji. Poradnia czynna jest w \u015brody&nbsp;w godz. 15:00-17:00 tel. 668 541&nbsp;102 <em>Spotkania umawiane s\u0105 po wcze\u015bniejszej&nbsp;konsultacji telefonicznej.<\/em><\/li><\/ol>\n\n\n\n<ol class=\"wp-block-list\" start=\"12\"><li>Zach\u0119camy do nabywania nowego numeru \u201eGo\u015bcia Niedzielnego\u201d w cenie 8 z\u0142 <strong>z dodatkiem<\/strong> <strong>\u201eGo\u015b\u0107 Elbl\u0105ski<\/strong>.<\/li><\/ol>\n\n\n\n<p><\/p>\n\n\n\n<p><\/p>\n\n\n\n<figure class=\"wp-block-image\"><img decoding=\"async\" src=\"http:\/\/rafalk-elblag.pl\/wp-content\/uploads\/2020\/04\/baner-intencje-mszy.jpg\" alt=\"\"\/><\/figure>\n\n\n\n<h1 class=\"wp-block-heading\">Intencje mszalne 06.11.2022r<\/h1>\n\n\n\n<p><br><\/p>\n\n\n\n<p><strong>PONIEDZIA\u0141EK \/ 7 listopada 2022r.<\/strong><br>8.00 \u2020 Lucjan LASEK (w 27 rocznic\u0119 \u015bmierci), Marianna, Feliks, Sylwester z rodziny BA\u0141DYGA<br>18.00 \u2020 Karolina, Micha\u0142, Lucjan z rodziny ANDRZEJEWSKICH, Ewa BEKA, Jan BOROWIK<br>18.00 \u2020 Msza \u015bw. zbiorowa za zmar\u0142ych<\/p>\n\n\n\n<p><strong>WTOREK \/ 8 listopada 2022r.<\/strong><br>8.00 \u2020 Monika KOWALSKA (w 8 rocznic\u0119 \u015bmierci), Dionizy SZERSZE\u0143 (w 7 rocznic\u0119 \u015bmierci)<br>18.00 \u2020 Franciszka [k] BO\u017bYCZKO (w 8 rocznic\u0119 \u015bmierci), Sabina MICHO\u0143 (w 5 rocznic\u0119 \u015bmierci)<br>18.00 \u2020 Msza \u015bw. zbiorowa za zmar\u0142ych<\/p>\n\n\n\n<p><strong>\u015aRODA \/ 9 listopada 2022r.<\/strong><br>\u015awi\u0119to po\u015bwi\u0119cenia Bazyliki Latera\u0144skiej<br>8.00 Dzi\u0119kczynna z okazji 90 urodzin Stanis\u0142awa, z pro\u015bb\u0105 o Bo\u017ce b\u0142. i opiek\u0119 Matki Bo\u017cej<br>18.00 \u2020 Bogdan KR\u00d3L (7 rocznica \u015bmierci), intencja od R\u00f3\u017cy \u015bw. Jana Paw\u0142a II<br>18.00 \u2020 Msza \u015bw. zbiorowa za zmar\u0142ych<\/p>\n\n\n\n<p><strong>CZWARTEK \/ 10 listopada 2022r.<\/strong><br>\u015bw. Leona Wielkiego<br>8.00 \u2020 Franciszka [k], Stanis\u0142aw ZABOROWSCY i zmarli rodzice<br>18.00 \u2020 Antoni i Janina WOJTYNA<br>18.00 \u2020 Msza \u015bw. zbiorowa za zmar\u0142ych<\/p>\n\n\n\n<p><strong>PI\u0104TEK \/ 11 listopada 2022r.<\/strong><br>\u015bw. Marcina z Tours<br>8.00 Dzi\u0119kczynna za dar \u017cycia Klaudii, z pro\u015bb\u0105 o Bo\u017ce b\u0142. i dary Ducha \u015awietego<br>11.00 W intencji Ojczyzny<br>18.00 \u2020 Jerzy \u015aLIWI\u0143SKI (1 rocznica \u015bmierci)<br>18.00 \u2020 Msza \u015bw. zbiorowa za zmar\u0142ych<\/p>\n\n\n\n<p><strong>SOBOTA \/ 12 listopada 2022r.<\/strong><br>\u015bw. Jozafata<br>8.00 Za Zbigniewa JACKIEWICZA, jego \u017con\u0119 Wies\u0142aw\u0119, dzieci i wnuk\u00f3w o wiar\u0119, nadziej\u0119 i mi\u0142o\u015b\u0107<br>18.00 \u2020 Genowefa i Tadeusz DOBIESZ<br>18.00 \u2020 Msza \u015bw. zbiorowa za zmar\u0142ych<\/p>\n\n\n\n<p><strong>XXXIII NIEDZIELA ZWYK\u0141A<br>13 listopada 2022 r.<\/strong><br>8.00 \u2020 Bernard, Waldemar oraz zmarli z rodzin KURKOWSKICH i CZARNOT\u00d3W<br>8.00 Za Marcina z okazji imienin<br>10.00 O Bo\u017ce b\u0142. dla Nikodema i ca\u0142ej jego rodziny, Agnieszki i ca\u0142ej rodziny zakonnej oraz dla Magdaleny i ca\u0142ej jej rodziny<br>12.00 W intencji Parafian<br>15.00 \u2020 W\u0142odzimierz KOWALSKI (2 rocznica \u015bmierci)<br>18.00 \u2020 Msza \u015bw. zbiorowa za zmar\u0142ych<\/p>\n","protected":false},"excerpt":{"rendered":"<p>Ewangelia (\u0141k 20, 27-38) Uduchowione \u017cycie zmartwychwsta\u0142ych S\u0142owa Ewangelii wed\u0142ug \u015awi\u0119tego \u0141ukasza Podesz\u0142o do Jezusa kilku saduceusz\u00f3w, kt\u00f3rzy twierdz\u0105, \u017ce nie ma zmartwychwstania, i zagadn\u0119li Go w ten spos\u00f3b: \u00abNauczycielu, Moj\u017cesz tak nam przepisa\u0142: \u201eJe\u015bli umrze czyj\u015b brat, kt\u00f3ry mia\u0142 \u017con\u0119, a by\u0142 bezdzietny, niech jego brat pojmie j\u0105 za \u017con\u0119 i niech wzbudzi potomstwo [&hellip;]<\/p>\n","protected":false},"author":1,"featured_media":4848,"comment_status":"closed","ping_status":"closed","sticky":false,"template":"","format":"standard","meta":{"ngg_post_thumbnail":0,"footnotes":""},"categories":[11,8,4,3],"tags":[],"class_list":["post-4846","post","type-post","status-publish","format-standard","has-post-thumbnail","hentry","category-aktualnosci","category-blog","category-intencje","category-ogloszenia"],"_links":{"self":[{"href":"https:\/\/rafalk-elblag.pl\/index.php?rest_route=\/wp\/v2\/posts\/4846","targetHints":{"allow":["GET"]}}],"collection":[{"href":"https:\/\/rafalk-elblag.pl\/index.php?rest_route=\/wp\/v2\/posts"}],"about":[{"href":"https:\/\/rafalk-elblag.pl\/index.php?rest_route=\/wp\/v2\/types\/post"}],"author":[{"embeddable":true,"href":"https:\/\/rafalk-elblag.pl\/index.php?rest_route=\/wp\/v2\/users\/1"}],"replies":[{"embeddable":true,"href":"https:\/\/rafalk-elblag.pl\/index.php?rest_route=%2Fwp%2Fv2%2Fcomments&post=4846"}],"version-history":[{"count":2,"href":"https:\/\/rafalk-elblag.pl\/index.php?rest_route=\/wp\/v2\/posts\/4846\/revisions"}],"predecessor-version":[{"id":4860,"href":"https:\/\/rafalk-elblag.pl\/index.php?rest_route=\/wp\/v2\/posts\/4846\/revisions\/4860"}],"wp:featuredmedia":[{"embeddable":true,"href":"https:\/\/rafalk-elblag.pl\/index.php?rest_route=\/wp\/v2\/media\/4848"}],"wp:attachment":[{"href":"https:\/\/rafalk-elblag.pl\/index.php?rest_route=%2Fwp%2Fv2%2Fmedia&parent=4846"}],"wp:term":[{"taxonomy":"category","embeddable":true,"href":"https:\/\/rafalk-elblag.pl\/index.php?rest_route=%2Fwp%2Fv2%2Fcategories&post=4846"},{"taxonomy":"post_tag","embeddable":true,"href":"https:\/\/rafalk-elblag.pl\/index.php?rest_route=%2Fwp%2Fv2%2Ftags&post=4846"}],"curies":[{"name":"wp","href":"https:\/\/api.w.org\/{rel}","templated":true}]}}