{"id":4842,"date":"2022-10-30T09:39:00","date_gmt":"2022-10-30T09:39:00","guid":{"rendered":"http:\/\/rafalk-elblag.pl\/?p=4842"},"modified":"2022-11-06T17:13:29","modified_gmt":"2022-11-06T17:13:29","slug":"ogloszenia-30-10-2022-xxx-niedziela-zwykla","status":"publish","type":"post","link":"https:\/\/rafalk-elblag.pl\/?p=4842","title":{"rendered":"Og\u0142oszenia 30.10.2022, XXXI Niedziela Zwyk\u0142a"},"content":{"rendered":"\n<figure class=\"wp-block-embed is-type-video is-provider-youtube wp-block-embed-youtube wp-embed-aspect-16-9 wp-has-aspect-ratio\"><div class=\"wp-block-embed__wrapper\">\n<iframe loading=\"lazy\" title=\"Dlaczego warto pomaga\u0107 duszom czy\u015b\u0107cowym? - ks. S\u0142awomir Kostrzewa\" width=\"900\" height=\"506\" src=\"https:\/\/www.youtube.com\/embed\/X_sFdDzyf_Y?feature=oembed\" frameborder=\"0\" allow=\"accelerometer; autoplay; clipboard-write; encrypted-media; gyroscope; picture-in-picture\" allowfullscreen><\/iframe>\n<\/div><\/figure>\n\n\n\n<h1 class=\"wp-block-heading\">Ewangelia (\u0141k 19, 1-10)\nNawr\u00f3cenie Zacheusza\n<\/h1>\n\n\n\n<p> S\u0142owa Ewangelii wed\u0142ug \u015awi\u0119tego \u0141ukasza <\/p>\n\n\n\n<p> Jezus wszed\u0142 do Jerycha i przechodzi\u0142 przez miasto. A pewien cz\u0142owiek, imieniem Zacheusz, kt\u00f3ry by\u0142 zwierzchnikiem celnik\u00f3w i by\u0142 bardzo bogaty, chcia\u0142 koniecznie zobaczy\u0107 Jezusa, kt\u00f3\u017c to jest, ale sam nie m\u00f3g\u0142 z powodu t\u0142umu, gdy\u017c by\u0142 niskiego wzrostu. <\/p>\n\n\n\n<p>Pobieg\u0142 wi\u0119c naprz\u00f3d i wspi\u0105\u0142 si\u0119 na sykomor\u0119, aby m\u00f3c Go ujrze\u0107, tamt\u0119dy bowiem mia\u0142 przechodzi\u0107. Gdy Jezus przyszed\u0142 na to miejsce, spojrza\u0142 w g\u00f3r\u0119 i rzek\u0142 do niego: \u00abZacheuszu, zejd\u017a pr\u0119dko, albowiem dzi\u015b musz\u0119 si\u0119 zatrzyma\u0107 w twoim domu\u00bb. <\/p>\n\n\n\n<p>Zszed\u0142 wi\u0119c z po\u015bpiechem i przyj\u0105\u0142 Go rozradowany. A wszyscy, widz\u0105c to, szemrali: \u00abDo grzesznika poszed\u0142 w go\u015bcin\u0119\u00bb. Lecz Zacheusz stan\u0105\u0142 i rzek\u0142 do Pana: \u00abPanie, oto po\u0142ow\u0119 mego maj\u0105tku daj\u0119 ubogim, a je\u015bli kogo\u015b w czym\u015b skrzywdzi\u0142em, zwracam poczw\u00f3rnie\u00bb. <\/p>\n\n\n\n<p>Na to Jezus rzek\u0142 do niego: \u00abDzi\u015b zbawienie sta\u0142o si\u0119 udzia\u0142em tego domu, gdy\u017c i on jest synem Abrahama. Albowiem Syn Cz\u0142owieczy przyszed\u0142 odszuka\u0107 i zbawi\u0107 to, co zgin\u0119\u0142o\u00bb.<\/p>\n\n\n\n<h1 class=\"wp-block-heading\"><strong><strong><strong>Odpust zupe\u0142ny za zmar\u0142ych (1-8 listopada)<\/strong><\/strong><\/strong><\/h1>\n\n\n\n<p><strong>Warunki, aby uzyska\u0107 odpust zupe\u0142ny za zmar\u0142ych  w dniach 1-8 listopada s\u0105 nast\u0119puj\u0105ce:     <\/strong><\/p>\n\n\n\n<p><strong><u>Warunki, aby uzyska\u0107 odpust zupe\u0142ny za zmar\u0142ych<br>w dniach 1-8 listopada s\u0105 nast\u0119puj\u0105ce:<\/u><\/strong><\/p>\n\n\n\n<ol class=\"wp-block-list\"><li>Brak jakiegokolwiek przywi\u0105zania do grzechu, nawet powszedniego (je\u017celi jest brak ca\u0142kowitej dyspozycji &#8211; zyskuje si\u0119 odpust cz\u0105stkowy)<\/li><li>Stan \u0142aski u\u015bwi\u0119caj\u0105cej (brak nieodpuszczonego grzechu ci\u0119\u017ckiego) lub spowied\u017a sakramentalna<\/li><li>Przyj\u0119cie Komunii \u015bwi\u0119tej<\/li><li>Odm\u00f3wienie modlitwy (np. &#8222;Ojcze nasz&#8221; i &#8222;Zdrowa\u015b Mario&#8221;) w intencjach Ojca \u015awi\u0119tego (nie chodzi o modlitw\u0119 w intencji samego papie\u017ca, cho\u0107 i ta modlitwa jest bardzo cenna; modlitwa zwi\u0105zana z odpustem ma by\u0107 skierowana w intencji tych spraw, za kt\u00f3re modli si\u0119 papie\u017c.<\/li><li>Nawiedzenie cmentarza z r\u00f3wnoczesn\u0105 modlitw\u0105 za zmar\u0142ych<\/li><\/ol>\n\n\n\n<p>W dniu 2. listopada aby uzyska\u0107 odpust zupe\u0142ny zamiast warunku 5. mo\u017cna nawiedzi\u0107 ko\u015bci\u00f3\u0142 i odm\u00f3wi\u0107 tam&nbsp;<em>Ojcze nasz<\/em>&nbsp;i&nbsp;<em>Wierz\u0119<\/em>.<\/p>\n\n\n\n<p><strong>Odpust ten mo\u017cna ofiarowa\u0107 ka\u017cdego dnia od 1 do 8 listopada za jedn\u0105 osob\u0119 zmar\u0142\u0105.<\/strong><\/p>\n\n\n\n<p><strong>Poprzez odpust zupe\u0142ny mo\u017cemy zyska\u0107 dla dusz czy\u015b\u0107cowych darowanie kar doczesnych, i tym samym skr\u00f3ci\u0107 ich cierpienia. Dlatego dar odpustu, jest wielkim skarbem, jaki otrzymujemy od Boga bogatego w mi\u0142osierdzie.<\/strong><\/p>\n\n\n\n<p><em>W jednej chwili znalaz\u0142am si\u0119 w miejscu mglistym, nape\u0142nionym ogniem, a w nim ca\u0142e mn\u00f3stwo dusz cierpi\u0105cych. Te dusze modl\u0105 si\u0119 bardzo gor\u0105co, ale bez skutku dla siebie, my tylko mo\u017cemy im przyj\u015b\u0107 z pomoc\u0105.<\/em><\/p>\n\n\n\n<p>Dzienniczek \u015bw. Faustyny<\/p>\n\n\n\n<h1 class=\"wp-block-heading\"><strong><strong><strong>\u015awi\u0119tujmy ze zbawionymi, nie pot\u0119pionymi<\/strong><\/strong><\/strong><\/h1>\n\n\n\n<p><strong>Halloween pr\u00f3buje zagospodarowa\u0107 l\u0119k przed \u015bmierci\u0105, kt\u00f3ra je\u015bli nie jest o\u015bwiecona Chrystusowym zmartwychwstaniem, pozostaje w ludzkiej \u015bwiadomo\u015bci jako ostatnia stacja \u2013 rezygnacja. W takiej sytuacji cz\u0142owiek ma dwa wyj\u015bcia \u2013 ukry\u0107 \u015bmier\u0107 i pozby\u0107 si\u0119 jej niezno\u015bnego odoru. Drugim wyj\u015bciem jest pr\u00f3ba zbanalizowania problemu, domalowania \u015bmierci g\u0119by b\u0142azna, zmiany grozy w makabresk\u0119\u201d&nbsp;\u2013 wyja\u015bnia\u0142 ks. dr hab. Robert Skrzypczak. <\/strong><\/p>\n\n\n\n<p>Przebieranie si\u0119 za pot\u0119pie\u0144c\u00f3w bagatelizuje piek\u0142o. Szydz\u0105c z tego tematu, pokazujemy dzieciom jasny komunikat: bycie z\u0142ym to dobra zabawa.&nbsp;Kilka dni wcze\u015bniej przed Halloween ostrzega\u0142 tak\u017ce inny duchowny.&nbsp;\u201eZobaczmy tylko, za kogo ludzie si\u0119 przebieraj\u0105, to s\u0105 postaci stoj\u0105ce w opozycji z Panem Bogiem, strach, diab\u0142y, demony, to nie jest zgodne  z nasz\u0105 wiar\u0105. Je\u015bli si\u0119 z nimi identyfikujemy, to mo\u017cemy m\u00f3wi\u0107 o zagro\u017ceniu duchowym swojej wiary\u201d (ks. Przemys\u0142aw Krawiec). W Halloween spotykamy si\u0119 z banalizacj\u0105 \u015bmierci, powi\u0105zan\u0105  z brakiem szacunku do szkielet\u00f3w, czaszek i ludzkich szcz\u0105tk\u00f3w. Cmentarz ukazywany jest w nim jako miejsce tajemnicze, mroczne i upiorne. W obchodzeniu tego \u201e\u015bwi\u0119ta\u201d nie ma miejsca na elementy chrze\u015bcija\u0144skiej wiary takie jak zmartwychwstanie, odkupienie, Boga, Jezusa, anio\u0142\u00f3w, \u015bwi\u0119tych. <\/p>\n\n\n\n<p>Nast\u0119puje jednak oswajanie z upiorami, czarownicami, demonami oraz brzydot\u0105. Sama atmosfera Halloween jest zatem bli\u017csza piek\u0142u ni\u017c niebu. Wobec takiej sytuacji mo\u017cemy zada\u0107 sobie pytanie w jaki spos\u00f3b uzasadnia\u0107 dziecku \u015bmier\u0107 w rodzinie lub ci\u0119\u017ck\u0105, \u015bmierteln\u0105 chorob\u0119, je\u017celi jednocze\u015bnie banalizuje si\u0119 i akceptuje wy\u015bmiewanie bardzo powa\u017cnej rzeczywisto\u015bci jak\u0105 jest umieranie. <\/p>\n\n\n\n<p>Opr\u00f3cz tego jak nauczy\u0107 dziecko prze\u017cywania Uroczysto\u015bci Wszystkich \u015awi\u0119tych je\u015bli dzie\u0144 wcze\u015bniej rzeczywisto\u015bci \u017cycia wiecznego zosta\u0142y wy\u015bmiane. Zauwa\u017cenie bowiem faktu \u015bmierci i umierania ludzi,  w tym w najbli\u017cszej rodzinie, to nie tylko \u015bwiatopogl\u0105d chrze\u015bcija\u0144ski ale rzeczywisto\u015b\u0107, kt\u00f3ra nas otacza i bezpo\u015brednio dotyczy. Mo\u017cemy zatem dostrzec, \u017ce cho\u0107 nazwa \u201eHalloween\u201d jest skr\u00f3tem od \u201eAll Hallows\u2019 Eve\u201d, co oznacza wigili\u0119 Wszystkich \u015awi\u0119tych to jednak k\u0142\u00f3ci si\u0119 z ide\u0105 \u015bwi\u0119ta Wszystkich \u015awi\u0119tych i Dnia Zadusznego, kt\u00f3re obchodzimy 1 i 2 listopada oraz prawdami naszej wiary. W centrum \u015bwi\u0119towania chrze\u015bcija\u0144skiego jest bowiem Jezus Chrystus.  <\/p>\n\n\n\n<p>W Halloween mo\u017cna stwierdzi\u0107 nieobecno\u015b\u0107: Jezusa Chrystusa, Naj\u015bwi\u0119tszej Maryi Panny, krzy\u017ca, zmartwychwstania, odkupienia i modlitwy. Mo\u017cna zatem z czystym sumieniem stwierdzi\u0107, \u017ce Halloween z duchem chrze\u015bcija\u0144stwa nie ma nic wsp\u00f3lnego. Znaczna cz\u0119\u015b\u0107 postaci wykorzystywanych podczas rzekomej &#8222;zabawy&#8221; to w tradycji europejskiej symbole szatana i jego pomocnik\u00f3w. Oznacza to wchodzenie w rzeczywisto\u015b\u0107 niebezpieczn\u0105 duchowo, gdy\u017c identyfikacja z tymi postaciami nie musi by\u0107 wy\u0142\u0105cznie psychologiczna, ale mo\u017ce dotyczy\u0107 tak\u017ce wymiar\u00f3w duchowych. <\/p>\n\n\n\n<p>Znane s\u0105 r\u00f3wnie\u017c stanowcze wypowiedzi os\u00f3b duchownych w tej materii: Benedykt XVI okre\u015bli\u0142 Halloween jako &#8222;\u015bwi\u0119to antychrze\u015bcija\u0144skie i niebezpieczne&#8221;, kt\u00f3re 'promuje kultur\u0119 \u015bmierci\u2019 i 'popycha nowe pokolenia  w kierunku mentalno\u015bci ezoterycznej, magii, atakuje \u015bwi\u0119te i duchowe warto\u015bci. Podobn\u0105 opini\u0119 na spotkaniu egzorcyst\u00f3w wyrazi\u0142, maj\u0105cy poparcie papie\u017ca Franciszka, ks.  Aldo Buonaiuto. Zauwa\u017cy\u0142 on \u017ce \u201eHalloween nie jest niewinn\u0105 zabaw\u0105, lecz stanowi przedsionek do czego\u015b znacznie bardziej niebezpiecznego\u201d. Zwr\u00f3ci\u0142 on tak\u017ce uwag\u0119 na fakt, i\u017c oko\u0142o 31 pa\u017adziernika co roku setki niewinnych dzieci zostaje op\u0119tanych przez demony. <\/p>\n\n\n\n<p><strong>Na ca\u0142ym \u015bwiecie do egzorcyst\u00f3w zg\u0142aszaj\u0105 si\u0119 rodzice z pro\u015bb\u0105 o interwencj\u0119. Wobec takiej rzeczywisto\u015bci najlepszym sposobem jest powr\u00f3t do pog\u0142\u0119bionego prze\u017cywania uroczysto\u015bci Wszystkich \u015awi\u0119tych oraz Dnia Zadusznego. To nie tylko wizyta na cmentarzu, chryzantemy i porz\u0105dkowanie grob\u00f3w, ale przede wszystkim modlitwa za zmar\u0142ych oraz wspomnienie tych, kt\u00f3rym zawdzi\u0119czamy \u017cycie i wychowanie. To tak\u017ce u\u015bwiadamianie sobie wielkiej mi\u0142o\u015bci Boga do ludzi, kt\u00f3rej nie pokona \u015bmier\u0107 ani gr\u00f3b. Zatem postarajmy si\u0119, aby ten wyj\u0105tkowy czas, by\u0142 momentem dzi\u0119kczynienia i uwielbienia Boga za zwyci\u0119stwo Jezusa nad \u015bmierci\u0105, gdy czekamy na Jego powr\u00f3t w chwale.&nbsp;<\/strong><\/p>\n\n\n\n<p><\/p>\n\n\n\n<figure class=\"wp-block-image\"><a href=\"http:\/\/rafalk-elblag.pl\/wp-content\/uploads\/2021\/08\/ogloszenia-parafialne-baner-01a.jpg\"><img loading=\"lazy\" decoding=\"async\" width=\"720\" height=\"232\" src=\"http:\/\/rafalk-elblag.pl\/wp-content\/uploads\/2021\/08\/ogloszenia-parafialne-baner-01a.jpg\" alt=\"\" class=\"wp-image-4410\" srcset=\"https:\/\/rafalk-elblag.pl\/wp-content\/uploads\/2021\/08\/ogloszenia-parafialne-baner-01a.jpg 720w, https:\/\/rafalk-elblag.pl\/wp-content\/uploads\/2021\/08\/ogloszenia-parafialne-baner-01a-300x97.jpg 300w\" sizes=\"auto, (max-width: 720px) 100vw, 720px\" \/><\/a><\/figure>\n\n\n\n<h1 class=\"wp-block-heading\">Og\u0142oszenia parafialne 30.10.2022r<\/h1>\n\n\n\n<ol class=\"wp-block-list\"><li><strong>W listopadzie w spos\u00f3b szczeg\u00f3lny pochylamy si\u0119 nad mogi\u0142ami, w kt\u00f3rych spoczywaj\u0105 nasi bliscy. Najg\u0142\u0119bszym wyrazem naszej mi\u0142o\u015bci jest nasza modlitwa za nich. Dlatego zapraszamy do wsp\u00f3lnej modlitwy za zmar\u0142ych codziennie o godz. 18:00 na Mszy \u015bw. zbiorowej a bezpo\u015brednio po na WYPOMINKI po\u0142\u0105czone z Koronk\u0105 do Mi\u0142osierdzia.<\/strong><\/li><li><strong>Porz\u0105dek nabo\u017ce\u0144stw 1 listopada<\/strong> <strong>na cmentarzach<\/strong>: AGRYKOLA \u2013 Ko\u015bci\u00f3\u0142 pw. Wszystkich \u015awi\u0119tych \u2013 Msza \u015bw. o godz. 11.30; D\u0118BICA (Stara Kaplica) \u2013 Msza \u015bw. o 12.00; ko\u015bci\u00f3\u0142 pw. \u015bw. Wojciecha \u2013 Msza \u015bw. o godz. 13.00, <em>po zako\u0144czeniu Mszy \u015bw. procesje na cmentarzach po\u0142\u0105czone z modlitwami za zmar\u0142ych.<\/em><\/li><\/ol>\n\n\n\n<ol class=\"wp-block-list\" start=\"3\"><li><strong>We wtorek 1 listopada &#8211; Uroczysto\u015b\u0107 Wszystkich \u015awi\u0119tych. Msze \u015bw. o godz.: 8:00, 10:00, 12:00 i o godz. 18:00.<\/strong> Msza \u015bw. o godz. 18:00 jest pierwsz\u0105 Msz\u0105 \u015bw. zbiorow\u0105. <strong>Przypominamy, \u017ce od 1 do 8 listopada w\u0142\u0105cznie mo\u017cna uzyska\u0107 ODPUST ZUPE\u0141NY<\/strong>.<\/li><li>W \u015brod\u0119 2 listopada &#8211;<strong> Wspomnienie Wszystkich Wiernych Zmar\u0142ych, czyli Dzie\u0144 Zaduszny<\/strong>. Msze \u015bw. o godz. 8:00, 11:00 i o godz. 18:00. <em>W tym dniu na Msz\u0119 \u015bw. o godz. 18:00 szczeg\u00f3lnie zapraszamy rodziny zmar\u0142ych w ostatnim roku parafian, podczas kt\u00f3rej zostan\u0105 wyczytani i poleceni Bo\u017cemu Mi\u0142osierdziu.<\/em><\/li><li>Dzisiaj Wolontariusze Caritas zbieraj\u0105 przed ko\u015bcio\u0142em ofiary dla najubo\u017cszych<br>i potrzebuj\u0105cych z naszej parafii. Parafialny Oddzia\u0142 Caritas naszej parafii znajduje si\u0119 przy ul. Myliusa 1A i jest czynny w I i III czwartek miesi\u0105ca od godz. 16.00 do 17.00.<\/li><li><strong>W tym tygodniu przypada:<\/strong><\/li><\/ol>\n\n\n\n<ul class=\"wp-block-list\"><li><strong>I czwartek miesi\u0105ca (3 XI)<\/strong> \u2013 zapraszamy na Msz\u0119 \u015bw. o godz. 18:00, a po na Adoracj\u0119 Naj\u015bwi\u0119tszego Sakramentu tj. na \u201eGODZIN\u0118 \u015aWI\u0118T\u0104\u201d po\u0142\u0105czon\u0105 z WYPOMINKAMI. Zapraszamy wszystkie osoby modl\u0105ce si\u0119 za kap\u0142an\u00f3w do wsp\u00f3lnej modlitwy.<\/li><li><strong>I pi\u0105tek miesi\u0105ca<\/strong> <strong>(4 XI)<\/strong> zapraszamy do spowiedzi dzieci z klas IV w tygodniu, wed\u0142ug ustalonego porz\u0105dku tj.: poniedzia\u0142ek od godz. 17:30 klasa IVA, wtorek od godz. 17:30 klasa IVB \u015broda od godz. 17:30 klasa IVC, czwartek od godz. 17:30 klasa IVD i w pi\u0105tek od godz. 16:00 pozosta\u0142e dzieci z innych klas. <strong>Msza \u015bw. dla wszystkich dzieci w I pi\u0105tek 4 listopada o godz. 16:30. <\/strong><em>Natomiast <\/em><em>spowied\u017a dla doros\u0142ych i m\u0142odzie\u017cy od godz. 17:30. Msza \u015bw. Wotywna o Naj\u015bwi\u0119tszym Sercu Jezusa o godz. 18:00<\/em><\/li><li><strong>I sobota miesi\u0105ca (5 XI) <\/strong>zapraszamy wszystkich czcicieli Matki Bo\u017cej na nabo\u017ce\u0144stwo po\u0142\u0105czone z&nbsp;Adoracj\u0105 Naj\u015bwi\u0119tszego Sakramentu od godz. 17:00.<\/li><\/ul>\n\n\n\n<ol class=\"wp-block-list\" start=\"7\"><li>W pierwszy pi\u0105tek miesi\u0105ca LISTOPADA <strong>(4 XI) <\/strong>kap\u0142ani z Panem Jezusem udadz\u0105 si\u0119 do chorych od godz. 9:30.<\/li><li>Parafia \u015bw. Wojciecha w Elbl\u0105gu zaprasza na VI Noc \u015awi\u0119tych, kt\u00f3ra odb\u0119dzie si\u0119 31 pa\u017adziernika. Wydarzenie rozpocznie si\u0119 R\u00f3\u017ca\u0144cem o godzinie 17.00. W planie Msza \u015bw., konferencja, uwielbienie i na zako\u0144czenie procesja wok\u00f3\u0142 ko\u015bcio\u0142a.<\/li><li><strong>Numer Konta Parafialnego<\/strong> <strong>PKO BP 72 1020 1752 0000 0102 0069 6047<\/strong> Dzi\u0119kujemy wszystkim, kt\u00f3rzy dostarczyli zu\u017cyty sprz\u0119t elektryczny i elektroniczny, z kt\u00f3rego doch\u00f3d b\u0119dzie wsparciem dla polskich misjonarzy i naszych rodak\u00f3w na wschodzie.<\/li><li>W minionym tygodniu po\u017cegnali\u015bmy z naszej wsp\u00f3lnoty parafialnej <br><br>\u2020 \u015bp. <em>Stanis\u0142awa Suszy\u0144skiego<\/em> <br><br><em>Wieczny odpoczynek racz Mu da\u0107 Panie\u2026<\/em><\/li><\/ol>\n\n\n\n<p><\/p>\n\n\n\n<p><\/p>\n\n\n\n<figure class=\"wp-block-image\"><img decoding=\"async\" src=\"http:\/\/rafalk-elblag.pl\/wp-content\/uploads\/2020\/04\/baner-intencje-mszy.jpg\" alt=\"\"\/><\/figure>\n\n\n\n<h1 class=\"wp-block-heading\">Intencje mszalne 30.10.2022r<\/h1>\n\n\n\n<p><br><\/p>\n\n\n\n<p><strong>PONIEDZIA\u0141EK \/ 31 pa\u017adziernika 2022r.<\/strong><br>8.00 Za Zbigniewa JACKIEWICZA, jego \u017con\u0119 Wies\u0142aw\u0119, dzieci i wnuk\u00f3w o wiar\u0119, nadziej\u0119 i mi\u0142o\u015b\u0107<br>18.00 \u2020 Grzegorz<br>18.00 \u2020 Robert WI\u015aNIEWSKI (29 rocznica \u015bmierci), rodzice z obojga stron i zmarli z rodziny<\/p>\n\n\n\n<p><strong>WTOREK \/ 1 listopada 2022r. Uroczysto\u015b\u0107 Wszystkich \u015awi\u0119tych<\/strong><br>8.00 \u2020 Halina P\u0104CZKOWSKA (23 rocznica \u015bmierci)<br>8.00 \u2020 Irena, Antoni, W\u0142adys\u0142aw i zmarli z rodzin BIELSKICH i KOZ\u0141OWSKICH<br>10.00 \u2020 Gra\u017cyna DALIDOWICZ; Cezary, Janina, Mieczys\u0142aw, Bogdan, Lucjan i Jan<br>12.00 W intencji Parafian<br>18.00 \u2020 Msza \u015bw. zbiorowa za zmar\u0142ych<\/p>\n\n\n\n<p><strong>\u015aRODA \/ 2 listopada 2022r. Wspomnienie wszystkich wiernych zmar\u0142ych<\/strong><br>8.00 \u2020 Dariusz MORZY<br>11.00 \u2020 Cecylia KOCEMBA (w 30 rocznic\u0119 \u015bmierci); Stanis\u0142aw KOCEMBA (w 34 rocznic\u0119 \u015bmierci); Ewa KOCEMBA, Franciszek SZOT<br>18.00 \u2020 Msza \u015bw. zbiorowa za zmar\u0142ych<\/p>\n\n\n\n<p><strong>CZWARTEK \/ 3 listopada 2022r.<\/strong><br>8.00 O Bo\u017ce b\u0142. dla Wsp\u00f3lnoty Przemienienie<br>18.00 O powo\u0142ania kap\u0142a\u0144skie i zakonne<br>18.00 \u2020 Msza \u015bw. zbiorowa za zmar\u0142ych<\/p>\n\n\n\n<p><strong>PI\u0104TEK \/ 4 listopada 2022r. \u015bw. Karola Boromeusza<\/strong><br>8.00 \u2020 Za dusze w czy\u015b\u0107cu cierpi\u0105ce<br>16.30 W intencji czcicieli Naj\u015bwi\u0119tszego Serca Pana Jezusa<br>18.00 \u2020 Irena SUL\u017bYCKA (w 15 rocznic\u0119 \u015bmierci), Kazimierz SUL\u017bYCKI<br>18.00 \u2020 Msza \u015bw. zbiorowa za zmar\u0142ych<\/p>\n\n\n\n<p><strong>SOBOTA \/ 5 listopada 2022r.<\/strong><br>8.00 \u2020 Anastazja i Bernard HUSZCZA, Emilia i Feliks SONGIN (w kolejne rocznice \u015bmierci)<br>18.00 O nowe powo\u0142ania kap\u0142a\u0144skie i zakonne oraz potrzebne \u0142aski dla seminarzyst\u00f3w, wyk\u0142adowc\u00f3w i wychowawc\u00f3w oraz kap\u0142an\u00f3w pracuj\u0105cych w naszej parafii (intencja od IV R\u00f3\u017cy: Matki Bo\u017cej Cz\u0119stochowskiej)<br>18.00 \u2020 Msza \u015bw. zbiorowa za zmar\u0142ych<\/p>\n\n\n\n<p><strong>XXXII NIEDZIELA ZWYK\u0141A \/ 6 listopada 2022 r.<\/strong><br>8.00 O do\u015bwiadczenie Bo\u017cej mi\u0142o\u015bci dla Karliny [k] i Sebastania<br>10.00 \u2020 Marek MALINOWSKI (w 2 rocznic\u0119 \u015bmierci)<br>10.00 \u2020 Zmarli z rodziny: KALINOWSKICH, W\u0118GLERSKICH, BESZCZY\u0143SKICH, W\u0104SIEWICZ, WASIELEWSKICH, CHMIELEWIC<br>12.00 W intencji Parafian<br>15.00 \u2020 Krystyna KONDRAT (w 5 rocznic\u0119 \u015bmierci), Zofia i Witold HUSZCZA<br>18.00 \u2020 Msza \u015bw. zbiorowa za zmar\u0142ych<\/p>\n","protected":false},"excerpt":{"rendered":"<p>Ewangelia (\u0141k 19, 1-10) Nawr\u00f3cenie Zacheusza S\u0142owa Ewangelii wed\u0142ug \u015awi\u0119tego \u0141ukasza Jezus wszed\u0142 do Jerycha i przechodzi\u0142 przez miasto. A pewien cz\u0142owiek, imieniem Zacheusz, kt\u00f3ry by\u0142 zwierzchnikiem celnik\u00f3w i by\u0142 bardzo bogaty, chcia\u0142 koniecznie zobaczy\u0107 Jezusa, kt\u00f3\u017c to jest, ale sam nie m\u00f3g\u0142 z powodu t\u0142umu, gdy\u017c by\u0142 niskiego wzrostu. Pobieg\u0142 wi\u0119c naprz\u00f3d i wspi\u0105\u0142 [&hellip;]<\/p>\n","protected":false},"author":1,"featured_media":4843,"comment_status":"closed","ping_status":"closed","sticky":false,"template":"","format":"standard","meta":{"ngg_post_thumbnail":0,"footnotes":""},"categories":[11,8,4,3],"tags":[],"class_list":["post-4842","post","type-post","status-publish","format-standard","has-post-thumbnail","hentry","category-aktualnosci","category-blog","category-intencje","category-ogloszenia"],"_links":{"self":[{"href":"https:\/\/rafalk-elblag.pl\/index.php?rest_route=\/wp\/v2\/posts\/4842","targetHints":{"allow":["GET"]}}],"collection":[{"href":"https:\/\/rafalk-elblag.pl\/index.php?rest_route=\/wp\/v2\/posts"}],"about":[{"href":"https:\/\/rafalk-elblag.pl\/index.php?rest_route=\/wp\/v2\/types\/post"}],"author":[{"embeddable":true,"href":"https:\/\/rafalk-elblag.pl\/index.php?rest_route=\/wp\/v2\/users\/1"}],"replies":[{"embeddable":true,"href":"https:\/\/rafalk-elblag.pl\/index.php?rest_route=%2Fwp%2Fv2%2Fcomments&post=4842"}],"version-history":[{"count":3,"href":"https:\/\/rafalk-elblag.pl\/index.php?rest_route=\/wp\/v2\/posts\/4842\/revisions"}],"predecessor-version":[{"id":4847,"href":"https:\/\/rafalk-elblag.pl\/index.php?rest_route=\/wp\/v2\/posts\/4842\/revisions\/4847"}],"wp:featuredmedia":[{"embeddable":true,"href":"https:\/\/rafalk-elblag.pl\/index.php?rest_route=\/wp\/v2\/media\/4843"}],"wp:attachment":[{"href":"https:\/\/rafalk-elblag.pl\/index.php?rest_route=%2Fwp%2Fv2%2Fmedia&parent=4842"}],"wp:term":[{"taxonomy":"category","embeddable":true,"href":"https:\/\/rafalk-elblag.pl\/index.php?rest_route=%2Fwp%2Fv2%2Fcategories&post=4842"},{"taxonomy":"post_tag","embeddable":true,"href":"https:\/\/rafalk-elblag.pl\/index.php?rest_route=%2Fwp%2Fv2%2Ftags&post=4842"}],"curies":[{"name":"wp","href":"https:\/\/api.w.org\/{rel}","templated":true}]}}