{"id":4837,"date":"2022-10-23T16:50:00","date_gmt":"2022-10-23T16:50:00","guid":{"rendered":"http:\/\/rafalk-elblag.pl\/?p=4837"},"modified":"2022-10-24T17:09:37","modified_gmt":"2022-10-24T17:09:37","slug":"ogloszenia-23-10-2022-xxix-niedziela-zwykla","status":"publish","type":"post","link":"https:\/\/rafalk-elblag.pl\/?p=4837","title":{"rendered":"Og\u0142oszenia 23.10.2022, XXX Niedziela Zwyk\u0142a"},"content":{"rendered":"\n<figure class=\"wp-block-embed is-type-video is-provider-youtube wp-block-embed-youtube wp-embed-aspect-16-9 wp-has-aspect-ratio\"><div class=\"wp-block-embed__wrapper\">\n<iframe loading=\"lazy\" title=\"Pokora to prawda.\" width=\"900\" height=\"506\" src=\"https:\/\/www.youtube.com\/embed\/wmSOE68uais?feature=oembed\" frameborder=\"0\" allow=\"accelerometer; autoplay; clipboard-write; encrypted-media; gyroscope; picture-in-picture\" allowfullscreen><\/iframe>\n<\/div><\/figure>\n\n\n\n<h1 class=\"wp-block-heading\">Ewangelia (\u0141k 18, 9-14)\nPrzypowie\u015b\u0107 o faryzeuszu i celniku<\/h1>\n\n\n\n<p> S\u0142owa Ewangelii wed\u0142ug \u015awi\u0119tego \u0141ukasza <\/p>\n\n\n\n<p> Jezus opowiedzia\u0142 niekt\u00f3rym, co dufni byli w siebie, \u017ce s\u0105 sprawiedliwi, a innymi gardzili, t\u0119 przypowie\u015b\u0107: <\/p>\n\n\n\n<p>\u00abDw\u00f3ch ludzi przysz\u0142o do \u015bwi\u0105tyni, \u017ceby si\u0119 modli\u0107, jeden faryzeusz, a drugi celnik. Faryzeusz stan\u0105\u0142 i tak w duszy si\u0119 modli\u0142: \u201eBo\u017ce, dzi\u0119kuj\u0119 Ci, \u017ce nie jestem jak inni ludzie: zdziercy, niesprawiedliwi, cudzo\u0142o\u017cnicy, albo jak i ten celnik. Zachowuj\u0119 post dwa razy w tygodniu, daj\u0119 dziesi\u0119cin\u0119 ze wszystkiego, co nabywam\u201d. A celnik sta\u0142 z daleka i nie \u015bmia\u0142 nawet oczu wznie\u015b\u0107 ku niebu, lecz bi\u0142 si\u0119 w piersi, m\u00f3wi\u0105c: \u201eBo\u017ce, miej lito\u015b\u0107 dla mnie, grzesznika!\u201d <\/p>\n\n\n\n<p>Powiadam wam: Ten odszed\u0142 do domu usprawiedliwiony, nie tamten. Ka\u017cdy bowiem, kto si\u0119 wywy\u017csza, b\u0119dzie poni\u017cony, a kto si\u0119 uni\u017ca, b\u0119dzie wywy\u017cszony\u00bb. <\/p>\n\n\n\n<h1 class=\"wp-block-heading\"><strong><strong><strong>Wszystkich \u015awi\u0119tych i Dzie\u0144 Zaduszny<\/strong><\/strong><\/strong><\/h1>\n\n\n\n<p><strong>Dzie\u0144 1 listopada przypomina prawd\u0119 o powszechnym powo\u0142aniu do \u015bwi\u0119to\u015bci.<\/strong> Ka\u017cdy z wierz\u0105cych, niezale\u017cnie od konkretnej drogi \u017cycia: ma\u0142\u017ce\u0144stwa, kap\u0142a\u0144stwa czy \u017cycia konsekrowanego jest powo\u0142any do \u015bwi\u0119to\u015bci. Tej pe\u0142ni cz\u0142owiecze\u0144stwa nie mo\u017cna osi\u0105gn\u0105\u0107 w\u0142asnymi si\u0142ami. Konieczna jest pomoc \u0142aski Bo\u017cej, czyli dar Boga. Poniewa\u017c Stw\u00f3rca powo\u0142uje do \u015bwi\u0119to\u015bci wszystkich, tak\u017ce ka\u017cdemu cz\u0142owiekowi pomaga sw\u0105 \u0142ask\u0105. <strong>Teologia wskazuje, i\u017c ka\u017cdy otrzyma\u0142 dar odkupienia, bo Jezus Chrystus z\u0142o\u017cy\u0142 ofiar\u0119 za wszystkich ludzi. Od ka\u017cdego z nas jednak zale\u017cy, w jakim stopniu przyjmie od Boga dar \u015bwi\u0119to\u015bci.<\/strong><\/p>\n\n\n\n<p>Uroczysto\u015b\u0107 Wszystkich \u015awi\u0119tych zdecydowanie r\u00f3\u017cni si\u0119 od Dnia Zadusznego (wspomnienia Wszystkich Wiernych Zmar\u0142ych) przypadaj\u0105cego na 2 listopada. Razem jednak <strong>Dzie\u0144 Wszystkich \u015awi\u0119tych i Dzie\u0144 Zaduszny przypominaj\u0105 prawd\u0119 o wsp\u00f3lnocie Ko\u015bcio\u0142a, obejmuj\u0105cej \u015bwi\u0119tych w niebie, pokutuj\u0105cych w czy\u015b\u0107cu i \u017cyj\u0105cych jeszcze na ziemi.<\/strong> W\u015br\u00f3d tych trzech stan\u00f3w Ko\u015bcio\u0142a dokonuje si\u0119, poprzez modlitw\u0119, pami\u0119\u0107 czy ofiar\u0119, ci\u0105g\u0142a wymiana d\u00f3br duchowych. W tej \u0142\u0105czno\u015bci (komunii) wyra\u017ca si\u0119 \u015bwi\u0119tych obcowanie.<\/p>\n\n\n\n<p>Wspomnienie Wszystkich \u015awi\u0119tych ma \u017ar\u00f3d\u0142o w kulcie m\u0119czennik\u00f3w.\u00a0Pami\u0119\u0107 o tych, kt\u00f3rzy krwi\u0105 potwierdzili swoj\u0105 wiar\u0119, by\u0142a<br>w pierwszych gminach chrze\u015bcija\u0144skich pieczo\u0142owicie przechowywana. Ka\u017cda z lokalnych wsp\u00f3lnot posiada\u0142a spis swoich m\u0119czennik\u00f3w, kt\u00f3rzy przez sam fakt m\u0119cze\u0144stwa stawali si\u0119 bliskimi Chrystusa, dlatego ich wstawiennictwo nabiera\u0142o szczeg\u00f3lnej mocy. Stopniowo do tych list dopisywano imiona nie tylko m\u0119czennik\u00f3w, ale te\u017c innych os\u00f3b odznaczaj\u0105cych si\u0119 szczeg\u00f3ln\u0105 \u015bwi\u0119to\u015bci\u0105 (wyznawc\u00f3w).<\/p>\n\n\n\n<p>Wielu \u015bwi\u0119tych \u2013 w ka\u017cdym wieku \u017cycia i z wszystkich stan\u00f3w \u2013 zosta\u0142o uznanych przez Ko\u015bci\u00f3\u0142 i wspominamy ich jako or\u0119downik\u00f3w w licznych potrzebach. Jednak w Uroczysto\u015b\u0107 Wszystkich \u015awi\u0119tych \u015bwi\u0119tujemy i upraszamy o pomoc t\u0119 niezliczon\u0105 rzesz\u0119, kt\u00f3ra zdoby\u0142a niebo siej\u0105c na ziemi rado\u015b\u0107 i mi\u0142o\u015b\u0107. Wspominamy tych, kt\u00f3rzy byli w\u015br\u00f3d nas, wykonywali mo\u017ce prac\u0119 podobn\u0105 do naszej. By\u0107 mo\u017ce napotykali trudno\u015bci podobne do naszych. \u201eO\u015bwiecony wiar\u0105 wzrok raduje si\u0119 wspania\u0142ym widokiem tak wielu \u015bwieckich, m\u0119\u017cczyzn i kobiet, kt\u00f3rzy cz\u0119sto nie zauwa\u017cani lub wr\u0119cz nie rozumiani, obcy wielkim tego \u015bwiata, lecz bliscy kochaj\u0105cemu ich Ojcu, s\u0105 w normalnym \u017cyciu, w\u015br\u00f3d codziennych zaj\u0119\u0107, niestrudzonymi robotnikami pracuj\u0105cymi w winnicy Pa\u0144skiej, pokornymi, lecz pot\u0119\u017cnymi moc\u0105 Bo\u017cej \u0142aski sprawcami rozszerzania w dziejach Kr\u00f3lestwa Bo\u017cego\u201d jak napisa\u0142 \u015bw. Jan Pawe\u0142 II. S\u0105 to ostatecznie ci, kt\u00f3rzy potrafili \u201ezachowywa\u0107 w \u017cyciu i w pe\u0142ni urzeczywistnia\u0107 \u015bwi\u0119to\u015b\u0107, kt\u00f3r\u0105 otrzymali z daru Bo\u017cego\u201d\u00a0na chrzcie.<\/p>\n\n\n\n<p><strong>Kult \u015awi\u0119tych pomna\u017ca cze\u015b\u0107 Pana Boga.<\/strong> \u015awi\u0119tych Pa\u0144skich czcimy ze wzgl\u0119du na Pana Boga, kt\u00f3rego oni &#8222;reprezentuj\u0105&#8221;. Tak wi\u0119c nie bezpo\u015brednio, lecz po\u015brednio przez nich kierujemy kult ku Panu Bogu. Ko\u015bci\u00f3\u0142 oddaje cze\u015b\u0107 \u015bwi\u0119tym w r\u00f3\u017cnym stopniu. I tak na pierwszym miejscu stawia Naj\u015bwi\u0119tsz\u0105 Maryj\u0119 Pann\u0119, nast\u0119pnie \u015bwi\u0119tych: J\u00f3zefa i Jana Chrzciciela, dalej Aposto\u0142\u00f3w, w\u015br\u00f3d kt\u00f3rych \u015awi\u0119ci Piotr i Pawe\u0142 maj\u0105 uprzywilejowane miejsce. Najwi\u0119cej jest \u015bwi\u0119tych lokalnych, kt\u00f3rzy odbieraj\u0105 szczeg\u00f3ln\u0105 cze\u015b\u0107: w zakonie, w narodzie, w pa\u0144stwie czy w diecezji, gdzie si\u0119 ws\u0142awili m\u0119cze\u0144stwem za wiar\u0119 lub niezwyk\u0142\u0105 cnot\u0105.<\/p>\n\n\n\n<p>Wspomnienie Wszystkich Wiernych Zmar\u0142ych Ko\u015bci\u00f3\u0142 obchodzi 2 listopada i w tradycji polskiej dzie\u0144 ten jest nazywany Dniem Zadusznym. To wspomnienie wprowadzi\u0142 opat benedyktyn\u00f3w w Cluny we Francji, \u015bw. Odilon (Odylon). On to w 998 r. zarz\u0105dzi\u0142 modlitwy za dusze wszystkich zmar\u0142ych w dniu 2 listopada. Termin ten i sama idea szybko rozprzestrzeni\u0142y si\u0119 we Francji, Anglii, Niemczech, Italii. W XIII w. zwyczaj ten w Ko\u015bciele rzymskim sta\u0142 si\u0119 powszechny.<\/p>\n\n\n\n<p>Katechizm Ko\u015bcio\u0142a Katolickiego wyja\u015bnia, \u017ce &#8222;grzech ma podw\u00f3jny skutek. <strong>Grzech ci\u0119\u017cki pozbawia nas komunii z Bogiem, a przez to zamyka nam dost\u0119p do \u017cycia wiecznego. Ka\u017cdy grzech, nawet powszedni (&#8230;), wymaga oczyszczenia albo na ziemi albo po \u015bmierci, w stanie zwanym czy\u015b\u0107cowym&#8221;. W zwi\u0105zku z tym, istnieje konieczno\u015b\u0107 modlitwy za zmar\u0142ych, by przyj\u015b\u0107 im z pomoc\u0105, skr\u00f3ci\u0107 ich cierpienia w czy\u015b\u0107cu i wesprze\u0107 w osi\u0105gni\u0119ciu nieba.<\/strong><\/p>\n\n\n\n<p>Zupe\u0142nie inny, niechrze\u015bcija\u0144ski obraz \u015bmierci ukazuje natomiast obchodzenie \u201eHalloween\u201d. Przeciwko jego \u015bwi\u0119towaniu wypowiedzia\u0142 si\u0119 papie\u017c Benedykt XVI w 2009 roku, okre\u015blaj\u0105c je jako '\u015bwi\u0119to antychrze\u015bcija\u0144skie i niebezpieczne\u2019, kt\u00f3re 'promuje kultur\u0119 \u015bmierci\u2019 i 'popycha nowe pokolenia w kierunku mentalno\u015bci ezoterycznej, magii, atakuje \u015bwi\u0119te i duchowe warto\u015bci. Przed jego obchodzeniem ostrzegaj\u0105 tak\u017ce egzorcy\u015bci: Halloween nie jest niewinn\u0105, beztrosk\u0105 zabaw\u0105, ale grozi otwarciem si\u0119 na dzia\u0142anie z\u0142ych duch\u00f3w.<\/p>\n\n\n\n<p><\/p>\n\n\n\n<figure class=\"wp-block-image\"><a href=\"http:\/\/rafalk-elblag.pl\/wp-content\/uploads\/2021\/08\/ogloszenia-parafialne-baner-01a.jpg\"><img loading=\"lazy\" decoding=\"async\" width=\"720\" height=\"232\" src=\"http:\/\/rafalk-elblag.pl\/wp-content\/uploads\/2021\/08\/ogloszenia-parafialne-baner-01a.jpg\" alt=\"\" class=\"wp-image-4410\" srcset=\"https:\/\/rafalk-elblag.pl\/wp-content\/uploads\/2021\/08\/ogloszenia-parafialne-baner-01a.jpg 720w, https:\/\/rafalk-elblag.pl\/wp-content\/uploads\/2021\/08\/ogloszenia-parafialne-baner-01a-300x97.jpg 300w\" sizes=\"auto, (max-width: 720px) 100vw, 720px\" \/><\/a><\/figure>\n\n\n\n<h1 class=\"wp-block-heading\">Og\u0142oszenia parafialne 23.10.2022r<\/h1>\n\n\n\n<ol class=\"wp-block-list\"><li><strong>Przed nami ostatni tydzie\u0144 pa\u017adziernika.<\/strong> Zapraszamy na nabo\u017ce\u0144stwa z wystawieniem Naj\u015bwi\u0119tszego Sakramentu. Wierni, kt\u00f3rzy odmawiaj\u0105 cz\u0119\u015b\u0107 R\u00f3\u017ca\u0144ca (5 dziesi\u0105tek) w ko\u015bciele lub rodzinie mog\u0105 uzyska\u0107 <strong>ODPUST ZUPE\u0141NY<\/strong> pod zwyk\u0142ymi warunkami.<\/li><\/ol>\n\n\n\n<p><strong>ZAPRASZAMY DOROS\u0141YCH I M\u0141ODZIE\u017b NA GODZ. 17:15, <\/strong>a&nbsp;dzieci w spos\u00f3b szczeg\u00f3lny zapraszamy: <strong>we wtorek i czwartek o godz. 16:30.<\/strong><\/p>\n\n\n\n<ol class=\"wp-block-list\" start=\"2\"><li>Dzisiejsz\u0105 niedziel\u0105 rozpoczynamy <strong>96 TYDZIE\u0143 MISYJNY<\/strong> pod has\u0142em: <strong>\u201eB\u0118DZIECIE MOIMI \u015aWIADKAMI\u201d. <\/strong>Niech ka\u017cdy z nas poczuje si\u0119 odpowiedzialny za g\u0142oszenie Dobrej Nowiny. Pami\u0119tajmy w modlitwie o tych wszystkich, kt\u00f3rzy pracuj\u0105 na misjach: ks. Arkadiusz Grabowski (ROSJA), o.&nbsp;Dariusz Marut (MADAGASKAR). Ofiary z\u0142o\u017cone dzisiaj na tac\u0119 przeznaczone s\u0105 na Misje. <em>Dzi\u0119kuj\u0119 za wsparcie<br>i zrozumienie odpowiedzialno\u015bci za to dzie\u0142o.<\/em><\/li><li>Jak ka\u017cdego roku w listopadzie modli\u0107 si\u0119 b\u0119dziemy za naszych zmar\u0142ych. Koperty z kartkami na Msz\u0119 \u015bw. zbiorow\u0105 i wypominki znajdziemy przy BIULETYNIE. <strong>Prosimy o czytelne wype\u0142nianie kartek. MSZA \u015aW. ZBIOROWA ZA ZMAR\u0141YCH odprawiana b\u0119dzie przez ca\u0142y listopad o godz. 18:00. Druga kartka z napisem WYPOMINKI <\/strong>wyczytywana b\u0119dzie podczas Koronki do Mi\u0142osierdzia Bo\u017cego odmawianej przez ca\u0142y listopad bezpo\u015brednio po Mszy \u015bwi\u0119tej<\/li><\/ol>\n\n\n\n<p><strong>UWAGA !!!<\/strong> PROSIMY zaznaczy\u0107 na kartkach dat\u0119 (dzie\u0144), w jakim rodzina mo\u017ce spotka\u0107 si\u0119 w ko\u015bciele na wsp\u00f3lnej modlitwie.<\/p>\n\n\n\n<ol class=\"wp-block-list\" start=\"4\"><li><strong>Zach\u0119camy do udzia\u0142u w zbi\u00f3rce zu\u017cytego sprz\u0119tu elektrycznego i elektronicznego RTV i AGD<\/strong> (np. pralki, tv, komputery itp.). Zbi\u00f3rka odb\u0119dzie si\u0119 dnia <strong>25 pa\u017adziernika (wtorek) od godz. 18:00 do godz. 20:00<\/strong>. <em>Sprz\u0119t prosimy zostawia\u0107 na placu ko\u015bcielnym przy wej\u015bciu do piwnicy.<\/em> Przychody z akcji pozwol\u0105 na wsparcie Polskich Misjonarzy, kt\u00f3rzy prowadz\u0105 swoje misje w najbiedniejszych krajach \u015bwiata Zambii, Kamerunie, Kenii oraz naszym rodakom, kt\u00f3rzy pozostali na wschodzie (Ukrainie, Bia\u0142orusi, Kazachstanie).<\/li><li>Osoby przygotowuj\u0105ce si\u0119 do sakramentu bierzmowania: Grupa I, b\u0119dzie mia\u0142a spotkanie<br>w \u015brod\u0119 26 pa\u017adziernika o godzinie 18.45 w salce na plebanii.<\/li><li>W ostatni\u0105 niedziel\u0119 pa\u017adziernika wolontariusze Caritas b\u0119d\u0105 zbiera\u0107 przed ko\u015bcio\u0142em ofiary dla najubo\u017cszych i potrzebuj\u0105cych z naszej parafii. Przypominamy: Parafialny Oddzia\u0142 Caritas naszej parafii znajduje si\u0119 przy ul. Myliusa 1A i jest czynny w I i III czwartek miesi\u0105ca od godziny 16.00 do 17.00.<\/li><li>Zapraszamy do korzystania z<strong> Sakramentu Spowiedzi \u015awi\u0119tej w ci\u0105gu tygodniu: od godz. 7:45 oraz od godz. 17:30.<\/strong><\/li><li>W tym tygodniu odesz\u0142y do wieczno\u015bci: <br><br>\u2020 \u015bp. Helena Niewi\u0144ska <br>\u2020 \u015bp. El\u017cbieta Grudzi\u0144ska<br><br>Wieczny odpoczynek racz im da\u0107 Panie.<\/li><\/ol>\n\n\n\n<p><\/p>\n\n\n\n<figure class=\"wp-block-image\"><img decoding=\"async\" src=\"http:\/\/rafalk-elblag.pl\/wp-content\/uploads\/2020\/04\/baner-intencje-mszy.jpg\" alt=\"\"\/><\/figure>\n\n\n\n<h1 class=\"wp-block-heading\">Intencje mszalne 23.10.2022r<\/h1>\n\n\n\n<p><br><\/p>\n\n\n\n<p><strong>PONIEDZIA\u0141EK \/ 24 pa\u017adziernika 2022r.<\/strong><br>8.00 \u2020 Zuzanna ALBERCKA (24 greg.)<br>18.00 \u2020 Janina CYCHOWSKA (30 dzie\u0144 po pogrzebie)<\/p>\n\n\n\n<p><strong>WTOREK \/ 25 pa\u017adziernika 2022r.<\/strong><br>8.00 \u2020 Teresa i Jerzy WILCZY\u0143SCY<br>18.00 \u2020 Zuzanna ALBERCKA (25 greg.)<br>18.00 \u2020 Helena i Stanis\u0142aw PAJ\u0104K w rocznic\u0119 \u015bmierci<\/p>\n\n\n\n<p><strong>\u015aRODA \/ 26 pa\u017adziernika 2022r.<\/strong><br>8.00 Za Zbigniewa JACKIEWICZA, jego \u017con\u0119 Wies\u0142aw\u0119, dzieci i wnuk\u00f3w o wiar\u0119, nadziej\u0119 i mi\u0142o\u015b\u0107<br>18.00 W intencji ks. Sylwestra i Kr\u0119gu Biblijnego o Bo\u017ce b\u0142. i opiek\u0119 Matki Bo\u017cej oraz dary Ducha \u015awi\u0119tego<br>18.00 \u2020 Zuzanna ALBERCKA (26 greg.)<\/p>\n\n\n\n<p><strong>CZWARTEK \/ 27 pa\u017adziernika 2022r.<\/strong><br>8.00 \u2020 Zuzanna ALBERCKA (27 greg.)<br>18.00 \u2020 Grzegorz<br>18.00 \u2020 Jan KR\u00d3L w dniu ziemskich urodzin<\/p>\n\n\n\n<p><strong>PI\u0104TEK \/ 28 pa\u017adziernika 2022r.<\/strong><br>\u015bw. Aposto\u0142\u00f3w Szymona i Judy Tadeusza<br>8.00 \u2020 Zuzanna ALBERCKA (28 greg.)<br>18.00 \u2020 J\u00f3zef SEJMICKI (14 rocznica \u015bmierci)<br>18.00 O Bo\u017ce b\u0142., potrzebne \u0142aski i uzdrowienie dla Piotrka w 6 urodziny<\/p>\n\n\n\n<p><strong>SOBOTA \/ 29 pa\u017adziernika 2022r.<\/strong><br>8.00 \u2020 Zuzanna ALBERCKA (29 greg.)<br>18.00 \u2020 W\u0142odzimierz PURZYCKI w I rocznic\u0119 \u015bmierci<br>18.00 Dzi\u0119kczynna w 30 rocznic\u0119 urodzin Damiana BIELARZ, z pro\u015bb\u0105 o Bo\u017ce b\u0142. i potrzebne \u0142aski oraz opiek\u0119 Matki Bo\u017cej Szkaplerznej<\/p>\n\n\n\n<p><strong>XXXI NIEDZIELA ZWYK\u0141A \/ 30 pa\u017adziernika 2022 r.<\/strong><\/p>\n\n\n\n<p>8.00 \u2020 Genowefa, Halina, Joanna, Stanis\u0142aw, Barbara, Jan, J\u00f3zefa [k], Kazimierz, Anna, Stefan, Wera, Feliks<br>10.00 O Bo\u017ce b\u0142., zdrowie, potrzebne \u0142aski i opiek\u0119 Matki Bo\u017cej z okazji 18 urodzin dla Joanny<br>i bliskich jej sercu<br>12.00 W intencji Parafian<br>15.00 O Bo\u017ce b\u0142. i dary Ducha \u015awi\u0119tego dla opiekuna ks. prob. Wojciecha Zwolickiego, cz\u0142onk\u00f3w Apostolatu Bo\u017cego Mi\u0142osierdzia i wolontariuszy parafialnego Caritas<br>15.00 \u2020 Stefania [k] DUCH w 23 rocznic\u0119 \u015bmierci, Henryk GROSZEK w 34 rocznic\u0119 \u015bmierci<br>18.00 \u2020 Zuzanna ALBERCKA (30 greg.)<\/p>\n","protected":false},"excerpt":{"rendered":"<p>Ewangelia (\u0141k 18, 9-14) Przypowie\u015b\u0107 o faryzeuszu i celniku S\u0142owa Ewangelii wed\u0142ug \u015awi\u0119tego \u0141ukasza Jezus opowiedzia\u0142 niekt\u00f3rym, co dufni byli w siebie, \u017ce s\u0105 sprawiedliwi, a innymi gardzili, t\u0119 przypowie\u015b\u0107: \u00abDw\u00f3ch ludzi przysz\u0142o do \u015bwi\u0105tyni, \u017ceby si\u0119 modli\u0107, jeden faryzeusz, a drugi celnik. Faryzeusz stan\u0105\u0142 i tak w duszy si\u0119 modli\u0142: \u201eBo\u017ce, dzi\u0119kuj\u0119 Ci, \u017ce [&hellip;]<\/p>\n","protected":false},"author":1,"featured_media":4838,"comment_status":"closed","ping_status":"closed","sticky":false,"template":"","format":"standard","meta":{"ngg_post_thumbnail":0,"footnotes":""},"categories":[11,8,4,3],"tags":[],"class_list":["post-4837","post","type-post","status-publish","format-standard","has-post-thumbnail","hentry","category-aktualnosci","category-blog","category-intencje","category-ogloszenia"],"_links":{"self":[{"href":"https:\/\/rafalk-elblag.pl\/index.php?rest_route=\/wp\/v2\/posts\/4837","targetHints":{"allow":["GET"]}}],"collection":[{"href":"https:\/\/rafalk-elblag.pl\/index.php?rest_route=\/wp\/v2\/posts"}],"about":[{"href":"https:\/\/rafalk-elblag.pl\/index.php?rest_route=\/wp\/v2\/types\/post"}],"author":[{"embeddable":true,"href":"https:\/\/rafalk-elblag.pl\/index.php?rest_route=\/wp\/v2\/users\/1"}],"replies":[{"embeddable":true,"href":"https:\/\/rafalk-elblag.pl\/index.php?rest_route=%2Fwp%2Fv2%2Fcomments&post=4837"}],"version-history":[{"count":2,"href":"https:\/\/rafalk-elblag.pl\/index.php?rest_route=\/wp\/v2\/posts\/4837\/revisions"}],"predecessor-version":[{"id":4840,"href":"https:\/\/rafalk-elblag.pl\/index.php?rest_route=\/wp\/v2\/posts\/4837\/revisions\/4840"}],"wp:featuredmedia":[{"embeddable":true,"href":"https:\/\/rafalk-elblag.pl\/index.php?rest_route=\/wp\/v2\/media\/4838"}],"wp:attachment":[{"href":"https:\/\/rafalk-elblag.pl\/index.php?rest_route=%2Fwp%2Fv2%2Fmedia&parent=4837"}],"wp:term":[{"taxonomy":"category","embeddable":true,"href":"https:\/\/rafalk-elblag.pl\/index.php?rest_route=%2Fwp%2Fv2%2Fcategories&post=4837"},{"taxonomy":"post_tag","embeddable":true,"href":"https:\/\/rafalk-elblag.pl\/index.php?rest_route=%2Fwp%2Fv2%2Ftags&post=4837"}],"curies":[{"name":"wp","href":"https:\/\/api.w.org\/{rel}","templated":true}]}}