{"id":4833,"date":"2022-10-16T12:38:00","date_gmt":"2022-10-16T12:38:00","guid":{"rendered":"http:\/\/rafalk-elblag.pl\/?p=4833"},"modified":"2022-10-17T13:03:41","modified_gmt":"2022-10-17T13:03:41","slug":"ogloszenia-16-10-2022-xxix-niedziela-zwykla","status":"publish","type":"post","link":"https:\/\/rafalk-elblag.pl\/?p=4833","title":{"rendered":"Og\u0142oszenia 16.10.2022, XXIX Niedziela Zwyk\u0142a"},"content":{"rendered":"\n<figure class=\"wp-block-embed is-type-video is-provider-youtube wp-block-embed-youtube wp-embed-aspect-16-9 wp-has-aspect-ratio\"><div class=\"wp-block-embed__wrapper\">\n<iframe loading=\"lazy\" title=\"Wymaga\u0142, bo kocha\u0142 - ks. S\u0142awomir Kostrzewa\" width=\"900\" height=\"506\" src=\"https:\/\/www.youtube.com\/embed\/ot27LFRJRgQ?feature=oembed\" frameborder=\"0\" allow=\"accelerometer; autoplay; clipboard-write; encrypted-media; gyroscope; picture-in-picture\" allowfullscreen><\/iframe>\n<\/div><\/figure>\n\n\n\n<h1 class=\"wp-block-heading\">Ewangelia (\u0141k 18, 1-8)\nWytrwa\u0142o\u015b\u0107 w modlitwie<\/h1>\n\n\n\n<p> S\u0142owa Ewangelii wed\u0142ug \u015awi\u0119tego \u0141ukasza <\/p>\n\n\n\n<p>Jezus opowiedzia\u0142 swoim uczniom przypowie\u015b\u0107 o tym, \u017ce zawsze powinni si\u0119 modli\u0107 i nie ustawa\u0107: <\/p>\n\n\n\n<p>\u00abW pewnym mie\u015bcie \u017cy\u0142 s\u0119dzia, kt\u00f3ry Boga si\u0119 nie ba\u0142 i nie liczy\u0142 si\u0119 z lud\u017ami.  W tym samym mie\u015bcie \u017cy\u0142a wdowa, kt\u00f3ra przychodzi\u0142a do niego z pro\u015bb\u0105: \u201eObro\u0144 mnie przed moim przeciwnikiem!\u201d Przez pewien czas nie chcia\u0142; lecz potem rzek\u0142 do siebie: \u201eChocia\u017c Boga si\u0119 nie boj\u0119 ani z lud\u017ami si\u0119 nie licz\u0119, to jednak, poniewa\u017c naprzykrza mi si\u0119 ta wdowa, wezm\u0119 j\u0105 w obron\u0119, \u017ceby nie nachodzi\u0142a mnie bez ko\u0144ca i nie zadr\u0119cza\u0142a mnie\u201d\u00bb. <\/p>\n\n\n\n<p><br>I Pan doda\u0142: <\/p>\n\n\n\n<p>\u00abS\u0142uchajcie, co m\u00f3wi ten niesprawiedliwy s\u0119dzia. A B\u00f3g, czy\u017c nie we\u017amie w obron\u0119 swoich wybranych, kt\u00f3rzy dniem i noc\u0105 wo\u0142aj\u0105 do Niego, i czy b\u0119dzie zwleka\u0142 w ich sprawie? Powiadam wam, \u017ce pr\u0119dko we\u017amie ich w obron\u0119. Czy jednak Syn Cz\u0142owieczy znajdzie wiar\u0119 na ziemi, gdy przyjdzie?\u00bb <\/p>\n\n\n\n<h1 class=\"wp-block-heading\"><strong><strong>Zwi\u0105zany z duchowo\u015bci\u0105 karmelita\u0144sk\u0105<\/strong><\/strong><\/h1>\n\n\n\n<p>Ju\u017c 22 kwietnia 1979 r., zaledwie w sze\u015b\u0107 miesi\u0119cy po wyborze, Jan Pawe\u0142 II odwiedzi\u0142 prowadzony przez karmelit\u00f3w bosych Papieski Instytut Duchowo\u015bci \u201eTeresia\u00adnum\u201d w Rzymie. Powiedzia\u0142 wtenczas mi\u0119dzy innymi: \u201e<strong>Karmelit\u00f3w bosych znam od dziecka. Urodzi\u0142em si\u0119 bowiem w Wadowicach, gdzie znajduje si\u0119 wasz klasztor, s\u0142awny z tego, \u017ce przez pewien czas jego przeorem by\u0142 o. Rafa\u0142 Kalinowski.<\/strong> St\u0105d przyzwyczai\u0142em si\u0119 do waszego, tak charakterystycznego habitu, od pierwszych lat mojego \u017cycia. Ucz\u0119szcza\u0142em tak\u017ce do waszego ko\u015bcio\u0142a, bior\u0105c udzia\u0142 w odprawianych tam nabo\u017ce\u0144stwach\u201d.<\/p>\n\n\n\n<p>Kilka lat p\u00f3\u017aniej (22 stycznia 1982), tym razem w Kurii Generalnej Zakonu, Ojciec \u015awi\u0119ty wyzna\u0142, \u017ce wspomniana blisko\u015b\u0107 geograficzna przerodzi\u0142a si\u0119<br>w zwi\u0105zki duchowe, kt\u00f3re g\u0142\u0119boko wyry\u0142y si\u0119 w jego sercu. Powiedzia\u0142 bowiem: \u201eGdy spogl\u0105dam w m\u0105 przesz\u0142o\u015b\u0107 (\u2026), widz\u0119, \u017ce \u017cy\u0142em w Wadowicach w s\u0105siedztwie klasztoru karmelita\u0144skiego. Spotyka\u0142em karmelit\u00f3w jako dziecko, jako ch\u0142o\u00adpiec, w ich habitach, obserwowa\u0142em surowo\u015b\u0107 ich \u017cycia (\u2026). I musz\u0119 doda\u0107, \u017ce od ch\u0142opi\u0119cych lat chodzi\u0142em zawsze spowiada\u0107 si\u0119 do waszego ko\u015bcio\u0142a. (\u2026) Musz\u0119 wam powiedzie\u0107, \u017ce dali\u015bcie wielkie \u015bwiadectwo\u00a0pewnemu\u00a0ch\u0142opcu,\u00a0pewnemu m\u0142odzie\u0144cowi\u00a0[Papie\u017c m\u00f3wi o sobie]; \u015bwiadectwo, kt\u00f3re pozostawi\u0142o \u015blad na ca\u0142e jego \u017cycie\u201d.<\/p>\n\n\n\n<p>W ksi\u0105\u017cce\u00a0<em>Dar i Tajemnica<\/em>, napisanej w pi\u0119\u0107dziesi\u0105t\u0105 rocznic\u0119 \u015bwi\u0119ce\u0144 kap\u0142a\u0144skich, w 1996 roku, w kt\u00f3rej opisuje drog\u0119 swojego powo\u0142ania, wskazuje r\u00f3wnie\u017c na charakterystyczny dla tego powo\u0142ania element maryjny. W tym kontek\u015bcie Papie\u017c pisze o swoim nabo\u017ce\u0144stwie szkaplerznym: \u201cW Wadowicach by\u0142 Karmel, klasztor na G\u00f3rce, czasem swojego powstania zwi\u0105zany z postaci\u0105 \u015bw. Rafa\u0142a Kalinowskiego. Wadowiczanie licznie ucz\u0119szczali do tego klasztoru, a to oznacza\u0142o zwi\u0105zanie si\u0119 z\u00a0<em>tradycj\u0105 karmelita\u0144skiego szkaplerza<\/em>. Ja te\u017c zapisa\u0142em si\u0119 do szkaplerza maj\u0105c chyba 10 lat i do dzisiaj ten szkaplerz nosz\u0119. Do karmelit\u00f3w chodzi\u0142o si\u0119 tak\u017ce do spowiedzi. Tak wi\u0119c zar\u00f3wno ko\u015bci\u00f3\u0142 parafialny, jak i klasztor na G\u00f3rce kszta\u0142towa\u0142 moj\u0105 pobo\u017cno\u015b\u0107 maryjn\u0105 jako ch\u0142opca, a p\u00f3\u017aniej m\u0142odzie\u0144ca i gimnazjalisty, a\u017c do egzaminu dojrza\u0142o\u015bci\u201d.<\/p>\n\n\n\n<p>W nauczaniu Jana Paw\u0142a II znajdujemy wypowiedzi doktrynalne zawieraj\u0105ce teologi\u0119 szkaplerza. Przed\u0142o\u017cy\u0142 j\u0105 najpierw w swoim przem\u00f3wieniu do Kapitu\u0142y Generalnej Karmelit\u00f3w w 1983 r., kiedy to powiedzia\u0142, \u017ce \u201ew duchowo\u015bci karmelita\u0144skiej istnieje bardzo mocny i g\u0142\u0119boko zakorzeniony pierwiastek chrystocentryczno-maryjny: i\u015b\u0107 za Chrystusem na\u015bladuj\u0105c Maryj\u0119! (\u2026) A duchowo\u015b\u0107 ta ma sw\u00f3j widzialny znak w szkaplerzu\u201d. Nast\u0119pnie w przem\u00f3wieniu przed modlitw\u0105&nbsp;Anio\u0142 Pa\u0144ski&nbsp;w niedziel\u0119 24 lipca 1988 r., kiedy to w kontek\u015bcie Roku Maryjnego pielgrzymowa\u0142 duchowo do s\u0142ynnych sanktuari\u00f3w maryjnych \u015bwiata, w tym tak\u017ce na G\u00f3r\u0119 Karmel, Ojciec \u015awi\u0119ty doda\u0142, \u017ce <strong>\u201eszkaplerz jest przewodnikiem czu\u0142ej i synowskiej pobo\u017cno\u015bci maryjnej, poprzez kt\u00f3ry czciciele Maryi (\u2026) wyra\u017caj\u0105 pragnienie kszta\u0142towania swojego \u017cycia w oparciu o Jej przyk\u0142ad\u201d.<\/strong><\/p>\n\n\n\n<p>Jan Pawe\u0142 II by\u0142 postrzegany jako prawdziwy m\u0105\u017c modlitwy. Ju\u017c od samego dzieci\u0144stwa s\u0142ysza\u0142 wiele o \u015bwi\u0119tym Rafale Kalinowskim, kt\u00f3rego nazywano \u201echodz\u0105c\u0105 modlitw\u0105\u201d. P\u00f3\u017aniej pozna\u0142 przes\u0142anie hiszpa\u0144skich Mistyk\u00f3w Karmelu, tj. \u015bw. Teresy od Jezusa i \u015bw. Jana od Krzy\u017ca, kt\u00f3rych nazwa\u0142 \u201emistrzami swego \u017cycia wewn\u0119trznego\u201d, a tak\u017ce or\u0119dzie \u015bw. Teresy od Dzieci\u0105tka Jezus, kt\u00f3rej definicj\u0119 modlitwy przej\u0105\u0142 og\u0142oszony przez niego&nbsp;Katechizm Ko\u015bcio\u0142a Katolickiego&nbsp;(nr 2558).<\/p>\n\n\n\n<p>Kiedy \u015bw. Jan Pawe\u0142 II pielgrzymowa\u0142 w 1982 r. do Hiszpanii, w Avili powiedzia\u0142: <strong>\u201ePragn\u0119 tutaj bardziej jeszcze umocni\u0107 wi\u0119zy pobo\u017cno\u015bci \u0142\u0105cz\u0105ce mnie ze \u015bwi\u0119tymi Karmelu, kt\u00f3rzy \u017cyli na tej ziemi: ze \u015bw. Teres\u0105 od Jezusa i \u015bw. Janem od Krzy\u017ca. Czcz\u0119 w nich i podziwiam mistrz\u00f3w mojego \u017cycia wewn\u0119trznego\u201d.<\/strong><\/p>\n\n\n\n<p>Za\u015b przy grobie \u015bw. Jana od Krzy\u017ca w Segowii Jan Pawe\u0142 II podkre\u015bli\u0142: \u201eDzi\u0119ki sk\u0142adam Opatrzno\u015bci, kt\u00f3ra pozwoli\u0142a mi tu przyby\u0107, aby uczci\u0107 relikwie i przywo\u0142a\u0107 posta\u0107 i doktryn\u0119 \u015bw. Jana od Krzy\u017ca, kt\u00f3remu tyle zawdzi\u0119czam w mojej formacji duchowej. Pozna\u0142em go ju\u017c w m\u0142odo\u015bci i wszed\u0142em w duchowy kontakt z tym Mistrzem wiary, z jego dzie\u0142ami i my\u015bl\u0105, a\u017c do momentu kulminacyjnego, kt\u00f3rym by\u0142o napisanie pracy doktorskiej na temat wiary u \u015bw. Jana od Krzy\u017ca. Od tego czasu widzia\u0142em w nim przyjaciela i nauczyciela, wskazuj\u0105cego mi zawsze \u015bwiat\u0142o \u015bwiec\u0105ce w ciemno\u015bci i prowadz\u0105ce do Boga\u201d.<\/p>\n\n\n\n<p>Na czo\u0142o w duchowo\u015bci tej wybija si\u0119 praktyka modlitwy i poprzez ni\u0105 zjednoczenie Ojca \u015awi\u0119tego z Bogiem, kt\u00f3re by\u0142y prawdziwym \u017ar\u00f3d\u0142em bogactwa jego osobowo\u015bci i \u015bwiat\u0142a jego nauczania, a tak\u017ce jego niezmiernej odwagi i niezmordowanej dzia\u0142alno\u015bci apostolskiej, jak r\u00f3wnie\u017c jego naturalno\u015bci i bezpo\u015brednio\u015bci w kontaktach z lud\u017ami.<\/p>\n\n\n\n<p><\/p>\n\n\n\n<figure class=\"wp-block-image\"><a href=\"http:\/\/rafalk-elblag.pl\/wp-content\/uploads\/2021\/08\/ogloszenia-parafialne-baner-01a.jpg\"><img loading=\"lazy\" decoding=\"async\" width=\"720\" height=\"232\" src=\"http:\/\/rafalk-elblag.pl\/wp-content\/uploads\/2021\/08\/ogloszenia-parafialne-baner-01a.jpg\" alt=\"\" class=\"wp-image-4410\" srcset=\"https:\/\/rafalk-elblag.pl\/wp-content\/uploads\/2021\/08\/ogloszenia-parafialne-baner-01a.jpg 720w, https:\/\/rafalk-elblag.pl\/wp-content\/uploads\/2021\/08\/ogloszenia-parafialne-baner-01a-300x97.jpg 300w\" sizes=\"auto, (max-width: 720px) 100vw, 720px\" \/><\/a><\/figure>\n\n\n\n<h1 class=\"wp-block-heading\">Og\u0142oszenia parafialne 16.10.2022r<\/h1>\n\n\n\n<ol class=\"wp-block-list\"><li><strong>MIESI\u0104C R\u00d3\u017bA\u0143CA \u015aWI\u0118TEGO.<\/strong> Zapraszamy na nabo\u017ce\u0144stwa z wystawieniem Naj\u015bwi\u0119tszego Sakramentu. Wierni, kt\u00f3rzy odmawiaj\u0105 cz\u0119\u015b\u0107 R\u00f3\u017ca\u0144ca (5 dziesi\u0105tek) w ko\u015bciele lub rodzinie mog\u0105 uzyska\u0107 <strong>ODPUST ZUPE\u0141NY<\/strong>. Zapraszamy do wsp\u00f3lnej modlitwy: doros\u0142ych i m\u0142odzie\u017c <strong>o godz. 17:15<\/strong>, a\u00a0dzieci zapraszamy: <strong>we wtorki i czwartki o godz. 16:30.<\/strong><\/li><li><strong>Obchodzimy dzi\u015b XXII Dzie\u0144 Papieski pod has\u0142em \u201eBLASK PRAWDY\u201d. <\/strong>Z tej okazji m\u0142odzie\u017c przed ko\u015bcio\u0142em zbiera do puszek ofiary na stypendia w ramach Fundacji<em> Dzie\u0142o Nowego Tysi\u0105clecia.<\/em><\/li><li>Dnia 20. 10. 2022 roku, w ramach <strong>DNI PAPIESKICH,<\/strong> odb\u0119dzie si\u0119 kolejna edycja elbl\u0105skich <strong>TUUS\u00d3W<\/strong>. Gwiazd\u0105 uroczystej gali b\u0119dzie Elbl\u0105ska Orkiestra Kameralna. Koncert odb\u0119dzie si\u0119 hali sportowo-widowiskowej MOSIR ul. Grunwaldzka 135, o godz. 18:00. Dzisiaj przed ko\u015bcio\u0142em rozdawane s\u0105 darmowe bilety na powy\u017cszy koncert.\u00a0Bardzo prosz\u0119, aby osoby si\u0119gaj\u0105ce po bilet by\u0142y zdecydowane na p\u00f3j\u015bcie. \u00a0\u00a0\u00a0<\/li><li>Dzisiaj spotkanie Rodziny Szkaplerznej oraz dzie\u0144 modlitw za wstawiennictwem \u015bw. Jana Paw\u0142a II. <strong>W tym dniu 44 lat temu ca\u0142a Polska <\/strong>us\u0142ysza\u0142a s\u0142owa:<em><strong>Habemus Papam<\/strong><\/em><strong> obwieszczaj\u0105ce wyb\u00f3r Kard. Karola Wojty\u0142y na Stolic\u0119 Piotrow\u0105<\/strong>. <em>W tym dniu zapraszamy na wsp\u00f3lny R\u00f3\u017caniec o godz. 17:15 i Msz\u0119 \u015bw. o godz. 18.00 w czasie kt\u00f3rej b\u0119dzie mo\u017cliwo\u015b\u0107 przyj\u0105\u0107 SZKAPLESZ KARMELITA\u0143SKI.<\/em><\/li><li>We wtorek 18 pa\u017adziernika br. przypada \u015bwi\u0119to \u015awi\u0119tego \u0141ukasza Ewangelisty \u2013 PATRONA S\u0141U\u017bBY ZDROWIA. Ksi\u0105dz Biskup Elbl\u0105ski zaprasza tego dnia na Msz\u0119 \u015bw. o godz. 18:00 do Katedry \u015bw. Miko\u0142aja w intencji wszystkich lekarzy, piel\u0119gniarek i ca\u0142ego personelu medycznego.<\/li><li>Jak ka\u017cdego roku w listopadzie modli\u0107 si\u0119 b\u0119dziemy za naszych zmar\u0142ych. Dlatego dzisiaj przed ko\u015bcio\u0142em b\u0119d\u0105 rozdawane koperty, w kt\u00f3rych s\u0105 kartki na Msz\u0119 \u015bw. zbiorow\u0105<br>i wypominki. <strong>Prosimy o czytelne wype\u0142nianie kartek. Kartka z napisem MSZA \u015aW. ZBIOROWA ZA ZMAR\u0141YCH odprawiana b\u0119dzie przez ca\u0142y listopad o godz. 18:00. Druga kartka z napisem WYPOMINKI <\/strong>wyczytywana b\u0119dzie podczas Koronki do Mi\u0142osierdzia Bo\u017cego bezpo\u015brednio po zako\u0144czeniu Mszy \u015bw.<\/li><li><strong>UWAGA !!!<\/strong> PROSIMY zaznaczy\u0107 na kartce odMSZY \u015aW. ZBIOROWEJ ZA ZMAR\u0141YCH dat\u0119 (dzie\u0144), w kt\u00f3rym imiona i nazwiska naszych drogich zmar\u0142ych maj\u0105 by\u0107 wyczytane. <strong>Prosimy, by nie wyznacza\u0107 dnia 2 listopada,<\/strong> gdy\u017c ten dzie\u0144 przeznaczony b\u0119dzie na szczeg\u00f3lne nabo\u017ce\u0144stwo za wszystkich zmar\u0142ych z naszej parafii w ostatnim roku, tj. od 1listopada 2021 r. <em>Rodziny tych zmar\u0142ych zapraszamy do uczestnictwa w tym nabo\u017ce\u0144stwie, kt\u00f3re odprawimy 2 listopada o godz. 18:00.<\/em><\/li><li><strong>Rozpocz\u0105\u0142 si\u0119 sezon grzewczy<\/strong>, a wraz z nim wzros\u0142o ryzyko pojawienia si\u0119 \u015bmiertelnych przypadk\u00f3w zatru\u0107 tlenkiem w\u0119gla (czadem), z uwagi na niew\u0142a\u015bciwe eksploatowanie urz\u0105dze\u0144 grzewczych. W trosce o w\u0142asne bezpiecze\u0144stwo i bezpiecze\u0144stwo bliskich, warto rozwa\u017cy\u0107 te\u017c zamontowanie w domu czujek dymu i gazu. <em>Koszt zamontowania takich czujek jest niewsp\u00f3\u0142miernie niski do korzy\u015bci, jakie daje zastosowanie tego typu urz\u0105dze\u0144, \u0142\u0105cznie<br>z uratowaniem najwy\u017cszej warto\u015bci, jak\u0105 jest nasze \u017cycie.<\/em><\/li><li><strong>Zach\u0119camy do udzia\u0142u w zbi\u00f3rce zu\u017cytego sprz\u0119tu elektrycznego i elektronicznego RTV i AGD<\/strong> (np. pralki, tv, komputery itp.). Zbi\u00f3rka odb\u0119dzie si\u0119 dnia <strong>25 pa\u017adziernika (wtorek) od godz. 18:00 do godz. 20:00<\/strong>.<br><em>Sprz\u0119t prosimy zostawia\u0107 na placu ko\u015bcielnym przy wej\u015bciu do piwnicy.<\/em><\/li><\/ol>\n\n\n\n<ol class=\"wp-block-list\" start=\"10\"><li>Mamy ju\u017c mo\u017cliwo\u015b\u0107 zamawiania i rezerwacji Mszy \u015bwi\u0119tej <strong>na ROK 2023<\/strong>.<\/li><li>Zach\u0119camy do nabywania nowego numeru \u201eGo\u015bcia Niedzielnego\u201d w cenie 8 z\u0142. z dodatkiem \u201eGo\u015b\u0107 Elbl\u0105ski. Dzi\u015b r\u00f3wnie\u017c do nabycia pi\u0119kny kalendarz na 2023 rok w cenie 20 z\u0142.<\/li><\/ol>\n\n\n\n<p><\/p>\n\n\n\n<figure class=\"wp-block-image\"><img decoding=\"async\" src=\"http:\/\/rafalk-elblag.pl\/wp-content\/uploads\/2020\/04\/baner-intencje-mszy.jpg\" alt=\"\"\/><\/figure>\n\n\n\n<h1 class=\"wp-block-heading\">Intencje mszalne 09.10.2022r<\/h1>\n\n\n\n<p><br><\/p>\n\n\n\n<p><strong>PONIEDZIA\u0141EK \/ 17 pa\u017adziernika 2022r.<\/strong><br>\u015bw. Ignacego Antioche\u0144skiego<br>8.00 \u2020 Zuzanna ALBERCKA (17 greg.)<br>18.00 \u2020 Zenon TURKIEWICZ<\/p>\n\n\n\n<p><strong>WTOREK \/ 18 pa\u017adziernika 2022r.<\/strong><br>\u015bw. \u0141ukasza, ewangelisty<br>8.00 Za Zbigniewa JACKIEWICZA, jego \u017con\u0119 Wies\u0142aw\u0119, dzieci i wnuk\u00f3w o wiar\u0119, nadziej\u0119 i mi\u0142o\u015b\u0107<br>18.00 \u2020 Zuzanna ALBERCKA (18 greg.)<\/p>\n\n\n\n<p><strong>\u015aRODA \/ 19 pa\u017adziernika 2022r.<\/strong><br>8.00 \u2020 Zuzanna ALBERCKA (19 greg.)<br>18.00 O Bo\u017ce b\u0142., wszelkie potrzebne \u0142aski od Boga i nieustann\u0105 opiek\u0119 Matki Bo\u017cej dla Przemys\u0142awa z okazji urodzin<br>18.00 Dzi\u0119kczynna z okazji 50 rocznicy urodzin Bo\u017ceny, z pro\u015bb\u0105 o potrzebne \u0142aski, o siln\u0105 wiar\u0119 i opiek\u0119 Matki Bo\u017cej<\/p>\n\n\n\n<p><strong>CZWARTEK \/ 20 pa\u017adziernika 2022r.<\/strong><br>\u015bw. Jana Kantego<br>8.00 \u2020 Zuzanna ALBERCKA (20 greg.)<br>18.00 \u2020 Jadwiga ZUBRZYCKA (w 30 dzie\u0144 po pogrzebie)<br>18.00 \u2020 Henryk HACIK (w 5 rocznic\u0119 \u015bmierci)<\/p>\n\n\n\n<p><strong>PI\u0104TEK \/ 21 pa\u017adziernika 2022r.<\/strong><br>8.00 \u2020 Zuzanna ALBERCKA (21 greg.)<br>18.00 \u2020 Irena WILE\u0143SKA z okazji ziemskich imienin i zmar\u0142ych z rodzin WILE\u0143SKICH i  BARTOSIK\u00d3W<\/p>\n\n\n\n<p><strong>SOBOTA \/ 22 pa\u017adziernika 2022r.<\/strong><br>\u015bw. Jana Paw\u0142a II<br>8.00 \u2020 Dariusz MORZY<br>18.00 \u2020 Zuzanna ALBERCKA (22 greg.)<br>18.00 Dzi\u0119kczynna w 10 rocznic\u0119 \u015blubu Aleksandry i Piotra z pro\u015bb\u0105 o Bo\u017ce b\u0142., wszelkie potrzebne \u0142aski i opiek\u0119 Matki Bo\u017cej<\/p>\n\n\n\n<p><strong>XXVIII NIEDZIELA ZWYK\u0141A<\/strong><br>23 pa\u017adziernika 2022 r.<br>8.00 \u2020 Zuzanna ALBERCKA (23 greg.)<br>8.00 \u2020 Mieczys\u0142aw KINACH w 2 rocznic\u0119 \u015bmierci i zmar\u0142ych z rodzin KOWALCZYK, KINACH i GORSZONOWSKICH<br>10.00 Dzi\u0119kczynna z okazji urodzin Marcina KUROSAD z pro\u015bb\u0105 o potrzebne \u0142aski: wiary, nadziei i mi\u0142o\u015bci oraz opiek\u0119 Matki Bo\u017cej Szkaplerznej<br>12.00 W intencji Parafian<br>15.00 \u2020 Tomasz PE\u0141KA w 24 rocznic\u0119 \u015bmierci<br>18.00 \u2020 Jan KOSTRZEWA w 2 rocznic\u0119 \u015bmierci<\/p>\n","protected":false},"excerpt":{"rendered":"<p>Ewangelia (\u0141k 18, 1-8) Wytrwa\u0142o\u015b\u0107 w modlitwie S\u0142owa Ewangelii wed\u0142ug \u015awi\u0119tego \u0141ukasza Jezus opowiedzia\u0142 swoim uczniom przypowie\u015b\u0107 o tym, \u017ce zawsze powinni si\u0119 modli\u0107 i nie ustawa\u0107: \u00abW pewnym mie\u015bcie \u017cy\u0142 s\u0119dzia, kt\u00f3ry Boga si\u0119 nie ba\u0142 i nie liczy\u0142 si\u0119 z lud\u017ami. W tym samym mie\u015bcie \u017cy\u0142a wdowa, kt\u00f3ra przychodzi\u0142a do niego z pro\u015bb\u0105: [&hellip;]<\/p>\n","protected":false},"author":1,"featured_media":4834,"comment_status":"closed","ping_status":"closed","sticky":false,"template":"","format":"standard","meta":{"ngg_post_thumbnail":0,"footnotes":""},"categories":[11,8,4,3],"tags":[],"class_list":["post-4833","post","type-post","status-publish","format-standard","has-post-thumbnail","hentry","category-aktualnosci","category-blog","category-intencje","category-ogloszenia"],"_links":{"self":[{"href":"https:\/\/rafalk-elblag.pl\/index.php?rest_route=\/wp\/v2\/posts\/4833","targetHints":{"allow":["GET"]}}],"collection":[{"href":"https:\/\/rafalk-elblag.pl\/index.php?rest_route=\/wp\/v2\/posts"}],"about":[{"href":"https:\/\/rafalk-elblag.pl\/index.php?rest_route=\/wp\/v2\/types\/post"}],"author":[{"embeddable":true,"href":"https:\/\/rafalk-elblag.pl\/index.php?rest_route=\/wp\/v2\/users\/1"}],"replies":[{"embeddable":true,"href":"https:\/\/rafalk-elblag.pl\/index.php?rest_route=%2Fwp%2Fv2%2Fcomments&post=4833"}],"version-history":[{"count":1,"href":"https:\/\/rafalk-elblag.pl\/index.php?rest_route=\/wp\/v2\/posts\/4833\/revisions"}],"predecessor-version":[{"id":4835,"href":"https:\/\/rafalk-elblag.pl\/index.php?rest_route=\/wp\/v2\/posts\/4833\/revisions\/4835"}],"wp:featuredmedia":[{"embeddable":true,"href":"https:\/\/rafalk-elblag.pl\/index.php?rest_route=\/wp\/v2\/media\/4834"}],"wp:attachment":[{"href":"https:\/\/rafalk-elblag.pl\/index.php?rest_route=%2Fwp%2Fv2%2Fmedia&parent=4833"}],"wp:term":[{"taxonomy":"category","embeddable":true,"href":"https:\/\/rafalk-elblag.pl\/index.php?rest_route=%2Fwp%2Fv2%2Fcategories&post=4833"},{"taxonomy":"post_tag","embeddable":true,"href":"https:\/\/rafalk-elblag.pl\/index.php?rest_route=%2Fwp%2Fv2%2Ftags&post=4833"}],"curies":[{"name":"wp","href":"https:\/\/api.w.org\/{rel}","templated":true}]}}