{"id":4815,"date":"2022-10-09T07:35:00","date_gmt":"2022-10-09T07:35:00","guid":{"rendered":"http:\/\/rafalk-elblag.pl\/?p=4815"},"modified":"2022-10-11T07:48:49","modified_gmt":"2022-10-11T07:48:49","slug":"ogloszenia-09-10-2022-xxviii-niedziela-zwykla-2","status":"publish","type":"post","link":"https:\/\/rafalk-elblag.pl\/?p=4815","title":{"rendered":"Og\u0142oszenia 09.10.2022, XXVIII Niedziela Zwyk\u0142a"},"content":{"rendered":"\n<figure class=\"wp-block-embed is-type-video is-provider-youtube wp-block-embed-youtube wp-embed-aspect-16-9 wp-has-aspect-ratio\"><div class=\"wp-block-embed__wrapper\">\n<iframe loading=\"lazy\" title=\"wdzi\u0119czno\u015b\u0107 Bogu i ludziom\" width=\"900\" height=\"506\" src=\"https:\/\/www.youtube.com\/embed\/RPjMfOSAgU0?feature=oembed\" frameborder=\"0\" allow=\"accelerometer; autoplay; clipboard-write; encrypted-media; gyroscope; picture-in-picture\" allowfullscreen><\/iframe>\n<\/div><\/figure>\n\n\n\n<h1 class=\"wp-block-heading\">Ewangelia (\u0141k 17, 11-19)\nNiewdzi\u0119czno\u015b\u0107 uzdrowionych z tr\u0105du<\/h1>\n\n\n\n<p> S\u0142owa Ewangelii wed\u0142ug \u015awi\u0119tego \u0141ukasza <\/p>\n\n\n\n<p> \n\nZdarzy\u0142o si\u0119, \u017ce Jezus, zmierzaj\u0105c do Jeruzalem, przechodzi\u0142 przez pogranicze Samarii i Galilei.\n\nGdy wchodzili do pewnej wsi, wysz\u0142o naprzeciw Niego dziesi\u0119ciu tr\u0119dowatych. Zatrzymali si\u0119 z daleka i g\u0142o\u015bno zawo\u0142ali: \u00abJezusie, Mistrzu, ulituj si\u0119 nad nami!\u00bb Na ten widok rzek\u0142 do nich: \u00abId\u017acie, poka\u017ccie si\u0119 kap\u0142anom!\u00bb A gdy szli, zostali oczyszczeni.\n\nWtedy jeden z nich, widz\u0105c, \u017ce jest uzdrowiony, wr\u00f3ci\u0142, chwal\u0105c Boga dono\u015bnym g\u0142osem, pad\u0142 na twarz u Jego n\u00f3g i dzi\u0119kowa\u0142 Mu. A by\u0142 to Samarytanin.\n\nJezus za\u015b rzek\u0142: \u00abCzy\u017c nie dziesi\u0119ciu zosta\u0142o oczyszczonych? Gdzie jest dziewi\u0119ciu? Czy si\u0119 nie znalaz\u0142 nikt, kto by wr\u00f3ci\u0142 i odda\u0142 chwa\u0142\u0119 Bogu, tylko ten cudzoziemiec?\u00bb Do niego za\u015b rzek\u0142: \u00abWsta\u0144, id\u017a, twoja wiara ci\u0119 uzdrowi\u0142a\u00bb.\n<\/p>\n\n\n\n<h1 class=\"wp-block-heading\"><strong>\u015aw. Teresa z Avila<\/strong><\/h1>\n\n\n\n<p>Teresa de Ahumada urodzi\u0142a si\u0119 w \u00c1vila w Hiszpanii w 1515 roku. Przysz\u0142a na \u015bwiat w rodzinie wielodzietnej. Gdy by\u0142a jeszcze dzieckiem, niespe\u0142na dziewi\u0119cioletnim, przeczyta\u0142a \u017cywoty kilku m\u0119czennik\u00f3w, kt\u00f3re wzbudzi\u0142y w niej pragnienie m\u0119cze\u0144stwa. <strong>\u201eChc\u0119 zobaczy\u0107 Boga\u201d<\/strong> \u2013 m\u00f3wi\u0142a dziewczynka do rodzic\u00f3w. Kilka lat p\u00f3\u017aniej Teresa opowie o lekturach swojego dzieci\u0144stwa, twierdz\u0105c, \u017ce odkry\u0142a w nich prawd\u0119, kt\u00f3ra zawiera si\u0119 w dw\u00f3ch podstawowych zasadach: z jednej strony jest to \u201efakt, \u017ce <strong>wszystko, co nale\u017cy do tego \u015bwiata, przemija<\/strong>\u201d, z drugiej \u2013 tylko <strong>B\u00f3g jest \u201ena zawsze<\/strong>, zawsze, zawsze\u201d; temat ten powraca w s\u0142ynnym wierszu:<\/p>\n\n\n\n<p><strong><em>\u201eNie trw\u00f3\u017c si\u0119, nie dr\u017cyj<\/em><\/strong><\/p>\n\n\n\n<p><strong><em>W\u015br\u00f3d \u017cycia dr\u00f3g,<\/em><\/strong><\/p>\n\n\n\n<p><strong><em>Tu wszystko mija,<\/em><\/strong><\/p>\n\n\n\n<p><strong><em>Trwa tylko B\u00f3g.<\/em><\/strong><\/p>\n\n\n\n<p><strong><em>Cierpliwo\u015b\u0107 przetrwa<\/em><\/strong><\/p>\n\n\n\n<p><strong><em>Dni ziemskich zn\u00f3j,<\/em><\/strong><\/p>\n\n\n\n<p><strong><em>Kto Boga posiad\u0142,<\/em><\/strong><\/p>\n\n\n\n<p><strong><em>Ma szcz\u0119\u015bcia zdr\u00f3j:<\/em><\/strong><\/p>\n\n\n\n<p><strong><em>B\u00f3g sam wystarcza\u201d.<\/em><\/strong><\/p>\n\n\n\n<p>Gdy osieroci\u0142a j\u0105 matka \u2013 mia\u0142a w\u00f3wczas dwana\u015bcie lat \u2013 poprosi\u0142a Naj\u015bwi\u0119tsz\u0105 Maryj\u0119 Pann\u0119, by jej by\u0142a matk\u0105.<\/p>\n\n\n\n<p>Kiedy zosta\u0142a wychowank\u0105 augustianek w klasztorze Matki Bo\u017cej \u0141askawej w \u00c1vila i zetkn\u0119\u0142a si\u0119 z dzie\u0142ami duchowymi, przede wszystkim z klasykami duchowo\u015bci franciszka\u0144skiej, zdoby\u0142a umiej\u0119tno\u015b\u0107 skupienia i modlitwy. W wieku dwudziestu lat wst\u0105pi\u0142a do karmelita\u0144skiego klasztoru Wcielenia, r\u00f3wnie\u017c w \u00c1vila; w \u017cyciu zakonnym przyj\u0119\u0142a imi\u0119 Teresa od Jezusa. Trzy lata p\u00f3\u017aniej ci\u0119\u017cko zachorowa\u0142a i przez cztery dni by\u0142a w stanie \u015bpi\u0105czki, wydawa\u0142o si\u0119 nawet, \u017ce nie \u017cyje (Ksi\u0119ga \u017cycia 5, 9). R\u00f3wnie\u017c walk\u0119 ze swoimi chorobami \u015bwi\u0119ta traktowa\u0142a jako walk\u0119 ze s\u0142abo\u015bciami i opieraniem si\u0119 Bo\u017cemu powo\u0142aniu: \u201ePragn\u0119\u0142am \u017cy\u0107 \u2013 pisze \u2013 bo dobrze to rozumia\u0142am, \u017ce nie \u017cy\u0142am, tylko raczej szamota\u0142am si\u0119 w cieniu \u015bmierci, a nie by\u0142o nikogo, kto by mi da\u0142 \u017cycie. Ten, kt\u00f3ry m\u00f3g\u0142 mi je da\u0107, s\u0142usznie odmawia\u0142 mi swej pomocy za to, \u017ce tyle razy ju\u017c mnie nawr\u00f3ci\u0142 do siebie, a ja Go znowu opuszcza\u0142am\u201d (Ksi\u0119ga \u017cycia 8, 2).<\/p>\n\n\n\n<p>W miar\u0119 dojrzewania wewn\u0119trznego \u015bwi\u0119tej nabiera\u0142a konkretnego kszta\u0142tu my\u015bl o reformie zakonu karmelita\u0144skiego: w 1562 roku zak\u0142ada pierwszy karmel zreformowany. W nast\u0119pnych latach zak\u0142ada nowe karmele, w sumie by\u0142o ich siedemna\u015bcie. Zasadnicze znaczenie mia\u0142o spotkanie ze \u015bw. Janem od Krzy\u017ca, z kt\u00f3rym w 1568 roku utworzy\u0142a w Duruelo, w pobli\u017cu \u00c1vila, pierwszy klasztor karmelit\u00f3w bosych. W 1580 roku uzyska\u0142a zatwierdzenie przez Rzym autonomicznej prowincji dla swoich zreformowanych karmel\u00f3w, co daje pocz\u0105tek zakonowi karmelit\u00f3w bosych. Umar\u0142a w nocy 15 pa\u017adziernika 1582 roku, kiedy po za\u0142o\u017ceniu karmelu w Burgos wraca\u0142a do \u00c1vila; w chwili \u015bmierci z pokor\u0105 powtarza\u0142a dwie frazy: \u201eW ko\u0144cu umieram jako c\u00f3rka Ko\u015bcio\u0142a\u201d. \u017bycie sp\u0119dzi\u0142a na ziemi hiszpa\u0144skiej, ale po\u015bwi\u0119ci\u0142a je ca\u0142emu Ko\u015bcio\u0142owi. Papie\u017c Pawe\u0142 V beatyfikowa\u0142 j\u0105<br>w 1614 roku, Grzegorz XV kanonizowa\u0142 w roku 1622, a s\u0142uga Bo\u017cy Pawe\u0142 VI og\u0142osi\u0142 doktorem Ko\u015bcio\u0142a w 1970 roku.<\/p>\n\n\n\n<p>Nie jest \u0142atwo uj\u0105\u0107 w paru s\u0142owach g\u0142\u0119bok\u0105 i wielokszta\u0142tn\u0105 duchowo\u015b\u0107 terezja\u0144sk\u0105. Po pierwsze, \u015bw. Teresa wskazuje jako podstaw\u0119 ca\u0142ego \u017cycia chrze\u015bcija\u0144skiego i ludzkiego cnoty ewangeliczne: w szczeg\u00f3lno\u015bci oderwanie od d\u00f3br, czyli ub\u00f3stwo ewangeliczne, a dotyczy to nas wszystkich; mi\u0142o\u015b\u0107 wzajemn\u0105 jako zasadniczy element \u017cycia wsp\u00f3lnotowego i spo\u0142ecznego; pokor\u0119 jako wyraz umi\u0142owania prawdy; determinacj\u0119 jako owoc odwagi chrze\u015bcija\u0144skiej; nadziej\u0119 teologaln\u0105, kt\u00f3r\u0105 opisuje jako pragnienie wody \u017cywej. Nie zapomina te\u017c o dobrych cechach ludzkich: mi\u0142ym obej\u015bciu, prawdom\u00f3wno\u015bci, skromno\u015bci, uprzejmo\u015bci, weso\u0142o\u015bci, kulturze. Po drugie \u015bw. Teresa k\u0142adzie nacisk na g\u0142\u0119bokie wi\u0119zi z wielkimi postaciami biblijnymi i autentyczne s\u0142uchanie S\u0142owa Bo\u017cego. \u015awi\u0119ta podkre\u015bla nast\u0119pnie, jak istotna jest modlitwa; m\u00f3wi, \u017ce <strong>modli\u0107 si\u0119 znaczy po przyjacielsku przebywa\u0107 z Bogiem i wylewnie, wiele razy rozmawia\u0107 z Tym, o kt\u00f3rym wiemy, \u017ce nas mi\u0142uje.<\/strong><\/p>\n\n\n\n<p>Dla Teresy \u017cycie chrze\u015bcija\u0144skie jest bowiem osobist\u0105 relacj\u0105 z Jezusem. Dlatego przywi\u0105zuje ona wielk\u0105 wag\u0119 do rozwa\u017cania m\u0119ki Pa\u0144skiej i do Eucharystii jako obecno\u015bci Chrystusa w Ko\u015bciele dla \u017cycia ka\u017cdego wierz\u0105cego i jako serca liturgii. Kolejnym istotnym aspektem nauki terezja\u0144skiej, jest doskona\u0142o\u015b\u0107 jako d\u0105\u017cenie ca\u0142ego \u017cycia chrze\u015bcija\u0144skiego i jego ostateczny cel.<\/p>\n\n\n\n<p>\u015aw. Teresa uczy nas, jak by\u0107 niestrudzonymi \u015bwiadkami Boga, Jego obecno\u015bci i dzia\u0142ania, uczy nas realnie odczuwa\u0107 to pragnienie Boga, kt\u00f3re jest w g\u0142\u0119bi naszego serca, t\u0119 potrzeb\u0119 zobaczenia Boga, szukania Boga, rozmowy i przyja\u017ani z Nim.<\/p>\n\n\n\n<p><\/p>\n\n\n\n<figure class=\"wp-block-image\"><a href=\"http:\/\/rafalk-elblag.pl\/wp-content\/uploads\/2021\/08\/ogloszenia-parafialne-baner-01a.jpg\"><img loading=\"lazy\" decoding=\"async\" width=\"720\" height=\"232\" src=\"http:\/\/rafalk-elblag.pl\/wp-content\/uploads\/2021\/08\/ogloszenia-parafialne-baner-01a.jpg\" alt=\"\" class=\"wp-image-4410\" srcset=\"https:\/\/rafalk-elblag.pl\/wp-content\/uploads\/2021\/08\/ogloszenia-parafialne-baner-01a.jpg 720w, https:\/\/rafalk-elblag.pl\/wp-content\/uploads\/2021\/08\/ogloszenia-parafialne-baner-01a-300x97.jpg 300w\" sizes=\"auto, (max-width: 720px) 100vw, 720px\" \/><\/a><\/figure>\n\n\n\n<h1 class=\"wp-block-heading\">Og\u0142oszenia parafialne 09.10.2022r<\/h1>\n\n\n\n<ol class=\"wp-block-list\" type=\"1\"><li><strong>MIESI\u0104C R\u00d3\u017bA\u0143CA \u015aWI\u0118TEGO.<\/strong> Zapraszamy na nabo\u017ce\u0144stwa z wystawieniem Naj\u015bwi\u0119tszego Sakramentu. Wierni, kt\u00f3rzy odmawiaj\u0105 cz\u0119\u015b\u0107 R\u00f3\u017ca\u0144ca (5 dziesi\u0105tek) &nbsp;&nbsp;&nbsp;&nbsp;&nbsp;&nbsp;&nbsp;&nbsp;&nbsp;&nbsp;&nbsp;&nbsp;&nbsp;&nbsp;&nbsp;&nbsp;&nbsp;&nbsp;&nbsp;&nbsp;w ko\u015bciele lub rodzinie mog\u0105 uzyska\u0107 <strong>ODPUST ZUPE\u0141NY<\/strong>. Zapraszamy do wsp\u00f3lnej modlitwy: doros\u0142ych i m\u0142odzie\u017c <strong>o godz. 17:15<\/strong>, a&nbsp;dzieci zapraszamy: <strong>we wtorki i czwartki o godz. 16:30. <\/strong><em><\/em><\/li><li><strong>W przysz\u0142\u0105 niedziel\u0119 (16 pa\u017adziernika) obchodzi\u0107 b\u0119dziemy XXII Dzie\u0144 Papieski pod has\u0142em \u201eBLASK PRAWDY\u201d. <\/strong>Z tej okazji m\u0142odzie\u017c przed ko\u015bcio\u0142em b\u0119dzie zbiera\u0107 do puszek pieni\u0105dze na stypendia w ramach Fundacji<em> Dzie\u0142o Nowego Tysi\u0105clecia.<\/em><\/li><li><strong>Rodzic\u00f3w dzieci klas III Szko\u0142y Podstawowej<\/strong> przygotowuj\u0105cych si\u0119 do I Spowiedzi &nbsp;&nbsp;&nbsp;&nbsp;&nbsp;&nbsp;&nbsp;&nbsp;&nbsp;&nbsp;&nbsp;&nbsp;&nbsp;&nbsp;&nbsp;&nbsp;&nbsp;&nbsp;i Komunii \u015bw. zapraszam jutro (10 pa\u017adziernika) na comiesi\u0119czne spotkanie do ko\u015bcio\u0142a na godz. 19:00. <em>Obecno\u015b\u0107 obowi\u0105zkowa.<\/em><\/li><li><strong>IDZIEMY DO MULTIKINA na film \u201eJOHNNY\u201d, wci\u0105gaj\u0105ca opowie\u015b\u0107 o ksi\u0119dzu Janie Kaczkowskim. \u2018JOHNNY\u201d Daniela Jaroszka sta\u0142 si\u0119 hitem 47 Festiwalu Polskich Film\u00f3w Fabularnych w Gdyni. <\/strong><em>Film \u2013 cho\u0107 utkany z prawdziwych historii i postaci \u2013 stanowi bardzo uniwersaln\u0105 opowie\u015b\u0107 o tym, \u017ce ka\u017cdy cz\u0142owiek zas\u0142uguje na drug\u0105 szans\u0119 i ze \u015bmier\u0107 jest czym\u015b zupe\u0142nie naturalnym w \u017cyciu cz\u0142owieka. Kochani to r\u00f3wnie\u017c pozbawiona taniego moralizatorstwa lekcja empatii i czu\u0142o\u015bci, z dosadnym momentami poczuciem humoru. <\/em><strong>Zapraszam do wsp\u00f3lnego wyj\u015bcia 11 pa\u017adziernika (wtorek) na godz. 19:50. Cena biletu 13 z\u0142.<\/strong>&nbsp; <em><\/em><\/li><li>Spotkanie dlaKandydat\u00f3w do Sakramentu Bierzmowania przygotowuj\u0105cych si\u0119 drugi rok przy parafii <strong>w \u015brod\u0119 (12 pa\u017adziernika) <\/strong>o godz. 19:00 do salce na plebanii.<\/li><li>W pi\u0105tek 14 pa\u017adziernika obchodzimy <strong>DZIE\u0143 NAUCZYCIELA<\/strong>. Sk\u0142adamy wszystkim pedagogom, katechetom i pracownikom o\u015bwiaty najserdeczniejsze \u017cyczenia cierpliwo\u015bci<br>i mi\u0142o\u015bci. Niech Pan B\u00f3g b\u0142ogos\u0142awi w pracy. <em>Zapraszamy w tym dniu uczni\u00f3w, nauczycieli i katechet\u00f3w na wsp\u00f3lny R\u00f3\u017caniec o godz. 17:15.<\/em><\/li><li>Za tydzie\u0144 16 pa\u017adziernika dzie\u0144 spotkania Bractwa Szkaplerznego i Rodziny Szkaplerznej oraz dzie\u0144 modlitw za wstawiennictwem \u015bw. Jana Paw\u0142a II. <strong>W tym dniu 44 lat temu ca\u0142a Polska <\/strong>us\u0142ysza\u0142a s\u0142owa:<strong> <em>Habemus Papam<\/em> obwieszczaj\u0105ce wyb\u00f3r Kard. Karola Wojty\u0142y na Stolic\u0119 Piotrow\u0105<\/strong>. <em>W tym dniu zapraszamy na wsp\u00f3lny R\u00f3\u017caniec o godz. 17:15 i Msz\u0119 \u015bw. o godz. 18.00.<\/em><\/li><li><strong>Zach\u0119camy do udzia\u0142u w zbi\u00f3rce zu\u017cytego sprz\u0119tu elektrycznego i elektronicznego RTV i AGD<\/strong> (np. pralki, tv, komputery itp.). Zbi\u00f3rka odb\u0119dzie si\u0119 dnia <strong>25 pa\u017adziernika&nbsp;&nbsp;&nbsp;&nbsp;&nbsp;&nbsp;&nbsp;&nbsp;&nbsp;&nbsp;&nbsp;&nbsp;&nbsp; (wtorek) od godz. 18:00 do godz. 20:00<\/strong>.&nbsp; <em>Sprz\u0119t prosimy zostawia\u0107 na placu ko\u015bcielnym przy wej\u015bciu do piwnicy.<\/em> Przychody z akcji pozwol\u0105 na wsparcie Polskich Misjonarzy, kt\u00f3rzy prowadz\u0105 swoje misje w najbiedniejszych krajach \u015bwiata Zambii, Kamerunie, Kenii oraz naszym rodakom, kt\u00f3rzy pozostali na wschodzie (Ukrainie, Bia\u0142orusi, Kazachstanie).<em><\/em><\/li><li>&nbsp;Mamy ju\u017c mo\u017cliwo\u015b\u0107 zamawiania i rezerwacji Mszy \u015bwi\u0119tej <strong>na ROK 2023<\/strong>. Informacj\u0119 t\u0119 podajemy dla tych wszystkich, kt\u00f3rzy pragn\u0105 w konkretnym dniu zam\u00f3wi\u0107 intencj\u0119 mszaln\u0105.<\/li><li>&nbsp;Zach\u0119camy do nabywania nowego numeru \u201eGo\u015bcia Niedzielnego\u201d w cenie 8 z\u0142.&nbsp;&nbsp;&nbsp;&nbsp;&nbsp;&nbsp;&nbsp;&nbsp;&nbsp;&nbsp;&nbsp;&nbsp;&nbsp;&nbsp;&nbsp;&nbsp;&nbsp;&nbsp;&nbsp;&nbsp;&nbsp;&nbsp;&nbsp;&nbsp;&nbsp;&nbsp;&nbsp;&nbsp; z dodatkiem \u201eGo\u015b\u0107 Elbl\u0105ski. Dzi\u015b r\u00f3wnie\u017c do nabycia pi\u0119kny kalendarz na 2023 rok&nbsp;&nbsp;&nbsp;&nbsp;&nbsp;&nbsp;&nbsp;&nbsp;&nbsp;&nbsp;&nbsp;&nbsp;&nbsp;&nbsp;&nbsp;&nbsp;&nbsp;&nbsp;&nbsp;&nbsp; w cenie 20 z\u0142. oraz GO\u015a\u0106 EXTRA w cenie 12 z\u0142. po\u015bwi\u0119cony \u015bw. Faustynie.<\/li><\/ol>\n\n\n\n<p><\/p>\n\n\n\n<figure class=\"wp-block-image\"><img decoding=\"async\" src=\"http:\/\/rafalk-elblag.pl\/wp-content\/uploads\/2020\/04\/baner-intencje-mszy.jpg\" alt=\"\"\/><\/figure>\n\n\n\n<h1 class=\"wp-block-heading\">Intencje mszalne 09.10.2022r<\/h1>\n\n\n\n<p><br><\/p>\n\n\n\n<p><strong>PONIEDZIA\u0141EK \/ 10 pa\u017adziernika 2022r.<\/strong><br>8.00 \u2020 Zuzanna ALBERCKA (10 greg.)<br>18.00 O zdrowie i potrzebne \u0142aski w chorobie dla Jana P\u0141ATKOWSKIEGO<br>18.00 \u2020 J\u00f3zef WYLOCI\u0143SKI w 30 dzie\u0144 po pogrzebie<br><\/p>\n\n\n\n<p><strong>WTOREK \/ 11 pa\u017adziernika 2022r.<\/strong><br>8.00 \u2020 Zuzanna ALBERCKA (11 greg.)<br>18.00 \u2020 J\u00f3zef KWIATOSZ z okazji urodzin oraz za zmar\u0142ych rodzic\u00f3w z obojga stron<\/p>\n\n\n\n<p><br><strong>\u015aRODA \/ 12 pa\u017adziernika 2022r.<\/strong><br>8.00 O Bo\u017ce b\u0142. i wszelkie potrzebne \u0142aski od Boga i nieustanna opiek\u0119 Matki Bo\u017cej dla Klaudii z okazji urodzin<br>18.00 \u2020 Zuzanna ALBERCKA (12 greg.)<br>18.00 \u2020 Jadwiga<\/p>\n\n\n\n<p><br><strong>CZWARTEK \/ 13 pa\u017adziernika 2022r.<\/strong><br>b\u0142. Honorata Ko\u017ami\u0144skiego<br>8.00 \u2020 Edmund GO\u0141Y\u0143SKI w 18 rocznic\u0119 \u015bmierci<br>18.00 \u2020 Jan, Katarzyna, Bronis\u0142awa [k] z rodziny WO\u015a; Agnieszka i Wojciech SZABAT<br>18.00 \u2020 Zuzanna ALBERCKA (13 greg.)<br><\/p>\n\n\n\n<p><strong>PI\u0104TEK \/ 14 pa\u017adziernika 2022r.<\/strong><br>8.00 \u2020 Dusze w czy\u015b\u0107cu cierpi\u0105ce<br>18.00 \u2020 Zuzanna ALBERCKA (14 greg.)<br>18.00 \u2020 Teresa MA\u0141KOWSKA z okazji imienin<br><\/p>\n\n\n\n<p><strong>SOBOTA \/ 15 pa\u017adziernika 2022r.<\/strong><br>\u015bw. Teresy od Jezusa<br>8.00 \u2020 Roman i dusze w czy\u015b\u0107cu cierpi\u0105ce<br>18.00 \u2020 Zuzanna ALBERCKA (15 greg.)<br>18.00 \u2020 Mieczys\u0142aw ZYGMUNT w 6 rocznic\u0119 \u015bmierci<br><\/p>\n\n\n\n<p><strong>XXVIII NIEDZIELA ZWYK\u0141A<\/strong><br>16 pa\u017adziernika 2022 r.<br>8.00 \u2020 Zuzanna ALBERCKA (16 greg.)<br>8.00 Za rodzic\u00f3w MIKO\u0141AJEWSKICH, Regin\u0119, Szczepana, brata Zenona i syna Paw\u0142a oraz zmar\u0142ych z rodzin MIKO\u0141AJEWSKICH, ROSO\u0141OWSKICH, RYBICKICH<br>10.00 \u2020 Stefania [k] NIKE w 10 rocznic\u0119 \u015bmierci, Miros\u0142aw [m] i zmarli z rodziny NIKE, JASI\u0143SKICH, Danuta RYCEWICZ, Iwona KOBRZENIECKA, Ryszard KUJAWSKI, Jan i Janina D\u0104BROWSCY<br>12.00 W intencji Parafian<br>15.00 W dniu urodzin o Bo\u017ce b\u0142ogos\u0142awie\u0144stwo i opiek\u0119 Matki Bo\u017cej dla Ani<br>18.00 Za Bractwo Szkaplerzne i osoby, kt\u00f3re przyjm\u0105 szkaplerz<\/p>\n","protected":false},"excerpt":{"rendered":"<p>Ewangelia (\u0141k 17, 11-19) Niewdzi\u0119czno\u015b\u0107 uzdrowionych z tr\u0105du S\u0142owa Ewangelii wed\u0142ug \u015awi\u0119tego \u0141ukasza Zdarzy\u0142o si\u0119, \u017ce Jezus, zmierzaj\u0105c do Jeruzalem, przechodzi\u0142 przez pogranicze Samarii i Galilei. Gdy wchodzili do pewnej wsi, wysz\u0142o naprzeciw Niego dziesi\u0119ciu tr\u0119dowatych. Zatrzymali si\u0119 z daleka i g\u0142o\u015bno zawo\u0142ali: \u00abJezusie, Mistrzu, ulituj si\u0119 nad nami!\u00bb Na ten widok rzek\u0142 do nich: [&hellip;]<\/p>\n","protected":false},"author":1,"featured_media":4816,"comment_status":"closed","ping_status":"closed","sticky":false,"template":"","format":"standard","meta":{"ngg_post_thumbnail":0,"footnotes":""},"categories":[11,8,4,3],"tags":[],"class_list":["post-4815","post","type-post","status-publish","format-standard","has-post-thumbnail","hentry","category-aktualnosci","category-blog","category-intencje","category-ogloszenia"],"_links":{"self":[{"href":"https:\/\/rafalk-elblag.pl\/index.php?rest_route=\/wp\/v2\/posts\/4815","targetHints":{"allow":["GET"]}}],"collection":[{"href":"https:\/\/rafalk-elblag.pl\/index.php?rest_route=\/wp\/v2\/posts"}],"about":[{"href":"https:\/\/rafalk-elblag.pl\/index.php?rest_route=\/wp\/v2\/types\/post"}],"author":[{"embeddable":true,"href":"https:\/\/rafalk-elblag.pl\/index.php?rest_route=\/wp\/v2\/users\/1"}],"replies":[{"embeddable":true,"href":"https:\/\/rafalk-elblag.pl\/index.php?rest_route=%2Fwp%2Fv2%2Fcomments&post=4815"}],"version-history":[{"count":3,"href":"https:\/\/rafalk-elblag.pl\/index.php?rest_route=\/wp\/v2\/posts\/4815\/revisions"}],"predecessor-version":[{"id":4820,"href":"https:\/\/rafalk-elblag.pl\/index.php?rest_route=\/wp\/v2\/posts\/4815\/revisions\/4820"}],"wp:featuredmedia":[{"embeddable":true,"href":"https:\/\/rafalk-elblag.pl\/index.php?rest_route=\/wp\/v2\/media\/4816"}],"wp:attachment":[{"href":"https:\/\/rafalk-elblag.pl\/index.php?rest_route=%2Fwp%2Fv2%2Fmedia&parent=4815"}],"wp:term":[{"taxonomy":"category","embeddable":true,"href":"https:\/\/rafalk-elblag.pl\/index.php?rest_route=%2Fwp%2Fv2%2Fcategories&post=4815"},{"taxonomy":"post_tag","embeddable":true,"href":"https:\/\/rafalk-elblag.pl\/index.php?rest_route=%2Fwp%2Fv2%2Ftags&post=4815"}],"curies":[{"name":"wp","href":"https:\/\/api.w.org\/{rel}","templated":true}]}}