{"id":4810,"date":"2022-10-02T07:08:00","date_gmt":"2022-10-02T07:08:00","guid":{"rendered":"http:\/\/rafalk-elblag.pl\/?p=4810"},"modified":"2022-10-11T07:48:17","modified_gmt":"2022-10-11T07:48:17","slug":"ogloszenia-02-10-2022-xxvii-niedziela-zwykla","status":"publish","type":"post","link":"https:\/\/rafalk-elblag.pl\/?p=4810","title":{"rendered":"Og\u0142oszenia 02.10.2022, XXVII Niedziela Zwyk\u0142a"},"content":{"rendered":"\n<figure class=\"wp-block-embed is-type-video is-provider-youtube wp-block-embed-youtube wp-embed-aspect-16-9 wp-has-aspect-ratio\"><div class=\"wp-block-embed__wrapper\">\n<iframe loading=\"lazy\" title=\"&quot;Niech dobry zwyczaj modlitwy na r\u00f3\u017ca\u0144cu nie s\u0142abnie&quot; (Benedykt XVI) - ks. S\u0142awomir Kostrzewa\" width=\"900\" height=\"506\" src=\"https:\/\/www.youtube.com\/embed\/kcnoE5ktxfg?feature=oembed\" frameborder=\"0\" allow=\"accelerometer; autoplay; clipboard-write; encrypted-media; gyroscope; picture-in-picture\" allowfullscreen><\/iframe>\n<\/div><\/figure>\n\n\n\n<h1 class=\"wp-block-heading\">Ewangelia (\u0141k 17, 5-10)\nS\u0142u\u017cy\u0107 z pokor\u0105<\/h1>\n\n\n\n<p> S\u0142owa Ewangelii wed\u0142ug \u015awi\u0119tego \u0141ukasza <\/p>\n\n\n\n<p> S\u0142owa Ewangelii wed\u0142ug \u015awi\u0119tego \u0141ukasza Aposto\u0142owie prosili Pana: \u00abDodaj nam wiary\u00bb. Pan rzek\u0142: \u00abGdyby\u015bcie mieli wiar\u0119 jak ziarnko gorczycy, powiedzieliby\u015bcie tej morwie: \u201eWyrwij si\u0119 z korzeniem i przesad\u017a si\u0119 w morze\u201d, a by\u0142aby wam pos\u0142uszna. <\/p>\n\n\n\n<p>Kto z was, maj\u0105c s\u0142ug\u0119, kt\u00f3ry orze lub pasie, powie mu, gdy on wr\u00f3ci z pola: \u201eP\u00f3jd\u017a zaraz i si\u0105d\u017a do sto\u0142u\u201d? Czy nie powie mu raczej: \u201ePrzygotuj mi wieczerz\u0119, przepasz si\u0119 i us\u0142uguj mi, a\u017c zjem i napij\u0119 si\u0119, a potem ty b\u0119dziesz jad\u0142 i pi\u0142\u201d? <\/p>\n\n\n\n<p>Czy okazuje wdzi\u0119czno\u015b\u0107 s\u0142udze za to, \u017ce wykona\u0142 to, co mu polecono? Tak i wy, gdy uczynicie wszystko, co wam polecono, m\u00f3wcie: \u201eS\u0142udzy nieu\u017cyteczni jeste\u015bmy; wykonali\u015bmy to, co powinni\u015bmy wykona\u0107\u201d\u00bb.  <\/p>\n\n\n\n<h1 class=\"wp-block-heading\"><strong>Matka Bo\u017ca wzywa do modlitwy R\u00f3\u017ca\u0144cowej<\/strong><\/h1>\n\n\n\n<p><strong> Trudno jest ustali\u0107 dat\u0119 historycznych pocz\u0105tk\u00f3w tej modlitwy. Autorzy twierdz\u0105, \u017ce szeroko rozpowszechniona w naszych czasach jej forma ukszta\u0142towa\u0142a si\u0119 w drugiej po\u0142owie XV wieku, na podstawie ro\u017cnych form wcze\u015bniejszych.  Do najbardziej wymownych znak\u00f3w danych nam przez Opatrzno\u015b\u0107 nale\u017c\u0105 objawienia Matki Naj\u015bwi\u0119tszej, kt\u00f3ra w ci\u0105gu dw\u00f3ch ostatnich stuleci wiele razy przychodzi\u0142a na ziemi\u0119 nie maj\u0105c w swych d\u0142oniach nic wi\u0119cej pr\u00f3cz r\u00f3\u017ca\u0144ca. <\/strong><\/p>\n\n\n\n<p>Gdyby Maryja w swoim or\u0119dziu przekazanym w Lourdes, Gietrzwa\u0142dzie czy  w Fatimie, w og\u00f3le nie wspomina\u0142a o r\u00f3\u017ca\u0144cu, to sam fakt, \u017ce mia\u0142a go w swoich d\u0142oniach, by\u0142by wystarczaj\u0105cym potwierdzeniem warto\u015bci tej modlitwy  i zaproszeniem do jej odmawiania; \u015bwiadczy\u0142by niezbicie, jak bardzo Maryi zale\u017cy, aby\u015bmy J\u0105 b\u0142agali w\u0142a\u015bnie t\u0105 modlitw\u0105, gdy\u017c przez ni\u0105 mo\u017ce Ona wyjedna\u0107 nam najobfitsze \u0142aski. Fakt ten upewni\u0142by nas tak\u017ce i o tym, \u017ce dla Matki Naj\u015bwi\u0119tszej, w\u015br\u00f3d wszystkich modlitw do Niej zanoszonych, nie ma milszej i cenniejszej modlitwy ni\u017c r\u00f3\u017caniec. <\/p>\n\n\n\n<p>Gdyby taka modlitwa istnia\u0142a, to Maryja niew\u0105tpliwie powiedzia\u0142aby nam o niej. O wielkiej warto\u015bci modlitwy r\u00f3\u017ca\u0144cowej \u015bwiadczy te\u017c i to, \u017ce Matka Naj\u015bwi\u0119tsza wyra\u017anie w niej uczestniczy\u0142a uwidaczniaj\u0105c to nie tylko swoj\u0105 obecno\u015bci\u0105. Tak wydarzy\u0142o si\u0119 gdy Bernadetta Soubirous ujrzawszy po raz pierwszy Maryj\u0119 w grocie massabielskiej kl\u0119ka, bez chwili wahania wyjmuje r\u00f3\u017caniec, kt\u00f3ry zawsze nosi\u0142a przy sobie i zaczyna si\u0119 na nim modli\u0107. Kiedy ko\u0144czy kolejne Zdrowa\u015b i Ojcze nasz spostrzega, jak Matka Naj\u015bwi\u0119tsza przesuwa w d\u0142oniach bia\u0142e paciorki swego r\u00f3\u017ca\u0144ca, a potem razem z ni\u0105 odmawia Chwa\u0142a Ojcu. Pierwsze dwa spotkania Bernadetty z Matk\u0105 Bo\u017c\u0105 up\u0142ywaj\u0105 wy\u0142\u0105cznie na wsp\u00f3lnym odmawianiu r\u00f3\u017ca\u0144ca. <\/p>\n\n\n\n<p>Modlitwa r\u00f3\u017ca\u0144cowa towarzyszy tak\u017ce dalszym szesnastu objawieniom w Lourdes. Maryja zach\u0119ca\u0142a do odmawiania r\u00f3\u017ca\u0144ca nie tylko swoim udzia\u0142em w tej modlitwie, ale tak\u017ce usilnymi pro\u015bbami. Podczas wszystkich objawie\u0144 w Fatimie Matka Bo\u017ca prosi\u0142a dzieci, aby codziennie odmawia\u0142y r\u00f3\u017caniec. Poleca\u0142a im te\u017c intencje, w jakich mia\u0142y si\u0119 modli\u0107. Dotyczy\u0142y one spraw najwa\u017cniejszych: pokoju na \u015bwiecie, rych\u0142ego zako\u0144czenia wojny, zado\u015b\u0107uczynienia za grzechy i nawr\u00f3cenia grzesznik\u00f3w. \u201eChc\u0119, aby\u015bcie nadal odmawia\u0142y r\u00f3\u017caniec. M\u00f3dlcie si\u0119, m\u00f3dlcie si\u0119 wiele, czy\u0144cie ofiary za grzesznik\u00f3w, bo wiele dusz idzie na wieczne pot\u0119pienie, gdy\u017c nie maj\u0105 nikogo, kto by si\u0119 za nie ofiarowa\u0142 i modli\u0142\u201d. <\/p>\n\n\n\n<p>Podczas ostatniego objawienia, 13 pa\u017adziernika 1917 roku, Maryja przedstawi\u0142a si\u0119 dzieciom, m\u00f3wi\u0105c o sobie: \u201eJestem Matk\u0105 Bo\u017c\u0105 R\u00f3\u017ca\u0144cow\u0105\u201d. Tytu\u0142 ten, o niezwykle g\u0142\u0119bokiej tre\u015bci, potwierdza \u015bcis\u0142y zwi\u0105zek Maryi z r\u00f3\u017ca\u0144cem,  a ponadto wskazuje, \u017ce w tej modlitwie najpewniej do\u015bwiadczy\u0107 mo\u017cemy Jej blisko\u015bci. To jedno zdanie: &#8222;Jestem Matk\u0105 Bo\u017c\u0105 R\u00f3\u017ca\u0144cow\u0105&#8221;, podobnie jak obecno\u015b\u0107 r\u00f3\u017ca\u0144ca w d\u0142oniach Maryi podczas wielu objawie\u0144, stanowi wielk\u0105 zach\u0119t\u0119 do wytrwa\u0142ego odmawiania tej modlitwy. <\/p>\n\n\n\n<p>Z pro\u015bb\u0105 o codzienne odmawianie r\u00f3\u017ca\u0144ca Maryja zwraca\u0142a si\u0119 tak\u017ce w Gietrzwa\u0142dzie, gdzie w 1877 roku ukazywa\u0142a si\u0119 codziennie od 27 czerwca do 16 wrze\u015bnia (z wyj\u0105tkiem 10 i 11 wrze\u015bnia) trzynastoletniej Justynie Szafry\u0144skiej  i dwunastoletniej Barbarze Samulowskiej. \u201e\u017bycz\u0119 sobie, aby\u015bcie codziennie odmawiali r\u00f3\u017caniec\u201d \u2013 powiedzia\u0142a podczas jednej z pierwszych wizji. Pro\u015bba ta by\u0142a g\u0142\u00f3wnym zaleceniem, jakie Maryja przekaza\u0142a podczas tych objawie\u0144. Maryja powtarza\u0142a j\u0105 wielokrotnie, wypowiedzia\u0142a j\u0105 tak\u017ce jako ostatnie swoje s\u0142owa podczas ostatniego objawienia w dniu 16 wrze\u015bnia 1877 roku: \u201eOdmawiajcie gorliwie r\u00f3\u017caniec\u201d. <\/p>\n\n\n\n<p>Kiedy dzieci w Gietrzwa\u0142dzie zwraca\u0142y si\u0119 do Matki Bo\u017cej z licznymi pro\u015bbami przekazanymi im przez r\u00f3\u017cne osoby, zawsze Maryja uzale\u017cnia\u0142a ich spe\u0142nienie od gorliwego odmawiania r\u00f3\u017ca\u0144ca. Je\u017celi wi\u0119c Matka Naj\u015bwi\u0119tsza we wszystkich tych sytuacjach poleca odmawia\u0107 r\u00f3\u017caniec, znaczy to, \u017ce jest on skutecznym ratunkiem w ka\u017cdym utrapieniu i w ka\u017cdej niedoli, we wszystkich trudno\u015bciach duchowych i s\u0142abo\u015bciach natury ludzkiej. \u201eA kt\u00f3\u017c mo\u017ce lepiej wiedzie\u0107 \u2013 pisa\u0142 b\u0142. Honorat Ko\u017ami\u0144ski \u2013 w jaki spos\u00f3b najskuteczniej trafia si\u0119 do mi\u0142osierdzia Bo\u017cego i czym mo\u017cna lepiej Serce Maryi poruszy\u0107, i przez co mo\u017ce Ona obfitsze \u0142aski wyjedna\u0107, je\u017celi nie Ona sama, kt\u00f3ra jest nasz\u0105 Matk\u0105 i Matk\u0105 Mi\u0142osierdzia?\u201d <\/p>\n\n\n\n<p>Gdy na dwa dni przed swoj\u0105 \u015bmierci, zapytano o. Pio, co mia\u0142by wa\u017cnego do przekazania ludziom, odpowiedzia\u0142: \u201cChcia\u0142bym zaprosi\u0107 wszystkich grzesznik\u00f3w z ca\u0142ego \u015bwiata, aby kochali Matk\u0119 Bo\u017c\u0105. Odmawiajcie zawsze r\u00f3\u017caniec. I odmawiajcie go tak cz\u0119sto, jak tylko mo\u017cecie. Szatan stara si\u0119 zawsze zniszczy\u0107 t\u0119 modlitw\u0119, ale mu to si\u0119 nigdy nie uda. To jest modlitwa Tej, kt\u00f3ra kr\u00f3luje nad wszystkim i wszystkimi. To ona nauczy\u0142a nas modli\u0107 si\u0119 na r\u00f3\u017ca\u0144cu, tak ja Jezus nauczy\u0142 nas m\u00f3wi\u0107 Ojcze nasz.\u201d <\/p>\n\n\n\n<p><\/p>\n\n\n\n<figure class=\"wp-block-image\"><a href=\"http:\/\/rafalk-elblag.pl\/wp-content\/uploads\/2021\/08\/ogloszenia-parafialne-baner-01a.jpg\"><img loading=\"lazy\" decoding=\"async\" width=\"720\" height=\"232\" src=\"http:\/\/rafalk-elblag.pl\/wp-content\/uploads\/2021\/08\/ogloszenia-parafialne-baner-01a.jpg\" alt=\"\" class=\"wp-image-4410\" srcset=\"https:\/\/rafalk-elblag.pl\/wp-content\/uploads\/2021\/08\/ogloszenia-parafialne-baner-01a.jpg 720w, https:\/\/rafalk-elblag.pl\/wp-content\/uploads\/2021\/08\/ogloszenia-parafialne-baner-01a-300x97.jpg 300w\" sizes=\"auto, (max-width: 720px) 100vw, 720px\" \/><\/a><\/figure>\n\n\n\n<h1 class=\"wp-block-heading\">Og\u0142oszenia parafialne 02.10.2022r<\/h1>\n\n\n\n<ol class=\"wp-block-list\"><li><strong>W dniu dzisiejszym indywidualna Adoracja Naj\u015bwi\u0119tszego Sakramentu od godz. 16:00 do godz. 17:15<\/strong>. <em>Znajd\u017a czas, aby by\u0107 sam na sam z Twoim Panem.<\/em><br><\/li><li>W pierwsze niedziele miesi\u0105ca zbierana taca przeznaczona jest na inwestycje w naszej parafii. (balaski i balustrad\u0119). <em>B\u00f3g zap\u0142a\u0107 za sk\u0142adane ofiary<strong>.<\/strong><\/em><br><\/li><li><strong>PRZED NAMI MIESI\u0104C R\u00d3\u017bA\u0143CA \u015aWI\u0118TEGO.<\/strong> Zapraszamy na nabo\u017ce\u0144stwa z wystawieniem Naj\u015bwi\u0119tszego Sakramentu. Wierni, kt\u00f3rzy odmawiaj\u0105 cz\u0119\u015b\u0107 R\u00f3\u017ca\u0144ca (5 dziesi\u0105tek) w ko\u015bciele lub rodzinie mog\u0105 uzyska\u0107 <strong>ODPUST ZUPE\u0141NY <\/strong>pod zwyk\u0142ymi warunkami. Zapraszamy do wsp\u00f3lnej modlitwy: doros\u0142ych i m\u0142odzie\u017c <strong>o godz. 17:15<\/strong>, a&nbsp;dzieci zapraszamy: <strong>we wtorki i czwartki o godz. 16:30.<\/strong><br><\/li><li>Spotkanie dla rodzic\u00f3w dzieci klasy IV przygotowuj\u0105cej si\u0119 do ROCZNICY KOMUNII \u015aWI\u0118TEJ odb\u0119dzie si\u0119 we wtorek 4 pa\u017adziernika br. o godz. 19:00 w ko\u015bciele. <strong>Obecno\u015b\u0107 rodzic\u00f3w obowi\u0105zkowa!<\/strong><br><\/li><li><strong><span class=\"has-inline-color has-black-color\">W pi\u0105tek 7 pa\u017adziernika<\/span><span class=\"has-inline-color has-vivid-cyan-blue-color\"> obchodzimy <strong>\u015aWI\u0118TO MATKI BO\u017bEJ R\u00d3\u017bANCOWEJ<\/strong>.&nbsp;Tego dnia zapraszamy do udzia\u0142u w modlitwie r\u00f3\u017ca\u0144cowej wszystkich parafian a szczeg\u00f3lnie osoby nal\u0119\u017c\u0105ce do WSP\u00d3LNOTY \u017bYWEGO R\u00d3\u017bANCA, by trwa\u0107 na wsp\u00f3lnej modlitwie przed NAJ\u015aWIETSZYM SAKRAMENTEM. <\/span><\/strong><br><br><strong>PROGRAM CZUWANIA<\/strong><br><ul><li><strong><em>godz. 17:15 &#8211; wsp\u00f3lny R\u00f3\u017caniec Parafialny(tajemnice bolesne)<\/em><\/strong><\/li><li><em>godz. 18:00 \u2013 Msza \u015bw. w intencji czcicieli Matki Bo\u017cej R\u00f3\u017ca\u0144cowej<\/em><\/li><li><em>godz. 19:00 \u2013 AGAPA (kawa i ciasto)<\/em><\/li><li><em>godz. 20:00 &#8211; wsp\u00f3lny R\u00f3\u017caniec (tajemnice chwalebne)<\/em><\/li><li><em>zako\u0144czenie&nbsp; o godz. 21:00 Apelem Jasnog\u00f3rskim w ko\u015bciele<\/em><br><br><\/li><\/ul><\/li><li><strong>W tym tygodniu przypada:<\/strong><br><ul><li><strong>I czwartek miesi\u0105ca<\/strong> &#8211; zapraszamy na Msz\u0119 \u015bw. o godz. 18:00, a wcze\u015bniej od godz. 17:00 na Adoracj\u0119 Naj\u015bwi\u0119tszego Sakramentu tj. na \u201eGODZIN\u0118 \u015aWI\u0118T\u0104\u201d po\u0142\u0105czon\u0105 z nabo\u017ce\u0144stwem r\u00f3\u017ca\u0144cowym.  Zapraszamy wszystkie \u201eMargaretki\u201d do wsp\u00f3lnej modlitwy <br><\/li><\/ul><ul><li><strong>I pi\u0105tek miesi\u0105ca: <\/strong>spowied\u017a dla dzieci od godz. 16:00 i Msza \u015bw. o godz. 16:30 Natomiast spowied\u017a m\u0142odzie\u017cy i doros\u0142ych w tygodniu od godz. 17:30.<br><br><\/li><\/ul><\/li><li>W I pi\u0105tek miesi\u0105ca pa\u017adziernika z Panem Jezusem udamy si\u0119 do chorych: ks. Proboszcz i ks. Sylwester od godz. 9:30. Prosimy zg\u0142asza\u0107 do kap\u0142an\u00f3w chorych pragn\u0105cych rozpocz\u0105\u0107 9 pierwszych pi\u0105tk\u00f3w.<br><\/li><li>Mamy ju\u017c mo\u017cliwo\u015b\u0107 zamawiania i rezerwacji Mszy \u015bwi\u0119tej <strong>na ROK 2023<\/strong>. Informacj\u0119 t\u0119 podajemy dla tych wszystkich, kt\u00f3rzy pragn\u0105 w konkretnym dniu zam\u00f3wi\u0107 intencj\u0119 mszaln\u0105.<br><\/li><li><strong>Dnia 28 wrze\u015bnia zmar\u0142bp Jan Styrna, Biskup Elbl\u0105ski Senior<em>. <\/em>Zach\u0119cam parafian do udzia\u0142u wUroczysto\u015bciach pogrzebowych w katedrze \u015bw. Miko\u0142aja w Elbl\u0105gu:<\/strong><br><ul><li><strong>niedziela: 2 pa\u017adziernika 2022, godz. 16:00 \u2013 Msza \u017ca\u0142obna<\/strong><\/li><li><strong>poniedzia\u0142ek: 3 pa\u017adziernika 2022,<\/strong><\/li><li><strong>godz. 11:00 wprowadzenie trumny z cia\u0142em Ksi\u0119dza Biskupa do ko\u015bcio\u0142a katedralnego; uroczysta jutrznia \u017ca\u0142obna oraz r\u00f3\u017caniec \u015bwi\u0119ty<\/strong><\/li><li><strong>GODZ. 12:00 \u2013 MSZA POGRZEBOWA, PO MSZY Z\u0141O\u017bENIE CIA\u0141A ZMAR\u0141EGO KSI\u0118DZA BISKUPA W KRYPCIE BISKUP\u00d3W ELBL\u0104SKICH.<\/strong><\/li><\/ul><\/li><\/ol>\n\n\n\n<p><em>Wszechmog\u0105cy Bo\u017ce, spraw, aby Tw\u00f3j s\u0142uga nasz&nbsp; biskup Jan, kt\u00f3remu powierzy\u0142e\u015b trosk\u0119 o Ko\u015bci\u00f3\u0142 Elbl\u0105ski, wszed\u0142 do rado\u015bci swojego Mistrza i otrzyma\u0142 nagrod\u0119 za apostolskie trudy. Przez naszego Pana, Jezusa Chrystusa, kt\u00f3ry z Tob\u0105 \u017cyje i kr\u00f3luje w jedno\u015bci Ducha \u015awi\u0119tego, B\u00f3g przez wszystkie wieki wiek\u00f3w. Amen<\/em><\/p>\n\n\n\n<p><\/p>\n\n\n\n<p><\/p>\n\n\n\n<figure class=\"wp-block-image\"><img decoding=\"async\" src=\"http:\/\/rafalk-elblag.pl\/wp-content\/uploads\/2020\/04\/baner-intencje-mszy.jpg\" alt=\"\"\/><\/figure>\n\n\n\n<h1 class=\"wp-block-heading\">Intencje mszalne 25.10.2022r<\/h1>\n\n\n\n<p><strong>PONIEDZIA\u0141EK \/ 3 pa\u017adziernika 2022r.<\/strong><br>8.00 \u2020 Zuzanna ALBERCKA (3 greg.)<br>18.00 \u2020 Ryszard SAWICKI w 1 rocznic\u0119 \u015bmierci i zmarli rodzice Maria i Henryk<br>18.00 \u2020 Czes\u0142awa [k] KIERZKOWSKA w 1 rocznic\u0119 \u015bmierci<\/p>\n\n\n\n<p><strong>WTOREK \/ 4 pa\u017adziernika 2022r.<\/strong><br>\u015bw. Franciszka z Asy\u017cu<br>8.00 \u2020 Zuzanna ALBERCKA (4 greg.)<br>18.00 \u2020 Franciszka [k]<\/p>\n\n\n\n<p><strong>\u015aRODA \/ 5 pa\u017adziernika 2022r.<\/strong><br>\u015bw. Faustyny Kowalskiej<br>8.00 \u2020 Eugeniusz KLIMIUK i zmarli rodzice z obojga stron<br>18.00 \u2020 Zuzanna ALBERCKA (5 greg.)<\/p>\n\n\n\n<p><strong>CZWARTEK \/ 6 pa\u017adziernika 2022r.<\/strong><br>8.00 \u2020 Zuzanna ALBERCKA (6 greg.)<br>18.00 Za powo\u0142anych i o nowe powo\u0142ania kap\u0142a\u0144skie, zakonne i misyjne<\/p>\n\n\n\n<p><strong>PI\u0104TEK \/ 7 pa\u017adziernika 2022r.<\/strong><br>Naj\u015bwi\u0119tszej Maryi Panny R\u00f3\u017ca\u0144cowej<br>8.00 \u2020 Helena BUKOJEMSKA<br>18.00 \u2020 Zuzanna ALBERCKA (7 greg.)<br>18.00 Dzi\u0119kczynna w 15 rocznic\u0119 \u015blubu Katarzyny i Piotra WESTFAL z pro\u015bb\u0105 o Bo\u017ce b\u0142ogos\u0142awie\u0144stwo i potrzebne \u0142aski dla Jubilat\u00f3w<\/p>\n\n\n\n<p><strong>SOBOTA \/ 8 pa\u017adziernika 2022r.<\/strong><br>8.00 \u2020 Zuzanna ALBERCKA (8 greg.)<br>18.00 \u2020 Maria SIEMION w 18 rocznic\u0119 \u015bmierci<br>18.00 \u2020 Stefania KASZUBOSKA i zmarli z rodziny KASZUBOSKICH, ZABOROWSKICH i FIEREK<\/p>\n\n\n\n<p><strong>XXVIII NIEDZIELA ZWYK\u0141A \/ 9 pa\u017adziernika 2022 r.<\/strong><br>8.00 \u2020 Ryszarda i zmarli z rodzin; Halina RAJSKA<br>8.00 O Bo\u017ce b\u0142. dla Nikodema i ca\u0142ej jego rodziny, Agnieszki i ca\u0142ej rodziny zakonnej oraz dla Magdaleny i ca\u0142ej jej rodziny<br>10.00 \u2020 Zuzanna ALBERCKA (9 greg.)<br>10.00 rezerwacja<br>12.00 W intencji Parafian<br>15.00 \u2020 Bogdan KR\u00d3L w 7 rocznic\u0119 \u015bmierci oraz zmarli z rodziny<br>18.00 Dzi\u0119kczynna z okazji urodzin Joanny KUROWSKIEJ z pro\u015bb\u0105 o potrzebne \u0142aski wiary, nadziei i mi\u0142o\u015bci i opiek\u0119 Matki Bo\u017cej Szkaplerznej<\/p>\n\n\n\n<p><br><\/p>\n","protected":false},"excerpt":{"rendered":"<p>Ewangelia (\u0141k 17, 5-10) S\u0142u\u017cy\u0107 z pokor\u0105 S\u0142owa Ewangelii wed\u0142ug \u015awi\u0119tego \u0141ukasza S\u0142owa Ewangelii wed\u0142ug \u015awi\u0119tego \u0141ukasza Aposto\u0142owie prosili Pana: \u00abDodaj nam wiary\u00bb. Pan rzek\u0142: \u00abGdyby\u015bcie mieli wiar\u0119 jak ziarnko gorczycy, powiedzieliby\u015bcie tej morwie: \u201eWyrwij si\u0119 z korzeniem i przesad\u017a si\u0119 w morze\u201d, a by\u0142aby wam pos\u0142uszna. Kto z was, maj\u0105c s\u0142ug\u0119, kt\u00f3ry orze lub [&hellip;]<\/p>\n","protected":false},"author":1,"featured_media":4811,"comment_status":"closed","ping_status":"closed","sticky":false,"template":"","format":"standard","meta":{"ngg_post_thumbnail":0,"footnotes":""},"categories":[11,8,4,3],"tags":[],"class_list":["post-4810","post","type-post","status-publish","format-standard","has-post-thumbnail","hentry","category-aktualnosci","category-blog","category-intencje","category-ogloszenia"],"_links":{"self":[{"href":"https:\/\/rafalk-elblag.pl\/index.php?rest_route=\/wp\/v2\/posts\/4810","targetHints":{"allow":["GET"]}}],"collection":[{"href":"https:\/\/rafalk-elblag.pl\/index.php?rest_route=\/wp\/v2\/posts"}],"about":[{"href":"https:\/\/rafalk-elblag.pl\/index.php?rest_route=\/wp\/v2\/types\/post"}],"author":[{"embeddable":true,"href":"https:\/\/rafalk-elblag.pl\/index.php?rest_route=\/wp\/v2\/users\/1"}],"replies":[{"embeddable":true,"href":"https:\/\/rafalk-elblag.pl\/index.php?rest_route=%2Fwp%2Fv2%2Fcomments&post=4810"}],"version-history":[{"count":3,"href":"https:\/\/rafalk-elblag.pl\/index.php?rest_route=\/wp\/v2\/posts\/4810\/revisions"}],"predecessor-version":[{"id":4818,"href":"https:\/\/rafalk-elblag.pl\/index.php?rest_route=\/wp\/v2\/posts\/4810\/revisions\/4818"}],"wp:featuredmedia":[{"embeddable":true,"href":"https:\/\/rafalk-elblag.pl\/index.php?rest_route=\/wp\/v2\/media\/4811"}],"wp:attachment":[{"href":"https:\/\/rafalk-elblag.pl\/index.php?rest_route=%2Fwp%2Fv2%2Fmedia&parent=4810"}],"wp:term":[{"taxonomy":"category","embeddable":true,"href":"https:\/\/rafalk-elblag.pl\/index.php?rest_route=%2Fwp%2Fv2%2Fcategories&post=4810"},{"taxonomy":"post_tag","embeddable":true,"href":"https:\/\/rafalk-elblag.pl\/index.php?rest_route=%2Fwp%2Fv2%2Ftags&post=4810"}],"curies":[{"name":"wp","href":"https:\/\/api.w.org\/{rel}","templated":true}]}}