{"id":4806,"date":"2022-09-26T13:58:16","date_gmt":"2022-09-26T13:58:16","guid":{"rendered":"http:\/\/rafalk-elblag.pl\/?p=4806"},"modified":"2022-09-26T13:58:16","modified_gmt":"2022-09-26T13:58:16","slug":"ogloszenia-25-09-2022-xxvi-niedziela-zwykla","status":"publish","type":"post","link":"https:\/\/rafalk-elblag.pl\/?p=4806","title":{"rendered":"Og\u0142oszenia 25.09.2022, XXVI Niedziela Zwyk\u0142a"},"content":{"rendered":"\n<figure class=\"wp-block-embed is-type-video is-provider-youtube wp-block-embed-youtube wp-embed-aspect-16-9 wp-has-aspect-ratio\"><div class=\"wp-block-embed__wrapper\">\n<iframe loading=\"lazy\" title=\"Abp Ry\u015b: bardziej by\u0107, ni\u017c mie\u0107 - czyli o bogaczu, kt\u00f3ry jest biedakiem | Watykan 2021\" width=\"900\" height=\"506\" src=\"https:\/\/www.youtube.com\/embed\/3iE_V4wc5mE?feature=oembed\" frameborder=\"0\" allow=\"accelerometer; autoplay; clipboard-write; encrypted-media; gyroscope; picture-in-picture\" allowfullscreen><\/iframe>\n<\/div><\/figure>\n\n\n\n<h1 class=\"wp-block-heading\">Ewangelia (\u0141k 16, 19-31)\nPrzypowie\u015b\u0107 o \u0141azarzu i bogaczu<\/h1>\n\n\n\n<p> S\u0142owa Ewangelii wed\u0142ug \u015awi\u0119tego \u0141ukasza <\/p>\n\n\n\n<p>Jezus powiedzia\u0142 do faryzeusz\u00f3w: \u00ab\u017by\u0142 pewien cz\u0142owiek bogaty, kt\u00f3ry ubiera\u0142 si\u0119 w purpur\u0119 i bisior i dzie\u0144 w dzie\u0144 ucztowa\u0142 wystawnie. U bramy jego pa\u0142acu le\u017ca\u0142 \u017cebrak pokryty wrzodami, imieniem \u0141azarz. Pragn\u0105\u0142 on nasyci\u0107 si\u0119 odpadkami ze sto\u0142u bogacza. A tak\u017ce psy przychodzi\u0142y i liza\u0142y jego wrzody. Umar\u0142 \u017cebrak i anio\u0142owie zanie\u015bli go na \u0142ono Abrahama. Umar\u0142 tak\u017ce bogacz i zosta\u0142 pogrzebany. Gdy cierpi\u0105c m\u0119ki w Otch\u0142ani, podni\u00f3s\u0142 oczy, ujrza\u0142 z daleka Abrahama i \u0141azarza na jego \u0142onie. <\/p>\n\n\n\n<p>I zawo\u0142a\u0142: \u201eOjcze Abrahamie, ulituj si\u0119 nade mn\u0105 i przy\u015blij \u0141azarza, aby koniec swego palca umoczy\u0142 w wodzie i och\u0142odzi\u0142 m\u00f3j j\u0119zyk, bo strasznie cierpi\u0119 w tym p\u0142omieniu\u201d. Lecz Abraham odrzek\u0142: \u201eWspomnij, synu, \u017ce za \u017cycia otrzyma\u0142e\u015b swoje dobra, a \u0141azarz w podobny spos\u00f3b \u2013 niedol\u0119; teraz on tu doznaje pociechy, a ty m\u0119ki cierpisz. A ponadto mi\u0119dzy nami a wami zionie ogromna przepa\u015b\u0107, tak \u017ce nikt, cho\u0107by chcia\u0142, st\u0105d do was przej\u015b\u0107 nie mo\u017ce ani stamt\u0105d nie przedostaj\u0105 si\u0119 do nas\u201d. <\/p>\n\n\n\n<p>Tamten rzek\u0142: \u201eProsz\u0119 ci\u0119 wi\u0119c, ojcze, po\u015blij go do domu mojego ojca. Mam bowiem pi\u0119ciu braci: niech ich ostrze\u017ce, \u017ceby i oni nie przyszli na to miejsce m\u0119ki\u201d. Lecz Abraham odpar\u0142: \u201eMaj\u0105 Moj\u017cesza i Prorok\u00f3w, niech\u017ce ich s\u0142uchaj\u0105!\u201d \u201eNie, ojcze Abrahamie \u2013 odrzek\u0142 tamten \u2013 lecz gdyby kto\u015b z umar\u0142ych poszed\u0142 do nich, to si\u0119 nawr\u00f3c\u0105\u201d. Odpowiedzia\u0142 mu: \u201eJe\u015bli Moj\u017cesza i Prorok\u00f3w nie s\u0142uchaj\u0105, to cho\u0107by kto\u015b z umar\u0142ych powsta\u0142, nie uwierz\u0105\u201d\u00bb. <\/p>\n\n\n\n<h1 class=\"wp-block-heading\"><strong>Przyk\u0142ad \u015awi\u0119tych Archanio\u0142\u00f3w<\/strong><\/h1>\n\n\n\n<p>Mi\u0142osierny B\u00f3g troszczy si\u0119 o cz\u0142owieka, dba o nas i st\u0105d mamy anio\u0142\u00f3w, kt\u00f3rzy s\u0105 obecni przy nas, chroni\u0105 nas i pomagaj\u0105 nam. Anio\u0142y manifestuj\u0105 Bo\u017c\u0105 obecno\u015b\u0107 i s\u0105 Jego g\u0142osem. \u0141\u0105cz\u0105 niebiosa z ziemi\u0105.<\/p>\n\n\n\n<p><strong>Gabriel<\/strong> po hebrajsku znaczy: <strong>M\u0105\u017c Bo\u017cy<\/strong>; albo <strong>B\u00f3g jest moj\u0105 moc\u0105<\/strong>. Najcz\u0119stsze jego przedstawienia w sztuce ukazuj\u0105 go z lask\u0105 w r\u0119ku lub z kul\u0105 ziemsk\u0105.<\/p>\n\n\n\n<p>W swej misji spe\u0142nia rol\u0119 pos\u0142a\u0144ca, kt\u00f3ry przekazuje ludziom przes\u0142anie od Boga. W Ksi\u0119dze Daniela (Dn 8,15) Archanio\u0142 Gabriel pojawia si\u0119 jako istota niebia\u0144ska o wygl\u0105dzie m\u0119\u017cczyzny. Jest on zwiastunem pot\u0119\u017cnego, mocnego dzia\u0142ania Boga w sytuacjach po ludzku niemo\u017cliwych. To on zwiastuje Zachariaszowi narodziny \u015bw. Jana Chrzciciela oraz zostaje pos\u0142any do Maryi, aby oznajmi\u0107 Jej, \u017ce zostanie matk\u0105 Syna Bo\u017cego. Archanio\u0142 Gabriel spe\u0142ni\u0142 wi\u0119c wielk\u0105 rol\u0119 w przekazywaniu Bo\u017cej tajemnicy w wydarzeniach zwi\u0105zanych z histori\u0105 zbawienia.<\/p>\n\n\n\n<p>Misja archanio\u0142a Gabriela zach\u0119ca nas aby wo\u0142a\u0107 do Boga: Ty jeste\u015b moj\u0105 moc\u0105, aby zawierza\u0107 siebie i innych mocy Bo\u017cej, aby opiera\u0107 si\u0119 na Bogu. Jest w tym imieniu zawarta nadzieja i poczucie bezpiecze\u0144stwa: nie jestem sam! Moc Bo\u017ca jest ze mn\u0105! Jeste\u015bmy podobni do Archanio\u0142a Gabriela, gdy wyja\u015bniamy innym, \u017ce: <strong>Pan jest z nimi i \u017ce nie powinni\u015bmy si\u0119 niczego l\u0119ka\u0107.<\/strong> Tak kiedy\u015b Archanio\u0142 Gabriel powiedzia\u0142 do Maryi: Pan z Tob\u0105, nie b\u00f3j si\u0119.<\/p>\n\n\n\n<p><strong>Rafa\u0142 <\/strong>po hebrajsku znaczy: <strong>B\u00f3g uzdrawia<\/strong> &#8211; B\u00f3g uleczy\u0142 &#8211; Uzdrowienie Bo\u017ce. Rafa\u0142 to jeden z siedmiu Archanio\u0142\u00f3w, kt\u00f3rzy wchodz\u0105 przed majestatem Pana. (Tb 12,15). Jest ksi\u0119ciem anio\u0142\u00f3w. W Ksi\u0119dze Tobiasza pojawia si\u0119 pod postaci\u0105 ludzk\u0105 i przybiera popularne \u017cydowskie imi\u0119 Azariasz, towarzysz\u0105c w drodze bohaterowi ksi\u0119gi.<\/p>\n\n\n\n<p>Przedstawia si\u0119 go w sztuce sakralnej jako pielgrzyma, trzymaj\u0105cego ryb\u0119 lub butelk\u0119. To on by\u0142 towarzyszem i przewodnikiem m\u0142odego Tobiasza w drodze z Niniwy do Raga w Medii. Uzdrowi\u0142 ze \u015blepoty jego starego ojca i uwolni\u0142 od z\u0142ego ducha dr\u0119czon\u0105 napa\u015bciami szatana Sar\u0119. Uzdrowienie od z\u0142a fizycznego i duchowego m\u00f3wi nam o Bogu uzdrawiaj\u0105cym.<\/p>\n\n\n\n<p>Potrzeba nam lekarza, bowiem: Od Najwy\u017cszego pochodzi uzdrowienie (Syr 38,2). Potrzeba nam tak\u017ce przewodnika w drodze, by\u015bmy nie chodzili jak \u015blepi, b\u0142\u0105dz\u0105c i potykaj\u0105c si\u0119. Choroba to nierzadko tak\u017ce za\u015blepienie, zadufanie w sobie, nieszukanie pomocy u Boga. B\u00f3g poprzez Rafa\u0142a dokona\u0142 tylu dobrych czyn\u00f3w tym, kt\u00f3rzy&nbsp;&nbsp;przyj\u0119li uleg\u0142ym sercem jego kierownictwo i pomoc.<\/p>\n\n\n\n<p>Wielu jest takich ludzi, kt\u00f3rzy nios\u0105 ulg\u0119 w cierpieniu i w chorobie, towarzysz\u0105c bli\u017anim w pos\u0142udze, staraj\u0105c si\u0119 im ul\u017cy\u0107. <strong>Mo\u017cemy na\u015bladowa\u0107 \u015bw. Rafa\u0142a poprzez towarzyszenie, trosk\u0119 o bli\u017anich, pomaganie im gdy potrzebuj\u0105 pomocy i strze\u017cenie ich przed z\u0142em.<\/strong><\/p>\n\n\n\n<p><strong>Micha\u0142<\/strong> po hebrajsku znaczy: <strong>Kt\u00f3\u017c jak B\u00f3g!<\/strong> To Archanio\u0142 Bo\u017cej sprawiedliwo\u015bci, s\u0105du, \u0142aski i zlitowania, jeden z najpot\u0119\u017cniejszych duch\u00f3w niebia\u0144skich. Jego zawo\u0142anie wyra\u017ca zdumienie, podziw, uwielbienie dla Stw\u00f3rcy. <strong>Okrzyk ten ukazuje, \u017ce nikt i nic nie jest ponad Boga!<\/strong> Wyra\u017ca te\u017c wdzi\u0119czno\u015b\u0107 i rado\u015b\u0107 za dar istnienia, za to \u017ce stworzenie mo\u017ce zdumiewa\u0107 si\u0119, podziwia\u0107 i wielbi\u0107 Boga. Jest w tym imieniu zawarta si\u0142a do przezwyci\u0119\u017cania z\u0142a. Archanio\u0142 Micha\u0142 i jego anio\u0142owie walcz\u0105 dzielnie z anio\u0142ami zbuntowanymi, s\u0105 bowiem rozpaleni mi\u0142o\u015bci\u0105 Boga (por. Ap 12,7).<\/p>\n\n\n\n<p>Archanio\u0142a Micha\u0142a przedstawia si\u0119 ubranego w zbroj\u0119, z mieczem w r\u0119ku, zabijaj\u0105cego smoka; albo z wag\u0105, na kt\u00f3rej odmierza on ci\u0119\u017car dobrych i z\u0142ych uczynk\u00f3w.<\/p>\n\n\n\n<p>Bior\u0105c z niego wz\u00f3r &#8211; tak\u017ce i my &#8211; <strong>powinni\u015bmy wyst\u0119powa\u0107 przeciwko fa\u0142szywym bogom, przeciw z\u0142u, niesprawiedliwo\u015bci i jakiemukolwiek zniewoleniu cz\u0142owieka.<\/strong> Ko\u015bci\u00f3\u0142 wzywa na pomoc Archanio\u0142a Micha\u0142a przeciw zasadzkom szatana &#8211; nieprzyjaciela Boga i ludzi.<\/p>\n\n\n\n<p>Wa\u017cna jest \u015bwiadomo\u015b\u0107, \u017ce nie jeste\u015bmy sami, ale mamy towarzyszy, anio\u0142\u00f3w i Archanio\u0142\u00f3w, kt\u00f3rzy nas strzeg\u0105, chroni\u0105, czasami interweniuj\u0105 w spos\u00f3b nadzwyczajny. <strong>Stawajmy si\u0119 jak oni zwiastunami obecno\u015bci Boga w \u015bwiecie i b\u0105d\u017amy g\u0142osicielami w\u015br\u00f3d ludzi chwa\u0142y Boga i prze\u015bwiadczenia, \u017ce On jest z nami i nas wszystkich ochrania, zbawia i u\u015bwi\u0119ca.<\/strong><\/p>\n\n\n\n<p>Wprowadzanie w \u017cycie postaw \u015bwi\u0119tych Archanio\u0142\u00f3w, na\u015bladowanie tego, co jest zawarte w ich imionach i czynach, jest dzie\u0142em Ducha \u015awi\u0119tego i mo\u017ce si\u0119 nam uda\u0107, gdy wsparci zostaniemy Bo\u017c\u0105 \u0142ask\u0105. Liturgiczne wspomnienie i modlitwa o wstawiennictwo trzech Archanio\u0142\u00f3w: Gabriela, Rafa\u0142a i Micha\u0142a mo\u017ce nam w tym pom\u00f3c.<\/p>\n\n\n\n<p><\/p>\n\n\n\n<figure class=\"wp-block-image\"><a href=\"http:\/\/rafalk-elblag.pl\/wp-content\/uploads\/2021\/08\/ogloszenia-parafialne-baner-01a.jpg\"><img loading=\"lazy\" decoding=\"async\" width=\"720\" height=\"232\" src=\"http:\/\/rafalk-elblag.pl\/wp-content\/uploads\/2021\/08\/ogloszenia-parafialne-baner-01a.jpg\" alt=\"\" class=\"wp-image-4410\" srcset=\"https:\/\/rafalk-elblag.pl\/wp-content\/uploads\/2021\/08\/ogloszenia-parafialne-baner-01a.jpg 720w, https:\/\/rafalk-elblag.pl\/wp-content\/uploads\/2021\/08\/ogloszenia-parafialne-baner-01a-300x97.jpg 300w\" sizes=\"auto, (max-width: 720px) 100vw, 720px\" \/><\/a><\/figure>\n\n\n\n<h1 class=\"wp-block-heading\">Og\u0142oszenia parafialne 25.09.2022r<\/h1>\n\n\n\n<ol class=\"wp-block-list\"><li><strong>PRZED NAMI MIESI\u0104C R\u00d3\u017bA\u0143CA \u015aWI\u0118TEGO.<\/strong> Zapraszamy na nabo\u017ce\u0144stwa z wystawieniem Naj\u015bwi\u0119tszego Sakramentu. Wierni, kt\u00f3rzy odmawiaj\u0105 cz\u0119\u015b\u0107 R\u00f3\u017ca\u0144ca (5 dziesi\u0105tek) w ko\u015bciele lub rodzinie mog\u0105 uzyska\u0107 <strong>ODPUST ZUPE\u0141NY<\/strong>. Zapraszamy do wsp\u00f3lnej modlitwy: doros\u0142ych i m\u0142odzie\u017c <strong>o godz. 17:15<\/strong>, a\u00a0dzieci <strong>we wtorki i czwartki o godz. 16:30.<\/strong><br><\/li><li>Dzisiaj Wolontariusze Caritas zbieraj\u0105 przed ko\u015bcio\u0142em ofiary dla najubo\u017cszych i potrzebuj\u0105cych z naszej parafii. <strong>Parafialny Oddzia\u0142 Caritas<\/strong> naszej parafii znajduje si\u0119 przy ul. Myliusa 1A i czynny jest w I i III czwartek miesi\u0105ca od 16:00 do godz. 17:00.<br><\/li><li>W liturgii ko\u015bcio\u0142a w tym tygodniu, obchodzi\u0107 b\u0119dziemy w czwartek 29 wrze\u015bnia &#8211; \u015awi\u0119to \u015awi\u0119tych Archanio\u0142\u00f3w Micha\u0142a, Gabriela i Rafa\u0142a<br><strong>Zapraszamy na Msze \u015bw. o godz. 8:00 i 18:00.<\/strong><br><\/li><li>Mo\u017cliwo\u015b\u0107 skorzystanie z<strong> Sakramentu Spowiedzi \u015awi\u0119tej <\/strong>w tygodniu mamy:  od godz. 7:45 oraz od godz. 17:30. <strong>KANCELARIA PARAFIALNA:<\/strong> czynna w \u015brody od 16:00 do 17:30 oraz w pi\u0105tki po Mszy \u015bw. wieczorowej do 19:30. <em>Zapraszamy.<\/em><br><\/li><li><strong>APOSTOLAT\u00a0 MARGARETKA\u00a0 <\/strong>w diecezji elbl\u0105skiej, zaprasza kap\u0142an\u00f3w oraz osoby modl\u0105ce si\u0119 i pragn\u0105ce modli\u0107 si\u0119 za kap\u0142an\u00f3w, na spotkanie w dniu 1 pa\u017adziernika 2022 o godz.10:00 w parafii Wszystkich \u015awi\u0119tych w Elbl\u0105gu.<br><\/li><li><strong>W tym tygodniu przypada:<\/strong><br><ul><li><strong>I sobota miesi\u0105ca: <\/strong>zapraszamy wszystkich czcicieli Matki Bo\u017cej na nabo\u017ce\u0144stwo po\u0142\u0105czone z\u00a0Adoracj\u0105 Naj\u015bwi\u0119tszego Sakramentu od godz. 17:00.<br><\/li><\/ul><\/li><li>Wsp\u00f3lnota Odnowy w Duchu \u015awi\u0119tym \u201eKana Galilejska\u201d zaprasza na spotkanie modlitewne w poniedzia\u0142ek po Mszy \u015bw. w salce na plebanii.<br><\/li><li><strong>PAMI\u0118TAJMY:<\/strong> W pierwsze niedziele miesi\u0105ca zbierana taca przeznaczona jest na inwestycje w naszej parafii. Obecnie na balaski i balustrady. <em>B\u00f3g zap\u0142a\u0107 za sk\u0142adane ofiary<strong>.<\/strong><\/em><br><\/li><li>Mamy ju\u017c mo\u017cliwo\u015b\u0107 zamawiania i rezerwacji Mszy \u015bwi\u0119tej <strong>na ROK 2023<\/strong>. Informacj\u0119 t\u0119 podajemy dla tych wszystkich, kt\u00f3rzy pragn\u0105 w konkretnym dniu zam\u00f3wi\u0107 intencj\u0119 mszaln\u0105. ZAPRASZAMY.<br><\/li><li><strong>BAL JUBILEUSZOWY z okazji 20 \u2013 lecia Rodziny Szkaplerznej. <\/strong>Rada Szkaplerzna przy naszej parafii zaprasza do wzi\u0119cia udzia\u0142u w balu, dnia 15 pa\u017adziernika br.( sobota) od 19:30 w Barze \u2013 Restauracji Kalinka ul 12 Lutego 34\/1. <strong>Koszt 140 z\u0142 od osoby.<\/strong> <em>Zapisy w zakrystii do 10 pa\u017adziernika. Warto spotka\u0107 si\u0119 na wsp\u00f3lnej zabawie.<\/em><br><\/li><li>Pan powo\u0142a\u0142 do wieczno\u015bci:<br><br><strong>\u2020 \u015bp. Janin\u0119 CYCHOWSK\u0104<\/strong> lat 101 z ul. Korczaka<br><strong>\u2020 \u015bp. Jadwig\u0119 ZUBRZYCK\u0104<\/strong> lat 92 z ul. Sobieskiego<br><br><em>Wieczny odpoczynek racz im da\u0107 Panie! A \u015bwiat\u0142o\u015b\u0107 wiekuista niechaj im \u015bwieci<\/em><\/li><\/ol>\n\n\n\n<p><\/p>\n\n\n\n<p><\/p>\n\n\n\n<figure class=\"wp-block-image\"><img decoding=\"async\" src=\"http:\/\/rafalk-elblag.pl\/wp-content\/uploads\/2020\/04\/baner-intencje-mszy.jpg\" alt=\"\"\/><\/figure>\n\n\n\n<h1 class=\"wp-block-heading\">Intencje mszalne 25.09.2022r<\/h1>\n\n\n\n<p><strong>PONIEDZIA\u0141EK \/ 26 wrze\u015bnia 2022r.<\/strong><br>8.00 \u2020 Stanis\u0142awa [k] CIE\u015aLI\u0143SKA (19 rocznica \u015bmierci); J\u00f3zef, Tadeusz, Krystyna z rodziny CIE\u015aLI\u0143SKICH; Weronika, Konstanty GA\u0141ASZKO<br>8.00 \u2020 Jan \u017bAK w dniu jego ziemskich urodzin<br>18.00 \u2020 Piotr, Amelia, Wies\u0142aw, Jan, Rados\u0142aw<\/p>\n\n\n\n<p><strong>WTOREK \/ 27 wrze\u015bnia 2022r. \u015bw. Wincentego a Paulo<\/strong><br>8.00 \u2020 Za zmar\u0142ych z rodziny PALKOWSKICH<br>18.00 O Bo\u017ce b\u0142., wszelkie potrzebne \u0142aski i nieustann\u0105 opiek\u0119 Matki Bo\u017cej dla Ewy<\/p>\n\n\n\n<p><strong>\u015aRODA \/ 28 wrze\u015bnia 2022r. \u015bw. Wac\u0142awa<\/strong><br>8.00 \u2020 Za zmar\u0142ych z rodziny MENDALKA<br>18.00 \u2020 Wac\u0142aw NIEDZIELSKI (3 rocznica \u015bmierci) i zmarli z rodziny NIEDZIELSKICH i WASZAK\u00d3W<\/p>\n\n\n\n<p><strong>CZWARTEK \/ 29 wrze\u015bnia 2022r.<\/strong><br>\u015awi\u0119tych Archanio\u0142\u00f3w Micha\u0142a, Gabriela, Rafa\u0142a<br>8.00 \u2020 Danuta GREGORCZYK w 1 rocznic\u0119 \u015bmierci<br>18.00 \u2020 Za zmar\u0142ych z rodzin FALENTA, WALENDOWSKICH, NIECIECKICH, BACHORSKICH i RAC\u0141AW<\/p>\n\n\n\n<p><strong>PI\u0104TEK \/ 30 wrze\u015bnia 2022r. \u015bw. Hieronima<\/strong><br>8.00 Za Zbigniewa JACKIEWICZA, jego \u017con\u0119 Wies\u0142aw\u0119, dzieci i wnuk\u00f3w o wiar\u0119, nadziej\u0119 i mi\u0142o\u015b\u0107<br>18.00 rezerwacja<\/p>\n\n\n\n<p><strong>SOBOTA \/ 1 pa\u017adziernika 2022r. \u015bw. Teresy od Dzieci\u0105tka Jezus<\/strong><br>8.00 \u2020 Zuzanna ALBERCKA (1 greg.)<br>18.00 Dzi\u0119kczynna z okazji 30 rocznicy powstania seminarium elbl\u0105skiego, z pro\u015bb\u0105 o Bo\u017ce b\u0142., potrzebne \u0142aski i opiek\u0119 Matki Bo\u017cej dla wyk\u0142adowc\u00f3w, wychowawc\u00f3w, seminarzyst\u00f3w i absolwent\u00f3w, a tak\u017ce o nowe powo\u0142ania kap\u0142a\u0144skie (intencja od III R\u00f3\u017cy: Matki Bo\u017cej Ostrobramskiej)<\/p>\n\n\n\n<p><strong>XXVII NIEDZIELA ZWYK\u0141A 2 pa\u017adziernika 2022 r.<\/strong><br>8.00 O do\u015bwiadczenie Bo\u017cej mi\u0142o\u015bci dla Karoliny i Sebastiana<br>10.00 Dzi\u0119kczynna w 70 urodziny Teresy GROMADZKIEJ, z pro\u015bb\u0105 o Bo\u017ce b\u0142., opiek\u0119 Matki Bo\u017cej Szkaplerznej i wszelkie potrzebne \u0142aski dla ca\u0142ej rodziny<br>12.00 W intencji Parafian<br>12.00 Dzi\u0119kczynna za 20 lat sakramentu ma\u0142\u017ce\u0144stwa Magdaleny i Dariusza \u017bUGAJ, z pro\u015bb\u0105 o dary Ducha \u015awi\u0119tego i dalsze b\u0142ogos\u0142awie\u0144stwo dla ca\u0142ej rodziny<br>15.00 \u2020 Szczepan Jan KACZMAREK (20 rocznica \u015bmierci)<br>18.00 \u2020 Zuzanna ALBERCKA (2 greg.)<\/p>\n\n\n\n<p><br><\/p>\n","protected":false},"excerpt":{"rendered":"<p>Ewangelia (\u0141k 16, 19-31) Przypowie\u015b\u0107 o \u0141azarzu i bogaczu S\u0142owa Ewangelii wed\u0142ug \u015awi\u0119tego \u0141ukasza Jezus powiedzia\u0142 do faryzeusz\u00f3w: \u00ab\u017by\u0142 pewien cz\u0142owiek bogaty, kt\u00f3ry ubiera\u0142 si\u0119 w purpur\u0119 i bisior i dzie\u0144 w dzie\u0144 ucztowa\u0142 wystawnie. U bramy jego pa\u0142acu le\u017ca\u0142 \u017cebrak pokryty wrzodami, imieniem \u0141azarz. Pragn\u0105\u0142 on nasyci\u0107 si\u0119 odpadkami ze sto\u0142u bogacza. A tak\u017ce [&hellip;]<\/p>\n","protected":false},"author":1,"featured_media":4807,"comment_status":"closed","ping_status":"closed","sticky":false,"template":"","format":"standard","meta":{"ngg_post_thumbnail":0,"footnotes":""},"categories":[11,8,4,3],"tags":[],"class_list":["post-4806","post","type-post","status-publish","format-standard","has-post-thumbnail","hentry","category-aktualnosci","category-blog","category-intencje","category-ogloszenia"],"_links":{"self":[{"href":"https:\/\/rafalk-elblag.pl\/index.php?rest_route=\/wp\/v2\/posts\/4806","targetHints":{"allow":["GET"]}}],"collection":[{"href":"https:\/\/rafalk-elblag.pl\/index.php?rest_route=\/wp\/v2\/posts"}],"about":[{"href":"https:\/\/rafalk-elblag.pl\/index.php?rest_route=\/wp\/v2\/types\/post"}],"author":[{"embeddable":true,"href":"https:\/\/rafalk-elblag.pl\/index.php?rest_route=\/wp\/v2\/users\/1"}],"replies":[{"embeddable":true,"href":"https:\/\/rafalk-elblag.pl\/index.php?rest_route=%2Fwp%2Fv2%2Fcomments&post=4806"}],"version-history":[{"count":1,"href":"https:\/\/rafalk-elblag.pl\/index.php?rest_route=\/wp\/v2\/posts\/4806\/revisions"}],"predecessor-version":[{"id":4808,"href":"https:\/\/rafalk-elblag.pl\/index.php?rest_route=\/wp\/v2\/posts\/4806\/revisions\/4808"}],"wp:featuredmedia":[{"embeddable":true,"href":"https:\/\/rafalk-elblag.pl\/index.php?rest_route=\/wp\/v2\/media\/4807"}],"wp:attachment":[{"href":"https:\/\/rafalk-elblag.pl\/index.php?rest_route=%2Fwp%2Fv2%2Fmedia&parent=4806"}],"wp:term":[{"taxonomy":"category","embeddable":true,"href":"https:\/\/rafalk-elblag.pl\/index.php?rest_route=%2Fwp%2Fv2%2Fcategories&post=4806"},{"taxonomy":"post_tag","embeddable":true,"href":"https:\/\/rafalk-elblag.pl\/index.php?rest_route=%2Fwp%2Fv2%2Ftags&post=4806"}],"curies":[{"name":"wp","href":"https:\/\/api.w.org\/{rel}","templated":true}]}}