{"id":4802,"date":"2022-09-19T07:19:05","date_gmt":"2022-09-19T07:19:05","guid":{"rendered":"http:\/\/rafalk-elblag.pl\/?p=4802"},"modified":"2022-09-26T13:58:54","modified_gmt":"2022-09-26T13:58:54","slug":"ogloszenia-18-09-2022-xxv-niedziela-zwykla","status":"publish","type":"post","link":"https:\/\/rafalk-elblag.pl\/?p=4802","title":{"rendered":"Og\u0142oszenia 18.09.2022, XXV Niedziela Zwyk\u0142a"},"content":{"rendered":"\n<figure class=\"wp-block-embed is-type-video is-provider-youtube wp-block-embed-youtube wp-embed-aspect-16-9 wp-has-aspect-ratio\"><div class=\"wp-block-embed__wrapper\">\n<iframe loading=\"lazy\" title=\"przestroga przed pazerno\u015bci\u0105\" width=\"900\" height=\"506\" src=\"https:\/\/www.youtube.com\/embed\/5pz0zYv_e_U?feature=oembed\" frameborder=\"0\" allow=\"accelerometer; autoplay; clipboard-write; encrypted-media; gyroscope; picture-in-picture\" allowfullscreen><\/iframe>\n<\/div><\/figure>\n\n\n\n<h1 class=\"wp-block-heading\">Ewangelia (\u0141k 16, 1-13)\nNie mo\u017cecie s\u0142u\u017cy\u0107 Bogu i Mamonie<\/h1>\n\n\n\n<p>\nS\u0142owa Ewangelii wed\u0142ug \u015awi\u0119tego \u0141ukasza<\/p>\n\n\n\n<p> Jezus powiedzia\u0142 do uczni\u00f3w: \u00abPewien bogaty cz\u0142owiek mia\u0142 rz\u0105dc\u0119, kt\u00f3rego oskar\u017cono przed nim, \u017ce trwoni jego maj\u0105tek. Przywo\u0142a\u0142 wi\u0119c go do siebie i rzek\u0142 mu: \u201eC\u00f3\u017c to s\u0142ysz\u0119 o tobie? Zdaj spraw\u0119 z twego zarz\u0105dzania, bo ju\u017c nie b\u0119dziesz m\u00f3g\u0142 zarz\u0105dza\u0107\u201d. Na to rz\u0105dca rzek\u0142 sam do siebie: \u201eCo ja poczn\u0119, skoro m\u00f3j pan odbiera mi zarz\u0105dzanie? Kopa\u0107 nie mog\u0119, \u017cebra\u0107 si\u0119 wstydz\u0119. Wiem ju\u017c, co uczyni\u0119, \u017ceby mnie ludzie przyj\u0119li do swoich dom\u00f3w, gdy b\u0119d\u0119 odsuni\u0119ty od zarz\u0105dzania\u201d. <\/p>\n\n\n\n<p>Przywo\u0142a\u0142 wi\u0119c do siebie ka\u017cdego z d\u0142u\u017cnik\u00f3w swego pana i zapyta\u0142 pierwszego: \u201eIle jeste\u015b winien mojemu panu?\u201d Ten odpowiedzia\u0142: \u201eSto beczek oliwy\u201d. On mu rzek\u0142: \u201eWe\u017a swoje zobowi\u0105zanie, siadaj pr\u0119dko i napisz: pi\u0119\u0107dziesi\u0105t\u201d. Nast\u0119pnie pyta\u0142 drugiego: \u201eA ty ile jeste\u015b winien?\u201d Ten odrzek\u0142: \u201eSto korc\u00f3w pszenicy\u201d. M\u00f3wi mu: \u201eWe\u017a swoje zobowi\u0105zanie i napisz: osiemdziesi\u0105t\u201d. <\/p>\n\n\n\n<p>Pan pochwali\u0142 nieuczciwego rz\u0105dc\u0119, \u017ce roztropnie post\u0105pi\u0142. Bo synowie tego \u015bwiata roztropniejsi s\u0105 w stosunkach z podobnymi sobie lud\u017ami ni\u017c synowie \u015bwiat\u0142o\u015bci. Ja te\u017c wam powiadam: Pozyskujcie sobie przyjaci\u00f3\u0142 niegodziw\u0105 mamon\u0105, aby gdy wszystko si\u0119 sko\u0144czy, przyj\u0119to was do wiecznych przybytk\u00f3w. <\/p>\n\n\n\n<p>Kto w bardzo ma\u0142ej sprawie jest wierny, ten i w wielkiej b\u0119dzie wierny; a kto w bardzo ma\u0142ej sprawie jest nieuczciwy, ten i w wielkiej nieuczciwy b\u0119dzie. Je\u015bli wi\u0119c w zarz\u0105dzaniu niegodziw\u0105 mamon\u0105 nie okazali\u015bcie si\u0119 wierni, to kto wam prawdziwe dobro powierzy? <\/p>\n\n\n\n<h1 class=\"wp-block-heading\"><strong>Msza \u015bw. sprawowana przez \u015bw. o. Pio<\/strong><\/h1>\n\n\n\n<p>Ojciec Pio ca\u0142\u0105 sw\u0105 osob\u0105 i przez ca\u0142e swe \u017cycie dawa\u0142 \u015bwiadectwo tego, czym jest naprawd\u0119 Naj\u015bwi\u0119tsza Ofiara oraz ukazuj\u0105cy, i\u017c nie bez przyczyny mo\u017cna go nazwa\u0107 prawdziwym m\u0119czennikiem Eucharystii\u2026 Czu\u0142 si\u0119 uprzywilejowany, poniewa\u017c jak podkre\u015bla\u0142, codziennie przyjmowa\u0142 Jezusa \u201eprzy stole anio\u0142\u00f3w\u201d.<\/p>\n\n\n\n<p>Pio zwyk\u0142 mawia\u0107, \u017ce <strong>na \u015bwiecie mog\u0142oby nie \u015bwieci\u0107 s\u0142o\u0144ce, nigdy jednak nie mo\u017ce zabrakn\u0105\u0107 Mszy \u015bw.<\/strong> Tysi\u0105com ludzi przybywaj\u0105cym do San Giovanni Rotondo utkwi\u0142 w pami\u0119ci \u00f3w niezwyk\u0142y obraz wpatruj\u0105cego si\u0119 godzinami w krzy\u017c zakonnika. Tajemnica cierpienia \u0142\u0105czy\u0142a ich obydwu.<\/p>\n\n\n\n<p>Ojciec Pio d\u0142ugo przygotowywa\u0142 si\u0119 na to spotkanie z Jezusem. Od godziny drugiej w nocy ju\u017c nie spa\u0142. Jak mawia\u0142: \u201eNigdy nie ma do\u015b\u0107 czasu, aby dobrze przygotowa\u0107 si\u0119 do Komunii \u015bw.\u201d. Modli\u0142 si\u0119 w celi zakonnej, odmawiaj\u0105c r\u00f3\u017caniec, a nast\u0119pnie rozmy\u015bla\u0142 nad Ofiar\u0105 Chrystusa.<\/p>\n\n\n\n<p>Z biegiem lat sta\u0142o si\u0119 ju\u017c \u017celaznym zwyczajem, tak w lecie jak i w zimie, \u017ce Pio odprawia\u0142 Msz\u0119 \u015bw. o 5 rano. Dlatego ju\u017c od godz. 2 gromadzili si\u0119 ludzie przed drzwiami ko\u015bcio\u0142a, modl\u0105c si\u0119 i \u015bpiewaj\u0105c oczekiwali \u015bwitu. O godz. 4 by\u0142o ich ju\u017c tylu, \u017ce wystarczy\u0142o, by zape\u0142ni\u0107 po\u0142ow\u0119 ko\u015bcio\u0142a.<\/p>\n\n\n\n<p>Zanim jednak zakonnik pojawi\u0142 si\u0119 przy o\u0142tarzu kl\u0119cza\u0142 d\u0142u\u017cszy czas<br>w zakrystii. Wielu ksi\u0119\u017cy oraz ludzi protegowanych przedk\u0142ada\u0142o mu swoje pro\u015bby i potrzeby. Pio kiwa\u0142 g\u0142ow\u0105 ze zrozumieniem, s\u0142ucha\u0142 jakby jednym uchem, my\u015bla\u0142 bowiem o swojej duchowej ofierze, kt\u00f3r\u0105 \u0142\u0105czy\u0142 z ofiar\u0105 Chrystusa.<\/p>\n\n\n\n<p>Bardzo wolno ubiera\u0142 si\u0119 w szaty mszalne, przykl\u0119ka\u0142 co chwil\u0119 i na kr\u00f3tki czas zatapia\u0142 si\u0119 w modlitwie. Podkre\u015bla\u0142 wielokrotnie, \u017ce nie czuje si\u0119 godny odprawia\u0107 Naj\u015bwi\u0119tszej Ofiary. P\u00f3\u017aniej, poruszaj\u0105c si\u0119 z trudem, wychodzi\u0142 z zakrystii do o\u0142tarza. Ka\u017cdy krok sprawia\u0142 mu b\u00f3l. Mimo ogromnego cierpienia, id\u0105c na s\u0142aniaj\u0105cych si\u0119 nogach, potrafi\u0142 sta\u0107 za o\u0142tarzem po kilka godzin.<\/p>\n\n\n\n<p>Podczas Liturgii S\u0142owa \u015awi\u0119ty cz\u0119sto nie m\u00f3g\u0142 powstrzyma\u0107 \u0142ez. Nie&nbsp;tylko&nbsp;dlatego, \u017ce&nbsp;tak&nbsp;intensywnie prze\u017cywa\u0142 ka\u017cde s\u0142owo, lecz&nbsp;r\u00f3wnie\u017c dlatego, \u017ce&nbsp;przepe\u0142nia\u0142a go wdzi\u0119czno\u015b\u0107 dla Boga, kt\u00f3ry&nbsp;zechcia\u0142 przem\u00f3wi\u0107 do&nbsp;ludzi.<\/p>\n\n\n\n<p>Ofiarowanie by\u0142o dla niego oczekiwaniem na\u00a0przemienienie zwyk\u0142ego chleba w\u00a0\u201eChleb z\u00a0nieba\u201d. Podczas konsekracji dokonywa\u0142o si\u0119 \u2013 jak mawia\u0142 Ojciec Pio \u2013 \u00a0\u201enowe cudowne zniszczenie i\u00a0stworzenie\u201d. Zniszczenie i\u00a0stworzenie, czyli tajemnica ofiary Ukrzy\u017cowanego, kt\u00f3ry\u00a0ponosi haniebn\u0105 \u015bmier\u0107 \u201ezaliczonego do\u00a0z\u0142oczy\u0144c\u00f3w\u201d, aby sta\u0107 si\u0119 Eucharysti\u0105. Gdy\u00a0Ojciec Pio wymawia\u0142 s\u0142owa konsekracji, a\u00a0s\u0142owa te wypowiada\u0142 bardzo wolno, rzeczywi\u015bcie uczestniczy\u0142 w\u00a0tragedii Golgoty. Jego Msza \u015bwi\u0119ta by\u0142a ca\u0142\u0105 M\u0119k\u0105 Zbawiciela. Chrystus wyciska\u0142 na\u00a0nim to, co sam prze\u017cywa\u0142: mi\u0142o\u015b\u0107, cierpienie, \u015bmier\u0107\u2026 Z ran na r\u0119kach o. Pio wyp\u0142ywa\u0142a krew. Stygmatyk stara\u0142 si\u0119 to ukry\u0107 pod d\u0142ugimi r\u0119kawami alby.<\/p>\n\n\n\n<p>Wreszcie nadchodzi\u0142 czas zjednoczenia. Komunia \u015bwi\u0119ta! Na&nbsp;ten moment Ojciec Pio bardzo czeka\u0142. Kiedy\u015b powiedzia\u0142:&nbsp;<strong>\u201eGdybym kt\u00f3rego\u015b dnia zosta\u0142 pozbawiony Komunii \u015bwi\u0119tej \u2013 umar\u0142bym\u201d.<\/strong><\/p>\n\n\n\n<p>Dzi\u0119kczynienie nie ko\u0144czy\u0142o si\u0119 razem z Msz\u0105. Ojciec Pio kl\u0119cza\u0142 najpierw d\u0142ugo w zakrystii, a potem szed\u0142 na swoje miejsce w ch\u00f3rze. Jak pisa\u0142 w li\u015bcie do o. Augustyna: \u201ePo Mszy \u015bw. zosta\u0142em z Jezusem na dzi\u0119kczynieniu. Jaka\u017c to by\u0142a niebia\u0144ska rozmowa! Serce Jezusa i moje z\u0142\u0105czy\u0142y si\u0119 w jedno. Bi\u0142y ju\u017c nie dwa serca, ale tylko jedno. Moje serce znik\u0142o jak kropelka wch\u0142oni\u0119ta przez ocean\u201d.<\/p>\n\n\n\n<p>6 maja 1972 kapucyn, o. Vincenzo Frezza wyg\u0142osi\u0142 w San Giovanni Rotondo konferencj\u0119 na temat Kap\u0142a\u0144stwo i Eucharystia u Ojca Pio. W tej konferencji mo\u017cna wyczyta\u0107 nast\u0119puj\u0105ce s\u0142owa:<\/p>\n\n\n\n<p><em>Wspominamy go (szczeg\u00f3lnie lubi\u0119 go wspomina\u0107 w starym ko\u015bci\u00f3\u0142ku, gdzie wszystko by\u0142o ubogie i otwarte na o\u015bcie\u017c, jak w Betlejem i na Kalwarii) stawiaj\u0105cego czo\u0142a trudno\u015bciom zwi\u0105zanym z przej\u015bciem pomi\u0119dzy st\u0142oczonymi lud\u017ami, kt\u00f3rzy niech\u0119tnie si\u0119 usuwali. Na jego obliczu \u017cadnego wyrazu chwa\u0142y lub jakiej\u015b nadprzyrodzonej mocy, lecz raczej pewna forma b\u00f3lu. Powolny w ruchach, naturalny w gestach, spokojny w czytaniu; lecz w tym wszystkim obecna by\u0142a nieudawana godno\u015b\u0107, \u015bwiadomo\u015b\u0107 bez poczucia w\u0142asnej wa\u017cno\u015bci, surowo\u015b\u0107 bez twardo\u015bci.<\/em><em><\/em><em>Gdy wznosi\u0142 kielich i paten\u0119, r\u0119kawy opada\u0142y nieco i ukazywa\u0142y ods\u0142oni\u0119te rany r\u0105k. Po konsekracji i po podniesieniu na jego twarzy wida\u0107 by\u0142o co\u015b niezwyk\u0142ego. I wszyscy byli bardziej uwa\u017cni, bardziej o\u017cywieni, bardziej autentyczni, jakby wyobcowani z tego \u015bwiata, a pogr\u0105\u017ceni w kontemplacji \u015bwiata, kt\u00f3rego nie widzieli.<\/em><\/p>\n\n\n\n<p><\/p>\n\n\n\n<p><\/p>\n\n\n\n<figure class=\"wp-block-image\"><a href=\"http:\/\/rafalk-elblag.pl\/wp-content\/uploads\/2021\/08\/ogloszenia-parafialne-baner-01a.jpg\"><img loading=\"lazy\" decoding=\"async\" width=\"720\" height=\"232\" src=\"http:\/\/rafalk-elblag.pl\/wp-content\/uploads\/2021\/08\/ogloszenia-parafialne-baner-01a.jpg\" alt=\"\" class=\"wp-image-4410\" srcset=\"https:\/\/rafalk-elblag.pl\/wp-content\/uploads\/2021\/08\/ogloszenia-parafialne-baner-01a.jpg 720w, https:\/\/rafalk-elblag.pl\/wp-content\/uploads\/2021\/08\/ogloszenia-parafialne-baner-01a-300x97.jpg 300w\" sizes=\"auto, (max-width: 720px) 100vw, 720px\" \/><\/a><\/figure>\n\n\n\n<h1 class=\"wp-block-heading\">Og\u0142oszenia parafialne 18.09.2022r<\/h1>\n\n\n\n<ol class=\"wp-block-list\"><li><strong>UWAGA!<\/strong> Dzisiaj spotkanie wszystkich kandydat\u00f3w do Sakramentu Bierzmowania i m\u0142odzie\u017cy naszej parafii na Mszy \u015bw. o godz. 18:00. <em>Przypominamy i zapraszamy.<\/em><br><\/li><li>W poniedzia\u0142ek 12 wrze\u015bnia br. na plebanii odb\u0119d\u0105 si\u0119 spotkania rodzic\u00f3w dzieci przygotowuj\u0105cych si\u0119 w tym roku do Pierwszej Spowiedzi i Komunii \u015awi\u0119tej wed\u0142ug nast\u0119puj\u0105cego porz\u0105dku:<br><ul><li><strong>w \u015brod\u0119 21 wrze\u015bnia &#8211; &nbsp;\u015bwi\u0119to \u015bw. Mateusza Aposto\u0142a i Ewangelisty<\/strong><br><\/li><li>w pi\u0105tek 23 wrze\u015bnia &#8211; wspomnienie \u015bw. Pio z Pietrelciny, kap\u0142ana Zapraszamy na Msze \u015bw. o godz. 8:00 oraz na godz. 18:00.<br><\/li><\/ul><\/li><li><strong>BAL JUBILEUSZOWY z okazji 20 \u2013 lecia Rodziny Szkaplerznej. <\/strong>Rada Szkaplerzna przy naszej parafii zaprasza do wzi\u0119cia udzia\u0142u w balu, dnia 15 pa\u017adziernika br. (sobota) od 19:30 w Restauracji Kalinka ul. 12 Lutego 34\/1. <strong>Koszt 140 z\u0142 od osoby.<\/strong> <em>Zapisy w zakrystii do 10 pa\u017adziernika.&nbsp; Warto spotka\u0107 si\u0119 na wsp\u00f3lnej zabawie.<\/em><br><\/li><li><strong>PRZYPOMINAMY !!!<\/strong> Trwa jeszcze jesienna rekrutacja na studia teologiczne. Jest to \u015bcie\u017cka dla przysz\u0142ych katechetek i katechet\u00f3w, ale te\u017c dla kandydat\u00f3w do \u015bwi\u0119ce\u0144 kap\u0142a\u0144skich. Zach\u0119cam osoby zainteresowane do odwa\u017cnego wyboru studi\u00f3w teologii, &nbsp;&nbsp;&nbsp;&nbsp;&nbsp;&nbsp;&nbsp;&nbsp;&nbsp;&nbsp;&nbsp;&nbsp;&nbsp;&nbsp;&nbsp;&nbsp;a p\u00f3\u017aniej pos\u0142ugi religijnej w Ko\u015bciele. S\u0142owa Jezusa powo\u0142uj\u0105cego uczni\u00f3w <em>\u201eP\u00f3jd\u017a za Mn\u0105!\u201d s\u0105 nadal aktualne. Bli\u017csze informacje na temat seminarium oraz studi\u00f3w przeka\u017c\u0105 ksi\u0119\u017ca i nauczyciele religii.<\/em><br><\/li><li>Apostolat Mi\u0142osierdzia Bo\u017cego oraz woluntariuszy Parafialnego Oddzia\u0142u Caritas zapraszamy w przysz\u0142\u0105 niedziel\u0119 na Msz\u0119 \u015bw. o godz. 15:00, a po Mszy \u015bw. na pierwsze powakacyjne spotkanie na plebanii.<br><\/li><li>W ostatni\u0105 niedziel\u0119 wrze\u015bnia Wolontariusze Caritas b\u0119d\u0105 zbiera\u0107 przed ko\u015bcio\u0142em ofiary dla najubo\u017cszych i potrzebuj\u0105cych z naszej parafii. <strong>PRZYPOMINAMY:<\/strong> Parafialny Oddzia\u0142 Caritas naszej parafii znajduje si\u0119 przy ul. Myliusa 1A i czynny jest w I i III czwartek miesi\u0105ca od 16:00 do godz. 17:00.<br><\/li><li>Mo\u017cliwo\u015b\u0107 skorzystania z<strong> Sakramentu Spowiedzi \u015awi\u0119tej <\/strong>w tygodniu mamy: od godz. 7:45 oraz od godz. 17:30. <br><strong>KANCELARIA PARAFIALNA:<\/strong> czynna w \u015brody od 16:00 do 17:30 oraz w pi\u0105tki po Mszy \u015bw. wieczorowej do 19:30. <em>Zapraszamy.<\/em><\/li><\/ol>\n\n\n\n<p><\/p>\n\n\n\n<p><\/p>\n\n\n\n<figure class=\"wp-block-image\"><img decoding=\"async\" src=\"http:\/\/rafalk-elblag.pl\/wp-content\/uploads\/2020\/04\/baner-intencje-mszy.jpg\" alt=\"\"\/><\/figure>\n\n\n\n<h1 class=\"wp-block-heading\">Intencje mszalne 18.09.2022r<\/h1>\n\n\n\n<p><strong>PONIEDZIA\u0141EK \/ 19 wrze\u015bnia 2022r.<\/strong><br>8.00 \u2020 Marian PIWNIKIEWICZ<br>18.00 O do\u015bwiadczenie Bo\u017cej mi\u0142o\u015bci dla Aleksandry, Dawida i Wiktora oraz otwarto\u015b\u0107 ich serc<\/p>\n\n\n\n<p><strong>WTOREK \/ 20 wrze\u015bnia 2022r.<\/strong><br>8.00 \u2020 Danuta JASI\u0143SKA (30 dzie\u0144 po pogrzebie)<br>18.00 \u2020 Wiktor IDZIKOWSKI<\/p>\n\n\n\n<p><strong>\u015aRODA \/ 21 wrze\u015bnia 2022r.<\/strong><br>\u015bw. Mateusza, Aposto\u0142a i Ewangelisty<br>8.00 \u2020 Franciszek KARA\u0179NIEWICZ (30 dzie\u0144 po pogrzebie)<br>8.00 O Bo\u017ce b\u0142ogos\u0142awie\u0144stwo, wszelkie potrzebne \u0142aski, zdrowie, opiek\u0119 Matki Bo\u017cej dla J\u00f3zefa z okazji 70 urodzin<br>18.00 \u2020 Janina URBANOWICZ (30 dzie\u0144 po pogrzebie)<\/p>\n\n\n\n<p><strong>CZWARTEK \/ 22 wrze\u015bnia 2022r.<\/strong><br>8.00 \u2020 Maciej BO\u017bEK w 12 rocznic\u0119 \u015bmierci<br>18.00 Dzi\u0119kczynna w 44 rocznic\u0119 \u015blubu Katarzyny i Ryszarda KUCZY\u0143SKICH, z pro\u015bb\u0105 o Bo\u017ce b\u0142ogos\u0142awie\u0144stwo i potrzebne \u0142aski dla Jubilat\u00f3w<\/p>\n\n\n\n<p><strong>PI\u0104TEK \/ 23 wrze\u015bnia 2022r.<\/strong><br>\u015bw. Pio z Pietrelciny<br>8.00 \u2020 Karol, Marcin, wszyscy zmarli z rodziny WI\u015aNIEWSKICH i FILAR<br>18.00 \u2020 Stanis\u0142aw (m) POLONIS w 30 dzie\u0144 po pogrzebie<\/p>\n\n\n\n<p><strong>SOBOTA \/ 24 wrze\u015bnia 2022r.<\/strong><br>8.00 \u2020 Teresa i Jerzy WILCZY\u0143SCY<br>18.00 \u2020 Sylwester BA\u0141DYGA w 4 rocznic\u0119 \u015bmierci; Lucjan, Marianna, Feliks<\/p>\n\n\n\n<p><strong>XXVI NIEDZIELA ZWYK\u0141A 25 wrze\u015bnia 2022 r.<\/strong><br>8.00 \u2020 Zygmunt RADZISZEWSKI<br>10.00 \u2020 Boles\u0142aw STAN w 29 rocznic\u0119 \u015bmierci, Marianna STAN i za zmar\u0142ych babcie i dziadk\u00f3w z rodziny STAN i WARSI\u0143SKICH<br>12.00 W intencji Parafian<br>15.00 Dzi\u0119kczynna w 20 rocznic\u0119 \u015blubu Ewy i Arkadiusza KR\u00d3L z pro\u015bb\u0105 o Bo\u017ce b\u0142ogos\u0142awie\u0144stwo i potrzebne \u0142aski dla ca\u0142ej rodziny<br>18.00 Dzi\u0119kczynna z okazji urodzin Mi\u0142osza, z pro\u015bb\u0105 o potrzebne \u0142aski wiary, nadziei, mi\u0142o\u015bci i opiek\u0119 Matki Bo\u017cej Szkaplerznej<\/p>\n\n\n\n<p><br><\/p>\n","protected":false},"excerpt":{"rendered":"<p>Ewangelia (\u0141k 16, 1-13) Nie mo\u017cecie s\u0142u\u017cy\u0107 Bogu i Mamonie S\u0142owa Ewangelii wed\u0142ug \u015awi\u0119tego \u0141ukasza Jezus powiedzia\u0142 do uczni\u00f3w: \u00abPewien bogaty cz\u0142owiek mia\u0142 rz\u0105dc\u0119, kt\u00f3rego oskar\u017cono przed nim, \u017ce trwoni jego maj\u0105tek. Przywo\u0142a\u0142 wi\u0119c go do siebie i rzek\u0142 mu: \u201eC\u00f3\u017c to s\u0142ysz\u0119 o tobie? Zdaj spraw\u0119 z twego zarz\u0105dzania, bo ju\u017c nie b\u0119dziesz m\u00f3g\u0142 [&hellip;]<\/p>\n","protected":false},"author":1,"featured_media":4803,"comment_status":"closed","ping_status":"closed","sticky":false,"template":"","format":"standard","meta":{"ngg_post_thumbnail":0,"footnotes":""},"categories":[11,8,4,3],"tags":[],"class_list":["post-4802","post","type-post","status-publish","format-standard","has-post-thumbnail","hentry","category-aktualnosci","category-blog","category-intencje","category-ogloszenia"],"_links":{"self":[{"href":"https:\/\/rafalk-elblag.pl\/index.php?rest_route=\/wp\/v2\/posts\/4802","targetHints":{"allow":["GET"]}}],"collection":[{"href":"https:\/\/rafalk-elblag.pl\/index.php?rest_route=\/wp\/v2\/posts"}],"about":[{"href":"https:\/\/rafalk-elblag.pl\/index.php?rest_route=\/wp\/v2\/types\/post"}],"author":[{"embeddable":true,"href":"https:\/\/rafalk-elblag.pl\/index.php?rest_route=\/wp\/v2\/users\/1"}],"replies":[{"embeddable":true,"href":"https:\/\/rafalk-elblag.pl\/index.php?rest_route=%2Fwp%2Fv2%2Fcomments&post=4802"}],"version-history":[{"count":2,"href":"https:\/\/rafalk-elblag.pl\/index.php?rest_route=\/wp\/v2\/posts\/4802\/revisions"}],"predecessor-version":[{"id":4809,"href":"https:\/\/rafalk-elblag.pl\/index.php?rest_route=\/wp\/v2\/posts\/4802\/revisions\/4809"}],"wp:featuredmedia":[{"embeddable":true,"href":"https:\/\/rafalk-elblag.pl\/index.php?rest_route=\/wp\/v2\/media\/4803"}],"wp:attachment":[{"href":"https:\/\/rafalk-elblag.pl\/index.php?rest_route=%2Fwp%2Fv2%2Fmedia&parent=4802"}],"wp:term":[{"taxonomy":"category","embeddable":true,"href":"https:\/\/rafalk-elblag.pl\/index.php?rest_route=%2Fwp%2Fv2%2Fcategories&post=4802"},{"taxonomy":"post_tag","embeddable":true,"href":"https:\/\/rafalk-elblag.pl\/index.php?rest_route=%2Fwp%2Fv2%2Ftags&post=4802"}],"curies":[{"name":"wp","href":"https:\/\/api.w.org\/{rel}","templated":true}]}}