{"id":4796,"date":"2022-09-12T19:24:52","date_gmt":"2022-09-12T19:24:52","guid":{"rendered":"http:\/\/rafalk-elblag.pl\/?p=4796"},"modified":"2022-09-12T19:25:57","modified_gmt":"2022-09-12T19:25:57","slug":"ogloszenia-11-09-2022-xxiv-niedziela-zwykla","status":"publish","type":"post","link":"https:\/\/rafalk-elblag.pl\/?p=4796","title":{"rendered":"Og\u0142oszenia 11.09.2022, XXIV Niedziela Zwyk\u0142a"},"content":{"rendered":"\n<figure class=\"wp-block-embed is-type-video is-provider-youtube wp-block-embed-youtube wp-embed-aspect-16-9 wp-has-aspect-ratio\"><div class=\"wp-block-embed__wrapper\">\n<iframe loading=\"lazy\" title=\"Ks. Piotr Pawlukiewicz - Historia marnotrawnego syna, czyli historia nas wszystkich\" width=\"900\" height=\"506\" src=\"https:\/\/www.youtube.com\/embed\/jakRVGHB1B4?feature=oembed\" frameborder=\"0\" allow=\"accelerometer; autoplay; clipboard-write; encrypted-media; gyroscope; picture-in-picture\" allowfullscreen><\/iframe>\n<\/div><\/figure>\n\n\n\n<h1 class=\"wp-block-heading\">Ewangelia (\u0141k 15, 1-32)\nRado\u015b\u0107 z nawr\u00f3cenia grzesznika\/h1>\n\n\n\n<p>\nS\u0142owa Ewangelii wed\u0142ug \u015awi\u0119tego \u0141ukasza<\/p>\n\n\n\n<p> S\u0142owa Ewangelii wed\u0142ug \u015awi\u0119tego \u0141ukasza W owym czasie przybli\u017cali si\u0119 do Jezusa wszyscy celnicy i grzesznicy, aby Go s\u0142ucha\u0107. Na to szemrali faryzeusze i uczeni w Pi\u015bmie, m\u00f3wi\u0105c: \u00abTen przyjmuje grzesznik\u00f3w i jada z nimi\u00bb. <\/p>\n\n\n\n<p>Opowiedzia\u0142 im wtedy nast\u0119puj\u0105c\u0105 przypowie\u015b\u0107: \u00abKt\u00f3\u017c z was, gdy ma sto owiec, a zgubi jedn\u0105 z nich, nie zostawia dziewi\u0119\u0107dziesi\u0119ciu dziewi\u0119ciu na pustyni i nie idzie za zgubion\u0105, a\u017c j\u0105 znajdzie? A gdy j\u0105 znajdzie, bierze z rado\u015bci\u0105 na ramiona i wraca do domu; sprasza przyjaci\u00f3\u0142 i s\u0105siad\u00f3w i m\u00f3wi im: \u201eCieszcie si\u0119 ze mn\u0105, bo znalaz\u0142em owc\u0119, kt\u00f3ra mi zgin\u0119\u0142a\u201d. <\/p>\n\n\n\n<p>Powiadam wam: Tak samo w niebie wi\u0119ksza b\u0119dzie rado\u015b\u0107 z jednego grzesznika, kt\u00f3ry si\u0119 nawraca, ni\u017c z dziewi\u0119\u0107dziesi\u0119ciu dziewi\u0119ciu sprawiedliwych, kt\u00f3rzy nie potrzebuj\u0105 nawr\u00f3cenia. <\/p>\n\n\n\n<p>Albo je\u015bli jaka\u015b kobieta, maj\u0105c dziesi\u0119\u0107 drachm, zgubi jedn\u0105 drachm\u0119, czy\u017c nie zapala \u015bwiat\u0142a, nie wymiata domu i nie szuka starannie, a\u017c j\u0105 znajdzie? A znalaz\u0142szy j\u0105, sprasza przyjaci\u00f3\u0142ki i s\u0105siadki i m\u00f3wi: \u201eCieszcie si\u0119 ze mn\u0105, bo znalaz\u0142am drachm\u0119, kt\u00f3r\u0105 zgubi\u0142am\u201d. Tak samo, powiadam wam, rado\u015b\u0107 nastaje w\u015br\u00f3d anio\u0142\u00f3w Bo\u017cych z powodu jednego grzesznika, kt\u00f3ry si\u0119 nawraca\u00bb.<\/p>\n\n\n\n<p> Powiedzia\u0142 te\u017c: \u00abPewien cz\u0142owiek mia\u0142 dw\u00f3ch syn\u00f3w. M\u0142odszy z nich rzek\u0142 do ojca: \u201eOjcze, daj mi cz\u0119\u015b\u0107 w\u0142asno\u015bci, kt\u00f3ra na mnie przypada\u201d. Podzieli\u0142 wi\u0119c maj\u0105tek mi\u0119dzy nich. Nied\u0142ugo potem m\u0142odszy syn, zabrawszy wszystko, odjecha\u0142 w dalekie strony i tam roztrwoni\u0142 swoj\u0105 w\u0142asno\u015b\u0107, \u017cyj\u0105c rozrzutnie. A gdy wszystko wyda\u0142, nasta\u0142 ci\u0119\u017cki g\u0142\u00f3d w owej krainie, i on sam zacz\u0105\u0142 cierpie\u0107 niedostatek. Poszed\u0142 i przysta\u0142 na s\u0142u\u017cb\u0119 do jednego z obywateli owej krainy, a ten pos\u0142a\u0142 go na swoje pola, \u017ceby pas\u0142 \u015bwinie. Pragn\u0105\u0142 on nape\u0142ni\u0107 sw\u00f3j \u017co\u0142\u0105dek str\u0105kami, kt\u00f3rymi \u017cywi\u0142y si\u0119 \u015bwinie, lecz nikt mu ich nie dawa\u0142. <\/p>\n\n\n\n<p>Wtedy zastanowi\u0142 si\u0119 i rzek\u0142: \u201eIlu\u017c to najemnik\u00f3w mojego ojca ma pod dostatkiem chleba, a ja tu przymieram g\u0142odem. Zabior\u0119 si\u0119 i p\u00f3jd\u0119 do mego ojca, i powiem mu: Ojcze, zgrzeszy\u0142em przeciw Niebu i wzgl\u0119dem ciebie; ju\u017c nie jestem godzien nazywa\u0107 si\u0119 twoim synem: uczy\u0144 mnie cho\u0107by jednym z twoich najemnik\u00f3w\u201d. Zabra\u0142 si\u0119 wi\u0119c i poszed\u0142 do swojego ojca. <\/p>\n\n\n\n<p>A gdy by\u0142 jeszcze daleko, ujrza\u0142 go jego ojciec i wzruszy\u0142 si\u0119 g\u0142\u0119boko; wybieg\u0142 naprzeciw niego, rzuci\u0142 mu si\u0119 na szyj\u0119 i uca\u0142owa\u0142 go. A syn rzek\u0142 do niego: \u201eOjcze, zgrzeszy\u0142em przeciw Niebu i wobec ciebie, ju\u017c nie jestem godzien nazywa\u0107 si\u0119 twoim synem\u201d. Lecz ojciec powiedzia\u0142 do swoich s\u0142ug: \u201ePrzynie\u015bcie szybko najlepsz\u0105 szat\u0119 i ubierzcie go; dajcie mu te\u017c pier\u015bcie\u0144 na r\u0119k\u0119 i sanda\u0142y na nogi! Przyprowad\u017acie utuczone ciel\u0119 i zabijcie: b\u0119dziemy ucztowa\u0107 i weseli\u0107 si\u0119, poniewa\u017c ten syn m\u00f3j by\u0142 umar\u0142y, a zn\u00f3w o\u017cy\u0142; zagin\u0105\u0142, a odnalaz\u0142 si\u0119\u201d. I zacz\u0119li si\u0119 weseli\u0107. <\/p>\n\n\n\n<p>Tymczasem starszy jego syn przebywa\u0142 na polu. Gdy wraca\u0142 i by\u0142 blisko domu, us\u0142ysza\u0142 muzyk\u0119 i ta\u0144ce. Przywo\u0142a\u0142 jednego ze s\u0142ug i pyta\u0142 go, co to ma znaczy\u0107. Ten mu rzek\u0142: \u201eTw\u00f3j brat powr\u00f3ci\u0142, a ojciec tw\u00f3j kaza\u0142 zabi\u0107 utuczone ciel\u0119, poniewa\u017c odzyska\u0142 go zdrowego\u201d. <\/p>\n\n\n\n<p>Rozgniewa\u0142 si\u0119 na to i nie chcia\u0142 wej\u015b\u0107; wtedy ojciec jego wyszed\u0142 i t\u0142umaczy\u0142 mu. Lecz on odpowiedzia\u0142 ojcu: \u201eOto tyle lat ci s\u0142u\u017c\u0119 i nie przekroczy\u0142em nigdy twojego nakazu; ale mnie nigdy nie da\u0142e\u015b ko\u017al\u0119cia, \u017cebym si\u0119 zabawi\u0142 z przyjaci\u00f3\u0142mi. Skoro jednak wr\u00f3ci\u0142 ten syn tw\u00f3j, kt\u00f3ry roztrwoni\u0142 tw\u00f3j maj\u0105tek z nierz\u0105dnicami, kaza\u0142e\u015b zabi\u0107 dla niego utuczone ciel\u0119\u201d. <\/p>\n\n\n\n<p>Lecz on mu odpowiedzia\u0142: \u201eMoje dziecko, ty zawsze jeste\u015b ze mn\u0105 i wszystko, co moje, do ciebie nale\u017cy. A trzeba by\u0142o weseli\u0107 si\u0119 i cieszy\u0107 z tego, \u017ce ten brat tw\u00f3j by\u0142 umar\u0142y, a zn\u00f3w o\u017cy\u0142; zagin\u0105\u0142, a odnalaz\u0142 si\u0119\u201d\u00bb. <\/p>\n\n\n\n<h1 class=\"wp-block-heading\">XII Tygodnia Wychowania\nFragmenty Listu Pasterskiego Episkopatu Polski<\/h1>\n\n\n\n<p>\u201eNikt z was, kto nie wyrzeka si\u0119 wszystkiego, co posiada, nie mo\u017ce by\u0107 moim uczniem\u201d (\u0141k 14, 33). Te s\u0142owa Chrystusa ucz\u0105 nas, \u017ce dojrza\u0142a decyzja p\u00f3j\u015bcia za Jezusem wymaga konkretnych odniesie\u0144 do naszego ca\u0142ego \u017cycia, w tym tak\u017ce do dzie\u0142a wychowania. Musimy wi\u0119c pyta\u0107 siebie nieustannie, w jaki spos\u00f3b my, jako wychowawcy, rodzice, dziadkowie, nauczyciele, uwzgl\u0119dniamy w naszych relacjach z wychowankami to, \u017ce jeste\u015bmy uczniami Chrystusa? My\u015bl\u0105 przewodni\u0105 XII Tygodnia Wychowania, stanowi\u0107 b\u0119d\u0105 s\u0142owa Jezusa zaczerpni\u0119te z Ewangelii \u015bw. Jana: \u201eJa jestem drog\u0105, prawd\u0105 i \u017cyciem\u201d (J 14, 6). <\/p>\n\n\n\n<p>Towarzyszy\u0107 nam b\u0119dzie r\u00f3wnie\u017c posta\u0107 \u015bw. abpa J\u00f3zefa Bilczewskiego, kt\u00f3rego setn\u0105 rocznic\u0119 \u015bmierci b\u0119dziemy prze\u017cywa\u0107 w tym roku szkolnym. \u015aw. abp J\u00f3zef Bilczewski w jednym ze swoich list\u00f3w napisa\u0142: \u201eIstnienie i zadanie cz\u0142owieka nie ko\u0144czy si\u0119 na tym \u015bwiecie. (\u2026) Dzi\u0119ki Bogu, \u017ce nie, bo gdyby doczesno\u015b\u0107 by\u0142a nam ostatecznym kresem, to \u017cycie nasze, \u017cycie ludzko\u015bci by\u0142oby najstraszniejsz\u0105 zagadk\u0105\u201d <\/p>\n\n\n\n<p>\u017bycie cz\u0142owieka nie ogranicza si\u0119 do doczesno\u015bci, dlatego chrze\u015bcija\u0144ski wychowawca patrzy na swoje zadania z perspektywy wiary, kt\u00f3ra si\u0119ga poza horyzont tego \u015bwiata. Wiara i zaufanie Bogu wnosi natomiast w prac\u0119 wychowawcz\u0105 optymizm i nadziej\u0119. \u017bycie ma sens. Gwarantem tego sensu jest B\u00f3g, kt\u00f3ry pomimo obecnego w \u015bwiecie z\u0142a  i cierpienia zapewnia nas, \u017ce to do Niego nale\u017cy ostatnie s\u0142owo. <\/p>\n\n\n\n<p>Sens ma r\u00f3wnie\u017c wychowywanie, tak\u017ce wtedy, kiedy w \u017cyciu wychowank\u00f3w nie wida\u0107 jeszcze owoc\u00f3w podejmowanych wysi\u0142k\u00f3w.  Uwzgl\u0119dnienie w \u017cyciu perspektywy wiary ma te\u017c wp\u0142yw na podejmowanie przez nas \u017cyciowych decyzji. Cz\u0142owiek, kt\u00f3ry z wiar\u0105 patrzy na \u017cycie, w planowaniu  swojej przysz\u0142o\u015bci radzi si\u0119 zawsze Jezusa, kt\u00f3ry jest jedyn\u0105 pewn\u0105  i bezpieczn\u0105 Drog\u0105. Dokonuj\u0105c w ten spos\u00f3b m\u0105drych wybor\u00f3w dobrze  i kompetentnie b\u0119dzie wype\u0142nia\u0142 swe obowi\u0105zki. B\u0119dzie czyni\u0142 wszystko z oddaniem i z mi\u0142o\u015bci\u0105. Powiemy wtedy o kim\u015b takim, \u017ce jest to lekarz, nauczyciel, ksi\u0105dz, urz\u0119dnik z \u201epowo\u0142ania\u201d.<\/p>\n\n\n\n<p> Ten kto\u015b odnalaz\u0142 swoje miejsce w \u017cyciu i dobrze wykorzystuje swoje predyspozycje oraz talenty w s\u0142u\u017cbie Bogu i dla dobra bli\u017anich. \u015aw. abp J\u00f3zef Bilczewski widzi w rozeznawaniu \u017cyciowej drogi z Bogiem jeden z najwa\u017cniejszych element\u00f3w formacji w\u0142asnej. Pochopne decyzje, podejmowane bez g\u0142\u0119bszego namys\u0142u, wynikaj\u0105ce z towarzysz\u0105cej im p\u0142ytkiej motywacji mog\u0105 wywrze\u0107 negatywne skutki na ca\u0142e dalsze \u017cycie. St\u0105d konieczno\u015b\u0107 nieustannego zadawania sobie pytania, czego oczekuje od nas w danej chwili B\u00f3g. <strong>\u201eMi\u0142o\u015b\u0107 Bo\u017ca nas stworzy\u0142a, ona te\u017c obmy\u015bli\u0142a stan, czyli drog\u0119, na kt\u00f3rej najbezpieczniej i najpo\u017cyteczniej mo\u017cemy spe\u0142ni\u0107 obowi\u0105zki na ziemi i zd\u0105\u017cy\u0107 do nieba\u201d.<\/strong><\/p>\n\n\n\n<p> \u017byciowe decyzje powinny by\u0107 zawsze poprzedzone modlitw\u0105 i rozeznaniem woli Bo\u017cej. Jako rektor Uniwersytetu Lwowskiego \u015bw. J\u00f3zef Bilczewski wzywa\u0142 swych student\u00f3w, by rozwijali wiedz\u0119 religijn\u0105 poprzez lektur\u0119 ksi\u0105\u017cek czy s\u0142uchanie kaza\u0144 tak, by zharmonizowa\u0107 znajomo\u015b\u0107 prawd wiary i ich g\u0142\u0119bokich uzasadnie\u0144 ze zdobytym wykszta\u0142ceniem. Zasada dotycz\u0105ca ludzkich relacji, w my\u015bl kt\u00f3rej, je\u015bli si\u0119 kogo\u015b kocha, zmierza si\u0119 do tego, aby go jak najlepiej pozna\u0107, obowi\u0105zuje tak\u017ce  w naszej relacji z Bogiem. Dzi\u015b bez przeszk\u00f3d mo\u017cna dotrze\u0107 do dobrej literatury religijnej w postaci ksi\u0105\u017cek i czasopism, dzia\u0142aj\u0105 katolickie rozg\u0142o\u015bnie radiowe, dost\u0119pne s\u0105 programy telewizyjne redakcji katolickich. Niewyczerpanym \u017ar\u00f3d\u0142em dobrych tre\u015bci pog\u0142\u0119biaj\u0105cych wiar\u0119 jest r\u00f3wnie\u017c internet. Starajmy si\u0119 korzysta\u0107  z tych wszystkich mo\u017cliwo\u015bci. Szczeg\u00f3lnie cenne s\u0105 organizowane w parafiach spotkania w ramach katechezy doros\u0142ych. Zapraszamy Was wszystkich do w\u0142\u0105czenia si\u0119 w prze\u017cywanie XII Tygodnia Wychowania w Polsce. <\/p>\n\n\n\n<p>S\u0142owa tej zach\u0119ty kierujemy do Rodzic\u00f3w, Nauczycieli  i Wychowawc\u00f3w, Duszpasterzy i Katechet\u00f3w, Przedstawicieli \u015brodk\u00f3w spo\u0142ecznego przekazu, Parlamentarzyst\u00f3w i Samorz\u0105dowc\u00f3w odpowiedzialnych za realizacj\u0119 procesu wychowawczego i kszta\u0142t szko\u0142y w naszej Ojczy\u017anie. Niech we wszystkim, co czynimy, towarzyszy nam przes\u0142anie \u015bw. abpa J\u00f3zefa Bilczewskiego: <strong>\u201ePanu Bogu dajmy zawsze pierwsze miejsce w naszej my\u015bli i sercu! Nie tra\u0107my Go nigdy z oczu!\u201d <\/strong><\/p>\n\n\n\n<p>Jak\u017ce wa\u017cne jest to, by\u015bmy kszta\u0142towali serca w\u0142asne i bli\u017anich w oparciu  o Ewangeli\u0119. Tak uformowane serca b\u0119d\u0105 m\u0119\u017cne i zdolne do konfrontacji z trudn\u0105 sytuacj\u0105, w jakiej przychodzi nam \u017cy\u0107. B\u0119d\u0105 te\u017c otwarte na drugiego cz\u0142owieka, co jest tak istotne zw\u0142aszcza dzi\u015b. <\/p>\n\n\n\n<p><\/p>\n\n\n\n<p><\/p>\n\n\n\n<figure class=\"wp-block-image\"><a href=\"http:\/\/rafalk-elblag.pl\/wp-content\/uploads\/2021\/08\/ogloszenia-parafialne-baner-01a.jpg\"><img loading=\"lazy\" decoding=\"async\" width=\"720\" height=\"232\" src=\"http:\/\/rafalk-elblag.pl\/wp-content\/uploads\/2021\/08\/ogloszenia-parafialne-baner-01a.jpg\" alt=\"\" class=\"wp-image-4410\" srcset=\"https:\/\/rafalk-elblag.pl\/wp-content\/uploads\/2021\/08\/ogloszenia-parafialne-baner-01a.jpg 720w, https:\/\/rafalk-elblag.pl\/wp-content\/uploads\/2021\/08\/ogloszenia-parafialne-baner-01a-300x97.jpg 300w\" sizes=\"auto, (max-width: 720px) 100vw, 720px\" \/><\/a><\/figure>\n\n\n\n<h1 class=\"wp-block-heading\">Og\u0142oszenia parafialne 11.09.2022r<\/h1>\n\n\n\n<ol class=\"wp-block-list\"><li><strong>UWAGA!<\/strong> Od wrze\u015bnia powracamy do Mszy \u015bwi\u0119tej niedzielnej o godzinie 15:00, kt\u00f3ra rozpoczyna si\u0119 Koronk\u0105 do Mi\u0142osierdzia Bo\u017cego.<br><\/li><li>Drodzy Rodzice, Nauczyciele i\u00a0Wychowawcy, dzisiejsz\u0105 niedziel\u0105 w naszej Ojczy\u017anie rozpoczynamy <strong>XII Tydzie\u0144 Wychowania, kt\u00f3rego has\u0142o brzmi \u201eJA JESTEM DROG\u0104, \u017bYCIEM I PRAWD\u0104\u201d. <\/strong>Podejmujemy pi\u0119kne dzie\u0142o wychowania ufaj\u0105c, \u017ce jego owoce s\u0105 niezniszczalne i pozostaj\u0105 na wieki. Towarzyszy\u0107 nam b\u0119dzie posta\u0107 \u015bw. abpa J\u00f3zefa Bilczewskiego, kt\u00f3rego setn\u0105 rocznic\u0119 \u015bmierci b\u0119dziemy prze\u017cywa\u0107 w tym roku szkolnym.<strong> <\/strong>Zapraszamy m\u0142odzie\u017c naszej parafii oraz kandydat\u00f3w do Sakramentu Bierzmowania na Msz\u0119 \u015bw. \u2013 18 wrze\u015bnia <strong>(niedziela) <\/strong>o godz. 18:00 w \u015bwi\u0119to \u015bw. Stanis\u0142awa Kostki \u2013 patrona Polski, dzieci i m\u0142odzie\u017cy.Wi\u0119cej na stronie: <a href=\"\">www.tydzie\u0144wychowania.pl<\/a><br><strong>UWAGA!!!! Po Mszy \u015bw. spotkanie w ko\u015bciele dla wszystkich przygotowuj\u0105cych si\u0119 drugi rok. Obecno\u015b\u0107 obowi\u0105zkowa.<\/strong><br><\/li><li>W poniedzia\u0142ek 12 wrze\u015bnia br. na plebanii odb\u0119d\u0105 si\u0119 spotkania rodzic\u00f3w dzieci przygotowuj\u0105cych si\u0119 w tym roku do Pierwszej Spowiedzi i Komunii \u015awi\u0119tej wed\u0142ug nast\u0119puj\u0105cego porz\u0105dku:<br><ul><li><strong>Godz. 18:00 rodzice klas III a i III b<\/strong><br><\/li><li><strong>Godz. 19:00 rodzice klas III c i III d <\/strong>oraz rodzice dzieci ucz\u0105cych si\u0119 w innych szko\u0142ach. <strong>OBECNO\u015a\u0106 RODZIC\u00d3W OBOWI\u0104ZKOWA.<\/strong><br><\/li><\/ul><\/li><li><strong>UWAGA!!! Zapisy do bierzmowania m\u0142odzie\u017cy <\/strong>z klas VIII Szko\u0142y Podstawowej trwaj\u0105 do ko\u0144ca wrze\u015bnia. <em>Zg\u0142oszenia przyjmuje ks. Marian.<\/em><br><\/li><li>W pi\u0105tek 16 wrze\u015bnia br. dzie\u0144 spotkania i formacji<strong> BRACTWA SZKAPLERZNEGO<\/strong>. Serdecznie zapraszamy na Msz\u0119 \u015aw. o godz. 18:00, a po niej na Nabo\u017ce\u0144stwo do Matki Bo\u017cej Szkaplerznej.<br><\/li><li>W sobot\u0119 17 wrze\u015bnia w ko\u015bciele pw. \u201eWszystkich \u015awi\u0119tych\u201d w Elbl\u0105gu dla Zwi\u0105zku Sybirak\u00f3w i Kombatant\u00f3w <strong>z okazji 83 rocznicy napa\u015bci sowieckiej na Polsk\u0119 o godz. 9:00 zostanie odprawiona Msza \u015bwi\u0119ta. <\/strong><em>Po niej dalsze uroczysto\u015bci przy Krzy\u017cu Katy\u0144skim na Cmentarzu Komunalnym przy Agrykola. Zapraszamy do wsp\u00f3lnej modlitwy.<\/em><br><\/li><li>Mo\u017cliwo\u015b\u0107 skorzystanie z Sakramentu Spowiedzi \u015awi\u0119tej w tygodniu mamy: <br>od godz. 7:45 oraz od godz. 17:30. <br><strong>KANCELARIA PARAFIALNA: <\/strong>czynna w \u015brody od 16:00 do 17:30 oraz w pi\u0105tki po Mszy \u015bw. wieczorowej do godz. 19:30. Zapraszamy.<br><\/li><li>Za tydzie\u0144 (18 wrze\u015bnia), kleryk Amadeusz i diakon Krzysztof po ka\u017cdej Mszy \u015bw. b\u0119d\u0105 zbiera\u0107 ofiary do puszek na utrzymanie naszego Wy\u017cszego Seminarium Duchownego. <em>B\u00f3g zap\u0142a\u0107 za trosk\u0119 i okazane wsparcie.<\/em><\/li><\/ol>\n\n\n\n<p><\/p>\n\n\n\n<p><\/p>\n\n\n\n<figure class=\"wp-block-image\"><img decoding=\"async\" src=\"http:\/\/rafalk-elblag.pl\/wp-content\/uploads\/2020\/04\/baner-intencje-mszy.jpg\" alt=\"\"\/><\/figure>\n\n\n\n<h1 class=\"wp-block-heading\">Intencje mszalne 11.09.2022r<\/h1>\n\n\n\n<p><strong>PONIEDZIA\u0141EK \/ 12 wrze\u015bnia 2022r.<\/strong><br>8.00 O Bo\u017ce b\u0142. dla Marianny i Gustawa z pro\u015bb\u0105 o potrzebne \u0142aski i opiek\u0119 Matki Bo\u017cej<br>18.00 \u2020 Gabriela i Bogumi\u0142 ZEMBRZUSCY, Aleksandra KLARKOWSKA w 1 rocznic\u0119 \u015bmierci<\/p>\n\n\n\n<p><strong>WTOREK \/ 13 wrze\u015bnia 2022r.<\/strong><br>\u015bw. Jana Chryzostoma<br>8.00 \u2020 Zmarli rodzice: Katarzyna i J\u00f3zef, Stanis\u0142awa [k] i Adam<br>18.00 Dzi\u0119kczynna w rocznic\u0119 urodzin Kacpra, Wojtka, Piotra, Jurka, Wiktora, Anastazji z pro\u015bb\u0105 o Bo\u017ce b\u0142., rozw\u00f3j duchowy i fizyczny<\/p>\n\n\n\n<p><strong>\u015aRODA \/ 14 wrze\u015bnia 2022r.<\/strong><br>\u015aWI\u0118TO PODWY\u017bSZENIA KRZY\u017bA \u015aWI\u0118TEGO<br>8.00 \u2020 Franciszka [k] i Eugeniusz TOLZDORF<br>18.00 \u2020 Franciszek, Kazimiera, Bronis\u0142aw, Jadwiga SIENKIEWICZ; Bronis\u0142awa MORDAS; Stefania, Stanis\u0142aw \u017bUROWSCY<br>18.00 \u2020 Szczepan \u017bY\u0141A w 5 rocznic\u0119 \u015bmierci<\/p>\n\n\n\n<p><strong>CZWARTEK \/ 15 wrze\u015bnia 2022r.<\/strong><br>NMP Bolesnej<br>8.00 \u2020 Roman i dusze w czy\u015b\u0107cu cierpi\u0105ce<br>18.00 \u2020 Katarzyna SIDOR (zgin\u0119\u0142a tragicznie)<br>18.00 \u2020 Marianna [k] i W\u0142adys\u0142aw BILINKIEWICZ<\/p>\n\n\n\n<p><strong>PI\u0104TEK \/ 16 wrze\u015bnia 2022r.<\/strong><br>\u015bw. Korneliusza i Cypriana<br>8.00 \u2020 Dusze w czy\u015b\u0107cu cierpi\u0105ce<br>18.00 \u2020 Teresa BRDAK 5 rocznica \u015bmierci<br>18.00 W intencji Bractwa Szkaplerznego i os\u00f3b, kt\u00f3re przyjm\u0105 szkaplerz<\/p>\n\n\n\n<p><strong>SOBOTA \/ 17 wrze\u015bnia 2022r.<\/strong><br>8.00 O uwolnienie od na\u0142og\u00f3w i uzdrowienie duszy i cia\u0142a dla Andrzeja<br>18.00 \u2020 Joanna BRODA (30 dzie\u0144 po pogrzebie)<br>18.00 \u2020 Maria MICHO\u0143 w 30 dzie\u0144 po pogrzebie<\/p>\n\n\n\n<p><strong>XXV NIEDZIELA ZWYK\u0141A 18 wrze\u015bnia 2022 r.<\/strong><br>8.00 \u2020 Jan KRUSZY\u0143SKI w 1 rocznic\u0119 \u015bmierci<br>10.00 O Bo\u017ce b\u0142., wszelkie potrzebne \u0142aski, opiek\u0119 Matki Bo\u017cej dla Rafa\u0142a z okazji 44 urodzin<br>12.00 W intencji Parafian<br>12.00 Dzi\u0119kczynna za 70 lat \u017cycia, z pro\u015bb\u0105 o Bo\u017ce b\u0142. dla Jubilatki<br>15.00 \u2020 Mariusz WIDOMSKI, intencja od s\u0105siad\u00f3w<br>18.00 \u2020 Weronika ZWOLICKA w rocznic\u0119 \u015bmierci<\/p>\n\n\n\n<p><br><\/p>\n","protected":false},"excerpt":{"rendered":"<p>Ewangelia (\u0141k 15, 1-32) Rado\u015b\u0107 z nawr\u00f3cenia grzesznika\/h1> S\u0142owa Ewangelii wed\u0142ug \u015awi\u0119tego \u0141ukasza S\u0142owa Ewangelii wed\u0142ug \u015awi\u0119tego \u0141ukasza W owym czasie przybli\u017cali si\u0119 do Jezusa wszyscy celnicy i grzesznicy, aby Go s\u0142ucha\u0107. Na to szemrali faryzeusze i uczeni w Pi\u015bmie, m\u00f3wi\u0105c: \u00abTen przyjmuje grzesznik\u00f3w i jada z nimi\u00bb. Opowiedzia\u0142 im wtedy nast\u0119puj\u0105c\u0105 przypowie\u015b\u0107: \u00abKt\u00f3\u017c z [&hellip;]<\/p>\n","protected":false},"author":1,"featured_media":4798,"comment_status":"closed","ping_status":"closed","sticky":false,"template":"","format":"standard","meta":{"ngg_post_thumbnail":0,"footnotes":""},"categories":[11,8,4,3],"tags":[],"class_list":["post-4796","post","type-post","status-publish","format-standard","has-post-thumbnail","hentry","category-aktualnosci","category-blog","category-intencje","category-ogloszenia"],"_links":{"self":[{"href":"https:\/\/rafalk-elblag.pl\/index.php?rest_route=\/wp\/v2\/posts\/4796","targetHints":{"allow":["GET"]}}],"collection":[{"href":"https:\/\/rafalk-elblag.pl\/index.php?rest_route=\/wp\/v2\/posts"}],"about":[{"href":"https:\/\/rafalk-elblag.pl\/index.php?rest_route=\/wp\/v2\/types\/post"}],"author":[{"embeddable":true,"href":"https:\/\/rafalk-elblag.pl\/index.php?rest_route=\/wp\/v2\/users\/1"}],"replies":[{"embeddable":true,"href":"https:\/\/rafalk-elblag.pl\/index.php?rest_route=%2Fwp%2Fv2%2Fcomments&post=4796"}],"version-history":[{"count":2,"href":"https:\/\/rafalk-elblag.pl\/index.php?rest_route=\/wp\/v2\/posts\/4796\/revisions"}],"predecessor-version":[{"id":4801,"href":"https:\/\/rafalk-elblag.pl\/index.php?rest_route=\/wp\/v2\/posts\/4796\/revisions\/4801"}],"wp:featuredmedia":[{"embeddable":true,"href":"https:\/\/rafalk-elblag.pl\/index.php?rest_route=\/wp\/v2\/media\/4798"}],"wp:attachment":[{"href":"https:\/\/rafalk-elblag.pl\/index.php?rest_route=%2Fwp%2Fv2%2Fmedia&parent=4796"}],"wp:term":[{"taxonomy":"category","embeddable":true,"href":"https:\/\/rafalk-elblag.pl\/index.php?rest_route=%2Fwp%2Fv2%2Fcategories&post=4796"},{"taxonomy":"post_tag","embeddable":true,"href":"https:\/\/rafalk-elblag.pl\/index.php?rest_route=%2Fwp%2Fv2%2Ftags&post=4796"}],"curies":[{"name":"wp","href":"https:\/\/api.w.org\/{rel}","templated":true}]}}