{"id":4790,"date":"2022-09-03T15:47:00","date_gmt":"2022-09-03T15:47:00","guid":{"rendered":"http:\/\/rafalk-elblag.pl\/?p=4790"},"modified":"2022-09-03T15:47:00","modified_gmt":"2022-09-03T15:47:00","slug":"ogloszenia-04-09-2022-xxiii-niedziela-zwykla","status":"publish","type":"post","link":"https:\/\/rafalk-elblag.pl\/?p=4790","title":{"rendered":"Og\u0142oszenia 04.09.2022, XXIII Niedziela Zwyk\u0142a"},"content":{"rendered":"\n<figure class=\"wp-block-embed is-type-video is-provider-youtube wp-block-embed-youtube wp-embed-aspect-16-9 wp-has-aspect-ratio\"><div class=\"wp-block-embed__wrapper\">\n<iframe loading=\"lazy\" title=\"Proroctwo  dla Polski I Objawienia w Gietrzwa\u0142dzie\" width=\"900\" height=\"506\" src=\"https:\/\/www.youtube.com\/embed\/jRgXfyjT94I?feature=oembed\" frameborder=\"0\" allow=\"accelerometer; autoplay; clipboard-write; encrypted-media; gyroscope; picture-in-picture\" allowfullscreen><\/iframe>\n<\/div><\/figure>\n\n\n\n<h1 class=\"wp-block-heading\">Ewangelia (\u0141k 14, 25-33)\nKto nie wyrzeka si\u0119 wszystkiego, nie mo\u017ce by\u0107 uczniem Jezusa<\/h1>\n\n\n\n<p>\nS\u0142owa Ewangelii wed\u0142ug \u015awi\u0119tego \u0141ukasza<\/p>\n\n\n\n<p>\n\nWielkie t\u0142umy sz\u0142y z Jezusem. On odwr\u00f3ci\u0142 si\u0119 i rzek\u0142 do nich: \u00abJe\u015bli kto\u015b przychodzi do Mnie, a nie ma w nienawi\u015bci swego ojca i matki, \u017cony i dzieci, braci i si\u00f3str, nadto i siebie samego, nie mo\u017ce by\u0107 moim uczniem. Kto nie d\u017awiga swego krzy\u017ca, a idzie za Mn\u0105, ten nie mo\u017ce by\u0107 moim uczniem.\n\nBo kt\u00f3\u017c z was, chc\u0105c zbudowa\u0107 wie\u017c\u0119, nie usi\u0105dzie wpierw i nie oblicza wydatk\u00f3w, czy ma na wyko\u0144czenie? Inaczej, gdyby po\u0142o\u017cy\u0142 fundament, a nie zdo\u0142a\u0142by wyko\u0144czy\u0107, wszyscy, patrz\u0105c na to, zacz\u0119liby drwi\u0107 z niego: \u201eTen cz\u0142owiek zacz\u0105\u0142 budowa\u0107, a nie zdo\u0142a\u0142 wyko\u0144czy\u0107\u201d.\n\nAlbo jaki kr\u00f3l, maj\u0105c wyruszy\u0107, aby stoczy\u0107 bitw\u0119 z drugim kr\u00f3lem, nie usi\u0105dzie wpierw i nie rozwa\u017cy, czy w dziesi\u0119\u0107 tysi\u0119cy ludzi mo\u017ce stawi\u0107 czo\u0142o temu, kt\u00f3ry z dwudziestu tysi\u0105cami nadci\u0105ga przeciw niemu? Je\u015bli nie, wyprawia poselstwo, gdy tamten jest jeszcze daleko, i prosi o warunki pokoju.\n\nTak wi\u0119c nikt z was, je\u015bli nie wyrzeka si\u0119 wszystkiego, co posiada, nie mo\u017ce by\u0107 moim uczniem\u00bb.\n<\/p>\n\n\n\n<h1 class=\"wp-block-heading\">Objawienia w Gietrzwa\u0142dzie<\/h1>\n\n\n\n<p> Objawienia maryjne w Gietrzwa\u0142dzie wpisuj\u0105 si\u0119 w szereg podobnych zdarze\u0144 XIX i XX stulecia, a by\u0142o ich wiele: \u015bw. Katarzyna Laboure (1830), objawienia w La Salette (1846), w Lourdes (1858), a tak\u017ce p\u00f3\u017aniejsze w Fatimie (1917) oraz nam wsp\u00f3\u0142czesne. Warto w tym miejscu mocno podkre\u015bli\u0107, \u017ce <strong>s\u0105 to jedyne w Polsce objawienia Maryjne zatwierdzone oficjalnie przez Ko\u015bci\u00f3\u0142.<\/strong><\/p>\n\n\n\n<p>Objawienia Matki Bo\u017cej trwa\u0142y nieprzerwanie od 27 czerwca do 16 wrze\u015bnia 1877 roku. \u0141\u0105cznie w ci\u0105gu osiemdziesi\u0119ciu dw\u00f3ch dni Maryja ukaza\u0142a si\u0119 sto sze\u015b\u0107dziesi\u0105t razy. Trzeba podkre\u015bli\u0107 mocno fakt, \u017ce Maryja przemawia\u0142a do dw\u00f3ch wizjonerek wy\u0142\u0105cznie po polsku, czyli w j\u0119zyku, w kt\u00f3rym dziewczynki m\u00f3wi\u0142y na co dzie\u0144. Objawienia natomiast dokumentowano zar\u00f3wno w j\u0119zyku polskim jak i niemieckim. Przebieg objawie\u0144 znamy dzi\u0119ki szczeg\u00f3\u0142owym opisom i dokumentacji prowadzonej przez proboszcza parafii gietrzwa\u0142dzkiej \u2013 ks. Augustyna Weichsela. Kolejnym, bardzo wa\u017cnym \u017ar\u00f3d\u0142em do poznania historii objawie\u0144 s\u0105 protoko\u0142y przes\u0142ucha\u0144 widz\u0105cych, a tak\u017ce urz\u0119dowe relacje komisji biskupich oraz r\u00f3\u017cne doniesienia kap\u0142an\u00f3w i \u015bwieckich.<\/p>\n\n\n\n<p>27 czerwca 1877 r. 13-letnia Justyna Szafry\u0144ska wraca\u0142a z ko\u015bcio\u0142a<br>w Gietrzwa\u0142dzie do domu. Przygotowywa\u0142a si\u0119 do I Komunii \u015awi\u0119tej i w\u0142a\u015bnie zda\u0142a egzamin u proboszcza, ks. Augustyna Weichsela. Gdy na g\u0142os dzwonu odm\u00f3wi\u0142a\u00a0<em>Anio\u0142 Pa\u0144ski<\/em>, na klonie rosn\u0105cym ko\u0142o plebanii\u00a0zobaczy\u0142a niezwyk\u0142\u0105 jasno\u015b\u0107, a w niej bia\u0142o ubran\u0105 posta\u0107, siedz\u0105c\u0105 na z\u0142ocistym tronie, udekorowanym per\u0142ami.<\/p>\n\n\n\n<p>Po chwili zauwa\u017cy\u0142a jasny blask zst\u0119puj\u0105cy z nieba i anio\u0142a ze z\u0142otymi skrzyd\u0142ami, w bia\u0142ej szacie. Gdy dziewczynka odm\u00f3wi\u0142a&nbsp;<em>Zdrowa\u015b Maryjo<\/em>, posta\u0107 podnios\u0142a si\u0119 z tronu i wraz z anio\u0142em unios\u0142a si\u0119 do nieba.&nbsp;Tak rozpocz\u0119\u0142y si\u0119 objawienia Matki Bo\u017cej, kt\u00f3re trwa\u0142y do 16 wrze\u015bnia.<\/p>\n\n\n\n<p>30 czerwca Matka Bo\u017ca objawi\u0142a si\u0119 sama, bez towarzystwa anio\u0142\u00f3w. Tego dnia po raz pierwszy mia\u0142a wizj\u0119 tak\u017ce 12-letnia Barbara Samulowska, kt\u00f3ra przysz\u0142a wraz z Justyn\u0105. Obie dziewczynki pochodzi\u0142y z ubogich warmiackich rodzin o korzeniach polskich. <strong>Podczas widzenia Szafry\u0144ska zapyta\u0142a Naj\u015bwi\u0119tsz\u0105 Pann\u0119: \u201eCzego \u017c\u0105dasz, Matko Bo\u017ca?\u201d i otrzyma\u0142a odpowied\u017a: \u201e\u017bycz\u0119 sobie, aby\u015bcie codziennie odmawiali r\u00f3\u017caniec\u201d.<\/strong> Matka Bo\u017ca m\u00f3wi\u0142a w zrozumia\u0142ej dla widz\u0105cych miejscowej gwarze, bliskiej j\u0119zykowi polskiemu.<\/p>\n\n\n\n<p>Od w lipca Szafry\u0144ska i Samulowska mia\u0142y codziennie objawienia w czasie wieczornego nabo\u017ce\u0144stwa r\u00f3\u017ca\u0144cowego. Mi\u0119dzy wieloma pytaniami o zdrowie i zbawienie r\u00f3\u017cnych os\u00f3b, dzieci zapyta\u0142y tak\u017ce: \u201eCzy Ko\u015bci\u00f3\u0142 w Kr\u00f3lestwie Polskim b\u0119dzie oswobodzony?\u201d\u00a0oraz czy osierocone \u2013 na skutek kulturkamfu \u2013 parafie na po\u0142udniowej Warmii wkr\u00f3tce otrzymaj\u0105 kap\u0142an\u00f3w? W odpowiedzi us\u0142ysza\u0142y: \u201eTak, je\u015bli ludzie gorliwie b\u0119d\u0105 si\u0119 modli\u0107, w\u00f3wczas Ko\u015bci\u00f3\u0142 nie b\u0119dzie prze\u015bladowany,<br>a osierocone parafie otrzymaj\u0105 kap\u0142an\u00f3w!\u201d.<\/p>\n\n\n\n<p>Wie\u015b\u0107 o objawieniach spowodowa\u0142a nap\u0142yw do Gietrzwa\u0142du licznych pielgrzym\u00f3w. <strong>Pierwsz\u0105 wzmiank\u0119 o objawieniach poda\u0142 pelpli\u0144ski \u201ePielgrzym\u201d w 1877 r.<\/strong> Podczas trzydniowych obchod\u00f3w \u015bwi\u0119ta Narodzenia Matki Bo\u017cej&nbsp;zgromadzi\u0142o si\u0119 w Gietrzwa\u0142dzie a\u017c 50 tysi\u0119cy ludzi.<\/p>\n\n\n\n<p>Cech\u0105 objawie\u0144 gietrzwa\u0142dzkich jest to, \u017ce Maryja odpowiada na pytania dzieci. Te pytania mia\u0142y czasem charakter bardziej og\u00f3lny, ale cz\u0119sto dotyczy\u0142y konkretnych os\u00f3b i spraw. Nie przytocz\u0119 w tym miejscu wszystkich dialog\u00f3w dzieci z Maryj\u0105. Wybieram te najistotniejsze.<\/p>\n\n\n\n<p>Maryja: \u201e\u017bycz\u0119 sobie, aby\u015bcie codziennie odmawiali R\u00f3\u017caniec\u201d; \u201eJestem Naj\u015bwi\u0119tsza Panna Maryja Niepokalanie Pocz\u0119ta\u201d. Kiedy dzieci pyta\u0142y, co chorzy maj\u0105 czyni\u0107, aby byli uzdrowieni, Matka Bo\u017ca odpowiedzia\u0142a: \u201ePowinni modli\u0107 si\u0119 na r\u00f3\u017ca\u0144cu\u201d. Kiedy na polecenia proboszcza dzieci zapyta\u0142y, dlaczego tak wielu ludzi przysi\u0119ga fa\u0142szywie, otrzyma\u0142y odpowied\u017a: \u201eTeraz przed ko\u0144cem \u015bwiata szatan obchodzi ziemi\u0119 jak zg\u0142odnia\u0142y pies, aby po\u017cre\u0107 ludzi\u201d. Czy osierocone parafie otrzymaj\u0105 wkr\u00f3tce kap\u0142an\u00f3w? \u201eJe\u015bli ludzie gorliwie b\u0119d\u0105 si\u0119 modli\u0107, w\u00f3wczas Ko\u015bci\u00f3\u0142 nie b\u0119dzie prze\u015bladowany, a osierocone parafie otrzymaj\u0105 kap\u0142an\u00f3w\u201d. Kiedy dzieci prosi\u0142y Matk\u0119 Bo\u017c\u0105 o b\u0142ogos\u0142awie\u0144stwo, odpowiedzia\u0142a: \u201eJa zawsze b\u0142ogos\u0142awi\u0119\u201d. Dzieci pyta\u0142y, kt\u00f3ra modlitwa wcze\u015bniej b\u0119dzie wys\u0142uchana, do Boga czy do Matki Boskiej. W odpowiedzi us\u0142ysza\u0142y: \u201eTak nie nale\u017cy pyta\u0107, ale modli\u0107 si\u0119\u201d. Czego Maryja oczekuje od duchowie\u0144stwa warmi\u0144skiego? \u201eKap\u0142ani powinni gorliwie modli\u0107 si\u0119 do Naj\u015bwi\u0119tszej Panny, wtedy Ona zawsze b\u0119dzie przy nich\u201d.<\/p>\n\n\n\n<p><strong>Dwa ostatnie zdania Maryi brzmia\u0142y: \u201eNie smu\u0107cie si\u0119, bo Ja b\u0119d\u0119 zawsze przy was\u201d oraz \u201eOdmawiajcie gorliwie R\u00f3\u017caniec\u201d.<\/strong> By\u0107 mo\u017ce te w\u0142a\u015bnie s\u0142owa najlepiej oddaj\u0105 ducha gietrzwa\u0142dzkich objawie\u0144. Maryja obiecuje pociech\u0119 i obecno\u015b\u0107 oraz wzywa do R\u00f3\u017ca\u0144ca.<\/p>\n\n\n\n<p><\/p>\n\n\n\n<p><\/p>\n\n\n\n<figure class=\"wp-block-image\"><a href=\"http:\/\/rafalk-elblag.pl\/wp-content\/uploads\/2021\/08\/ogloszenia-parafialne-baner-01a.jpg\"><img loading=\"lazy\" decoding=\"async\" width=\"720\" height=\"232\" src=\"http:\/\/rafalk-elblag.pl\/wp-content\/uploads\/2021\/08\/ogloszenia-parafialne-baner-01a.jpg\" alt=\"\" class=\"wp-image-4410\" srcset=\"https:\/\/rafalk-elblag.pl\/wp-content\/uploads\/2021\/08\/ogloszenia-parafialne-baner-01a.jpg 720w, https:\/\/rafalk-elblag.pl\/wp-content\/uploads\/2021\/08\/ogloszenia-parafialne-baner-01a-300x97.jpg 300w\" sizes=\"auto, (max-width: 720px) 100vw, 720px\" \/><\/a><\/figure>\n\n\n\n<h1 class=\"wp-block-heading\">Og\u0142oszenia parafialne 04.09.2022r<\/h1>\n\n\n\n<ol class=\"wp-block-list\"><li><strong>UWAGA!<\/strong> Od wrze\u015bnia powracamy do Mszy \u015bwi\u0119tej niedzielnej o godzinie 15:00, kt\u00f3ra rozpoczyna si\u0119 Koronk\u0105 do Mi\u0142osierdzia Bo\u017cego.<br><\/li><li>Ofiary zbierane dzisiaj na tac\u0119 przeznaczone s\u0105 na sp\u0142at\u0119 wykonanych balasek i balustrad kt\u00f3re b\u0119d\u0105 w tym miesi\u0105cu zamontowane. <em>B\u00f3g zap\u0142a\u0107 za sk\u0142adane ofiary<strong>.<\/strong><\/em><br><\/li><li>Dzi\u015b w pierwsz\u0105 niedziel\u0119 miesi\u0105ca zapraszamy na <strong>Adoracj\u0119 Naj\u015bwi\u0119tszego Sakramentu od godz. 16:00 do 18:00. Chciejmy szczeg\u00f3lnie modli\u0107 za dzieci i m\u0142odzie\u017c naszej parafii.<\/strong><br><\/li><li><strong>Rozpocz\u0105\u0142 si\u0119 Nowy Rok Szkolny i Katechetyczny.<\/strong> Zatroszczmy si\u0119 o dobre wychowanie m\u0142odego pokolenia. Postarajmy si\u0119 znale\u017a\u0107 czas dla naszych dzieci i zadbajmy o ich udzia\u0142 w lekcjach religii. <em><strong>Przypominamy ponadto \u017ce przygotowanie do przyj\u0119cia sakrament\u00f3w \u015bwi\u0119tych tj. do pierwszej Spowiedzi i Komunii \u015awi\u0119tej oraz do Sakramentu Bierzmowania odbywa si\u0119 r\u00f3wnie\u017c w Ko\u015bciele.<\/strong><\/em><br><\/li><li><strong>UWAGA!!! Zapisy do SAKRAMENTU BIERZMOWANIA m\u0142odzie\u017cy <\/strong>z klas VIII Szko\u0142y Podstawowej trwaj\u0105 do ko\u0144ca wrze\u015bnia. <em>Zg\u0142oszenia przyjmuje ks. Marian.<\/em><br><\/li><li>W pi\u0105tek 9 wrze\u015bnia br. przypada 13 rocznica \u015bmierci ks. Bp. Andrzeja \u015aliwi\u0144skiego <em>&#8211; pierwszego Biskupa Elbl\u0105skiego spoczywaj\u0105cego w Krypcie Biskup\u00f3w Elbl\u0105skich.<\/em> Msza \u015awi\u0119ta o dar \u017cycia wiecznego za \u015bp. Biskupa Andrzeja zostanie odprawiona w Katedrze Elbl\u0105skiej o godz. 18:00.<br><\/li><li>Mo\u017cliwo\u015b\u0107 skorzystanie z <strong>Sakramentu Spowiedzi \u015awi\u0119tej<\/strong> w tygodniu mamy: od godz. 7:45 oraz od godz. 17:30. <strong>KANCELARIA PARAFIALNA: <\/strong>czynna w \u015brody od 16:00 do 17:30 oraz w pi\u0105tki po Mszy \u015bw. wieczorowej do 19:30. Zapraszamy.<br><\/li><li><strong>W TYM TYGODNIU KOLEJNY ROK PRACY FORMACYJNEJ INAUGURUJE:<\/strong><br><ul><li><strong>ODNOWA W DUCHU \u015aWI\u0118TYM<\/strong> \u201eKana Galilejska\u201d we wtorek 6 wrze\u015bnia br. &#8211; Msz\u0105 \u015bw. o godz. 18:00, a po Mszy \u015bw. Adoracja Naj\u015bwi\u0119tszego Sakramentu.<br><\/li><li><strong>KR\u0104G BIBLIJNY<\/strong> w \u015brod\u0119 7 wrze\u015bnia o godz. 18.45. Zapraszamy osoby pragn\u0105ce bardziej pochyli\u0107 si\u0119 nad Ksi\u0119g\u0105 \u017bycia<br><\/li><li><strong>WSP\u00d3LNOTA KRWI CHRYSTUSA<\/strong> w \u015brod\u0119 7 wrze\u015bnia na plebanii o godz. 18:45<br><\/li><li><strong>PARAFIALNY ODDZIA\u0141 CARITAS &#8211; <\/strong>w I i III czwartek miesi\u0105ca w godzinach od 16:00 do 17:00 przy ul. Myliusa 1A. Z<em>apraszamy osoby potrzebuj\u0105ce pomocy<\/em><br><\/li><li><strong>ARKA RODZIN <\/strong>w niedziele 11 wrze\u015bnia br. po Mszy \u015bw. o godz. 10:00 w salce na plebanii. Wej\u015bcie od szczytu budynku. Zapraszamy.<br><\/li><\/ul><\/li><li>Nasza parafia tradycyjnie organizuje <strong>pielgrzymk\u0119 autokarow\u0105 do SANKTUARIUM MATKI BO\u017bEJ GIETRZWA\u0141DZKIEJ na obchody 145 Rocznicy Objawie\u0144.<\/strong> <em>Wyjazd 11 wrze\u015bnia (niedziela) o godz. 8:00. <strong>Koszt 40 z\u0142. <\/strong>Zapisy w zakrystii<strong>.<\/strong><\/em><\/li><\/ol>\n\n\n\n<p><\/p>\n\n\n\n<p><\/p>\n\n\n\n<figure class=\"wp-block-image\"><img decoding=\"async\" src=\"http:\/\/rafalk-elblag.pl\/wp-content\/uploads\/2020\/04\/baner-intencje-mszy.jpg\" alt=\"\"\/><\/figure>\n\n\n\n<h1 class=\"wp-block-heading\">Intencje mszalne 04.09.2022r<\/h1>\n\n\n\n<p><strong>PONIEDZIA\u0141EK \/ 5 wrze\u015bnia 2022r.<\/strong><br>8.00 \u2020 Henryk MACKIEWICZ w 5 rocznic\u0119 \u015bmierci<br>18.00 \u2020 Danuta TOMASZEWICZ w 6 rocznic\u0119 \u015bmierci<br>18.00 \u2020 Krystyna LIPI\u0143SKA<\/p>\n\n\n\n<p><strong>WTOREK \/ 6 wrze\u015bnia 2022r.<\/strong><br>8.00 \u2020 Regina HIPSZ; Franciszek, Lech<br>18.00 O wiar\u0119 dla dzieci i ich rodzin oraz otwarto\u015b\u0107 na mi\u0142o\u015b\u0107 Bo\u017c\u0105<br>18.00 \u2020 Edward KORZENIOWSKI w 21 rocznic\u0119 \u015bmierci<\/p>\n\n\n\n<p><strong>\u015aRODA \/ 7 wrze\u015bnia 2022r.<\/strong><br>8.00 \u2020 Stefania (k), W\u0142odzimierz MIKO\u0141AJCZYK, Helena, Miko\u0142aj OSIPIK<br>18.00 \u2020 Maria, J\u00f3zef SZEWCZUK i zmarli z rodzin PODBERE\u017bNYCH, SZEWCZUK I MUNTOWSKICH<br>18.00 \u2020 Stanis\u0142aw LIPI\u0143SKI, W\u0142adys\u0142awa (k) SZOSTEK<\/p>\n\n\n\n<p><strong>CZWARTEK \/ 8 wrze\u015bnia 2022r. \u015aWI\u0118TO NARODZENIA NMP<\/strong><br>8.00 Dzi\u0119kczynna za otrzymane \u0142aski, z pro\u015bb\u0105 o Bo\u017ce b\u0142. i opiek\u0119 Matki Bo\u017cej dla Teresy i Mieczys\u0142awa, syn\u00f3w, synowych i wnuk\u00f3w<br>18.00 \u2020 Anastazja, Ma\u0142gorzata z rodziny ROLLKA; Helena, Jan z rodziny ROLLKA<br>18.00 \u2020 Andrzej BINKOWSKI w rocznic\u0119 \u015bmierci i zmarli z rodziny BINKOWSKICH<\/p>\n\n\n\n<p><strong>PI\u0104TEK \/ 9 wrze\u015bnia 2022r.<\/strong><br>8.00 \u2020 W\u0142odzimierz WILE\u0143SKI i zmarli z rodziny WILE\u0143SKICH, BARTOSIK\u00d3W<br>18.00 \u2020 Anna MICKIEWICZ, Anna TUZIK, Stefania (k), Stanis\u0142aw MAZURO, Teresa i Maria Zdanowicz, J\u00f3zef GAWINOWICZ<br>18.00 \u2020 Zygmunt KOWALSKI w 32 rocznic\u0119 \u015bmierci<\/p>\n\n\n\n<p><strong>SOBOTA \/ 10 wrze\u015bnia 2022r.<\/strong><br>8.00 \u2020 Wanda i Benon KASAFIER<br>18.00 \u2020 ks. Wac\u0142aw BATOWSKI, ks. J\u00f3zef MAJKA, ks. Marian SZCZ\u0118SNY, ks. Adam MACI\u0104G, ks. Zbigniew MICKIEWICZ, ks. Lucjan NADOLSKI, ks. inf. Mieczys\u0142aw J\u00d3ZEWCZYK<br>18.00 \u2020 Janina WALKO w 6 rocznic\u0119 \u015bmierci, Boles\u0142aw WALKO w 17 rocznic\u0119 \u015bmierci, Janina ZALESZCZENKO<\/p>\n\n\n\n<p><strong>XXIV Niedziela Zwyk\u0142a \/ 11 wrze\u015bnia 2022 r.<\/strong><br>8.00<br>10.00 O Bo\u017ce b\u0142., wszelkie potrzebne \u0142aski, zdrowie, opiek\u0119 Matki Bo\u017cej dla Leona w 71 rocznic\u0119 urodzin<br>12.00 W intencji Parafian<br>15.00 \u2020 Stefania (k), Aleksy (m), Stefania (k), Florian<br>18.00 \u2020 Edward, Gra\u017cyna, Robert MO\u0141DAWIAK<\/p>\n\n\n\n<p><br><\/p>\n","protected":false},"excerpt":{"rendered":"<p>Ewangelia (\u0141k 14, 25-33) Kto nie wyrzeka si\u0119 wszystkiego, nie mo\u017ce by\u0107 uczniem Jezusa S\u0142owa Ewangelii wed\u0142ug \u015awi\u0119tego \u0141ukasza Wielkie t\u0142umy sz\u0142y z Jezusem. On odwr\u00f3ci\u0142 si\u0119 i rzek\u0142 do nich: \u00abJe\u015bli kto\u015b przychodzi do Mnie, a nie ma w nienawi\u015bci swego ojca i matki, \u017cony i dzieci, braci i si\u00f3str, nadto i siebie samego, [&hellip;]<\/p>\n","protected":false},"author":1,"featured_media":4791,"comment_status":"closed","ping_status":"closed","sticky":false,"template":"","format":"standard","meta":{"ngg_post_thumbnail":0,"footnotes":""},"categories":[11,8,4,3],"tags":[],"class_list":["post-4790","post","type-post","status-publish","format-standard","has-post-thumbnail","hentry","category-aktualnosci","category-blog","category-intencje","category-ogloszenia"],"_links":{"self":[{"href":"https:\/\/rafalk-elblag.pl\/index.php?rest_route=\/wp\/v2\/posts\/4790","targetHints":{"allow":["GET"]}}],"collection":[{"href":"https:\/\/rafalk-elblag.pl\/index.php?rest_route=\/wp\/v2\/posts"}],"about":[{"href":"https:\/\/rafalk-elblag.pl\/index.php?rest_route=\/wp\/v2\/types\/post"}],"author":[{"embeddable":true,"href":"https:\/\/rafalk-elblag.pl\/index.php?rest_route=\/wp\/v2\/users\/1"}],"replies":[{"embeddable":true,"href":"https:\/\/rafalk-elblag.pl\/index.php?rest_route=%2Fwp%2Fv2%2Fcomments&post=4790"}],"version-history":[{"count":2,"href":"https:\/\/rafalk-elblag.pl\/index.php?rest_route=\/wp\/v2\/posts\/4790\/revisions"}],"predecessor-version":[{"id":4797,"href":"https:\/\/rafalk-elblag.pl\/index.php?rest_route=\/wp\/v2\/posts\/4790\/revisions\/4797"}],"wp:featuredmedia":[{"embeddable":true,"href":"https:\/\/rafalk-elblag.pl\/index.php?rest_route=\/wp\/v2\/media\/4791"}],"wp:attachment":[{"href":"https:\/\/rafalk-elblag.pl\/index.php?rest_route=%2Fwp%2Fv2%2Fmedia&parent=4790"}],"wp:term":[{"taxonomy":"category","embeddable":true,"href":"https:\/\/rafalk-elblag.pl\/index.php?rest_route=%2Fwp%2Fv2%2Fcategories&post=4790"},{"taxonomy":"post_tag","embeddable":true,"href":"https:\/\/rafalk-elblag.pl\/index.php?rest_route=%2Fwp%2Fv2%2Ftags&post=4790"}],"curies":[{"name":"wp","href":"https:\/\/api.w.org\/{rel}","templated":true}]}}