{"id":4782,"date":"2022-08-30T07:01:49","date_gmt":"2022-08-30T07:01:49","guid":{"rendered":"http:\/\/rafalk-elblag.pl\/?p=4782"},"modified":"2022-08-30T07:02:22","modified_gmt":"2022-08-30T07:02:22","slug":"ogloszenia-28-08-2022-xxi-niedziela-zwykla","status":"publish","type":"post","link":"https:\/\/rafalk-elblag.pl\/?p=4782","title":{"rendered":"Og\u0142oszenia 28.08.2022, XXI Niedziela Zwyk\u0142a"},"content":{"rendered":"\n<figure class=\"wp-block-embed is-type-video is-provider-youtube wp-block-embed-youtube wp-embed-aspect-16-9 wp-has-aspect-ratio\"><div class=\"wp-block-embed__wrapper\">\n<iframe loading=\"lazy\" title=\"Ks. Piotr Pawlukiewicz: Pokora to prawda.\" width=\"900\" height=\"506\" src=\"https:\/\/www.youtube.com\/embed\/wmSOE68uais?feature=oembed\" frameborder=\"0\" allow=\"accelerometer; autoplay; clipboard-write; encrypted-media; gyroscope; picture-in-picture\" allowfullscreen><\/iframe>\n<\/div><\/figure>\n\n\n\n<h1 class=\"wp-block-heading\">Ewangelia (\u0141k 14, 1. 7-14)\nKto si\u0119 wywy\u017csza, b\u0119dzie poni\u017cony, a kto si\u0119 uni\u017ca, b\u0119dzie wywy\u017cszony<\/h1>\n\n\n\n<p>\nS\u0142owa Ewangelii wed\u0142ug \u015awi\u0119tego \u0141ukasza<\/p>\n\n\n\n<p> Gdy Jezus przyszed\u0142 do domu pewnego przyw\u00f3dcy faryzeusz\u00f3w, aby w szabat spo\u017cy\u0107 posi\u0142ek, oni Go \u015bledzili. <\/p>\n\n\n\n<p>Potem opowiedzia\u0142 zaproszonym przypowie\u015b\u0107, gdy zauwa\u017cy\u0142, jak sobie pierwsze miejsca wybierali. <\/p>\n\n\n\n<p>Tak m\u00f3wi\u0142 do nich: \u00abJe\u015bli ci\u0119 kto\u015b zaprosi na uczt\u0119, nie zajmuj pierwszego miejsca, by przypadkiem kto\u015b znamienitszy od ciebie nie by\u0142 zaproszony przez niego. W\u00f3wczas przyjdzie ten, kto was obu zaprosi\u0142, i powie ci: \u201eUst\u0105p temu miejsca\u201d, a wtedy musia\u0142by\u015b ze wstydem zaj\u0105\u0107 ostatnie miejsce. Lecz gdy b\u0119dziesz zaproszony, id\u017a i usi\u0105d\u017a na ostatnim miejscu. A gdy przyjdzie ten, kt\u00f3ry ci\u0119 zaprosi\u0142, powie ci: \u201ePrzyjacielu, przesi\u0105d\u017a si\u0119 wy\u017cej\u201d. I spotka ci\u0119 zaszczyt wobec wszystkich wsp\u00f3\u0142biesiadnik\u00f3w. <\/p>\n\n\n\n<p>Ka\u017cdy bowiem, kto si\u0119 wywy\u017csza, b\u0119dzie poni\u017cony, a kto si\u0119 uni\u017ca, b\u0119dzie wywy\u017cszony\u00bb. Do tego za\u015b, kt\u00f3ry Go zaprosi\u0142, m\u00f3wi\u0142 tak\u017ce: \u00abGdy wydajesz obiad albo wieczerz\u0119, nie zapraszaj swoich przyjaci\u00f3\u0142 ani braci, ani krewnych, ani zamo\u017cnych s\u0105siad\u00f3w, aby ci\u0119 i oni nawzajem nie zaprosili, i mia\u0142by\u015b odp\u0142at\u0119. <\/p>\n\n\n\n<p>Lecz kiedy urz\u0105dzasz przyj\u0119cie, zapro\u015b ubogich, u\u0142omnych, chromych i niewidomych. A b\u0119dziesz szcz\u0119\u015bliwy, poniewa\u017c nie maj\u0105 czym tobie si\u0119 odwdzi\u0119czy\u0107; odp\u0142at\u0119 bowiem otrzymasz przy zmartwychwstaniu sprawiedliwych\u00bb. <\/p>\n\n\n\n<p><\/p>\n\n\n\n<p><\/p>\n\n\n\n<figure class=\"wp-block-image\"><a href=\"http:\/\/rafalk-elblag.pl\/wp-content\/uploads\/2021\/08\/ogloszenia-parafialne-baner-01a.jpg\"><img loading=\"lazy\" decoding=\"async\" width=\"720\" height=\"232\" src=\"http:\/\/rafalk-elblag.pl\/wp-content\/uploads\/2021\/08\/ogloszenia-parafialne-baner-01a.jpg\" alt=\"\" class=\"wp-image-4410\" srcset=\"https:\/\/rafalk-elblag.pl\/wp-content\/uploads\/2021\/08\/ogloszenia-parafialne-baner-01a.jpg 720w, https:\/\/rafalk-elblag.pl\/wp-content\/uploads\/2021\/08\/ogloszenia-parafialne-baner-01a-300x97.jpg 300w\" sizes=\"auto, (max-width: 720px) 100vw, 720px\" \/><\/a><\/figure>\n\n\n\n<h1 class=\"wp-block-heading\">Og\u0142oszenia parafialne 28.08.2022r<\/h1>\n\n\n\n<ol class=\"wp-block-list\"><li>W czwartek przypada 83 rocznica wybuchu II Wojny \u015awiatowej. Pami\u0119tajmy w modlitwie&nbsp;o wszystkich, kt\u00f3rzy oddali \u017cycie w obronie Ojczyzny oraz pro\u015bmy o pok\u00f3j na \u015bwiecie.<br><\/li><li><strong>UWAGA!<\/strong> Od wrze\u015bnia powracamy do Mszy \u015bwi\u0119tej niedzielnej o godzinie 15:00, kt\u00f3ra rozpoczyna si\u0119 Koronk\u0105 do Mi\u0142osierdzia Bo\u017cego. <em>Dzi\u0119kuj\u0119 osobom z Apostolatu Bo\u017cego Mi\u0142osierdzia za prowadzenie Koronki w czasie wakacji<\/em><br><\/li><li><strong>Msza \u015bw. inauguruj\u0105ca kolejny rok szkolny i katechetyczny 2022\/2023 odprawiona zostanie <\/strong>&nbsp;dla Szko\u0142y Podstawowej nr 11&nbsp; w \u015brod\u0119 <strong><em>1 wrze\u015bnia o godz. 10:00 dla klas 0 \u2013 III.<\/em><\/strong>&nbsp; Natomiast <strong><em>w pi\u0105tek 2 wrze\u015bnia o godz. 16:30 dla klas IV \u2013 VIII<\/em><\/strong>. Zapraszamy do wsp\u00f3lnej modlitwy uczni\u00f3w, rodzic\u00f3w i nauczycieli.  <strong>SKORZYSTAJMY Z \u0141ASK SAKRAMENT\u00d3W \u015aWI\u0118TYCH.<\/strong> Od jutra zach\u0119camy dzieci i m\u0142odzie\u017c do spowiedzi \u015bwi\u0119tej od godz. 17:30.<br><\/li><li>B\u0142ogos\u0142awie\u0144stwo dzieci klas I z po\u015bwi\u0119ceniem przybor\u00f3w szkolnych odb\u0119dzie si\u0119 za tydzie\u0144 tj. 4 wrze\u015bnia br. podczas Mszy \u015bw. o godz. 10:00.  <em>ZAPRASZAMY DZIECI Z RODZICAMI.<\/em><br><\/li><li>W tym tygodniu przypada pierwszy czwartek, pi\u0105tek i sobota miesi\u0105ca.<br><ul><li><strong>w pierwszy czwartek<\/strong> b\u0119dziemy modli\u0107 si\u0119 wsp\u00f3lnie za Ojca \u015awi\u0119tego Franciszka i ca\u0142y Ko\u015bci\u00f3\u0142. <strong>Zapraszamy na Msz\u0119 \u015bw. o godz. 18:00, po kt\u00f3rej w powy\u017cszych intencjach odb\u0119dzie si\u0119<\/strong> ADORACJA przed Naj\u015bwi\u0119tszym Sakramentem.<br><\/li><li><strong>w pierwszy pi\u0105tek<\/strong> spowied\u017a dla dzieci, m\u0142odzie\u017cy od godz. 16:00 i Msza &nbsp;\u015bw. o&nbsp;godz.&nbsp;16:30, a dla doros\u0142ych spowied\u017a od godz. 17:30. Msza \u015bw. o godz.18:00<br><\/li><li><strong>pierwsza sobota miesi\u0105ca<\/strong> \u2013 zapraszamy na Nabo\u017ce\u0144stwo R\u00f3\u017ca\u0144cowe o godz. 17:00<br><\/li><\/ul><\/li><li>Po przerwie wakacyjnej w I pi\u0105tek miesi\u0105ca z Panem Jezusem kap\u0142ani udadz\u0105 si\u0119 do chorych od godz. 9:30. <em>Prosimy zg\u0142asza\u0107 do kap\u0142an\u00f3w chorych pragn\u0105cych rozpocz\u0105\u0107 praktyk\u0119 dziewi\u0119ciu pierwszych pi\u0105tk\u00f3w.<\/em><br><\/li><li><strong>W TYM TYGODNIU KOLEJNY ROK PRACY FORMACYJNEJ INAUGURUJE:<\/strong><ul><li><strong>Apostolat Margaretka &#8211; <\/strong>&nbsp;czwartek 1 wrze\u015bnia br. o godz. 18:00 Msz\u0105 \u015bw. i ADORACJ\u0118<br><\/li><li><strong>Scholka Dzieci\u0119ca \u201eRAFAEL\u201d <\/strong>&#8211; niedziela 4 wrze\u015bnia br. o godz. 9:00 na plebanii.<br><\/li><li><strong>S\u0142u\u017cba Liturgiczna O\u0142tarza. \u2013 <\/strong>sobota&nbsp; 3 wrze\u015bnia o godz. 10:00 na zbi\u00f3rk\u0119<strong>. <\/strong><em>Zapraszamy wszystkich ministrant\u00f3w, aspirant\u00f3w i ch\u0119tnych, kt\u00f3rzy by chcieli s\u0142u\u017cy\u0107 przy o\u0142tarzu.<\/em><br><\/li><\/ul><\/li><li><strong>VIII \u017bU\u0141AWSKA PIELGRZYMKA PIESZA Z MIKOSZEWA DO GIETRZWA\u0141DU,<\/strong> wyrusza 7 wrze\u015bnia, aby 11 wrze\u015bnia, wzi\u0105\u0107 udzia\u0142 o godz. 11:00 we Mszy \u015bw. odpustowej ku czci Naj\u015bwi\u0119tszej Maryi Panny Gietrzwa\u0142dzkiej. <strong>Zapisy u ks. Marka tel. 733 872 988.<\/strong> Dok\u0142adny plan umieszczony jest w gablocie<br><\/li><li>Nasza parafia tradycyjnie organizuje <strong>pielgrzymk\u0119 autokarow\u0105 do SANKTUARIUM MATKI BO\u017bEJ GIETRZWA\u0141DZKIEJ na obchody 145 Rocznicy Objawie\u0144.<\/strong>&nbsp;<em>Wyjazd 11 wrze\u015bnia (niedziela) o godz. 8:00. <strong>Koszt 40 z\u0142. <\/strong>Zapisy w zakrystii<strong>.<\/strong><\/em><br><\/li><li>Za tydzie\u0144 ofiary zbierane na tac\u0119 przeznaczona b\u0119d\u0105 na sp\u0142at\u0119 wykonanych balasek i balustrad. <em>B\u00f3g zap\u0142a\u0107 za sk\u0142adane ofiary<\/em><strong><em>.<\/em><\/strong><br><\/li><li>Pan powo\u0142a\u0142 do wieczno\u015bci: <br><br><strong>\u2020 \u015bp. Stanis\u0142awa POLONIS <\/strong>lat 72 z ul. Brzechwy<br><br><em>Wieczny odpoczynek racz im da\u0107 Panie! A \u015bwiat\u0142o\u015b\u0107 wiekuista niechaj im \u015bwieci<\/em><\/li><\/ol>\n\n\n\n<p><\/p>\n\n\n\n<p><\/p>\n\n\n\n<figure class=\"wp-block-image\"><img decoding=\"async\" src=\"http:\/\/rafalk-elblag.pl\/wp-content\/uploads\/2020\/04\/baner-intencje-mszy.jpg\" alt=\"\"\/><\/figure>\n\n\n\n<h1 class=\"wp-block-heading\">Intencje mszalne 28.08.2022r<\/h1>\n\n\n\n<p><strong>PONIEDZIA\u0141EK \/ 29 sierpnia 2022r.<\/strong><br>8.00 O Bo\u017ce b\u0142ogos\u0142awie\u0144stwo, wszelkie potrzebne \u0142aski i nieustann\u0105 opiek\u0119 Matki Bo\u017cej dla ROMANA<br>18.00 \u2020 Jerzy MALESI\u0143SKI w 9 rocznice \u015bmierci<\/p>\n\n\n\n<p><strong>WTOREK \/ 30 sierpnia 2022r.<\/strong><br>8.00 \u2020 J\u00f3zefa(k), Boles\u0142aw , Ryszard, Krystyna, Wies\u0142awa(k) z rodziny RADKOWSKICH I STASI\u0143SKICH<br>18.00 \u2020 Zuzanna ALBERCKA w 30 dzie\u0144 po pogrzebie<br>18.00 \u2020 El\u017cbieta, W\u0142adys\u0142awa(k), Zygmunt KISIELEWSCY<\/p>\n\n\n\n<p><strong>\u015aRODA \/ 31 sierpnia 2022r.<\/strong><br>8.00 \u2020 Apolonia(k), Stanis\u0142aw, Hieronima(k), Jan, Lucjan z rodziny BORYSZEWSKICH<br>18.00 \u2020 ks. kan. Tadeusz SZPARAGA w 2 rocznic\u0119 \u015bmierci<\/p>\n\n\n\n<p><strong>CZWARTEK \/ 1 wrze\u015bnia 2022r. PIERWSZY CZWARTEK MIESI\u0104CA<\/strong><br>8.00 \u2020 Jolanta Karman w dniu urodzin i zmar\u0142ych z rodziny KARMAN<br>10.00 Msza \u015bw. inauguruj\u0105ca Nowy Rok Szkolny 2022\/2023 dla dzieci klas 0 -III Szko\u0142y Podstawowej nr 11 o Bo\u017ce b\u0142ogos\u0142awie\u0144stwo, dary Ducha \u015awi\u0119tego<br>18.00 O Bo\u017ce b\u0142ogos\u0142awie\u0144stwo dla Wsp\u00f3lnoty \u201ePRZEMIENIENIE\u201d<br>18.00 O nowe powo\u0142ania kap\u0142a\u0144skie, zakonne i misyjne oraz za kap\u0142an\u00f3w tutaj pos\u0142uguj\u0105cych<\/p>\n\n\n\n<p><strong>PI\u0104TEK \/ 2 wrze\u015bnia 2022r. PIERWSZY PI\u0104TEK MIESI\u0104CA<\/strong><br>8.00 \u2020 Stanis\u0142aw(m), Antoni, Ma\u0142gorzata ROGALSKICH<br>16:30 Msza \u015awi\u0119ta wotywna dla dzieci klas IV \u2013 VIII Szko\u0142y Podstawowej nr 11 inauguruj\u0105ca rok szkolny 2022\/2023<br>18.00 \u2020 Bronis\u0142aw SOSNOWSKI z okazji imienin<br>18.00 \u2020 Barbara PETRYCKA w 20 rocz. \u015bmierci oraz za rodzic\u00f3w z obojga stron: Maria, Stanis\u0142aw, Maria, Franciszek, oraz za brata Alfreda<\/p>\n\n\n\n<p><strong>SOBOTA \/ 3 wrze\u015bnia 2022r. \u015bw. Grzegorza Wielkiego<\/strong><br>8.00 \u2020 Marian PIETRZAK, Marek PIETRZAK, Stefania(k) G\u00d3RSKA, Natalia KOZIATEK, Cecylia MAKAREWICZ, Irena MI\u0141OSZEWSKA<br>18.00 O szcz\u0119\u015bliw\u0105 operacj\u0119 dla Ryszarda(m) oraz o \u015bwiat\u0142o Ducha \u015awi\u0119tego dla lekarzy<br>18.00 O dary Ducha \u015awi\u0119tego, Bo\u017ce b\u0142ogos\u0142awie\u0144stwo i opiek\u0119 Matki Bo\u017cej dla dzieci i m\u0142odzie\u017cy w Nowym Roku Szkolnym<\/p>\n\n\n\n<p><strong>XXIII Niedziela Zwyk\u0142a \/ 4 wrze\u015bnia 2022 r.<\/strong><br>8.00 O do\u015bwiadczenie Bo\u017cej mi\u0142o\u015bci dla Karoliny i Sebastiana<br>10.00 \u2020 Stanis\u0142aw STZRZY\u0143SKI w 5 rocznic\u0119 \u015bmierci i zmar\u0142ych z rodziny<br>12.00 W intencji Parafian<br>12.00 Dzi\u0119kczynna w 50 rocznic\u0119 \u015blubu Barbary i Czes\u0142awa CYPRYJANIK z pro\u015bb\u0105 o Bo\u017ce b\u0142ogos\u0142awie\u0144stwo i opiek\u0119 Matki Bo\u017cej Szkaplerznej dla Z\u0142otych Jubilat\u00f3w<br>15.00 \u2020 Stanis\u0142awa(k) i Pawe\u0142 ZGIRSCY, Stefania(K) i Ryszard SIENKIEWICZ<br>18.00 Dzi\u0119kczynna w 18 urodziny Jakuba KR\u00d3L i za Wiktori\u0119 z pro\u015bb\u0105 o Bo\u017ce b\u0142ogos\u0142awie\u0144stwo, opiek\u0119 Matki Bo\u017cej w Nowym Roku Szkolnym oraz za Ew\u0119 i Arkadiusza &#8211; rodzic\u00f3w<\/p>\n\n\n\n<p><br><\/p>\n","protected":false},"excerpt":{"rendered":"<p>Ewangelia (\u0141k 14, 1. 7-14) Kto si\u0119 wywy\u017csza, b\u0119dzie poni\u017cony, a kto si\u0119 uni\u017ca, b\u0119dzie wywy\u017cszony S\u0142owa Ewangelii wed\u0142ug \u015awi\u0119tego \u0141ukasza Gdy Jezus przyszed\u0142 do domu pewnego przyw\u00f3dcy faryzeusz\u00f3w, aby w szabat spo\u017cy\u0107 posi\u0142ek, oni Go \u015bledzili. Potem opowiedzia\u0142 zaproszonym przypowie\u015b\u0107, gdy zauwa\u017cy\u0142, jak sobie pierwsze miejsca wybierali. Tak m\u00f3wi\u0142 do nich: \u00abJe\u015bli ci\u0119 kto\u015b [&hellip;]<\/p>\n","protected":false},"author":1,"featured_media":4787,"comment_status":"closed","ping_status":"closed","sticky":false,"template":"","format":"standard","meta":{"ngg_post_thumbnail":0,"footnotes":""},"categories":[11,8,4,3],"tags":[],"class_list":["post-4782","post","type-post","status-publish","format-standard","has-post-thumbnail","hentry","category-aktualnosci","category-blog","category-intencje","category-ogloszenia"],"_links":{"self":[{"href":"https:\/\/rafalk-elblag.pl\/index.php?rest_route=\/wp\/v2\/posts\/4782","targetHints":{"allow":["GET"]}}],"collection":[{"href":"https:\/\/rafalk-elblag.pl\/index.php?rest_route=\/wp\/v2\/posts"}],"about":[{"href":"https:\/\/rafalk-elblag.pl\/index.php?rest_route=\/wp\/v2\/types\/post"}],"author":[{"embeddable":true,"href":"https:\/\/rafalk-elblag.pl\/index.php?rest_route=\/wp\/v2\/users\/1"}],"replies":[{"embeddable":true,"href":"https:\/\/rafalk-elblag.pl\/index.php?rest_route=%2Fwp%2Fv2%2Fcomments&post=4782"}],"version-history":[{"count":2,"href":"https:\/\/rafalk-elblag.pl\/index.php?rest_route=\/wp\/v2\/posts\/4782\/revisions"}],"predecessor-version":[{"id":4788,"href":"https:\/\/rafalk-elblag.pl\/index.php?rest_route=\/wp\/v2\/posts\/4782\/revisions\/4788"}],"wp:featuredmedia":[{"embeddable":true,"href":"https:\/\/rafalk-elblag.pl\/index.php?rest_route=\/wp\/v2\/media\/4787"}],"wp:attachment":[{"href":"https:\/\/rafalk-elblag.pl\/index.php?rest_route=%2Fwp%2Fv2%2Fmedia&parent=4782"}],"wp:term":[{"taxonomy":"category","embeddable":true,"href":"https:\/\/rafalk-elblag.pl\/index.php?rest_route=%2Fwp%2Fv2%2Fcategories&post=4782"},{"taxonomy":"post_tag","embeddable":true,"href":"https:\/\/rafalk-elblag.pl\/index.php?rest_route=%2Fwp%2Fv2%2Ftags&post=4782"}],"curies":[{"name":"wp","href":"https:\/\/api.w.org\/{rel}","templated":true}]}}