{"id":4775,"date":"2022-08-21T15:17:00","date_gmt":"2022-08-21T15:17:00","guid":{"rendered":"http:\/\/rafalk-elblag.pl\/?p=4775"},"modified":"2022-08-30T06:38:04","modified_gmt":"2022-08-30T06:38:04","slug":"ogloszenia-21-07-2022-xxi-niedziela-zwykla","status":"publish","type":"post","link":"https:\/\/rafalk-elblag.pl\/?p=4775","title":{"rendered":"Og\u0142oszenia 21.08.2022, XXI Niedziela Zwyk\u0142a"},"content":{"rendered":"\n<figure class=\"wp-block-embed is-type-video is-provider-youtube wp-block-embed-youtube wp-embed-aspect-16-9 wp-has-aspect-ratio\"><div class=\"wp-block-embed__wrapper\">\n<iframe loading=\"lazy\" title=\"Brama zbawienia.\" width=\"900\" height=\"506\" src=\"https:\/\/www.youtube.com\/embed\/jDXhMOvwCp0?feature=oembed\" frameborder=\"0\" allow=\"accelerometer; autoplay; clipboard-write; encrypted-media; gyroscope; picture-in-picture\" allowfullscreen><\/iframe>\n<\/div><\/figure>\n\n\n\n<h1 class=\"wp-block-heading\">Ewangelia (\u0141k 13, 22-30)\nKr\u00f3lestwo Bo\u017ce dost\u0119pne dla wszystkich narod\u00f3w<\/h1>\n\n\n\n<p>\nS\u0142owa Ewangelii wed\u0142ug \u015awi\u0119tego \u0141ukasza<\/p>\n\n\n\n<p>\nJezus przemierza\u0142 miasta i wsie, nauczaj\u0105c i odbywaj\u0105c sw\u0105 podr\u00f3\u017c do Jerozolimy.\n\nRaz kto\u015b Go zapyta\u0142: \u00abPanie, czy tylko nieliczni b\u0119d\u0105 zbawieni?\u00bb\n\nOn rzek\u0142 do nich: \u00abUsi\u0142ujcie wej\u015b\u0107 przez ciasne drzwi; gdy\u017c wielu, powiadam wam, b\u0119dzie chcia\u0142o wej\u015b\u0107, a nie zdo\u0142aj\u0105. Skoro Pan domu wstanie i drzwi zamknie, w\u00f3wczas, stoj\u0105c na dworze, zaczniecie ko\u0142ata\u0107 do drzwi i wo\u0142a\u0107: \u201ePanie, otw\u00f3rz nam!\u201d, lecz On wam odpowie: \u201eNie wiem, sk\u0105d jeste\u015bcie\u201d. Wtedy zaczniecie m\u00f3wi\u0107: \u201ePrzecie\u017c jadali\u015bmy i pili\u015bmy z Tob\u0105, i na ulicach naszych naucza\u0142e\u015b\u201d.\n\nLecz On rzecze: \u201ePowiadam wam, nie wiem, sk\u0105d jeste\u015bcie. Odst\u0105pcie ode Mnie wszyscy, kt\u00f3rzy dopuszczacie si\u0119 niesprawiedliwo\u015bci!\u201d Tam b\u0119dzie p\u0142acz i zgrzytanie z\u0119b\u00f3w, gdy ujrzycie Abrahama, Izaaka i Jakuba, i wszystkich prorok\u00f3w w kr\u00f3lestwie Bo\u017cym, a siebie samych precz wyrzuconych. Przyjd\u0105 ze wschodu i zachodu, z p\u00f3\u0142nocy i po\u0142udnia i si\u0105d\u0105 za sto\u0142em w kr\u00f3lestwie Bo\u017cym.\n\nTak oto s\u0105 ostatni, kt\u00f3rzy b\u0119d\u0105 pierwszymi, i s\u0105 pierwsi, kt\u00f3rzy b\u0119d\u0105 ostatnimi\u00bb.\n<\/p>\n\n\n\n<p><\/p>\n\n\n\n<p><\/p>\n\n\n\n<figure class=\"wp-block-image\"><a href=\"http:\/\/rafalk-elblag.pl\/wp-content\/uploads\/2021\/08\/ogloszenia-parafialne-baner-01a.jpg\"><img loading=\"lazy\" decoding=\"async\" width=\"720\" height=\"232\" src=\"http:\/\/rafalk-elblag.pl\/wp-content\/uploads\/2021\/08\/ogloszenia-parafialne-baner-01a.jpg\" alt=\"\" class=\"wp-image-4410\" srcset=\"https:\/\/rafalk-elblag.pl\/wp-content\/uploads\/2021\/08\/ogloszenia-parafialne-baner-01a.jpg 720w, https:\/\/rafalk-elblag.pl\/wp-content\/uploads\/2021\/08\/ogloszenia-parafialne-baner-01a-300x97.jpg 300w\" sizes=\"auto, (max-width: 720px) 100vw, 720px\" \/><\/a><\/figure>\n\n\n\n<h1 class=\"wp-block-heading\">Og\u0142oszenia parafialne 21.08.2022r<\/h1>\n\n\n\n<ol class=\"wp-block-list\"><li>Przed ko\u015bcio\u0142em diakon Krzysztof i kleryk Amadeusz zbieraj\u0105 ofiary do puszek na utrzymanie naszego Wy\u017cszego Seminarium Duchownego w Elbl\u0105gu. <em><strong>Pami\u0119tajmy: m\u00f3dlmy si\u0119 o nowe powo\u0142ania do kap\u0142a\u0144stwa i \u017cycia zakonnego.<\/strong><\/em><br><\/li><li><strong>Sierpie\u0144 \u2013 miesi\u0105c abstynencji<\/strong>. Przez pami\u0119\u0107 o wielkich dzie\u0142ach, kt\u00f3re B\u00f3g dokona\u0142 w naszym narodzie w tym miesi\u0105cu, a tak\u017ce odpowiadaj\u0105c na Apel Ko\u015bcio\u0142a, powstrzymajmy si\u0119 od spo\u017cywania napoj\u00f3w alkoholowych.<br><\/li><li><strong>VIII \u017bU\u0141AWSKA PIELGRZYMKA PIESZA Z MIKOSZEWA DO GIETRZWA\u0141DU<\/strong>, wyrusza 7 wrze\u015bnia z ko\u015bcio\u0142a Naj\u015bwi\u0119tszego Serca Pana Jezusa po Mszy \u015bw. o godz. 7:00, dalej przez Tujsk, K\u0119pki, Elbl\u0105g, Przezmark, Pas\u0142\u0119k, Zielonk\u0119 Pas\u0142\u0119ck\u0105, Chojnik, Mor\u0105g dochodz\u0105 w sobot\u0119 do miejscowo\u015bci RENTYNY, by po noclegu w niedziel\u0119<strong> 11 wrze\u015bnia, wzi\u0105\u0107 udzia\u0142 o godz. 11:00 we Mszy \u015bw. odpustowej ku czci Naj\u015bwi\u0119tszej Maryi Panny Gietrzwa\u0142dzkiej.<\/strong> <em>Zapisy u ks. Marka tel. 733&nbsp;872 988. Dok\u0142adny plan umieszczony jest w gablocie.<\/em><br><\/li><li>Nasza parafia tradycyjnie organizuje <strong>pielgrzymk\u0119 autokarow\u0105 do SANKTUARIUM MATKI BO\u017bEJ GIETRZWA\u0141DZKIEJ na obchody 145 Rocznicy Objawie\u0144.<\/strong> <em>Wyjazd 11 wrze\u015bnia (niedziela) o godz. 8:00. <strong>Koszt 40 z\u0142. <\/strong>Zapisy w zakrystii<strong>.<\/strong><\/em><br><\/li><li>Spowied\u017a \u015bwi\u0119ta w tygodniu: rano od godz. 7:45, oraz wieczorem od godz. 17:30 <em>Zapraszamy do korzystania z sakramentu pokuty i pojednania.<\/em><br><\/li><li><strong>Dzisiaj przypada X rocznica NAWIEDZENIA NASZEJ PARAFII PRZEZ MATK\u0118 BO\u017b\u0104 W JASNOG\u00d3RSKIEM WIZERUNKU.<\/strong> Dzi\u0119kujemy Ci Matko, za Twoj\u0105 obecno\u015b\u0107 i za to \u017ce mogli\u015bmy stan\u0105\u0107 przed Twoim obliczem i powiedzie\u0107 o wszystkich naszych sprawach. Nadal Ci\u0119 prosimy rozwa\u017caj je w sercu i przedstawiaj je swojemu Synowi. Niech ta rocznica Nawiedzenia rozpali nasze serca i nadal przynosi b\u0142ogos\u0142awione owoce w \u017cyciu ka\u017cdego z nas i ca\u0142ej naszej wsp\u00f3lnoty parafialnej. <em><u>Po Mszy \u015bw. b\u0119dzie mo\u017cliwo\u015b\u0107 obejrzenia 15 minutowego skr\u00f3tu z tego wydarzenia. Warto pozosta\u0107 i mo\u017ce zobaczy\u0107 siebie.<\/u><\/em><br><\/li><li>W tym tygodniu w liturgii Ko\u015bcio\u0142a wspominamy:<ul><li>w poniedzia\u0142ek<strong> wspomnienie Naj\u015bwi\u0119tszej Maryi Panny Kr\u00f3lowej<\/strong><\/li><li>w \u015brod\u0119<strong> \u015awi\u0119to \u015bw. Bart\u0142omieja, Aposto\u0142a<\/strong><\/li><li>w pi\u0105tek<strong> Uroczysto\u015b\u0107 Naj\u015bwi\u0119tszej Maryi Panny Cz\u0119stochowskiej,<\/strong><\/li><li>w sobot\u0119<strong> wspomnienie \u015bw. Moniki,<\/strong><br><\/li><\/ul><\/li><li>Pan powo\u0142a\u0142 do wieczno\u015bci: <br><br><strong>\u2020 \u015bp. Janin\u0119 Urbanowicz <\/strong>lat 65 z ul. Korczaka<br><strong>\u2020 <strong>\u015bp.<\/strong><\/strong> <strong>Danut\u0119 Jasi\u0144sk\u0105 <\/strong>lat 70 z ul. Korczaka<br><strong>\u2020 \u015bp. Franciszka Kara\u017aniewicza <\/strong>lat 74 z ul. Brzechwy<br><br><em>Wieczny odpoczynek racz im da\u0107 Panie! A \u015bwiat\u0142o\u015b\u0107 wiekuista niechaj im \u015bwieci<\/em><\/li><\/ol>\n\n\n\n<p><\/p>\n\n\n\n<p><\/p>\n\n\n\n<figure class=\"wp-block-image\"><img decoding=\"async\" src=\"http:\/\/rafalk-elblag.pl\/wp-content\/uploads\/2020\/04\/baner-intencje-mszy.jpg\" alt=\"\"\/><\/figure>\n\n\n\n<h1 class=\"wp-block-heading\">Intencje mszalne 21.08.2022r<\/h1>\n\n\n\n<p><strong>XXI Niedziela Zwyk\u0142a \/ 21 sierpnia 2022 r.<\/strong><br>8.00 Dzi\u0119kczynna za otrzymane \u0142aski z pro\u015bba o dalsze Bo\u017ce b\u0142ogos\u0142awie\u0144stwo i opiek\u0119 Matki Bo\u017cej dla Barbary i Piotra oraz dal ca\u0142ej rodziny<br>10.00 Dzi\u0119kczynna w rocznic\u0119 \u015blubu Joanny i Dawida KUROWSKICH z pro\u015bb\u0105 o Bo\u017ce b\u0142ogos\u0142awie\u0144stwo dla nich i ca\u0142ej rodziny<br>12.00 W intencji Parafian<br>18.00 \u2020 Tadeusz MALINOWSKI w 10 rocznic\u0119 \u015bmierci<\/p>\n\n\n\n<p><strong>PONIEDZIA\u0141EK \/ 22 sierpnia 2022 r.<\/strong><br>Wspomnienie Naj\u015bwi\u0119tszej Maryi Panny Kr\u00f3lowej<br>8.00 \u2020 Bronis\u0142awa(k) w 22 rocznic\u0119 \u015bmierci, Stanis\u0142aw(m) i zmar\u0142ych z rodziny WALA<br>18.00 \u2020 Dariusz MORZY w 2 rocznic\u0119 \u015bmierci<\/p>\n\n\n\n<p><strong>WTOREK \/ 23 sierpnia 2022 r.<\/strong><br>8.00 \u2020 Wanda i Witalis ROSZKOWSCY<br>18.00 \u2020 Eugeniusz(m) DEMBI\u0143SKI w 5 rocznic\u0119 \u015bmierci<\/p>\n\n\n\n<p><strong>\u015aRODA \/ 24 sierpnia 2022 r.<\/strong><br>\u015bwi\u0119to \u015bw. Bart\u0142omieja, Aposto\u0142a<br>8.00 O wiar\u0119, nadziej\u0119 i mi\u0142o\u015b\u0107 dla Zbigniewa JACKIEWICZA i \u017cony Wies\u0142awy oraz dla dzieci i wnuk\u00f3w<br>18.00 \u2020 J\u00f3zef (m) PROC<\/p>\n\n\n\n<p><strong>CZWARTEK \/ 25 sierpnia 2022 r.<\/strong><br>8.00 \u2020 Teresa i Jerzy WILCZY\u0143SCY<br>18.00 \u2020 Tadeusz PIPCZY\u0143SKI w 2 rocznice \u015bmierci<\/p>\n\n\n\n<p><strong>PI\u0104TEK \/ 26 sierpnia 2022 r.<br>UROCZYSTO\u015a\u0106 NAJ\u015aWIETSZEJ MARYI PANNY CZ\u0118STOCHOWSKIEJ<\/strong><br>8.00 Za zmar\u0142ych rodzic\u00f3w i rodze\u0144stwo: Antonina w 30 rocz. \u015bmierci, Piotr MASALSCY, S\u0142awomir ADAMKIEWICZ w 2 rocznic\u0119 \u015bmierci<br>18.00 \u2020 Stefan KOWALCZYK, Mieczys\u0142aw(m) KINACH, Miko\u0142aj GORSZONOWSKI i zmar\u0142ych z tych rodzin<\/p>\n\n\n\n<p><strong>SOBOTA \/ 27 sierpnia 2022 r.<br>wspomnienie \u015bw. Moniki<\/strong><br>8.00 O wiar\u0119, nadziej\u0119 i mi\u0142o\u015b\u0107 dla Zbigniewa JACKIEWICZA i \u017cony Wies\u0142awy oraz dla dzieci i wnuk\u00f3w<br>18.00 \u2020 Kazimierz(m), Jadwiga i Norbert<\/p>\n\n\n\n<p><strong>XXII Niedziela Zwyk\u0142a \/ 28 sierpnia 2022 r.<\/strong><br>8.00 \u2020 J\u00f3zef (m) BARTO\u015a w 43 rocznic\u0119 \u015bmierci, Stanis\u0142aw(m) CYREK w 1 rocz. \u015bmierci, Krystyna, Teresa, Helena<br>10.00 \u2020 Anna DARCZUK w 2 rocznic\u0119 \u015bmierci, Piotr DARCZUK<br>12.00 W intencji Parafian<br>18.00 Dzi\u0119kczynna za dar \u017cycia z pro\u015bb\u0105 o Bo\u017ce b\u0142ogos\u0142awie\u0144stwo i opiek\u0119 Matki Bo\u017cej dla IRENY<\/p>\n\n\n\n<p><br><\/p>\n","protected":false},"excerpt":{"rendered":"<p>Ewangelia (\u0141k 13, 22-30) Kr\u00f3lestwo Bo\u017ce dost\u0119pne dla wszystkich narod\u00f3w S\u0142owa Ewangelii wed\u0142ug \u015awi\u0119tego \u0141ukasza Jezus przemierza\u0142 miasta i wsie, nauczaj\u0105c i odbywaj\u0105c sw\u0105 podr\u00f3\u017c do Jerozolimy. Raz kto\u015b Go zapyta\u0142: \u00abPanie, czy tylko nieliczni b\u0119d\u0105 zbawieni?\u00bb On rzek\u0142 do nich: \u00abUsi\u0142ujcie wej\u015b\u0107 przez ciasne drzwi; gdy\u017c wielu, powiadam wam, b\u0119dzie chcia\u0142o wej\u015b\u0107, a nie [&hellip;]<\/p>\n","protected":false},"author":1,"featured_media":4776,"comment_status":"closed","ping_status":"closed","sticky":false,"template":"","format":"standard","meta":{"ngg_post_thumbnail":0,"footnotes":""},"categories":[11,8,4,3],"tags":[],"class_list":["post-4775","post","type-post","status-publish","format-standard","has-post-thumbnail","hentry","category-aktualnosci","category-blog","category-intencje","category-ogloszenia"],"_links":{"self":[{"href":"https:\/\/rafalk-elblag.pl\/index.php?rest_route=\/wp\/v2\/posts\/4775","targetHints":{"allow":["GET"]}}],"collection":[{"href":"https:\/\/rafalk-elblag.pl\/index.php?rest_route=\/wp\/v2\/posts"}],"about":[{"href":"https:\/\/rafalk-elblag.pl\/index.php?rest_route=\/wp\/v2\/types\/post"}],"author":[{"embeddable":true,"href":"https:\/\/rafalk-elblag.pl\/index.php?rest_route=\/wp\/v2\/users\/1"}],"replies":[{"embeddable":true,"href":"https:\/\/rafalk-elblag.pl\/index.php?rest_route=%2Fwp%2Fv2%2Fcomments&post=4775"}],"version-history":[{"count":4,"href":"https:\/\/rafalk-elblag.pl\/index.php?rest_route=\/wp\/v2\/posts\/4775\/revisions"}],"predecessor-version":[{"id":4783,"href":"https:\/\/rafalk-elblag.pl\/index.php?rest_route=\/wp\/v2\/posts\/4775\/revisions\/4783"}],"wp:featuredmedia":[{"embeddable":true,"href":"https:\/\/rafalk-elblag.pl\/index.php?rest_route=\/wp\/v2\/media\/4776"}],"wp:attachment":[{"href":"https:\/\/rafalk-elblag.pl\/index.php?rest_route=%2Fwp%2Fv2%2Fmedia&parent=4775"}],"wp:term":[{"taxonomy":"category","embeddable":true,"href":"https:\/\/rafalk-elblag.pl\/index.php?rest_route=%2Fwp%2Fv2%2Fcategories&post=4775"},{"taxonomy":"post_tag","embeddable":true,"href":"https:\/\/rafalk-elblag.pl\/index.php?rest_route=%2Fwp%2Fv2%2Ftags&post=4775"}],"curies":[{"name":"wp","href":"https:\/\/api.w.org\/{rel}","templated":true}]}}