{"id":4771,"date":"2022-08-14T15:17:17","date_gmt":"2022-08-14T15:17:17","guid":{"rendered":"http:\/\/rafalk-elblag.pl\/?p=4771"},"modified":"2022-08-30T06:38:20","modified_gmt":"2022-08-30T06:38:20","slug":"ogloszenia-14-07-2022-xx-niedziela-zwykla","status":"publish","type":"post","link":"https:\/\/rafalk-elblag.pl\/?p=4771","title":{"rendered":"Og\u0142oszenia 14.08.2022, XX Niedziela Zwyk\u0142a"},"content":{"rendered":"\n<figure class=\"wp-block-embed is-type-video is-provider-youtube wp-block-embed-youtube wp-embed-aspect-16-9 wp-has-aspect-ratio\"><div class=\"wp-block-embed__wrapper\">\n<iframe loading=\"lazy\" title=\"Rekolekcje Ostatniej Szansy || B\u0105d\u017a or\u0142em i lataj wysoko! [#1] || Jakie masz serce?\" width=\"900\" height=\"506\" src=\"https:\/\/www.youtube.com\/embed\/5Ygt1OKI8Vc?feature=oembed\" frameborder=\"0\" allow=\"accelerometer; autoplay; clipboard-write; encrypted-media; gyroscope; picture-in-picture\" allowfullscreen><\/iframe>\n<\/div><\/figure>\n\n\n\n<h1 class=\"wp-block-heading\">Ewangelia (\u0141k 12, 49-53)\nEwangelia powodem roz\u0142amu<\/h1>\n\n\n\n<p>S\u0142owa Ewangelii wed\u0142ug \u015awi\u0119tego \u0141ukasza<\/p>\n\n\n\n<p>Jezus powiedzia\u0142 do swoich uczni\u00f3w: <\/p>\n\n\n\n<p>\n\u00abPrzyszed\u0142em ogie\u0144 rzuci\u0107 na ziemi\u0119 i jak\u017ce pragn\u0119, a\u017ceby ju\u017c zap\u0142on\u0105\u0142. Chrzest mam przyj\u0105\u0107, i jakiej doznaj\u0119 udr\u0119ki, a\u017c si\u0119 to stanie.\n\nCzy my\u015blicie, \u017ce przyszed\u0142em da\u0107 ziemi pok\u00f3j? Nie, powiadam wam, lecz roz\u0142am. Odt\u0105d bowiem pi\u0119cioro b\u0119dzie podzielonych w jednym domu: troje stanie przeciw dwojgu, a dwoje przeciw trojgu; ojciec przeciw synowi, a syn przeciw ojcu; matka przeciw c\u00f3rce, a c\u00f3rka przeciw matce; te\u015bciowa przeciw synowej, a synowa przeciw te\u015bciowej\u00bb.<\/p>\n\n\n\n<p><\/p>\n\n\n\n<p><\/p>\n\n\n\n<figure class=\"wp-block-image\"><a href=\"http:\/\/rafalk-elblag.pl\/wp-content\/uploads\/2021\/08\/ogloszenia-parafialne-baner-01a.jpg\"><img loading=\"lazy\" decoding=\"async\" width=\"720\" height=\"232\" src=\"http:\/\/rafalk-elblag.pl\/wp-content\/uploads\/2021\/08\/ogloszenia-parafialne-baner-01a.jpg\" alt=\"\" class=\"wp-image-4410\" srcset=\"https:\/\/rafalk-elblag.pl\/wp-content\/uploads\/2021\/08\/ogloszenia-parafialne-baner-01a.jpg 720w, https:\/\/rafalk-elblag.pl\/wp-content\/uploads\/2021\/08\/ogloszenia-parafialne-baner-01a-300x97.jpg 300w\" sizes=\"auto, (max-width: 720px) 100vw, 720px\" \/><\/a><\/figure>\n\n\n\n<h1 class=\"wp-block-heading\">Og\u0142oszenia parafialne 14.08.2022r<\/h1>\n\n\n\n<ol class=\"wp-block-list\"><li><strong>PAMI\u0118TAJMY \u2013 SIERPIE\u0143 MIESI\u0104CEM ABSTYNENCJI<\/strong>. Przez pami\u0119\u0107 o wielkich dzie\u0142ach, kt\u00f3re B\u00f3g dokona\u0142 w naszym narodzie w tym miesi\u0105cu, powstrzymajmy si\u0119 od spo\u017cywania napoj\u00f3w alkoholowych. <em>Pod ch\u00f3rem wy\u0142o\u017cona jest KSI\u0118GA ABSTYNENCJI. Zach\u0119camy do wpisywania si\u0119 by w ten spos\u00f3b podj\u0105\u0107 APEL KO\u015aCIO\u0141A<\/em><br><\/li><li><strong>Jutro 15 sierpnia prze\u017cywa\u0107 b\u0119dziemy Uroczysto\u015b\u0107 Wniebowzi\u0119cia Naj\u015bwi\u0119tszej Maryi Panny<\/strong>. <strong>Msze \u015bwi\u0119te jak w niedziel\u0119, tj. 8:00, 10:00, 12:00 i 18:00<\/strong><em><strong>.<\/strong><\/em> <em><strong>UWAGA!!! <\/strong>Przypominamy, \u017ce tego dnia jest po\u015bwi\u0119cenie zi\u00f3\u0142, kwiat\u00f3w i owoc\u00f3w.<\/em><br><\/li><li>We wtorek 16 dzie\u0144 miesi\u0105ca &#8211; spotkanie i modlitwy <strong>Rodziny Karmelita\u0144skiej i Bractwa Szkaplerza \u015awi\u0119tego.<\/strong> Zapraszam na Msze \u015awi\u0119t\u0105 o godz. 18:00, z mo\u017cliwo\u015bci\u0105 przyj\u0119cia szkaplerza karmelita\u0144skiego oraz na nabo\u017ce\u0144stwo po Mszy \u015bwi\u0119tej.<br><\/li><li><strong>W sobot\u0119 przypada X rocznica NAWIEDZENIA NASZEJ PARAFII PRZEZ MATK\u0118 BO\u017b\u0104 W JASNOG\u00d3RSKIEM WIZERUNKU. <\/strong>Bogu niech b\u0119d\u0105 dzi\u0119ki i Tobie Matko za Twoj\u0105 obecno\u015b\u0107 w naszej wsp\u00f3lnocie. Dzi\u0119kujemy Ci Matko, za Twoj\u0105 obecno\u015b\u0107 i za to \u017ce mogli\u015bmy stan\u0105\u0107 przed Twoim obliczem i powiedzie\u0107 o wszystkich naszych sprawach. Nadal Ci\u0119 prosimy rozwa\u017caj je w sercu i przedstawiaj je swojemu Synowi. Niech ta rocznica Nawiedzenia rozpali nasze serca i nadal przynosi b\u0142ogos\u0142awione owoce w \u017cyciu ka\u017cdego z nas i ca\u0142ej naszej wsp\u00f3lnoty parafialnej. <em>\u201eMaryjo, kt\u00f3ra\u015b uwierzy\u0142a, prowad\u017a nas do Jezusa.\u201d<\/em><br><\/li><li>W tym tygodniu w liturgii Ko\u015bcio\u0142a wspominamy:<ul><li>w \u015brod\u0119 \u015bw. Jacka, kap\u0142ana \u2013 imieniny Jego Ekscelencji ks. dr Jacka Jezierskiego \u2013 Biskupa Elbl\u0105skiego. Pami\u0119tajmy w modlitwie o czcigodnym solenizancie.<\/li><li>w sobot\u0119 wspomnienie \u015bw. Bernarda, opata i doktora ko\u015bcio\u0142a Zapraszamy do udzia\u0142u w Mszach \u015bw. o godz. 8:00 lub o godz. 18:00.<br><\/li><\/ul><\/li><li><strong>Kancelaria parafialna, przez ca\u0142y okres wakacji, czynna jest w \u015brody i pi\u0105tki po Mszy \u015bw. wieczorowej do godziny 19:30.<\/strong><em><strong>Zapraszamy.<\/strong><\/em><br><\/li><li>Za tydzie\u0144 21 sierpnia br. b\u0119d\u0105 zbierane ofiary do puszek na utrzymanie naszego Wy\u017cszego Seminarium Duchownego w Elbl\u0105gu. <em>M\u00f3dlmy si\u0119 o nowe powo\u0142ania do kap\u0142a\u0144stwa i \u017cycia zakonnego.<\/em><br><\/li><li>Z<em>apraszamy do wzi\u0119cia udzia\u0142u w UROCZYSTO\u015aCIACH ODPUSTOWYCH w <strong>Sanktuarium \u015awi\u0119tej Rodziny w Ryjewie<\/strong> dnia 21 sierpnia we Mszy \u015bw. polowej o godz. 13:00 pod przewodnictwem ks. Biskupa Wojciecha Skibickiego.<\/em><br><\/li><li>W okresie wakacji <strong>zapraszamy na KONCERTY ORGANOWE<\/strong> do Pas\u0142\u0119ka, kt\u00f3re odbywaj\u0105 si\u0119 w ko\u015bciele \u015bw. Bart\u0142omieja<em>. Wi\u0119cej informacji na plakacie w gablocie.<\/em><br><\/li><li><strong>Kancelaria parafialna, przez ca\u0142y okres wakacji, czynna jest w \u015brody i pi\u0105tki po Mszy \u015bw. wieczorowej do godziny 19:30.<\/strong><em><strong> Zapraszamy.<\/strong><\/em><br><\/li><li><strong>Dzi\u0119kujemy za stosowny ubi\u00f3r w ko\u015bciele w okresie wakacji. <\/strong>Msza \u015bw. jest uroczyst\u0105 celebracj\u0105, kt\u00f3ra domaga si\u0119 swego pi\u0119kna, szacunku i najwy\u017cszej kultury.<br><\/li><li><strong>Wszystkim parafianom i go\u015bciom \u017cyczymy udanego wypoczynku b\u0142ogos\u0142awie\u0144stwa Bo\u017cego oraz opieki Matki Bo\u017cej Szkaplerznej.<\/strong><br><\/li><li>Pan powo\u0142a\u0142 do wieczno\u015bci: <br><br><strong>\u2020 \u015bp. Joann\u0119 BRODA<\/strong> lat 38<br><strong>\u2020 \u015bp. Mari\u0119 MICHO\u0143 <\/strong>lat 69 z ul. Brzechwy<br><br><em>Wieczny odpoczynek racz im da\u0107 Panie! A \u015bwiat\u0142o\u015b\u0107 wiekuista niechaj im \u015bwieci<\/em><\/li><\/ol>\n\n\n\n<p><\/p>\n\n\n\n<p><\/p>\n\n\n\n<figure class=\"wp-block-image\"><img decoding=\"async\" src=\"http:\/\/rafalk-elblag.pl\/wp-content\/uploads\/2020\/04\/baner-intencje-mszy.jpg\" alt=\"\"\/><\/figure>\n\n\n\n<h1 class=\"wp-block-heading\">Intencje mszalne 14.08.2022r<\/h1>\n\n\n\n<p><strong>XX Niedziela Zwyk\u0142a \/ 14 sierpnia 2022 r.<\/strong><br>8.00 O Bo\u017ce b\u0142ogos\u0142awie\u0144stwo dla Nikodema i ca\u0142ej Jego rodziny, Agnieszki i ca\u0142ej rodziny zakonnej oraz dla Magdaleny i ca\u0142ej Jej rodziny<br>10.00 \u2020 Janina, Mieczys\u0142aw, Bogdan, Lucjan z rodziny KA\u0141U\u017bA, \u015bp. Jan SPODAREK, Cezary DALIDOWICZ, Gra\u017cyna DALIDOWICZ<br>12.00 W intencji Parafian<br>18.00 \u2020 J\u00f3zef KOZ\u0141OWSKI<\/p>\n\n\n\n<p><strong>PONIEDZIA\u0141EK \/ 15 sierpnia 2022 r. Uroczysto\u015b\u0107 Wniebowzi\u0119cia NMP<\/strong><br>8.00 \u2020 Kazimiera(k) D\u0104BKOWSKA w 10 rocznic\u0119 \u015bmierci, \u015bp. Mieczys\u0142aw D\u0104BKOWSKI<br>10.00 \u2020 Tadeusz i Julianna GRZE\u015aKIEWICZ<br>12.00 W intencji Parafian<br>18.00 \u2020 Roman i za dusze w czy\u015b\u0107cu cierpi\u0105ce<\/p>\n\n\n\n<p><strong>WTOREK \/ 16 sierpnia 2022 r.<\/strong><br>8.00 \u2020 Kazimierz(m) FUROWICZ w 20 rocznic\u0119 \u015bmierci<br>18.00 W intencji. Bractwa Szkaplerznego i os\u00f3b, kt\u00f3re przyjm\u0105 Szkaplerz \u015awi\u0119ty<\/p>\n\n\n\n<p><strong>\u015aRODA \/ 17 sierpnia 2022 r.\/ \u015bw. Jacka<\/strong><br>8.00 \u2020 Feliksa(k) i Franciszek GUZIEROWICZ, \u015bp. Jadwiga i Zofia<br>18.00 \u2020 Helena KOWALCZYK w 30 dzie\u0144 po pogrzebie<br>18.00 \u2020 Helena MAJKOWSKA, \u015bp. J\u00f3zef(m) SULECKI<\/p>\n\n\n\n<p><strong>CZWARTEK \/ 18 sierpnia 2022 r.<\/strong><br>8.00 \u2020 Franciszek RYNKIEWICZ w 19 rocznic\u0119 \u015bmierci<br>18.00 \u2020 Stanis\u0142aw i Czes\u0142awa(k) KOWALSCY, Genowefa i Stanis\u0142aw OLEWNIK, Wanda GRAD, Wiktoria i J\u00f3zef SZWARC<\/p>\n\n\n\n<p><strong>PI\u0104TEK \/ 19 sierpnia 2022 r.<\/strong><br>8.00 Dzi\u0119kczynna w 50 rocznic\u0119 \u015blubu Jadwigi i Edwarda MIKULSKICH z pro\u015bb\u0105 o Bo\u017ce b\u0142ogos\u0142awie\u0144stwo, potrzebne \u0142aski, opiek\u0119 Matki Bo\u017cej dla Z\u0142otych Jubilat\u00f3w<br>18.00 Dzi\u0119kczynna za wszelkie otrzymane \u0142aski z pro\u015bb\u0105 o Bo\u017ce b\u0142ogos\u0142awie\u0144stwo i opiek\u0119 Matki Bo\u017cej Szkaplerznej dla Marii PAZDYKA<\/p>\n\n\n\n<p><strong>SOBOTA \/ 20 sierpnia 2022 r.\/ \u015bw. Bernarda<\/strong><br>8.00 \u2020 Rajmund DULIAN 1 rocznic\u0119 \u015bmierci<br>16.30 Dzi\u0119kczynna w 50 rocznic\u0119 \u015blubu Teresy i Tadeusza WI\u0118CASZEK z pro\u015bb\u0105 o Bo\u017ce b\u0142ogos\u0142awie\u0144stwo, potrzebne \u0142aski, opiek\u0119 Matki Bo\u017cej dla Z\u0142otych Jubilat\u00f3w<br>18.00 \u2020 Julia KATA w 7 rocznic\u0119 \u015bmierci, \u015bp. Helena APANOWICZ w 3 rocznic\u0119 \u015bmierci<\/p>\n\n\n\n<p><strong>XXI Niedziela Zwyk\u0142a \/ 21 sierpnia 2022 r.<\/strong><br>8.00 Dzi\u0119kczynna za otrzymane \u0142aski z pro\u015bba o dalsze Bo\u017ce b\u0142ogos\u0142awie\u0144stwo i opiek\u0119 Matki Bo\u017cej dla Barbary i Piotra oraz dal ca\u0142ej rodziny<br>10.00 Rez.<br>12.00 W intencji Parafian<br>18.00 \u2020 Tadeusz MALINOWSKI w 10 rocznic\u0119 \u015bmierci<\/p>\n\n\n\n<p><br><\/p>\n","protected":false},"excerpt":{"rendered":"<p>Ewangelia (\u0141k 12, 49-53) Ewangelia powodem roz\u0142amu S\u0142owa Ewangelii wed\u0142ug \u015awi\u0119tego \u0141ukasza Jezus powiedzia\u0142 do swoich uczni\u00f3w: \u00abPrzyszed\u0142em ogie\u0144 rzuci\u0107 na ziemi\u0119 i jak\u017ce pragn\u0119, a\u017ceby ju\u017c zap\u0142on\u0105\u0142. Chrzest mam przyj\u0105\u0107, i jakiej doznaj\u0119 udr\u0119ki, a\u017c si\u0119 to stanie. Czy my\u015blicie, \u017ce przyszed\u0142em da\u0107 ziemi pok\u00f3j? Nie, powiadam wam, lecz roz\u0142am. Odt\u0105d bowiem pi\u0119cioro b\u0119dzie [&hellip;]<\/p>\n","protected":false},"author":1,"featured_media":4773,"comment_status":"closed","ping_status":"closed","sticky":false,"template":"","format":"standard","meta":{"ngg_post_thumbnail":0,"footnotes":""},"categories":[11,8,4,3],"tags":[],"class_list":["post-4771","post","type-post","status-publish","format-standard","has-post-thumbnail","hentry","category-aktualnosci","category-blog","category-intencje","category-ogloszenia"],"_links":{"self":[{"href":"https:\/\/rafalk-elblag.pl\/index.php?rest_route=\/wp\/v2\/posts\/4771","targetHints":{"allow":["GET"]}}],"collection":[{"href":"https:\/\/rafalk-elblag.pl\/index.php?rest_route=\/wp\/v2\/posts"}],"about":[{"href":"https:\/\/rafalk-elblag.pl\/index.php?rest_route=\/wp\/v2\/types\/post"}],"author":[{"embeddable":true,"href":"https:\/\/rafalk-elblag.pl\/index.php?rest_route=\/wp\/v2\/users\/1"}],"replies":[{"embeddable":true,"href":"https:\/\/rafalk-elblag.pl\/index.php?rest_route=%2Fwp%2Fv2%2Fcomments&post=4771"}],"version-history":[{"count":3,"href":"https:\/\/rafalk-elblag.pl\/index.php?rest_route=\/wp\/v2\/posts\/4771\/revisions"}],"predecessor-version":[{"id":4784,"href":"https:\/\/rafalk-elblag.pl\/index.php?rest_route=\/wp\/v2\/posts\/4771\/revisions\/4784"}],"wp:featuredmedia":[{"embeddable":true,"href":"https:\/\/rafalk-elblag.pl\/index.php?rest_route=\/wp\/v2\/media\/4773"}],"wp:attachment":[{"href":"https:\/\/rafalk-elblag.pl\/index.php?rest_route=%2Fwp%2Fv2%2Fmedia&parent=4771"}],"wp:term":[{"taxonomy":"category","embeddable":true,"href":"https:\/\/rafalk-elblag.pl\/index.php?rest_route=%2Fwp%2Fv2%2Fcategories&post=4771"},{"taxonomy":"post_tag","embeddable":true,"href":"https:\/\/rafalk-elblag.pl\/index.php?rest_route=%2Fwp%2Fv2%2Ftags&post=4771"}],"curies":[{"name":"wp","href":"https:\/\/api.w.org\/{rel}","templated":true}]}}