{"id":4768,"date":"2022-08-07T08:44:00","date_gmt":"2022-08-07T08:44:00","guid":{"rendered":"http:\/\/rafalk-elblag.pl\/?p=4768"},"modified":"2022-08-30T06:38:31","modified_gmt":"2022-08-30T06:38:31","slug":"ogloszenia-07-07-2022-xix-niedziela-zwykla","status":"publish","type":"post","link":"https:\/\/rafalk-elblag.pl\/?p=4768","title":{"rendered":"Og\u0142oszenia 07.08.2022, XIX Niedziela Zwyk\u0142a"},"content":{"rendered":"\n<figure class=\"wp-block-embed is-type-video is-provider-youtube wp-block-embed-youtube wp-embed-aspect-16-9 wp-has-aspect-ratio\"><div class=\"wp-block-embed__wrapper\">\n<iframe loading=\"lazy\" title=\"Zielone Pastwisko 7.08.2022 \u201eAKTYWNA GOTOWO\u015a\u0106\u201d - \u0141k 12, 32-48 - o. Piotr Kleszcz OFM Conv.\" width=\"900\" height=\"506\" src=\"https:\/\/www.youtube.com\/embed\/YZ31tfHA0U8?feature=oembed\" frameborder=\"0\" allow=\"accelerometer; autoplay; clipboard-write; encrypted-media; gyroscope; picture-in-picture\" allowfullscreen><\/iframe>\n<\/div><\/figure>\n\n\n\n<h1 class=\"wp-block-heading\">Ewangelia (\u0141k 12, 32-48)\nGotowo\u015b\u0107 na przyj\u015bcie Pana<\/h1>\n\n\n\n<p>S\u0142owa Ewangelii wed\u0142ug \u015awi\u0119tego \u0141ukasza<\/p>\n\n\n\n<p>Jezus powiedzia\u0142 do swoich uczni\u00f3w: <\/p>\n\n\n\n<p>\u00abNie b\u00f3j si\u0119, ma\u0142a trz\u00f3dko, gdy\u017c spodoba\u0142o si\u0119 Ojcu waszemu da\u0107 wam kr\u00f3lestwo. Sprzedajcie wasze mienie i dajcie ja\u0142mu\u017cn\u0119. Sprawcie sobie trzosy, kt\u00f3re nie niszczej\u0105, skarb niewyczerpany w niebie, gdzie z\u0142odziej si\u0119 nie dostaje ani m\u00f3l nie niszczy. Bo gdzie jest skarb wasz, tam b\u0119dzie i serce wasze. Niech b\u0119d\u0105 przepasane biodra wasze i zapalone pochodnie. <\/p>\n\n\n\n<p>A wy b\u0105d\u017acie podobni do ludzi oczekuj\u0105cych swego pana, kiedy z uczty weselnej powr\u00f3ci, aby mu zaraz otworzy\u0107, gdy nadejdzie i zako\u0142acze. Szcz\u0119\u015bliwi owi s\u0142udzy, kt\u00f3rych pan zastanie czuwaj\u0105cych, gdy nadejdzie. Zaprawd\u0119, powiadam wam: Przepasze si\u0119 i ka\u017ce im zasi\u0105\u015b\u0107 do sto\u0142u, a obchodz\u0105c, b\u0119dzie im us\u0142ugiwa\u0142. Czy o drugiej, czy o trzeciej stra\u017cy przyjdzie, szcz\u0119\u015bliwi oni, gdy ich tak zastanie. <\/p>\n\n\n\n<p>A to rozumiejcie, \u017ce gdyby gospodarz wiedzia\u0142, o kt\u00f3rej godzinie przyj\u015b\u0107 ma z\u0142odziej, nie pozwoli\u0142by w\u0142ama\u0107 si\u0119 do swego domu. Wy te\u017c b\u0105d\u017acie gotowi, gdy\u017c o godzinie, kt\u00f3rej si\u0119 nie domy\u015blacie, Syn Cz\u0142owieczy przyjdzie\u00bb. Wtedy Piotr zapyta\u0142: \u00abPanie, czy do nas m\u00f3wisz t\u0119 przypowie\u015b\u0107, czy te\u017c do wszystkich?\u00bb Pan odpowiedzia\u0142: \u00abKt\u00f3\u017c jest owym rz\u0105dc\u0105 wiernym i roztropnym, kt\u00f3rego pan ustanowi nad swoj\u0105 s\u0142u\u017cb\u0105, \u017ceby rozdawa\u0142 jej \u017cywno\u015b\u0107 we w\u0142a\u015bciwej porze? Szcz\u0119\u015bliwy ten s\u0142uga, kt\u00f3rego pan, powr\u00f3ciwszy, zastanie przy tej czynno\u015bci. <\/p>\n\n\n\n<p>Prawdziwie powiadam wam: <\/p>\n\n\n\n<p>Postawi go nad ca\u0142ym swoim mieniem. Lecz je\u015bli s\u0142uga \u00f3w powie sobie w sercu: M\u00f3j pan si\u0119 oci\u0105ga z powrotem, i zacznie bi\u0107 s\u0142ugi i s\u0142u\u017c\u0105ce, a przy tym je\u015b\u0107, pi\u0107 i upija\u0107 si\u0119, to nadejdzie pan tego s\u0142ugi w dniu, kiedy si\u0119 nie spodziewa, i o godzinie, kt\u00f3rej nie zna; surowo go ukarze i wyznaczy mu miejsce z niewiernymi. \u00d3w s\u0142uga, kt\u00f3ry pozna\u0142 wol\u0119 swego pana, a nic nie przygotowa\u0142 i nie uczyni\u0142 zgodnie z jego wol\u0105, otrzyma wielk\u0105 ch\u0142ost\u0119. <\/p>\n\n\n\n<p>Ten za\u015b, kt\u00f3ry nie pozna\u0142 jego woli, a uczyni\u0142 co\u015b godnego kary, otrzyma ma\u0142\u0105 ch\u0142ost\u0119. Komu wiele dano, od tego wiele wymaga\u0107 si\u0119 b\u0119dzie; a komu wiele powierzono, tym wi\u0119cej od niego \u017c\u0105da\u0107 b\u0119d\u0105\u00bb.<\/p>\n\n\n\n<p><\/p>\n\n\n\n<p><\/p>\n\n\n\n<figure class=\"wp-block-image\"><a href=\"http:\/\/rafalk-elblag.pl\/wp-content\/uploads\/2021\/08\/ogloszenia-parafialne-baner-01a.jpg\"><img loading=\"lazy\" decoding=\"async\" width=\"720\" height=\"232\" src=\"http:\/\/rafalk-elblag.pl\/wp-content\/uploads\/2021\/08\/ogloszenia-parafialne-baner-01a.jpg\" alt=\"\" class=\"wp-image-4410\" srcset=\"https:\/\/rafalk-elblag.pl\/wp-content\/uploads\/2021\/08\/ogloszenia-parafialne-baner-01a.jpg 720w, https:\/\/rafalk-elblag.pl\/wp-content\/uploads\/2021\/08\/ogloszenia-parafialne-baner-01a-300x97.jpg 300w\" sizes=\"auto, (max-width: 720px) 100vw, 720px\" \/><\/a><\/figure>\n\n\n\n<h1 class=\"wp-block-heading\">Og\u0142oszenia parafialne 07.08.2022r<\/h1>\n\n\n\n<ol class=\"wp-block-list\"><li><strong>PAMI\u0118TAJMY \u2013 SIERPIE\u0143 MIESI\u0104CEM ABSTYNENCJI<\/strong>. Przez pami\u0119\u0107 o wielkich dzie\u0142ach, kt\u00f3re B\u00f3g dokona\u0142 w naszym narodzie w tym miesi\u0105cu, powstrzymajmy si\u0119 od spo\u017cywania napoj\u00f3w alkoholowych. <em>Pod ch\u00f3rem wy\u0142o\u017cona jest KSI\u0118GA ABSTYNENCJI. Zach\u0119camy do wpisywania si\u0119 by w ten spos\u00f3b podj\u0105\u0107 APEL KO\u015aCIO\u0141A.<\/em><br><\/li><li><strong>Przy naszej parafii dzia\u0142a grupa rodzinna Al-Anon (\u201e\u015amieszki\u201d), <\/strong>kt\u00f3ra zaprasza zainteresowanych problemem picia bliskiej osoby. <em>Grupa spotyka si\u0119 w ka\u017cdy czwartek na plebanii o godz. 17:00.<\/em><br><\/li><li><strong>Parafia \u015bw. Brata Alberta<\/strong> organizuje wyjazd autokarowy do Cz\u0119stochowy z 10 na 11 sierpnia br. na spotkanie i wej\u015bcie pielgrzym\u00f3w Diecezji Elbl\u0105skiej. <em><strong>Wyjazd o 2 nad ranem. Koszt 200 z\u0142 w tym ubezpieczenie. Zapisy w parafii lub tel. 512&nbsp;924&nbsp;572<\/strong><\/em><br><\/li><li><strong>W czwartek 11 sierpnia 2022 roku, XXX Jubileuszowa Elbl\u0105ska Pielgrzymka Piesza wchodzi na Jasn\u0105 G\u00f3r\u0119.<\/strong> Zapraszamy parafian na Msz\u0119 \u015bwi\u0119t\u0105 o godz. 18:00 i <strong>Apel Jasnog\u00f3rski.<\/strong> Duchowo b\u0119dziemy si\u0119 \u0142\u0105czy\u0107 z pielgrzymami, trwaj\u0105cymi na modlitwie w Kaplicy Cudownego Obrazu. <em>Wdzi\u0119czny jestem osobom, kt\u00f3re wspiera\u0142y pielgrzym\u00f3w swoj\u0105 ofiar\u0105, modlitw\u0105 i w inny spos\u00f3b Panu Bogu wiadomy. B\u00f3g zap\u0142a\u0107.<\/em><br><\/li><li>W tym tygodniu w liturgii Ko\u015bcio\u0142a wspominamy:<ul><li>w poniedzia\u0142ek wspomnienie <strong>\u015bw. Dominika,<\/strong> kap\u0142ana,<\/li><li>we wtorek \u015bwi\u0119to <strong>\u015bw. Teresy Benedykty<\/strong> od Krzy\u017ca, dziewicy,<\/li><li>w \u015brod\u0119 \u015bwi\u0119to <strong>\u015bw. Wawrzy\u0144ca<\/strong>, diakona i m\u0119czennika,<\/li><li>w czwartek wspomnienie <strong>\u015bw. Klary<\/strong>, dziewicy.<\/li><li><em><strong>Zapraszamy na Msze \u015bw. o godz. 8:00 i o godz. 18:00.<\/strong><\/em><br><\/li><\/ul><\/li><li><strong>Kancelaria parafialna, przez ca\u0142y okres wakacji, czynna jest w \u015brody i pi\u0105tki po Mszy \u015bw. wieczorowej do godziny 19:30.<\/strong><em><strong>Zapraszamy.<\/strong><\/em><br><\/li><li>W okresie wakacji <strong>zapraszamy na KONCERTY ORGANOWE<\/strong> do Pas\u0142\u0119ka, kt\u00f3re odbywaj\u0105 si\u0119 w ko\u015bciele \u015bw. Bart\u0142omieja<em>. Wi\u0119cej informacji na plakacie w gablocie.<\/em><br><\/li><li><strong>W tygodniu przypada:<\/strong><br><ul><li>poniedzia\u0142ek &#8211; wspomnienie \u015bw. Alfonsa Marii Liguoriego, biskupa,<\/li><li>czwartek &#8211; wspomnienie \u015bw. Jana Marii Vianneya, kap\u0142ana,<\/li><li>sobota &#8211; \u015awi\u0119to Przemienienia Pa\u0144skiego<br><\/li><\/ul><\/li><li><strong>Kancelaria parafialna, przez ca\u0142y okres wakacji, czynna jest w \u015brody i pi\u0105tki po Mszy \u015bw. wieczorowej do godziny 19:30.<\/strong><em><strong>Zapraszamy.<\/strong><\/em><br><\/li><li><strong>Dzi\u0119kujemy za stosowny ubi\u00f3r w ko\u015bciele w okresie wakacji. <\/strong>Msza \u015bw. jest uroczyst\u0105 celebracj\u0105, kt\u00f3ra domaga si\u0119 swego pi\u0119kna, szacunku i najwy\u017cszej kultury.<br><\/li><li><strong>Wszystkim parafianom i go\u015bciom \u017cyczymy udanego wypoczynku b\u0142ogos\u0142awie\u0144stwa Bo\u017cego oraz opieki Matki Bo\u017cej Szkaplerznej.<\/strong><br><br><\/li><\/ol>\n\n\n\n<p><\/p>\n\n\n\n<figure class=\"wp-block-image\"><img decoding=\"async\" src=\"http:\/\/rafalk-elblag.pl\/wp-content\/uploads\/2020\/04\/baner-intencje-mszy.jpg\" alt=\"\"\/><\/figure>\n\n\n\n<h1 class=\"wp-block-heading\">Intencje mszalne 07.08.2022r<\/h1>\n\n\n\n<p><strong>INTENCJE MSZALNE<\/strong><br><strong>XIX Niedziela Zwyk\u0142a \/ 7 sierpnia 2022 r.<\/strong><br>8.00 O do\u015bwiadczenie Bo\u017cej Mi\u0142o\u015bci dla Karoliny i Sebastiana<br>10.00 Dzi\u0119kczynna w 9 urodziny STASIA z pro\u015bb\u0105 o Bo\u017ce b\u0142ogos\u0142awie\u0144stwo i opiek\u0119 Matki Bo\u017cej dla ca\u0142ej rodziny<br>10.00 Msza \u015bw. dzi\u0119kczynna za prze\u017cyte wsp\u00f3lnie lata i za otrzymane \u0142aski z pro\u015bb\u0105 o dalsze b\u0142ogos\u0142awie\u0144stwo i opiek\u0119 Matki Bo\u017cej, umocnienie wiary i powr\u00f3t wnuczek na dobr\u0105 drog\u0119: 17 rocz. \u015blubu Iwony i Marcina SIERADZ, 18 rocz. \u015blubu Anety i Grzegorza ZIELKA, 20 rocz. \u015blubu Agnieszki i Tomasza GR\u0104DZIK, 44 rocz. \u015blubu Jadwigi i Leszka GR\u0104DZIK<br>12.00 Za parafian<br>15.00 ADORACJA NAJ\u015aWI\u0118TSZEGO SAKRAMENTU do godz. 18:00<br>18.00 \u2020 Irena WI\u015aNIEWSKA w 7 rocznic\u0119 \u015bmierci<\/p>\n\n\n\n<p><strong>PONIEDZIA\u0141EK \/ 8 sierpnia 2022 r. \u015bw. Dominika, kap\u0142ana<\/strong><br>8.00 \u2020 Zbigniew SKAR\u017bY\u0143SKI w 12 rocznic\u0119 \u015bmierci<br>18.00 Rezerwacja<\/p>\n\n\n\n<p><strong>WTOREK \/ 9 sierpnia 2022 r. \/ \u015bw. Teresy Benedykty od Krzy\u017ca, dziewicy<\/strong><br>8.00 \u2020 W\u0142adys\u0142aw i Genowefa(k) \u015bp. Mieczys\u0142aw(m) i Romuald WOJSZNIS<br>18.00 Za zmar\u0142ych rodzic\u00f3w i rodze\u0144stwo z rodzin ARCABOWICZ I WO\u0179NIAKOWSKICH<\/p>\n\n\n\n<p><strong>\u015aRODA \/ 10 sierpnia 2022 r. \/ \u015bw. Wawrzy\u0144ca, diakona<\/strong><br>8.00 \u2020J\u00f3zef KUCZY\u0143SKI w 3 rocznice \u015bmierci i zmar\u0142ych z rodziny<br>18.00 \u2020 Tadeusz CZ\u0118\u015aCIK w 14 rocznic\u0119 \u015bmierci oraz za \u015bp. Eugenia, Henryk, Andrzej GRABOWSCY<\/p>\n\n\n\n<p><strong>CZWARTEK \/ 11 sierpnia 2022 r. \/ \u015bw. Klary, dziewicy<\/strong><br>8.00 \u2020 W\u0142adys\u0142aw(m) i W\u0142adys\u0142awa(k), Jerzy z rodziny KLIMUK<br>18.00 \u2020 Jerzy, Anna, Stanis\u0142aw<\/p>\n\n\n\n<p><strong>PI\u0104TEK \/ 12 sierpnia 2022 r.<\/strong><br>8.00 \u2020 Stanis\u0142aw(m) PODG\u00d3RSKI i zmarli rodzice z obojga stron<br>18.00 \u2020 Bogdan GRZYMA\u0141A w 2 rocznic\u0119 \u015bmierci<\/p>\n\n\n\n<p><strong>SOBOTA \/ 13 sierpnia 2022 r.<\/strong><br>8.00 \u2020 Halina CELI\u0143SKA<br>18.00 \u2020 Zenon i Jadwiga BRZOZOWSCY &#8211; rodzice<br>18.00 Dzi\u0119kczynna w 50 rocznic\u0119 \u015blubu Ireny i Romualda MICHA\u0141OWSKICH z pro\u015bb\u0105 o Bo\u017ce b\u0142ogos\u0142awie\u0144stwo i potrzebne \u0142aski dla Z\u0142otych Jubilat\u00f3w<\/p>\n\n\n\n<p><strong>XX Niedziela Zwyk\u0142a \/ 14 sierpnia 2022 r.<\/strong><br>8.00 O Bo\u017ce b\u0142ogos\u0142awie\u0144stwo dla Nikodema i ca\u0142ej Jego rodziny, Agnieszki i ca\u0142ej rodziny zakonnej oraz dla Magdaleny i ca\u0142ej Jej rodziny<br>10.00 \u2020 Janina, Mieczys\u0142aw, Bogdan, Lucjan z rodziny KA\u0141U\u017bA, \u015bp. Jan SPODAREK, Cezary DALIDOWICZ, Gra\u017cyna DALIDOWICZ<br>12.00 W intencji Parafian<br>18.00 \u2020 J\u00f3zef KOZ\u0141OWSKI w 1 rocznic\u0119 \u015bmierci<\/p>\n\n\n\n<p><br><\/p>\n","protected":false},"excerpt":{"rendered":"<p>Ewangelia (\u0141k 12, 32-48) Gotowo\u015b\u0107 na przyj\u015bcie Pana S\u0142owa Ewangelii wed\u0142ug \u015awi\u0119tego \u0141ukasza Jezus powiedzia\u0142 do swoich uczni\u00f3w: \u00abNie b\u00f3j si\u0119, ma\u0142a trz\u00f3dko, gdy\u017c spodoba\u0142o si\u0119 Ojcu waszemu da\u0107 wam kr\u00f3lestwo. Sprzedajcie wasze mienie i dajcie ja\u0142mu\u017cn\u0119. Sprawcie sobie trzosy, kt\u00f3re nie niszczej\u0105, skarb niewyczerpany w niebie, gdzie z\u0142odziej si\u0119 nie dostaje ani m\u00f3l nie [&hellip;]<\/p>\n","protected":false},"author":1,"featured_media":4769,"comment_status":"closed","ping_status":"closed","sticky":false,"template":"","format":"standard","meta":{"ngg_post_thumbnail":0,"footnotes":""},"categories":[11,8,4,3],"tags":[],"class_list":["post-4768","post","type-post","status-publish","format-standard","has-post-thumbnail","hentry","category-aktualnosci","category-blog","category-intencje","category-ogloszenia"],"_links":{"self":[{"href":"https:\/\/rafalk-elblag.pl\/index.php?rest_route=\/wp\/v2\/posts\/4768","targetHints":{"allow":["GET"]}}],"collection":[{"href":"https:\/\/rafalk-elblag.pl\/index.php?rest_route=\/wp\/v2\/posts"}],"about":[{"href":"https:\/\/rafalk-elblag.pl\/index.php?rest_route=\/wp\/v2\/types\/post"}],"author":[{"embeddable":true,"href":"https:\/\/rafalk-elblag.pl\/index.php?rest_route=\/wp\/v2\/users\/1"}],"replies":[{"embeddable":true,"href":"https:\/\/rafalk-elblag.pl\/index.php?rest_route=%2Fwp%2Fv2%2Fcomments&post=4768"}],"version-history":[{"count":3,"href":"https:\/\/rafalk-elblag.pl\/index.php?rest_route=\/wp\/v2\/posts\/4768\/revisions"}],"predecessor-version":[{"id":4785,"href":"https:\/\/rafalk-elblag.pl\/index.php?rest_route=\/wp\/v2\/posts\/4768\/revisions\/4785"}],"wp:featuredmedia":[{"embeddable":true,"href":"https:\/\/rafalk-elblag.pl\/index.php?rest_route=\/wp\/v2\/media\/4769"}],"wp:attachment":[{"href":"https:\/\/rafalk-elblag.pl\/index.php?rest_route=%2Fwp%2Fv2%2Fmedia&parent=4768"}],"wp:term":[{"taxonomy":"category","embeddable":true,"href":"https:\/\/rafalk-elblag.pl\/index.php?rest_route=%2Fwp%2Fv2%2Fcategories&post=4768"},{"taxonomy":"post_tag","embeddable":true,"href":"https:\/\/rafalk-elblag.pl\/index.php?rest_route=%2Fwp%2Fv2%2Ftags&post=4768"}],"curies":[{"name":"wp","href":"https:\/\/api.w.org\/{rel}","templated":true}]}}