{"id":4763,"date":"2022-07-31T16:19:50","date_gmt":"2022-07-31T16:19:50","guid":{"rendered":"http:\/\/rafalk-elblag.pl\/?p=4763"},"modified":"2022-07-31T16:20:19","modified_gmt":"2022-07-31T16:20:19","slug":"ogloszenia-24-07-2022-xviii-niedziela-zwykla","status":"publish","type":"post","link":"https:\/\/rafalk-elblag.pl\/?p=4763","title":{"rendered":"Og\u0142oszenia 31.07.2022, XVIII Niedziela Zwyk\u0142a"},"content":{"rendered":"\n<figure class=\"wp-block-embed is-type-video is-provider-youtube wp-block-embed-youtube wp-embed-aspect-16-9 wp-has-aspect-ratio\"><div class=\"wp-block-embed__wrapper\">\n<iframe loading=\"lazy\" title=\"ks. Tomasz Kostecki: i mie\u0107 i by\u0107\" width=\"900\" height=\"506\" src=\"https:\/\/www.youtube.com\/embed\/R6ZshQg8Rcw?feature=oembed\" frameborder=\"0\" allow=\"accelerometer; autoplay; clipboard-write; encrypted-media; gyroscope; picture-in-picture\" allowfullscreen><\/iframe>\n<\/div><\/figure>\n\n\n\n<h1 class=\"wp-block-heading\">Ewangelia (\u0141k 12, 13-21)\nGromadzi\u0107 skarby przed Bogiem<\/h1>\n\n\n\n<p>S\u0142owa Ewangelii wed\u0142ug \u015awi\u0119tego \u0141ukasza<\/p>\n\n\n\n<p> Kto\u015b z t\u0142umu rzek\u0142 do Jezusa: \u00abNauczycielu, powiedz mojemu bratu, \u017ceby si\u0119 podzieli\u0142 ze mn\u0105 spadkiem\u00bb. Lecz On mu odpowiedzia\u0142: \u00abCz\u0142owieku, kt\u00f3\u017c Mnie ustanowi\u0142 nad wami s\u0119dzi\u0105 albo rozjemc\u0105?\u00bb Powiedzia\u0142 te\u017c do nich: \u00abUwa\u017cajcie i strze\u017ccie si\u0119 wszelkiej chciwo\u015bci, bo nawet gdy kto\u015b ma wszystkiego w nadmiarze, to \u017cycie jego nie zale\u017cy od jego mienia\u00bb. <\/p>\n\n\n\n<p>I opowiedzia\u0142 im przypowie\u015b\u0107: \u00abPewnemu zamo\u017cnemu cz\u0142owiekowi dobrze obrodzi\u0142o pole. I rozwa\u017ca\u0142 w sobie: \u201eCo tu pocz\u0105\u0107? Nie mam gdzie pomie\u015bci\u0107 moich zbior\u00f3w\u201d. I rzek\u0142: \u201eTak zrobi\u0119: zburz\u0119 moje spichlerze, a pobuduj\u0119 wi\u0119ksze i tam zgromadz\u0119 ca\u0142e moje zbo\u017ce i dobra. I powiem sobie: Masz wielkie dobra, na d\u0142ugie lata z\u0142o\u017cone; odpoczywaj, jedz, pij i u\u017cywaj!\u201d Lecz B\u00f3g rzek\u0142 do niego: \u201eG\u0142upcze, jeszcze tej nocy za\u017c\u0105daj\u0105 twojej duszy od ciebie; komu wi\u0119c przypadnie to, co przygotowa\u0142e\u015b?\u201d <\/p>\n\n\n\n<p>Tak dzieje si\u0119 z ka\u017cdym, kto skarby gromadzi dla siebie, a nie jest bogaty u Boga\u00bb.<\/p>\n\n\n\n<p><\/p>\n\n\n\n<p><\/p>\n\n\n\n<figure class=\"wp-block-image\"><a href=\"http:\/\/rafalk-elblag.pl\/wp-content\/uploads\/2021\/08\/ogloszenia-parafialne-baner-01a.jpg\"><img loading=\"lazy\" decoding=\"async\" width=\"720\" height=\"232\" src=\"http:\/\/rafalk-elblag.pl\/wp-content\/uploads\/2021\/08\/ogloszenia-parafialne-baner-01a.jpg\" alt=\"\" class=\"wp-image-4410\" srcset=\"https:\/\/rafalk-elblag.pl\/wp-content\/uploads\/2021\/08\/ogloszenia-parafialne-baner-01a.jpg 720w, https:\/\/rafalk-elblag.pl\/wp-content\/uploads\/2021\/08\/ogloszenia-parafialne-baner-01a-300x97.jpg 300w\" sizes=\"auto, (max-width: 720px) 100vw, 720px\" \/><\/a><\/figure>\n\n\n\n<h1 class=\"wp-block-heading\">Og\u0142oszenia parafialne 31.07.2022r<\/h1>\n\n\n\n<ol class=\"wp-block-list\"><li><strong>Jutro rozpoczynamy \u2013 miesi\u0105c abstynencji<\/strong>. Przez pami\u0119\u0107 o wielkich dzie\u0142ach, kt\u00f3re B\u00f3g dokona\u0142 w naszym narodzie w tym miesi\u0105cu, a tak\u017ce odpowiadaj\u0105c na Apel Ko\u015bcio\u0142a, powstrzymajmy si\u0119 od spo\u017cywania napoj\u00f3w alkoholowych.<br><\/li><li><strong>Przy naszej parafii dzia\u0142a grupa rodzinna Al-Anon (\u201e\u015amieszki\u201d), <\/strong>kt\u00f3ra zaprasza zainteresowanych problemem picia bliskiej osoby. <em>Grupa spotyka si\u0119 w ka\u017cdy czwartek na plebanii o godz. 17:00, natomiast w pierwsze czwartki miesi\u0105ca jest mityng otwarty dla zainteresowanych wsp\u00f3lnot\u0105.<\/em><br><\/li><li><strong>Trwaj\u0105c w jedno\u015bci modlitewnej z pielgrzymami zmierzaj\u0105cymi do Cz\u0119stochowy <\/strong>zach\u0119camy do udzia\u0142u (w czasie trwania pielgrzymki) w Mszach \u015bw. wieczornych zako\u0144czonych modlitw\u0105 i APELEM JASNOG\u00d3RSKIM. <strong>UWAGA!!!<\/strong> <em><strong>W czasie trwania pielgrzymki pieszej do Cz\u0119stochowy o godz. 21:00 bij\u0105 dzwony, przypominaj\u0105c nam i zach\u0119caj\u0105c nas do wsp\u00f3lnej modlitwy \u2013 APELOWEJ.<\/strong><\/em><br><\/li><li>W tym tygodniu przypada pierwszy czwartek, pi\u0105tek i sobota miesi\u0105ca sierpnia.<br><ul><li><strong>w pierwszy czwartek (4 sierpnia)<\/strong>&nbsp;modli\u0107 si\u0119 b\u0119dziemy o \u015bwi\u0119to\u015b\u0107 kap\u0142an\u00f3w, nowe powo\u0142ania kap\u0142a\u0144skie oraz za Seminarium Elbl\u0105skie. Zapraszamy po Mszy \u015bw. wieczornej na&nbsp;<strong>,,Godzin\u0119 \u015awi\u0119t\u0105\u201d,<\/strong>&nbsp;czyli adoracj\u0119 przed Naj\u015bwi\u0119tszym Sakramentem w powy\u017cszych intencjach. <\/li><li><strong>w pierwszy pi\u0105tek (5 sierpnia)<\/strong>&nbsp;spowied\u017a od 7:45 i 17:30.<\/li><li><strong>w pierwsz\u0105 sobot\u0119 (6 sierpnia) <\/strong>nabo\u017ce\u0144stwo o godz. 17:00<br><\/li><\/ul><\/li><li><strong>W tygodniu przypada:<\/strong><br><ul><li>poniedzia\u0142ek &#8211; wspomnienie \u015bw. Alfonsa Marii Liguoriego, biskupa,<\/li><li>czwartek &#8211; wspomnienie \u015bw. Jana Marii Vianneya, kap\u0142ana,<\/li><li>sobota &#8211; \u015awi\u0119to Przemienienia Pa\u0144skiego<br><\/li><\/ul><\/li><li><strong>Kancelaria parafialna, przez ca\u0142y okres wakacji, czynna jest w \u015brody i pi\u0105tki po Mszy \u015bw. wieczorowej do godziny 19:30.<\/strong><em><strong>Zapraszamy.<\/strong><\/em><br><\/li><li><strong>Dzi\u0119kujemy za stosowny ubi\u00f3r w ko\u015bciele w okresie wakacji. <\/strong>Msza \u015bw. jest uroczyst\u0105 celebracj\u0105, kt\u00f3ra domaga si\u0119 swego pi\u0119kna, szacunku i najwy\u017cszej kultury.<br><\/li><li><strong>Wszystkim parafianom i go\u015bciom \u017cyczymy udanego wypoczynku b\u0142ogos\u0142awie\u0144stwa Bo\u017cego oraz opieki Matki Bo\u017cej Szkaplerznej.<\/strong><br><\/li><li>Miesi\u0105c lipiec by\u0142 po\u015bwi\u0119cony kontemplacji Naj\u015bwi\u0119tszej Krwi Chrystusa. <em>Dzi\u0119kuj\u0119 Wsp\u00f3lnocie Krwi Chrystusa za prowadzenie modlitw przed wieczorn\u0105 Msz\u0105 \u015aw.<\/em><br><\/li><li>Trwaj\u0105c w jedno\u015bci modlitewnej z pielgrzymami zmierzaj\u0105cymi do Cz\u0119stochowy zach\u0119camy do udzia\u0142u (w czasie trwania pielgrzymki) w Mszach \u015bw. wieczornych zako\u0144czonych modlitw\u0105 i APELEM JASNOG\u00d3RSKIM. <strong>UWAGA!!! W czasie trwania pielgrzymki pieszej do Cz\u0119stochowy o godz. 21:00 b\u0119d\u0105 bi\u0142y dzwony, przypominaj\u0105c nam i zach\u0119ca\u0107 nas do wsp\u00f3lnej modlitwy \u2013 APELOWEJ.<\/strong><br><\/li><\/ol>\n\n\n\n<p><\/p>\n\n\n\n<figure class=\"wp-block-image\"><img decoding=\"async\" src=\"http:\/\/rafalk-elblag.pl\/wp-content\/uploads\/2020\/04\/baner-intencje-mszy.jpg\" alt=\"\"\/><\/figure>\n\n\n\n<h1 class=\"wp-block-heading\">Intencje mszalne 31.07.2022r<\/h1>\n\n\n\n<p><strong>PONIEDZIA\u0141EK \/ 1 sierpnia 2022r.<\/strong><br>8.00 O Bo\u017ce b\u0142ogos\u0142awie\u0144stwo i potrzebne \u0142aski dla Artura MAZURKIEWICZA i ca\u0142ej rodziny \u2013 intencja od Jerzego<br>18.00 Dzi\u0119kczynna w 35 rocznic\u0119 \u015blubu Ewy i Tadeusza SZWARC z pro\u015bba o Bo\u017ce b\u0142ogos\u0142awie\u0144stwo, opiek\u0119 Matki Bo\u017cej dla Jubilat\u00f3w<\/p>\n\n\n\n<p><strong>WTOREK \/ 2 sierpnia 2022r. \/<\/strong><br>8.00 \u2020 Marek RAZUK w 4 rocznic\u0119 \u015bmierci<br>18.00 \u2020 Maria i Stanis\u0142aw G\u00d3RSCY i zmarli z rodziny z obojga stron<\/p>\n\n\n\n<p><strong>\u015aRODA \/ 3 sierpnia 2022r.<\/strong><br>8.00 \u2020 Zofia BLANK w 12 rocznic\u0119 \u015bmierci i zmar\u0142ych Ryszarda, Andrzeja, Zbigniewa, Zofia SIEWICZ<br>18.00 \u2020 Teresa KOTKOWSKA w 10 rocznic\u0119 \u015bmierci i zmarli z rodziny<\/p>\n\n\n\n<p><strong>CZWARTEK \/ 4 sierpnia 2022r. \/ \u015bw. Jana Marii Vianneya<br>PIERWSZY CZWARTEK MIESI\u0104CA<\/strong><br>8.00 O Bo\u017ce b\u0142ogos\u0142awie\u0144stwo dla Wsp\u00f3lnoty \u201ePRZEMIENIENIE\u201d<br>18.00 O nowe powo\u0142ania szczeg\u00f3lnie do naszego Seminarium Duchownego w Elbl\u0105gu, za powo\u0142anych: diakona Krzysztofa i alumna Amadeusza oraz za dla kap\u0142an\u00f3w pracuj\u0105cych w naszej parafii<\/p>\n\n\n\n<p><strong>PI\u0104TEK \/ 5 sierpnia 2022r.<br>PIERWSZY PI\u0104TEK MIESI\u0104CA<\/strong><br>8.00 \u2020 Bogus\u0142awa(k) RAGUS, \u015bp. Stanis\u0142awa(k) i Kazimierz JARKA<br>18.00 \u2020 Czes\u0142awa(k) KO\u015aCIEWICZ w 1 rocznic\u0119 \u015bmierci<\/p>\n\n\n\n<p><strong>SOBOTA \/ 6 sierpnia 2022r. \/ PIERWSZA SOBOTA MIESI\u0104CA<br>\u015aWI\u0118TO PRZEMIENIENIA PA\u0143SKIEGO<\/strong><br>8.00 \u2020 Barbara i Kazimierz(m) GALI\u0143SCY, \u015bp. Tomasz, Jacek GALI\u0143SCY<br>18.00 O pok\u00f3j na \u015bwiecie, w Polsce na Ukrainie oraz o umocnienie wiary dla Narodu Polskiego \u2013 intencja od I R\u00f3\u017cy MATKI POKOJU<\/p>\n\n\n\n<p><strong>XIX Niedziela Zwyk\u0142a \/ 7 sierpnia 2022r.<\/strong><br>8.00 O do\u015bwiadczenie Bo\u017cej Mi\u0142o\u015bci dla Karoliny i Sebastiana<br>10.00 Dzi\u0119kczynna w 9 urodziny STASIA z pro\u015bba o Bo\u017ce b\u0142ogos\u0142awie\u0144stwo i opiek\u0119 Matki Bo\u017cej dla ca\u0142ej rodziny<br>10.00 Msza \u015bw. dzi\u0119kczynna za prze\u017cyte wsp\u00f3lnie lata i za otrzymane \u0142aski z pro\u015bb\u0105 o dalsze b\u0142ogos\u0142awie\u0144stwo i opiek\u0119 Matki Bo\u017cej, umocnienie wiary i powr\u00f3t wnuczek na dobr\u0105 drog\u0119: 17 rocz. \u015blubu Iwony i Marcina SIERADZ, 18 rocz. \u015blubu Anety i Grzegorza ZIELKA, 20 rocz. \u015blubu Agnieszki i Tomasza GR\u0104DZIK, 44 rocz. \u015blubu Jadwigi i Leszka GR\u0104DZIK<br>12.00 Za parafian<br>15.00 ADORACJA NAJ\u015aWI\u0118TSZEGO SAKRAMENTU<br>18.00 \u2020 Irena WISNIEWSKA w 7 rocznic\u0119 \u015bmierci<\/p>\n\n\n\n<p><br><\/p>\n","protected":false},"excerpt":{"rendered":"<p>Ewangelia (\u0141k 12, 13-21) Gromadzi\u0107 skarby przed Bogiem S\u0142owa Ewangelii wed\u0142ug \u015awi\u0119tego \u0141ukasza Kto\u015b z t\u0142umu rzek\u0142 do Jezusa: \u00abNauczycielu, powiedz mojemu bratu, \u017ceby si\u0119 podzieli\u0142 ze mn\u0105 spadkiem\u00bb. Lecz On mu odpowiedzia\u0142: \u00abCz\u0142owieku, kt\u00f3\u017c Mnie ustanowi\u0142 nad wami s\u0119dzi\u0105 albo rozjemc\u0105?\u00bb Powiedzia\u0142 te\u017c do nich: \u00abUwa\u017cajcie i strze\u017ccie si\u0119 wszelkiej chciwo\u015bci, bo nawet gdy [&hellip;]<\/p>\n","protected":false},"author":1,"featured_media":4764,"comment_status":"closed","ping_status":"closed","sticky":false,"template":"","format":"standard","meta":{"ngg_post_thumbnail":0,"footnotes":""},"categories":[11,8,4,3],"tags":[],"class_list":["post-4763","post","type-post","status-publish","format-standard","has-post-thumbnail","hentry","category-aktualnosci","category-blog","category-intencje","category-ogloszenia"],"_links":{"self":[{"href":"https:\/\/rafalk-elblag.pl\/index.php?rest_route=\/wp\/v2\/posts\/4763","targetHints":{"allow":["GET"]}}],"collection":[{"href":"https:\/\/rafalk-elblag.pl\/index.php?rest_route=\/wp\/v2\/posts"}],"about":[{"href":"https:\/\/rafalk-elblag.pl\/index.php?rest_route=\/wp\/v2\/types\/post"}],"author":[{"embeddable":true,"href":"https:\/\/rafalk-elblag.pl\/index.php?rest_route=\/wp\/v2\/users\/1"}],"replies":[{"embeddable":true,"href":"https:\/\/rafalk-elblag.pl\/index.php?rest_route=%2Fwp%2Fv2%2Fcomments&post=4763"}],"version-history":[{"count":2,"href":"https:\/\/rafalk-elblag.pl\/index.php?rest_route=\/wp\/v2\/posts\/4763\/revisions"}],"predecessor-version":[{"id":4766,"href":"https:\/\/rafalk-elblag.pl\/index.php?rest_route=\/wp\/v2\/posts\/4763\/revisions\/4766"}],"wp:featuredmedia":[{"embeddable":true,"href":"https:\/\/rafalk-elblag.pl\/index.php?rest_route=\/wp\/v2\/media\/4764"}],"wp:attachment":[{"href":"https:\/\/rafalk-elblag.pl\/index.php?rest_route=%2Fwp%2Fv2%2Fmedia&parent=4763"}],"wp:term":[{"taxonomy":"category","embeddable":true,"href":"https:\/\/rafalk-elblag.pl\/index.php?rest_route=%2Fwp%2Fv2%2Fcategories&post=4763"},{"taxonomy":"post_tag","embeddable":true,"href":"https:\/\/rafalk-elblag.pl\/index.php?rest_route=%2Fwp%2Fv2%2Ftags&post=4763"}],"curies":[{"name":"wp","href":"https:\/\/api.w.org\/{rel}","templated":true}]}}