{"id":4759,"date":"2022-07-24T17:16:00","date_gmt":"2022-07-24T17:16:00","guid":{"rendered":"http:\/\/rafalk-elblag.pl\/?p=4759"},"modified":"2022-07-25T17:16:28","modified_gmt":"2022-07-25T17:16:28","slug":"ogloszenia-24-07-2022-xvii-niedziela-zwykla","status":"publish","type":"post","link":"https:\/\/rafalk-elblag.pl\/?p=4759","title":{"rendered":"Og\u0142oszenia 24.07.2022, XVII Niedziela Zwyk\u0142a"},"content":{"rendered":"\n<figure class=\"wp-block-embed is-type-video is-provider-youtube wp-block-embed-youtube wp-embed-aspect-16-9 wp-has-aspect-ratio\"><div class=\"wp-block-embed__wrapper\">\n<iframe loading=\"lazy\" title=\"Nie wchod\u017a w zakazane zwi\u0105zki - ks. S\u0142awomir Kostrzewa\" width=\"900\" height=\"506\" src=\"https:\/\/www.youtube.com\/embed\/3ZumtnL0zxU?feature=oembed\" frameborder=\"0\" allow=\"accelerometer; autoplay; clipboard-write; encrypted-media; gyroscope; picture-in-picture\" allowfullscreen><\/iframe>\n<\/div><\/figure>\n\n\n\n<h1 class=\"wp-block-heading\">Ewangelia (\u0141k 11, 1-13)\nChrystus uczy modlitwy<\/h1>\n\n\n\n<p>S\u0142owa Ewangelii wed\u0142ug \u015awi\u0119tego \u0141ukasza<\/p>\n\n\n\n<p> Jezus, przebywaj\u0105c w jakim\u015b miejscu, modli\u0142 si\u0119, a kiedy sko\u0144czy\u0142, rzek\u0142 jeden z uczni\u00f3w do Niego: \u00abPanie, naucz nas modli\u0107 si\u0119, tak jak i Jan nauczy\u0142 swoich uczni\u00f3w\u00bb. <\/p>\n\n\n\n<p>A On rzek\u0142 do nich: \u00abKiedy b\u0119dziecie si\u0119 modli\u0107, m\u00f3wcie: Ojcze, niech si\u0119 \u015bwi\u0119ci Twoje imi\u0119; niech przyjdzie Twoje kr\u00f3lestwo! Naszego chleba powszedniego dawaj nam na ka\u017cdy dzie\u0144 i przebacz nam nasze grzechy, bo i my przebaczamy ka\u017cdemu, kto przeciw nam zawini; i nie dopu\u015b\u0107, by\u015bmy ulegli pokusie\u00bb. Dalej m\u00f3wi\u0142 do nich: \u00abKto\u015b z was, maj\u0105c przyjaciela, p\u00f3jdzie do niego o p\u00f3\u0142nocy i powie mu: \u201ePrzyjacielu, po\u017cycz mi trzy chleby, bo m\u00f3j przyjaciel przyby\u0142 do mnie z drogi, a nie mam co mu poda\u0107\u201d. <\/p>\n\n\n\n<p>Lecz tamten odpowie z wewn\u0105trz: \u201eNie naprzykrzaj mi si\u0119! Drzwi s\u0105 ju\u017c zamkni\u0119te i moje dzieci s\u0105 ze mn\u0105 w \u0142\u00f3\u017cku. Nie mog\u0119 wsta\u0107 i da\u0107 tobie\u201d. Powiadam wam: Chocia\u017cby nie wsta\u0142 i nie da\u0142 z tego powodu, \u017ce jest jego przyjacielem, to z powodu jego natr\u0119ctwa wstanie i da mu, ile potrzebuje. I Ja wam powiadam: Pro\u015bcie, a b\u0119dzie wam dane; szukajcie, a znajdziecie; ko\u0142aczcie, a zostanie wam otworzone. <\/p>\n\n\n\n<p>Ka\u017cdy bowiem, kto prosi, otrzymuje; kto szuka, znajduje; a ko\u0142acz\u0105cemu zostanie otworzone. Je\u017celi kt\u00f3rego\u015b z was, ojc\u00f3w, syn poprosi o chleb, czy poda mu kamie\u0144? Albo o ryb\u0119, czy zamiast ryby poda mu w\u0119\u017ca? Lub te\u017c gdy prosi o jajko, czy poda mu skorpiona? Je\u015bli wi\u0119c wy, cho\u0107 \u017ali jeste\u015bcie, umiecie dawa\u0107 dobre dary swoim dzieciom, to o ile\u017c bardziej Ojciec z nieba udzieli Ducha \u015awi\u0119tego tym, kt\u00f3rzy Go prosz\u0105\u00bb.<\/p>\n\n\n\n<p><\/p>\n\n\n\n<p><\/p>\n\n\n\n<figure class=\"wp-block-image\"><a href=\"http:\/\/rafalk-elblag.pl\/wp-content\/uploads\/2021\/08\/ogloszenia-parafialne-baner-01a.jpg\"><img loading=\"lazy\" decoding=\"async\" width=\"720\" height=\"232\" src=\"http:\/\/rafalk-elblag.pl\/wp-content\/uploads\/2021\/08\/ogloszenia-parafialne-baner-01a.jpg\" alt=\"\" class=\"wp-image-4410\" srcset=\"https:\/\/rafalk-elblag.pl\/wp-content\/uploads\/2021\/08\/ogloszenia-parafialne-baner-01a.jpg 720w, https:\/\/rafalk-elblag.pl\/wp-content\/uploads\/2021\/08\/ogloszenia-parafialne-baner-01a-300x97.jpg 300w\" sizes=\"auto, (max-width: 720px) 100vw, 720px\" \/><\/a><\/figure>\n\n\n\n<h1 class=\"wp-block-heading\">Og\u0142oszenia parafialne 24.07.2022r<\/h1>\n\n\n\n<ol class=\"wp-block-list\"><li>Jutro 25 lipca przypada liturgiczne wspomnienie \u015bw. Krzysztofa \u2013 patrona kierowc\u00f3w. <strong>Po Mszy \u015bw. o godz. 8:00 i 18:00 odb\u0119dzie si\u0119<\/strong> <strong>po\u015bwi\u0119cenie pojazd\u00f3w<\/strong> i wr\u0119czenie pami\u0105tkowego breloczka i obrazka. <em>Ofiary zebrane przy tej okazji zostan\u0105 przekazane jak co roku na \u015brodki transportu dla misjonarzy<\/em><br><\/li><li>Pami\u0119tajmy, \u017ce 26 lipca to dzie\u0144 wdzi\u0119czno\u015bci rodzicom, dziadkom i emerytom. Pro\u015bmy, by \u015bwi\u0119ci Anna i Joachim patronowie tego dnia wypraszali dla nich potrzebne \u0142aski.\u00a0\u00a0\u00a0\u00a0\u00a0\u00a0\u00a0\u00a0<br><\/li><li>W czwartek 28 lipca wyrusza <strong>JUBILEUSZOWA XXX Piesza<\/strong> <strong>Pielgrzymka na Jasn\u0105 G\u00f3r\u0119<\/strong> pod has\u0142em <strong>\u201eCHCEMY UJRZE\u0106 JEZUSA\u201d.<\/strong> Grupa Elbl\u0105g- P\u00f3\u0142noc wyrusza razem z grup\u0105 katedraln\u0105. Pielgrzymka rozpocznie si\u0119 Msz\u0105 \u015bw. w Katedrze \u015bw. Miko\u0142aja o godz. 7:00 na kt\u00f3r\u0105 serdecznie zapraszamy. Jest to ostatnia szansa aby z\u0142o\u017cy\u0107 intencje do skrzynki, w kt\u00f3rych b\u0119d\u0105 si\u0119 modli\u0107 pielgrzymi w czasie drogi. <em>Dzi\u0119kujemy za wszelkie ofiary i modlitw\u0119, aby to dzie\u0142o mog\u0142o by\u0107 szcz\u0119\u015bliwie zrealizowane.<\/em><br><\/li><li><strong>DZISIAJ OSTATNIE SPOTKANIE PRZEDPIELGRZYMKOWE O GODZ. 19:30 W PARAFII \u015aW. MIKO\u0141AJA W ELBL\u0104GU. WSZYSTKICH CH\u0118TNYCH ZAPRASZAMY.<\/strong><br><\/li><li>Trwaj\u0105c w jedno\u015bci modlitewnej z pielgrzymami zmierzaj\u0105cymi do Cz\u0119stochowy zach\u0119camy do udzia\u0142u (w czasie trwania pielgrzymki) w Mszach \u015bw. wieczornych zako\u0144czonych modlitw\u0105 i APELEM JASNOG\u00d3RSKIM. <strong>UWAGA!!! W czasie trwania pielgrzymki pieszej do Cz\u0119stochowy o godz. 21:00 b\u0119d\u0105 bi\u0142y dzwony, przypominaj\u0105c nam i zach\u0119ca\u0107 nas do wsp\u00f3lnej modlitwy \u2013 APELOWEJ.<br><\/strong><\/li><li><strong>Lipiec jest miesi\u0105cem po\u015bwi\u0119conym kontemplacji Naj\u015bwi\u0119tszej Krwi Chrystusa. <\/strong>Krew Chrystusa jest niezbitym dowodem mi\u0142o\u015bci Niebieskiego Ojca do ka\u017cdego cz\u0142owieka bez wyj\u0105tku. <em>Zach\u0119cam Wsp\u00f3lnot\u0119 Krwi Chrystusa do prowadzenia modlitw przed Msz\u0105 \u015bw. <\/em><br><br>W tygodniu przypada:<ul><li>poniedzia\u0142ek \u015bwi\u0119to Jakuba, Aposto\u0142a i \u015bw. Krzysztofa \u2013 patrona kierowc\u00f3w<\/li><li>wtorek wspomnienie \u015bw. Joachima i Anny<\/li><li>czwartek \u015bw. Szarbela Makhluf<\/li><li>pi\u0105tek wspomnienie \u015bw. Marty, Marii i \u0141azarza<br><\/li><\/ul><\/li><li><strong>Kancelaria parafialna, przez ca\u0142y okres wakacji, czynna jest w \u015brody i pi\u0105tki po Mszy \u015bw. wieczorowej do godziny 19:30.<\/strong><em><strong>Zapraszamy.<\/strong><\/em><br><\/li><li><strong>Dzi\u0119kujemy za stosowny ubi\u00f3r w ko\u015bciele w okresie wakacji. <\/strong>Msza \u015bw. jest uroczyst\u0105 celebracj\u0105, kt\u00f3ra domaga si\u0119 swego pi\u0119kna, szacunku i najwy\u017cszej kultury.<br><\/li><li>M\u00f3dlmy si\u0119 za dzieci, m\u0142odzie\u017c i wszystkich wypoczywaj\u0105cych na wakacjach. Pro\u015bmy o Bo\u017ce b\u0142ogos\u0142awie\u0144stwo i bezpieczny wypoczynek.<br><\/li><li>Wszystkim Jubilatom i Solenizantom tego tygodnia \u017cyczymy wszelkiego dobra w \u017cyciu i b\u0142ogos\u0142awie\u0144stwa Bo\u017cego.<br><\/li><\/ol>\n\n\n\n<p><\/p>\n\n\n\n<figure class=\"wp-block-image\"><img decoding=\"async\" src=\"http:\/\/rafalk-elblag.pl\/wp-content\/uploads\/2020\/04\/baner-intencje-mszy.jpg\" alt=\"\"\/><\/figure>\n\n\n\n<h1 class=\"wp-block-heading\">Intencje mszalne 24.07.2022r<\/h1>\n\n\n\n<p><strong>XVIII Niedziela Zwyk\u0142a \/ 24 lipca 2022 r.<\/strong><br>8.00 \u2020 Tadeusz, Jadwiga, Marian z rodziny ZINKIEWICZ<br>10.00 W intencji Parafian<br>12.00 Dzi\u0119kczynna w 45 rocznic\u0119 zawarcia sakramentu ma\u0142\u017ce\u0144stwa Krystyny i Marcina KUROSAD z pro\u015bb\u0105 o Bo\u017ce b\u0142ogos\u0142awie\u0144stwo i opiek\u0119 M.B. dla Jubilat\u00f3w<br>18.00 \u2020 Miros\u0142aw SOWI\u0143SKI w 1 rocznic\u0119 \u015bmierci<\/p>\n\n\n\n<p><strong>PONIEDZIA\u0141EK \/ 25 lipca 2022r.<\/strong><br>\u015awi\u0119to \u015bw. Jakuba, Aposto\u0142a i \u015bw. Krzysztofa &#8211; patrona kierowc\u00f3w<br>8.00 \u2020 Teresa i Jerzy WILCZY\u0143SCY<br>18.00 Za zmar\u0142ych rodzic\u00f3w z obojga stron: Marianna i W\u0142adys\u0142aw LE\u015aNIAK oraz Jan i Irena WYSOCCY<\/p>\n\n\n\n<p><strong>WTOREK \/ 26 lipca 2022r. \/ \u015bw. Joachima i Anny, rodzic\u00f3w NMP<\/strong><br>8.00 \u2020 W\u0142odzimierz(m) OTR\u0118BSKI w 1 rocznic\u0119 \u015bmierci<br>17.00 \u2020 Marian PIWNIKIEWICZ w 30 dzie\u0144 po pogrzebie<br>18.00 O Bo\u017ce b\u0142ogos\u0142awie\u0144stwo, wszelkie potrzebne \u0142aski dla Anny w dniu imienin<\/p>\n\n\n\n<p><strong>\u015aRODA \/ 27 lipca 2022r.<\/strong><br>8.00 \u2020 Zdzis\u0142aw PAJ\u0104K w 13 rocznic\u0119 \u015bmierci, \u015bp. Anna BRZOZOWSKA w 4 rocznic\u0119 \u015bmierci<br>18.00 \u2020 Emilia \u017bUREK w 10 rocznic\u0119 \u015bmierci i zmar\u0142ych oraz za \u015bp. Stanis\u0142aw, Jerzy<\/p>\n\n\n\n<p><strong>CZWARTEK \/ 28 lipca 2022r. \/<\/strong><br>8.00 \u2020 W\u0142odzimierz(m) LAUDA\u0143SKI w 18 rocznic\u0119 \u015bmierci i zmar\u0142ych rodzic\u00f3w<br>18.00 \u2020 Bronis\u0142aw Sosnowski<\/p>\n\n\n\n<p><strong>PI\u0104TEK \/ 29 lipca 2022r\/ \u015aw. Marty, Marii, \u0141azarza<\/strong><br>8.00 Dzi\u0119kczynna w 50 rocznic\u0119 \u015blubu Aliny i Eugeniusza WO\u0179NIAKOWSKICH z pro\u015bb\u0105 o Bo\u017ce b\u0142ogos\u0142awie\u0144stwo dla Z\u0141OTYCH JUBILAT\u00d3W<br>18.00 \u2020 Stanis\u0142aw(m) i Genowefa OLEWNIK, \u015bp. Czes\u0142awa(k) i Stanis\u0142aw KOWALSCY, \u015bp. Wanda GRAD, \u015bp. Wiktoria i J\u00f3zef SZWARC<\/p>\n\n\n\n<p><strong>SOBOTA \/ 30 lipca 2022r.<\/strong><br>8.00 Dzi\u0119kczynna z okazji 18 urodzin Julii KO\u0141ECKIEJ z pro\u015bb\u0105 o Bo\u017ce b\u0142ogos\u0142., opiek\u0119 Matki Bo\u017cej oraz a dary Ducha \u015awi\u0119tego w doros\u0142ym \u017cyciu<br>18.00 Dzi\u0119kczynna za otrzymane \u0142aski w 2021 roku z pro\u015bb\u0105 o opiek\u0119 i Bo\u017ce b\u0142ogos\u0142., w tym roku dla rodziny KARMOWSKICH<\/p>\n\n\n\n<p><strong>XIX Niedziela Zwyk\u0142a \/ 31 lipca 2022 r.<\/strong><br>8.00 \u2020 Zofia, Katarzyna, J\u00f3zef KOZACZUK, Jadwiga, Jan, Ryszard WYSOCCY<br>10.00 \u2020 Jolanta ROMANOWSKA w 7 rocznic\u0119 \u015bmierci<br>12.00 W intencji Parafian<br>15.00 KORONKA DO MI\u0141OSIERDZIA BO\u017bEGO<br>18.00 \u2020 Maria OKONOWICZ, \u015bp.Genowefa KOPCZY\u0143SKA w rocznic\u0119 \u015bmierci, oraz za zmar\u0142ych z rodziny: OKONOWICZ, KOPCZY\u0143SKICH, CABAJ i GROSS<\/p>\n\n\n\n<p><br><\/p>\n","protected":false},"excerpt":{"rendered":"<p>Ewangelia (\u0141k 11, 1-13) Chrystus uczy modlitwy S\u0142owa Ewangelii wed\u0142ug \u015awi\u0119tego \u0141ukasza Jezus, przebywaj\u0105c w jakim\u015b miejscu, modli\u0142 si\u0119, a kiedy sko\u0144czy\u0142, rzek\u0142 jeden z uczni\u00f3w do Niego: \u00abPanie, naucz nas modli\u0107 si\u0119, tak jak i Jan nauczy\u0142 swoich uczni\u00f3w\u00bb. A On rzek\u0142 do nich: \u00abKiedy b\u0119dziecie si\u0119 modli\u0107, m\u00f3wcie: Ojcze, niech si\u0119 \u015bwi\u0119ci Twoje [&hellip;]<\/p>\n","protected":false},"author":1,"featured_media":4760,"comment_status":"closed","ping_status":"closed","sticky":false,"template":"","format":"standard","meta":{"ngg_post_thumbnail":0,"footnotes":""},"categories":[11,8,4,3],"tags":[],"class_list":["post-4759","post","type-post","status-publish","format-standard","has-post-thumbnail","hentry","category-aktualnosci","category-blog","category-intencje","category-ogloszenia"],"_links":{"self":[{"href":"https:\/\/rafalk-elblag.pl\/index.php?rest_route=\/wp\/v2\/posts\/4759","targetHints":{"allow":["GET"]}}],"collection":[{"href":"https:\/\/rafalk-elblag.pl\/index.php?rest_route=\/wp\/v2\/posts"}],"about":[{"href":"https:\/\/rafalk-elblag.pl\/index.php?rest_route=\/wp\/v2\/types\/post"}],"author":[{"embeddable":true,"href":"https:\/\/rafalk-elblag.pl\/index.php?rest_route=\/wp\/v2\/users\/1"}],"replies":[{"embeddable":true,"href":"https:\/\/rafalk-elblag.pl\/index.php?rest_route=%2Fwp%2Fv2%2Fcomments&post=4759"}],"version-history":[{"count":1,"href":"https:\/\/rafalk-elblag.pl\/index.php?rest_route=\/wp\/v2\/posts\/4759\/revisions"}],"predecessor-version":[{"id":4761,"href":"https:\/\/rafalk-elblag.pl\/index.php?rest_route=\/wp\/v2\/posts\/4759\/revisions\/4761"}],"wp:featuredmedia":[{"embeddable":true,"href":"https:\/\/rafalk-elblag.pl\/index.php?rest_route=\/wp\/v2\/media\/4760"}],"wp:attachment":[{"href":"https:\/\/rafalk-elblag.pl\/index.php?rest_route=%2Fwp%2Fv2%2Fmedia&parent=4759"}],"wp:term":[{"taxonomy":"category","embeddable":true,"href":"https:\/\/rafalk-elblag.pl\/index.php?rest_route=%2Fwp%2Fv2%2Fcategories&post=4759"},{"taxonomy":"post_tag","embeddable":true,"href":"https:\/\/rafalk-elblag.pl\/index.php?rest_route=%2Fwp%2Fv2%2Ftags&post=4759"}],"curies":[{"name":"wp","href":"https:\/\/api.w.org\/{rel}","templated":true}]}}