{"id":4754,"date":"2022-07-17T06:27:00","date_gmt":"2022-07-17T06:27:00","guid":{"rendered":"http:\/\/rafalk-elblag.pl\/?p=4754"},"modified":"2022-07-20T06:51:29","modified_gmt":"2022-07-20T06:51:29","slug":"ogloszenia-17-07-2022-xvi-niedziela-zwykla","status":"publish","type":"post","link":"https:\/\/rafalk-elblag.pl\/?p=4754","title":{"rendered":"Og\u0142oszenia 17.07.2022, XVI Niedziela Zwyk\u0142a"},"content":{"rendered":"\n<figure class=\"wp-block-embed is-type-video is-provider-youtube wp-block-embed-youtube wp-embed-aspect-16-9 wp-has-aspect-ratio\"><div class=\"wp-block-embed__wrapper\">\n<iframe loading=\"lazy\" title=\"Ks. Tomasz Kostecki: obecno\u015b\u0107 uczestnicz\u0105ca\" width=\"900\" height=\"506\" src=\"https:\/\/www.youtube.com\/embed\/HzduI3ysEAY?feature=oembed\" frameborder=\"0\" allow=\"accelerometer; autoplay; clipboard-write; encrypted-media; gyroscope; picture-in-picture\" allowfullscreen><\/iframe>\n<\/div><\/figure>\n\n\n\n<h1 class=\"wp-block-heading\">Ewangelia (\u0141k 10, 38-42)\nJezus w go\u015bcinie u Marty i Marii<\/h1>\n\n\n\n<p>S\u0142owa Ewangelii wed\u0142ug \u015awi\u0119tego \u0141ukasza<\/p>\n\n\n\n<p> Jezus przyszed\u0142 do jednej wsi. Tam pewna niewiasta, imieniem Marta, przyj\u0119\u0142a Go w swoim domu. Mia\u0142a ona siostr\u0119, imieniem Maria, kt\u00f3ra usiad\u0142szy u n\u00f3g Pana, s\u0142ucha\u0142a Jego s\u0142owa. Marta za\u015b uwija\u0142a si\u0119 oko\u0142o rozmaitych pos\u0142ug. A stan\u0105wszy przy Nim, rzek\u0142a:<\/p>\n\n\n\n<p> \u00abPanie, czy Ci to oboj\u0119tne, \u017ce moja siostra zostawi\u0142a mnie sam\u0105 przy us\u0142ugiwaniu? Powiedz jej, \u017ceby mi pomog\u0142a\u00bb. <\/p>\n\n\n\n<p>A Pan jej odpowiedzia\u0142: \u00abMarto, Marto, martwisz si\u0119 i niepokoisz o wiele, a potrzeba ma\u0142o albo tylko jednego. Maria obra\u0142a najlepsz\u0105 cz\u0105stk\u0119, kt\u00f3rej nie b\u0119dzie pozbawiona\u00bb.<\/p>\n\n\n\n<p><\/p>\n\n\n\n<p><\/p>\n\n\n\n<figure class=\"wp-block-image\"><a href=\"http:\/\/rafalk-elblag.pl\/wp-content\/uploads\/2021\/08\/ogloszenia-parafialne-baner-01a.jpg\"><img loading=\"lazy\" decoding=\"async\" width=\"720\" height=\"232\" src=\"http:\/\/rafalk-elblag.pl\/wp-content\/uploads\/2021\/08\/ogloszenia-parafialne-baner-01a.jpg\" alt=\"\" class=\"wp-image-4410\" srcset=\"https:\/\/rafalk-elblag.pl\/wp-content\/uploads\/2021\/08\/ogloszenia-parafialne-baner-01a.jpg 720w, https:\/\/rafalk-elblag.pl\/wp-content\/uploads\/2021\/08\/ogloszenia-parafialne-baner-01a-300x97.jpg 300w\" sizes=\"auto, (max-width: 720px) 100vw, 720px\" \/><\/a><\/figure>\n\n\n\n<h1 class=\"wp-block-heading\">Og\u0142oszenia parafialne 17.07.2022r<\/h1>\n\n\n\n<ol class=\"wp-block-list\"><li><strong>Dzi\u0119kujemy Panu Bogu za kolejny wspania\u0142y dzie\u0144, po\u015bwi\u0119cony Naj\u015bwi\u0119tszej Maryi Pannie z G\u00f3ry Karmel, by\u0142o to nasze radosne prze\u017cywanie ODPUSTU PARAFIALNEGO ORAZ 20 -LECIA RODZINY SZKAPLERZNEJ. <em>B\u00f3g zap\u0142a\u0107 za liczny udzia\u0142 i za pomoc w przygotowaniu powy\u017cszej uroczysto\u015bci. Dzi\u0119kuj\u0119.<\/em><\/strong><br><\/li><li>W zwi\u0105zku z pielgrzymk\u0105 na Jasn\u0105 G\u00f3r\u0119 ju\u017c tradycyjnie przy wej\u015bciu do ko\u015bcio\u0142a wystawione jest pude\u0142ko na intencje modlitewne, kt\u00f3re zabior\u0105 w Waszym imieniu pielgrzymi w\u0119druj\u0105cy na Jasn\u0105 G\u00f3r\u0119.\u00a0\u00a0\u00a0\u00a0\u00a0\u00a0\u00a0\u00a0\u00a0\u00a0<br><\/li><li><strong>Lipiec jest miesi\u0105cem po\u015bwi\u0119conym kontemplacji Naj\u015bwi\u0119tszej Krwi Chrystusa. <\/strong>Krew Chrystusa jest niezbitym dowodem mi\u0142o\u015bci Niebieskiego Ojca do ka\u017cdego cz\u0142owieka bez wyj\u0105tku. <em>Zach\u0119cam Wsp\u00f3lnot\u0119 Krwi Chrystusa do prowadzenia modlitw przed Msz\u0105 \u015bw. wieczorow\u0105 o godz. 17:30.<\/em><br><\/li><li>W tygodniu przypada wpi\u0105tek \u015bwi\u0119to \u015bw. Marii Magdaleny a w sobot\u0119 \u015bwi\u0119to \u015bw. Brygidy &#8211; patronki Europy. <em>Zapraszamy na Msze \u015bw. o godz. 8:00 lub o godz. 18:00.<\/em><br><\/li><li><strong>Kancelaria parafialna, przez ca\u0142y okres wakacji, czynna jest w \u015brody i pi\u0105tki po Mszy \u015bw. wieczorowej do godziny 19:30. \u00a0<em>Zapraszamy<\/em><\/strong><br><\/li><li><strong>Parafialny Oddzia\u0142 Caritas<\/strong> przy ul. Myliusa 1A w czasie wakacji jest nieczynny.<br><\/li><li><strong>Dzi\u0119kujemy za stosowny ubi\u00f3r w ko\u015bciele w okresie wakacji. <\/strong>Msza \u015bw. jest uroczyst\u0105 celebracj\u0105, kt\u00f3ra domaga si\u0119 swego pi\u0119kna, szacunku\u00a0i najwy\u017cszej kultury.<br><\/li><li>M\u00f3dlmy si\u0119 za dzieci, m\u0142odzie\u017c i wszystkich wypoczywaj\u0105cych na wakacjach. Pro\u015bmy o Bo\u017ce b\u0142ogos\u0142awie\u0144stwo i bezpieczny wypoczynek.<br><\/li><li>Wszystkim Jubilatom i Solenizantom tego tygodnia \u017cyczymy wszelkiego dobra w \u017cyciu i b\u0142ogos\u0142awie\u0144stwa Bo\u017cego.<br><\/li><\/ol>\n\n\n\n<p><\/p>\n\n\n\n<figure class=\"wp-block-image\"><img decoding=\"async\" src=\"http:\/\/rafalk-elblag.pl\/wp-content\/uploads\/2020\/04\/baner-intencje-mszy.jpg\" alt=\"\"\/><\/figure>\n\n\n\n<h1 class=\"wp-block-heading\">Intencje mszalne 17.07.2022r<\/h1>\n\n\n\n<p><strong>XVI Niedziela Zwyk\u0142a \/ 17 lipca 2022 r.<\/strong><br>8.00 \u2020 Teofil i Jadwiga oraz rodzice z obojga stron<br>10.00 Rez.<br>12.00 W intencji Parafian<br>18.00 \u2020 Joanna KOSMALA w 1 rocznic\u0119 \u015bmierci<br><\/p>\n\n\n\n<p><strong>PONIEDZIA\u0141EK \/ 18 lipca 2022r.<\/strong><br>8.00 O Bo\u017ce b\u0142ogos\u0142awie\u0144stwo, opiek\u0119 Matki Bo\u017cej dla syna Bogdana z okazji imienin oraz o potrzebne \u0142aski dla ca\u0142ej rodziny<br>18.00 Dzi\u0119kczynna za 55 lat ma\u0142\u017ce\u0144stwa El\u017cbiety i Zbigniewa z pro\u015bb\u0105 o Bo\u017ce b\u0142ogos\u0142awie\u0144stwo, wszelkie potrzebne \u0142aski i opiek\u0119 matki Bo\u017cej<br><\/p>\n\n\n\n<p><strong>WTOREK \/ 19 lipca 2022r.<\/strong><br>8.00 \u2020 Agnieszka TRACZYK, Kazimierz, Zenon TRACZYK w rocznice \u015bmierci<br>18.00 \u2020 Tadeusz i zmarli rodzice i rodze\u0144stwo z obojga stron<br><\/p>\n\n\n\n<p><strong>\u015aRODA \/ 20 lipca 2022r.<\/strong><br>8.00 \u2020 Regina URBA\u0143SKA w 3 rocznice \u015bmierci<br>18.00 \u2020 Jan, Janina, Ryszard, Iwona, Jadwiga, Stefan, Zdzis\u0142aw i zmarli z rodzin: D\u0104BROWSKICH, JASI\u0143SKICH, KUJAWSKICH I NIKE<br><\/p>\n\n\n\n<p><strong>CZWARTEK \/ 21 lipca 2022r.<\/strong><br>8.00 O zdrowie, potrzebne \u0142aski Bo\u017ce, opiek\u0119 Matki Bo\u017cej dla Jolanty, Piotra, i ich rodzin<br>18.00 \u2020 Andrzej KLECHA w 7 miesi\u0105c po \u015bmierci \u2013 od rodziny STEC<br><\/p>\n\n\n\n<p><strong>PI\u0104TEK \/ 22 lipca 2022r \/ \u015bwi\u0119to \u015bw. Marii Magdaleny<\/strong><br>8.00 \u2020 Helena, W\u0142adys\u0142aw(m), J\u00f3zefa(k), Janina, Helena, Mieczys\u0142aw, W\u0142adys\u0142aw, Wies\u0142aw, Jan i Waleria z rodziny \u017b\u0141OBKOWSKICH<br>17.00 \u2020 Franciszek BA\u0141DYGA w 30 dzie\u0144 po pogrzebie<br>18.00 \u2020 Barbara i Ryszard CZARNECCY, \u2020 Bogus\u0142aw OLSZEWSKI<br><\/p>\n\n\n\n<p><strong>SOBOTA \/ 23 lipca 2022r.<\/strong><br><strong>\u015awi\u0119to \u015bw. Brygidy, zakonnicy, patronki Europy<\/strong><br>8.00 O Bo\u017ce b\u0142ogos\u0142awie\u0144stwo, wszelkie potrzebne \u0142aski i nieustanna opiek\u0119 Matki Bo\u017cej dla Haliny P\u0141AZA z okazji imienin<br>18.00 \u2020 Ryszard, Henryk, J\u00f3zef(m), J\u00f3zefa(k) z rodziny SULECKICH, \u2020 Edmund CIROCKI<br><\/p>\n\n\n\n<p><strong>XVII Niedziela Zwyk\u0142a \/ 24 lipca 2024 r.<\/strong><br>8.00 \u2020 Tadeusz, Jadwiga, Marian z rodziny ZINKIEWICZ<br>10.00 W intencji Parafian<br>12.00 Dzi\u0119kczynna w 45 rocznic\u0119 zawarcia sakramentu ma\u0142\u017ce\u0144stwa Krystyny i Marcina KUROSAD z pro\u015bb\u0105 o Bo\u017ce b\u0142ogos\u0142awie\u0144stwo i opiek\u0119 M.B. dla Jubilat\u00f3w<br>18.00 \u2020 Miros\u0142aw SOWI\u0143SKI w 1 rocznic\u0119 \u015bmierci<\/p>\n\n\n\n<p><br><\/p>\n","protected":false},"excerpt":{"rendered":"<p>Ewangelia (\u0141k 10, 38-42) Jezus w go\u015bcinie u Marty i Marii S\u0142owa Ewangelii wed\u0142ug \u015awi\u0119tego \u0141ukasza Jezus przyszed\u0142 do jednej wsi. Tam pewna niewiasta, imieniem Marta, przyj\u0119\u0142a Go w swoim domu. Mia\u0142a ona siostr\u0119, imieniem Maria, kt\u00f3ra usiad\u0142szy u n\u00f3g Pana, s\u0142ucha\u0142a Jego s\u0142owa. Marta za\u015b uwija\u0142a si\u0119 oko\u0142o rozmaitych pos\u0142ug. A stan\u0105wszy przy Nim, [&hellip;]<\/p>\n","protected":false},"author":1,"featured_media":4756,"comment_status":"closed","ping_status":"closed","sticky":false,"template":"","format":"standard","meta":{"ngg_post_thumbnail":0,"footnotes":""},"categories":[11,8,4,3],"tags":[],"class_list":["post-4754","post","type-post","status-publish","format-standard","has-post-thumbnail","hentry","category-aktualnosci","category-blog","category-intencje","category-ogloszenia"],"_links":{"self":[{"href":"https:\/\/rafalk-elblag.pl\/index.php?rest_route=\/wp\/v2\/posts\/4754","targetHints":{"allow":["GET"]}}],"collection":[{"href":"https:\/\/rafalk-elblag.pl\/index.php?rest_route=\/wp\/v2\/posts"}],"about":[{"href":"https:\/\/rafalk-elblag.pl\/index.php?rest_route=\/wp\/v2\/types\/post"}],"author":[{"embeddable":true,"href":"https:\/\/rafalk-elblag.pl\/index.php?rest_route=\/wp\/v2\/users\/1"}],"replies":[{"embeddable":true,"href":"https:\/\/rafalk-elblag.pl\/index.php?rest_route=%2Fwp%2Fv2%2Fcomments&post=4754"}],"version-history":[{"count":1,"href":"https:\/\/rafalk-elblag.pl\/index.php?rest_route=\/wp\/v2\/posts\/4754\/revisions"}],"predecessor-version":[{"id":4757,"href":"https:\/\/rafalk-elblag.pl\/index.php?rest_route=\/wp\/v2\/posts\/4754\/revisions\/4757"}],"wp:featuredmedia":[{"embeddable":true,"href":"https:\/\/rafalk-elblag.pl\/index.php?rest_route=\/wp\/v2\/media\/4756"}],"wp:attachment":[{"href":"https:\/\/rafalk-elblag.pl\/index.php?rest_route=%2Fwp%2Fv2%2Fmedia&parent=4754"}],"wp:term":[{"taxonomy":"category","embeddable":true,"href":"https:\/\/rafalk-elblag.pl\/index.php?rest_route=%2Fwp%2Fv2%2Fcategories&post=4754"},{"taxonomy":"post_tag","embeddable":true,"href":"https:\/\/rafalk-elblag.pl\/index.php?rest_route=%2Fwp%2Fv2%2Ftags&post=4754"}],"curies":[{"name":"wp","href":"https:\/\/api.w.org\/{rel}","templated":true}]}}