{"id":4745,"date":"2022-07-10T20:27:00","date_gmt":"2022-07-10T20:27:00","guid":{"rendered":"http:\/\/rafalk-elblag.pl\/?p=4745"},"modified":"2022-07-20T06:42:36","modified_gmt":"2022-07-20T06:42:36","slug":"ogloszenia-10-07-2022-xv-niedziela-zwykla","status":"publish","type":"post","link":"https:\/\/rafalk-elblag.pl\/?p=4745","title":{"rendered":"Og\u0142oszenia 10.07.2022, XV Niedziela Zwyk\u0142a"},"content":{"rendered":"\n<figure class=\"wp-block-embed is-type-video is-provider-youtube wp-block-embed-youtube wp-embed-aspect-16-9 wp-has-aspect-ratio\"><div class=\"wp-block-embed__wrapper\">\n<iframe loading=\"lazy\" title=\"Zgoda na rozw\u00f3d jest grzechem - ks. S\u0142awomir Kostrzewa\" width=\"900\" height=\"506\" src=\"https:\/\/www.youtube.com\/embed\/w-qvWKfoQik?feature=oembed\" frameborder=\"0\" allow=\"accelerometer; autoplay; clipboard-write; encrypted-media; gyroscope; picture-in-picture\" allowfullscreen><\/iframe>\n<\/div><\/figure>\n\n\n\n<h1 class=\"wp-block-heading\">Ewangelia (\u0141k 10, 25-37)<\/h1>\n\n\n\n<p>S\u0142owa Ewangelii wed\u0142ug \u015awi\u0119tego \u0141ukasza<\/p>\n\n\n\n<p><strong> Powsta\u0142 jaki\u015b uczony w Prawie i wystawiaj\u0105c Jezusa na pr\u00f3b\u0119, zapyta\u0142: \u00abNauczycielu, co mam czyni\u0107, aby osi\u0105gn\u0105\u0107 \u017cycie wieczne?\u00bb<\/strong> <\/p>\n\n\n\n<p>Jezus mu odpowiedzia\u0142: \u00abCo jest napisane w Prawie? Jak czytasz?\u00bb On rzek\u0142: \u00abB\u0119dziesz mi\u0142owa\u0142 Pana, Boga swego, ca\u0142ym swoim sercem, ca\u0142\u0105 swoj\u0105 dusz\u0105, ca\u0142\u0105 swoj\u0105 moc\u0105 i ca\u0142ym swoim umys\u0142em; a swego bli\u017aniego jak siebie samego\u00bb. Jezus rzek\u0142 do niego: \u00abDobrze odpowiedzia\u0142e\u015b. To czy\u0144, a b\u0119dziesz \u017cy\u0142\u00bb. Lecz on, chc\u0105c si\u0119 usprawiedliwi\u0107, zapyta\u0142 Jezusa: \u00abA kto jest moim bli\u017anim?\u00bb <\/p>\n\n\n\n<p>Jezus, nawi\u0105zuj\u0105c do tego, rzek\u0142: \u00abPewien cz\u0142owiek schodzi\u0142 z Jeruzalem do Jerycha i wpad\u0142 w r\u0119ce zb\u00f3jc\u00f3w. Ci nie tylko go obdarli, lecz jeszcze rany mu zadali i zostawiwszy na p\u00f3\u0142 umar\u0142ego, odeszli. Przypadkiem przechodzi\u0142 t\u0105 drog\u0105 pewien kap\u0142an; zobaczy\u0142 go i min\u0105\u0142. Tak samo lewita, gdy przyszed\u0142 na to miejsce i zobaczy\u0142 go, min\u0105\u0142. <\/p>\n\n\n\n<p>Pewien za\u015b Samarytanin, w\u0119druj\u0105c, przyszed\u0142 r\u00f3wnie\u017c na to miejsce. Gdy go zobaczy\u0142, wzruszy\u0142 si\u0119 g\u0142\u0119boko: podszed\u0142 do niego i opatrzy\u0142 mu rany, zalewaj\u0105c je oliw\u0105 i winem; potem wsadzi\u0142 go na swoje bydl\u0119, zawi\u00f3z\u0142 do gospody i piel\u0119gnowa\u0142 go. Nast\u0119pnego za\u015b dnia wyj\u0105\u0142 dwa denary, da\u0142 gospodarzowi i rzek\u0142: \u201eMiej o nim staranie, a je\u015bli co wi\u0119cej wydasz, ja oddam tobie, gdy b\u0119d\u0119 wraca\u0142\u201d. Kto z tych trzech okaza\u0142 si\u0119 wed\u0142ug ciebie bli\u017anim tego, kt\u00f3ry wpad\u0142 w r\u0119ce zb\u00f3jc\u00f3w?\u00bb<\/p>\n\n\n\n<p> On odpowiedzia\u0142: \u00abTen, kt\u00f3ry mu okaza\u0142 mi\u0142osierdzie\u00bb. Jezus mu rzek\u0142: \u00abId\u017a i ty czy\u0144 podobnie!\u00bb <\/p>\n\n\n\n<p><\/p>\n\n\n\n<p><\/p>\n\n\n\n<figure class=\"wp-block-image\"><a href=\"http:\/\/rafalk-elblag.pl\/wp-content\/uploads\/2021\/08\/ogloszenia-parafialne-baner-01a.jpg\"><img loading=\"lazy\" decoding=\"async\" width=\"720\" height=\"232\" src=\"http:\/\/rafalk-elblag.pl\/wp-content\/uploads\/2021\/08\/ogloszenia-parafialne-baner-01a.jpg\" alt=\"\" class=\"wp-image-4410\" srcset=\"https:\/\/rafalk-elblag.pl\/wp-content\/uploads\/2021\/08\/ogloszenia-parafialne-baner-01a.jpg 720w, https:\/\/rafalk-elblag.pl\/wp-content\/uploads\/2021\/08\/ogloszenia-parafialne-baner-01a-300x97.jpg 300w\" sizes=\"auto, (max-width: 720px) 100vw, 720px\" \/><\/a><\/figure>\n\n\n\n<h1 class=\"wp-block-heading\">Og\u0142oszenia parafialne 10.07.2022r<\/h1>\n\n\n\n<h3 class=\"wp-block-heading\"><strong>W SOBOT\u0118 16 LIPCA PRZYPADA UROCZYSTO\u015a\u0106 NAJ\u015aWI\u0118TSZEJ MARYI PANNY Z G\u00d3RY KARMEL A ZARAZEM JUBILEUSZ 20 -LECIA RODZINY SZKAPLERZNEJ.<\/strong><\/h3>\n\n\n\n<p>TRWA NOWENNA PRZED UROCZYSTO\u015aCI\u0104 NAJ\u015aWI\u0118TSZEJ MARYI PANNY Z G\u00d3RY KARMEL I JUBILEUSZEM 20 -LECIA RODZINY SZKAPLERZNEJ<\/p>\n\n\n\n<p>S\u0142owo Bo\u017ce wyg\u0142osi Ojciec Redemptorysta Miros\u0142aw Dawlewicz z Warszawy.<em>W tym dniu mo\u017cemy przyj\u0105\u0107 SZKAPLERZ KARMELITANSKI.<\/em><\/p>\n\n\n\n<p>Zapraszamy wszystkich parafian na <strong>Uroczyst\u0105 Msz\u0119 \u015awi\u0119t\u0105 Odpustowo &#8211; Jubileuszow\u0105 o godz. 18:00<\/strong>. Dok\u0142adny plan uroczysto\u015bci umieszczony na plakatach.<\/p>\n\n\n\n<p><strong>Program uroczysto\u015bci:<\/strong><\/p>\n\n\n\n<p><strong>godz. 16:30<\/strong> \u2013 MODLITWA UWIELBIENIA<br><strong>godz. 17:45<\/strong> \u2013 przygotowanie do Eucharystii<br><strong>godz. 18:00<\/strong> &#8211; MSZA \u015aWI\u0118TA z<em><strong> mo\u017cliwo\u015bci\u0105 przyj\u0119cia SZKAPLERZA<\/strong><\/em><br><strong>godz. 19:30<\/strong> \u2013 AGAPA czyli pocz\u0119stunek dla wszystkich<br><strong>godz. 20:30 do 22:00 \u2013<\/strong> Koncert zespo\u0142u \u201eNIEBOSK\u0141ONNI\u201d w tym o godz. 21:00 \u2013 wsp\u00f3lny Apel Jasnog\u00f3rski<\/p>\n\n\n\n<p>OG\u0141OSZENIA:<\/p>\n\n\n\n<ol class=\"wp-block-list\"><li>Dzisiaj przedstawiciele <strong>Rodziny Szkaplerznej<\/strong> przed ko\u015bcio\u0142em zbieraj\u0105 ofiary do puszek na wsparcie organizacji <strong>JUBILEUSZU 20-LECIA RODZINY SZKAPLERZNEJ<\/strong>. Do wsp\u00f3lnego \u015bwi\u0119towania zapraszamy w sobot\u0119 16 lipca br. od godz. 16:30. <em>Dzi\u0119kujemy tym wszystkim kt\u00f3rzy tworz\u0105 Rodzin\u0119 i Bractwo Szkaplerzne i wszystkim parafianom za wsparcie.<\/em><br><\/li><li>B\u0119d\u0119 wdzi\u0119czny osobom, kt\u00f3re chc\u0105 w\u0142\u0105czy\u0107 si\u0119 w przygotowania poprzez przyniesienie ciast na wsp\u00f3lny st\u00f3\u0142 odpustowy. Wypieki mo\u017cna przynosi\u0107 w dniu ODPUSTU PARAFIALNEGO tj. w sobot\u011916 lipca &#8211; od godziny 16:00 do 17:00<em>.<\/em><br><\/li><li><strong>Po Mszy \u015bwi\u0119tej wieczorowej odmawiana jest <strong>Nowenna przed \u015awi\u0119tem Matki Bo\u017cej Szkaplerznej (16 lipca). <\/strong><em>Zapraszamy wszystkich, a szczeg\u00f3lnie tych, kt\u00f3rzy przyj\u0119li szkaplerz karmelita\u0144ski i tworz\u0105 Rodzin\u0119 Karmelita\u0144sk\u0105 i Bractwo Szkaplerzne.<\/em><\/strong><br><\/li><li><strong>Lipiec jest miesi\u0105cem po\u015bwi\u0119conym kontemplacji Naj\u015bwi\u0119tszej Krwi Chrystusa. <\/strong>Krew Chrystusa jest niezbitym dowodem mi\u0142o\u015bci Niebieskiego Ojca do ka\u017cdego cz\u0142owieka bez wyj\u0105tku. <em>Zach\u0119cam Wsp\u00f3lnot\u0119 Krwi Chrystusa do prowadzenia modlitw przed Msz\u0105 \u015bw. wieczorow\u0105 o godz. 17:30.<\/em><br><\/li><li><strong>Kancelaria parafialna,<\/strong> <strong>przez ca\u0142y okres wakacji, czynna b\u0119dzie w \u015brody i pi\u0105tki po Mszy \u015bw. wieczorowej do godziny 19:30. Zapraszamy.<\/strong><br><\/li><li><strong>Parafialny Oddzia\u0142 Caritas<\/strong> przy ul. Myliusa 1A w czasie wakacji jest nieczynny.<br><\/li><li><strong>Dzi\u0119kujemy za stosowny ubi\u00f3r w ko\u015bciele w okresie wakacji. <\/strong>Msza \u015bw. jest uroczyst\u0105 celebracj\u0105, kt\u00f3ra domaga si\u0119 swego pi\u0119kna, szacunku i najwy\u017cszej kultury.<\/li><\/ol>\n\n\n\n<p><\/p>\n\n\n\n<p><\/p>\n\n\n\n<figure class=\"wp-block-image\"><img decoding=\"async\" src=\"http:\/\/rafalk-elblag.pl\/wp-content\/uploads\/2020\/04\/baner-intencje-mszy.jpg\" alt=\"\"\/><\/figure>\n\n\n\n<h1 class=\"wp-block-heading\">Intencje mszalne 10.07.2022r<\/h1>\n\n\n\n<p><strong>XV Niedziela Zwyk\u0142a \/ 10 lipca 2022 r. \/<br>IV DZIE\u0143 NOWENNY<\/strong><br>8.00 \u2020 Aleksandra RADZISZEWSKA w 16 rocznic\u0119 \u015bmierci<br>10.00 O Bo\u017ce b\u0142ogos\u0142awie\u0144stwo dla Nikodema i ca\u0142ej Jego rodziny, Agnieszki i ca\u0142ej rodziny zakonnej oraz dla Magdaleny i ca\u0142ej Jej rodziny<br>12.00 W intencji Parafian<br>18.00 \u2020 Tomasz WARZECHA w 30 dzie\u0144 po pogrzebie<\/p>\n\n\n\n<p><strong>PONIEDZIA\u0141EK \/ 11 lipca 2022r.\/ \u015bw. Benedykta, opata, patrona Europy<br>V DZIE\u0143 NOWENNY<\/strong><br>8.00 Dzi\u0119kczynna w dniu urodzin Karoliny z pro\u015bb\u0105 o przemian\u0119 serca i \u017cywa wiar\u0119<br>18.00 \u2020 Wiktoria \u017bENDARSKA w 8 rocznic\u0119 \u015bmierci oraz zmar\u0142ych z rodziny<\/p>\n\n\n\n<p><strong>WTOREK \/ 12 lipca 2022r. \/ \u015bw. Brunona Bonifacego z Kwerfurtu, biskupa<br>VI DZIE\u0143 NOWENNY<\/strong><br>8.00 O wszelkie potrzebne \u0142aski, dary Ducha \u015awi\u0119tego dla ks. Piotra Wolnikowskiego<br>18.00 \u2020 Jadwiga, Stanis\u0142aw WYZDRA<\/p>\n\n\n\n<p><strong>\u015aRODA \/ 13 lipca 2022r. \/ \u015bw. Andrzeja \u015awierada i Benedykta<br>VII DZIE\u0143 NOWENNY<\/strong><br>8.00 \u2020 Krystyna w 1 rocznic\u0119 \u015bmierci \u2020 Zygmunt SOKALSKICH,\u2020 Leonia i Marian POK\u00d3J<br>18.00 \u2020 Katarzyna Wojenkowska w 4 rocz. \u015bmierci<\/p>\n\n\n\n<p><strong>CZWARTEK \/ 14 lipca 2022r.<br>VIII DZIE\u0143 NOWENNY<\/strong><br>8.00 \u2020 W\u0142odzimierz \u015aCIBOR z okazji imienin<br>8.00 \u2020 Henryk PAWLICKI<br>PI\u0104TEK \/ 15 lipca 2022r.\/ \u015aw. Bonawentury<br>IX DZIE\u0143 NOWENNY<br>8.00 \u2020 Roman TYKARSKI oraz za dusze w czy\u015b\u0107cu cierpi\u0105ce<br>18.00 Dzi\u0119kczynna z okazji urodzin Tomasza oraz w dniu imienin Henryka z pro\u015bb\u0105 o Bo\u017ce b\u0142ogos\u0142awie\u0144stwo, wszelkie potrzebne \u0142aski i opiek\u0119 Matki Bo\u017cej<\/p>\n\n\n\n<p><strong><span style=\"color:#005fda\" class=\"has-inline-color\">SOBOTA \/ 16 lipca 2022r.<br>Uroczysto\u015b\u0107 Matki Bo\u017cej z G\u00f3ry Karmel<br>JUBILEUSZ 20-LECIA RODZINY SZKAPLERZNEJ<\/span><\/strong><br>8.00 \u2020 Anna NADOLSKA i J\u00f3zef M\u0141YNARSKI, Marianna(k), Zbigniew i S\u0142awomir, Danuta<br>18.00 W intencji ca\u0142ej Rodziny Szkaplerznej z okazji 20 rocznicy powstania oraz za osoby kt\u00f3re dzisiaj przyjm\u0105 Szkaplerz \u015awi\u0119ty<br>18.00 Dzi\u0119kczynna za Moderatora RODZINY SZKAPLERZNEJ ks. Wojciecha ZWOLICKIEGO z pro\u015bb\u0105 o Bo\u017ce b\u0142ogos\u0142awie\u0144stwo, opiek\u0119 Matki Bo\u017cej Szkaplerznej w dalszym gorliwym szerzeniu kultu Naj\u015bwi\u0119tszej Maryi Panny z G\u00f3ry Karmel<\/p>\n\n\n\n<p><br><\/p>\n","protected":false},"excerpt":{"rendered":"<p>Ewangelia (\u0141k 10, 25-37) S\u0142owa Ewangelii wed\u0142ug \u015awi\u0119tego \u0141ukasza Powsta\u0142 jaki\u015b uczony w Prawie i wystawiaj\u0105c Jezusa na pr\u00f3b\u0119, zapyta\u0142: \u00abNauczycielu, co mam czyni\u0107, aby osi\u0105gn\u0105\u0107 \u017cycie wieczne?\u00bb Jezus mu odpowiedzia\u0142: \u00abCo jest napisane w Prawie? Jak czytasz?\u00bb On rzek\u0142: \u00abB\u0119dziesz mi\u0142owa\u0142 Pana, Boga swego, ca\u0142ym swoim sercem, ca\u0142\u0105 swoj\u0105 dusz\u0105, ca\u0142\u0105 swoj\u0105 moc\u0105 i [&hellip;]<\/p>\n","protected":false},"author":1,"featured_media":4746,"comment_status":"closed","ping_status":"closed","sticky":false,"template":"","format":"standard","meta":{"ngg_post_thumbnail":0,"footnotes":""},"categories":[11,8,4,3],"tags":[],"class_list":["post-4745","post","type-post","status-publish","format-standard","has-post-thumbnail","hentry","category-aktualnosci","category-blog","category-intencje","category-ogloszenia"],"_links":{"self":[{"href":"https:\/\/rafalk-elblag.pl\/index.php?rest_route=\/wp\/v2\/posts\/4745","targetHints":{"allow":["GET"]}}],"collection":[{"href":"https:\/\/rafalk-elblag.pl\/index.php?rest_route=\/wp\/v2\/posts"}],"about":[{"href":"https:\/\/rafalk-elblag.pl\/index.php?rest_route=\/wp\/v2\/types\/post"}],"author":[{"embeddable":true,"href":"https:\/\/rafalk-elblag.pl\/index.php?rest_route=\/wp\/v2\/users\/1"}],"replies":[{"embeddable":true,"href":"https:\/\/rafalk-elblag.pl\/index.php?rest_route=%2Fwp%2Fv2%2Fcomments&post=4745"}],"version-history":[{"count":6,"href":"https:\/\/rafalk-elblag.pl\/index.php?rest_route=\/wp\/v2\/posts\/4745\/revisions"}],"predecessor-version":[{"id":4755,"href":"https:\/\/rafalk-elblag.pl\/index.php?rest_route=\/wp\/v2\/posts\/4745\/revisions\/4755"}],"wp:featuredmedia":[{"embeddable":true,"href":"https:\/\/rafalk-elblag.pl\/index.php?rest_route=\/wp\/v2\/media\/4746"}],"wp:attachment":[{"href":"https:\/\/rafalk-elblag.pl\/index.php?rest_route=%2Fwp%2Fv2%2Fmedia&parent=4745"}],"wp:term":[{"taxonomy":"category","embeddable":true,"href":"https:\/\/rafalk-elblag.pl\/index.php?rest_route=%2Fwp%2Fv2%2Fcategories&post=4745"},{"taxonomy":"post_tag","embeddable":true,"href":"https:\/\/rafalk-elblag.pl\/index.php?rest_route=%2Fwp%2Fv2%2Ftags&post=4745"}],"curies":[{"name":"wp","href":"https:\/\/api.w.org\/{rel}","templated":true}]}}