{"id":4738,"date":"2022-07-03T18:24:06","date_gmt":"2022-07-03T18:24:06","guid":{"rendered":"http:\/\/rafalk-elblag.pl\/?p=4738"},"modified":"2022-07-03T18:24:06","modified_gmt":"2022-07-03T18:24:06","slug":"ogloszenia-03-07-2022-xiv-niedziela-zwykla","status":"publish","type":"post","link":"https:\/\/rafalk-elblag.pl\/?p=4738","title":{"rendered":"Og\u0142oszenia 03.07.2022, XIV Niedziela Zwyk\u0142a"},"content":{"rendered":"\n<figure class=\"wp-block-embed is-type-video is-provider-youtube wp-block-embed-youtube wp-embed-aspect-16-9 wp-has-aspect-ratio\"><div class=\"wp-block-embed__wrapper\">\n<iframe loading=\"lazy\" title=\"Tomasz Kostecki: rado\u015b\u0107 z dobra\" width=\"900\" height=\"506\" src=\"https:\/\/www.youtube.com\/embed\/AnO3vNxJgmc?feature=oembed\" frameborder=\"0\" allow=\"accelerometer; autoplay; clipboard-write; encrypted-media; gyroscope; picture-in-picture\" allowfullscreen><\/iframe>\n<\/div><\/figure>\n\n\n\n<h1 class=\"wp-block-heading\">Ewangelia (\u0141k 10, 1-12. 17-20) Pok\u00f3j kr\u00f3lestwa Bo\u017cego<\/h1>\n\n\n\n<p>S\u0142owa Ewangelii wed\u0142ug \u015awi\u0119tego \u0141ukasza<\/p>\n\n\n\n<p><strong> Jezus wyznaczy\u0142 jeszcze innych siedemdziesi\u0119ciu dwu uczni\u00f3w i wys\u0142a\u0142 ich po dw\u00f3ch przed sob\u0105 do ka\u017cdego miasta i miejscowo\u015bci, dok\u0105d sam przyj\u015b\u0107 zamierza\u0142. Powiedzia\u0142 te\u017c do nich: \u00ab\u017bniwo wprawdzie wielkie, ale robotnik\u00f3w ma\u0142o; pro\u015bcie wi\u0119c Pana \u017cniwa, \u017ceby wyprawi\u0142 robotnik\u00f3w na swoje \u017cniwo. Id\u017acie! Oto posy\u0142am was jak owce mi\u0119dzy wilki. <\/strong><\/p>\n\n\n\n<p>Nie no\u015bcie z sob\u0105 trzosa ani torby, ani sanda\u0142\u00f3w; i nikogo w drodze nie pozdrawiajcie. Gdy wejdziecie do jakiego\u015b domu, najpierw m\u00f3wcie: Pok\u00f3j temu domowi. Je\u015bli tam mieszka cz\u0142owiek godny pokoju, wasz pok\u00f3j spocznie na nim; je\u015bli nie, powr\u00f3ci do was. W tym samym domu zosta\u0144cie, jedz\u0105c i pij\u0105c, co b\u0119d\u0105 mieli: bo zas\u0142uguje robotnik na swoj\u0105 zap\u0142at\u0119. <\/p>\n\n\n\n<p>Nie przechod\u017acie z domu do domu. Je\u015bli do jakiego\u015b miasta wejdziecie i przyjm\u0105 was, jedzcie, co wam podadz\u0105; uzdrawiajcie chorych, kt\u00f3rzy tam s\u0105, i m\u00f3wcie im: Przybli\u017cy\u0142o si\u0119 do was kr\u00f3lestwo Bo\u017ce\u00bb. \u00abLecz je\u015bli do jakiego\u015b miasta wejdziecie, a nie przyjm\u0105 was, wyjd\u017acie na jego ulice i powiedzcie: Nawet proch, kt\u00f3ry z waszego miasta przylgn\u0105\u0142 nam do n\u00f3g, strz\u0105samy wam. Wszak\u017ce to wiedzcie, \u017ce bliskie jest kr\u00f3lestwo Bo\u017ce. Powiadam wam: Sodomie l\u017cej b\u0119dzie w \u00f3w dzie\u0144 ni\u017c temu miastu\u00bb. <\/p>\n\n\n\n<p>Wr\u00f3ci\u0142o siedemdziesi\u0119ciu dw\u00f3ch z rado\u015bci\u0105, m\u00f3wi\u0105c: \u00abPanie, przez wzgl\u0105d na Twoje imi\u0119 nawet z\u0142e duchy nam si\u0119 poddaj\u0105\u00bb. Wtedy rzek\u0142 do nich: \u00abWidzia\u0142em Szatana, kt\u00f3ry spad\u0142 z nieba jak b\u0142yskawica. Oto da\u0142em wam w\u0142adz\u0119 st\u0105pania po w\u0119\u017cach i skorpionach, i po ca\u0142ej pot\u0119dze przeciwnika, a nic wam nie zaszkodzi. Jednak\u017ce nie z tego si\u0119 cieszcie, \u017ce duchy si\u0119 wam poddaj\u0105, lecz cieszcie si\u0119, \u017ce wasze imiona zapisane s\u0105 w niebie\u00bb. <\/p>\n\n\n\n<p><\/p>\n\n\n\n<p><\/p>\n\n\n\n<figure class=\"wp-block-image\"><a href=\"http:\/\/rafalk-elblag.pl\/wp-content\/uploads\/2021\/08\/ogloszenia-parafialne-baner-01a.jpg\"><img loading=\"lazy\" decoding=\"async\" width=\"720\" height=\"232\" src=\"http:\/\/rafalk-elblag.pl\/wp-content\/uploads\/2021\/08\/ogloszenia-parafialne-baner-01a.jpg\" alt=\"\" class=\"wp-image-4410\" srcset=\"https:\/\/rafalk-elblag.pl\/wp-content\/uploads\/2021\/08\/ogloszenia-parafialne-baner-01a.jpg 720w, https:\/\/rafalk-elblag.pl\/wp-content\/uploads\/2021\/08\/ogloszenia-parafialne-baner-01a-300x97.jpg 300w\" sizes=\"auto, (max-width: 720px) 100vw, 720px\" \/><\/a><\/figure>\n\n\n\n<h1 class=\"wp-block-heading\">Og\u0142oszenia parafialne 03.07.2022r<\/h1>\n\n\n\n<ol class=\"wp-block-list\"><li>Zapraszamy dzi\u015b w I Niedziel\u0119 miesi\u0105ca na <strong>Adoracj\u0119 Naj\u015bwi\u0119tszego Sakramentu od godz. 15:00 do godz. 18:00. <\/strong><em>Rozpocznie si\u0119 Koronk\u0105 do Bo\u017cego Mi\u0142osierdzia.<\/em><br><\/li><li>Ofiary sk\u0142adane dzisiaj na tac\u0119 przeznaczone s\u0105 na inwestycje w naszej parafii. <em>B\u00f3g zap\u0142a\u0107 za zrozumienie i z\u0142o\u017cone ofiary.<\/em><br><\/li><li><strong>Witamy w naszej wsp\u00f3lnocie parafialnej nowych wikariuszy, ks. mgr lic. Sylwestra \u017bbikowskiego oraz ks. mgr Mariana Ja\u017cd\u017cewskiego, <\/strong>kt\u00f3rzy Dekretem Biskupa Elbl\u0105skiego od 1 lipca br. rozpocz\u0119li pos\u0142ug\u0119 w naszej parafii. <em>Otoczmy modlitw\u0105 obu kap\u0142an\u00f3w, by ich pos\u0142uga przynios\u0142a b\u0142ogos\u0142awione owoce.<\/em><br><\/li><li>W tym tygodniu przypada pierwszy czwartek miesi\u0105ca zapraszamy na Mszy \u015bw. o godz. 18:00 a po niej na Godzin\u0119 \u015awi\u0119t\u0105 \u2013 w intencji powo\u0142a\u0144 z naszej parafii.<br><\/li><li><strong>UWAGA OSOBY NOSZACE SZKAPLERZ !!!<\/strong> W zakrystii mo\u017cna odebra\u0107 deklaracj\u0119 o przyst\u0105pieniu do Bractwa Szkaplerznego, kt\u00f3r\u0105 nale\u017cy wype\u0142ni\u0107 i przynie\u015b\u0107 do zakrystii.<br><\/li><li>Od 7 lipca (czwartek) do 15 lipca (pi\u0105tek) po Mszy \u015bwi\u0119tej wieczorowej odmawiana b\u0119dzie <strong>Nowenna przed \u015awi\u0119tem Matki Bo\u017cej Szkaplerznej (16 lipca). <\/strong><em>Zapraszamy wszystkich, a szczeg\u00f3lnie tych, kt\u00f3rzy przyj\u0119li szkaplerz karmelita\u0144ski i tworz\u0105 Rodzin\u0119 Karmelita\u0144sk\u0105 i Bractwo Szkaplerzne.<\/em><br><\/li><li>W przysz\u0142\u0105 niedziele tj. 10 lipca br. <strong>Rodzina Szkaplerzna<\/strong> przed ko\u015bcio\u0142em zbiera\u0107 b\u0119dzie ofiary do puszek na przygotowanie <strong>JUBILEUSZU 20-LECIA RODZINY SZKAPLERZNEJ<\/strong>. Do wsp\u00f3lnego \u015bwi\u0119towania zapraszamy w sobot\u0119 16 lipca br. od godz. 16:30. <em>Dzi\u0119kujemy tym wszystkim kt\u00f3rzy tworz\u0105 Rodzin\u0119 i Bractwo Szkaplerzne i wszystkim parafianom za wsparcie.<\/em><br><\/li><li>B\u0119d\u0119 wdzi\u0119czny osobom, kt\u00f3re chc\u0105 w\u0142\u0105czy\u0107 si\u0119 w przygotowania poprzez przyniesienie ciast na wsp\u00f3lny st\u00f3\u0142 odpustowy. Mo\u017cna wypieki przynosi\u0107 w dniu ODPUSTU PARAFIALNEGO tj. w sobot\u011916 lipca &#8211; od godziny 16:00 do 17:00<em>.<\/em><br><\/li><li><strong>Lipiec jest miesi\u0105cem po\u015bwi\u0119conym kontemplacji Naj\u015bwi\u0119tszej Krwi Chrystusa. <\/strong>Krew Chrystusa jest niezbitym dowodem mi\u0142o\u015bci Niebieskiego Ojca do ka\u017cdego cz\u0142owieka bez wyj\u0105tku. <em>Zach\u0119cam Wsp\u00f3lnot\u0119 Krwi Chrystusa do prowadzenia modlitw przed Msz\u0105 \u015bw. wieczorow\u0105 o godz. 17:30.<\/em><br><\/li><li><strong>Kancelaria parafialna, przez ca\u0142y okres wakacji, czynna b\u0119dzie w \u015brody i pi\u0105tki po Mszy \u015bw. wieczorowej<\/strong><br><\/li><li><strong>arafialny Oddzia\u0142 Caritas<\/strong> przy ul. Myliusa 1A w czasie wakacji jest nieczynny.<br><\/li><li><strong>Dzi\u0119kujemy za stosowny ubi\u00f3r w ko\u015bciele w okresie wakacji. <\/strong>Msza \u015bw. jest uroczyst\u0105 celebracj\u0105, kt\u00f3ra domaga si\u0119 swego pi\u0119kna, szacunku i najwy\u017cszej kultury.<br><\/li><li><em>Dzieciom i m\u0142odzie\u017cy \u017cyczymy udanych i bezpiecznych wakacji, polecaj\u0105c ich opiece Anio\u0142\u00f3w Str\u00f3\u017c\u00f3w. Szcz\u0119\u015b\u0107 Wam Bo\u017ce.<\/em><\/li><\/ol>\n\n\n\n<p><\/p>\n\n\n\n<figure class=\"wp-block-image\"><img decoding=\"async\" src=\"http:\/\/rafalk-elblag.pl\/wp-content\/uploads\/2020\/04\/baner-intencje-mszy.jpg\" alt=\"\"\/><\/figure>\n\n\n\n<h1 class=\"wp-block-heading\">Intencje mszalne 03.07.2022r<\/h1>\n\n\n\n<p><strong>XIV Niedziela Zwyk\u0142a \/ 3 lipca 2022 r.<\/strong><br>8.00 \u015bp. Helena KULMA w 7 rocznic\u0119 \u015bmierci<br>10.00 \u015bp. Wiktoria w 5 rocznic\u0119 \u015bmierci i Bronis\u0142aw JANICCY, Wiktoria, Jan i Halina SZCZ\u0118\u015aNI; Marta, Antoni, Tomasz JANICCY oraz Hermenegilda MOLGA<br>12.00 Dzi\u0119kczynna w 52 rocznic\u0119 \u015blubu Zuzanny i Henryka STAN z pro\u015bb\u0105 o Bo\u017ce b\u0142ogos\u0142awie\u0144stwo i potrzebne \u0142aski dla Jubilat\u00f3w<br>12.00 W intencji Parafian \/ ofiarodawc\u00f3w naszej \u015bwi\u0105tyni<br>15.00 KORONKA DO BO\u017bEGO MI\u0141OSIERDZIA I ADORACJA NAJ\u015aWI\u0118TSZEGO SAKRAMENTU<br>18.00 O do\u015bwiadczenie Bo\u017cej mi\u0142o\u015bci dla Sebastiana i Karoliny<\/p>\n\n\n\n<p><strong>PONIEDZIA\u0141EK \/ 4 lipca 2022r.<\/strong><br>8.00 O Bo\u017ce b\u0142ogos\u0142awie\u0144stwo, \u0142ask\u0119 zdrowia, dary Ducha \u015awi\u0119tego i opiek\u0119 Matki Bo\u017cej dla ca\u0142ej rodziny PAW\u0141OWSKICH<br>18.00 \u015ap. Halina KORZENIOWSKA w 2 rocznic\u0119 \u015bmierci<\/p>\n\n\n\n<p><strong>WTOREK \/ 5 lipca 2022r. \/<\/strong><br>8.00 Za zmar\u0142ych rodzic\u00f3w: \u015bp. Teofil i Wiktoria<br>18.00 O Bo\u017ce b\u0142ogos\u0142awie\u0144stwo, wszelkie potrzebne \u0142aski dla TYMONA z okazji 8 urodzin<\/p>\n\n\n\n<p><strong>\u015aRODA \/ 6 lipca 2021r.<\/strong><br>b\u0142. Marii Teresy Led\u00f3chowskiej<br>8.00 O wszelkie potrzebne \u0142aski, dary Ducha \u015awi\u0119tego dla ks. Proboszcza Wojciecha<br>18.00 \u015bp. Genowefa i Aleksander(m) KACZY\u0143SCY w 5 rocznice \u015bmierci<\/p>\n\n\n\n<p><strong>CZWARTEK \/ 7 lipca 2022r. \/ I DZIE\u0143 NOWENNY<br>PIERWSZY CZWARTEK MIESI\u0104CA<\/strong><br>8.00 O Bo\u017ce b\u0142ogos\u0142awie\u0144stwo dla Wsp\u00f3lnoty \u201ePRZEMIENIENIE\u201d<br>18.00 Dzi\u0119kczynna w 85 urodziny Anny WO\u0179NIAK z pro\u015bb\u0105 o Bo\u017ce b\u0142ogos\u0142awie\u0144stwo, potrzebne \u0142aski na dalsze lata \u017cycia<\/p>\n\n\n\n<p><strong>PI\u0104TEK \/ 8 lipca 2022r. \u015bw. Jana z Dukli,<br>II DZIE\u0143 NOWENNY<\/strong><br>8.00 \u015bp. Helena, Franciszek, Jerzy RO\u017bENTALSCY<br>18.00 \u015bp. Henryk \u015aLED\u0179 w 29 rocznice \u015bmierci, \u015bp. Jan MODZELEWSKI w 8 miesi\u0105c po pogrzebie oraz zmarli rodzice z obojga stron<\/p>\n\n\n\n<p><strong>SOBOTA \/ 9 lipca 2022r.<br>III DZIE\u0143 NOWENNY<\/strong><br>8.00 O wszelkie potrzebne \u0142aski, dary ucha \u015awi\u0119tego dla ks. Marcina DOPIERA\u0141A<br>18.00 \u015ap. Henryk CZAPIEWSKI w 1 rocznic\u0119 \u015bmierci<\/p>\n\n\n\n<p><br><\/p>\n","protected":false},"excerpt":{"rendered":"<p>Ewangelia (\u0141k 10, 1-12. 17-20) Pok\u00f3j kr\u00f3lestwa Bo\u017cego S\u0142owa Ewangelii wed\u0142ug \u015awi\u0119tego \u0141ukasza Jezus wyznaczy\u0142 jeszcze innych siedemdziesi\u0119ciu dwu uczni\u00f3w i wys\u0142a\u0142 ich po dw\u00f3ch przed sob\u0105 do ka\u017cdego miasta i miejscowo\u015bci, dok\u0105d sam przyj\u015b\u0107 zamierza\u0142. Powiedzia\u0142 te\u017c do nich: \u00ab\u017bniwo wprawdzie wielkie, ale robotnik\u00f3w ma\u0142o; pro\u015bcie wi\u0119c Pana \u017cniwa, \u017ceby wyprawi\u0142 robotnik\u00f3w na swoje [&hellip;]<\/p>\n","protected":false},"author":1,"featured_media":4742,"comment_status":"closed","ping_status":"closed","sticky":false,"template":"","format":"standard","meta":{"ngg_post_thumbnail":0,"footnotes":""},"categories":[11,8,4,3],"tags":[],"class_list":["post-4738","post","type-post","status-publish","format-standard","has-post-thumbnail","hentry","category-aktualnosci","category-blog","category-intencje","category-ogloszenia"],"_links":{"self":[{"href":"https:\/\/rafalk-elblag.pl\/index.php?rest_route=\/wp\/v2\/posts\/4738","targetHints":{"allow":["GET"]}}],"collection":[{"href":"https:\/\/rafalk-elblag.pl\/index.php?rest_route=\/wp\/v2\/posts"}],"about":[{"href":"https:\/\/rafalk-elblag.pl\/index.php?rest_route=\/wp\/v2\/types\/post"}],"author":[{"embeddable":true,"href":"https:\/\/rafalk-elblag.pl\/index.php?rest_route=\/wp\/v2\/users\/1"}],"replies":[{"embeddable":true,"href":"https:\/\/rafalk-elblag.pl\/index.php?rest_route=%2Fwp%2Fv2%2Fcomments&post=4738"}],"version-history":[{"count":1,"href":"https:\/\/rafalk-elblag.pl\/index.php?rest_route=\/wp\/v2\/posts\/4738\/revisions"}],"predecessor-version":[{"id":4743,"href":"https:\/\/rafalk-elblag.pl\/index.php?rest_route=\/wp\/v2\/posts\/4738\/revisions\/4743"}],"wp:featuredmedia":[{"embeddable":true,"href":"https:\/\/rafalk-elblag.pl\/index.php?rest_route=\/wp\/v2\/media\/4742"}],"wp:attachment":[{"href":"https:\/\/rafalk-elblag.pl\/index.php?rest_route=%2Fwp%2Fv2%2Fmedia&parent=4738"}],"wp:term":[{"taxonomy":"category","embeddable":true,"href":"https:\/\/rafalk-elblag.pl\/index.php?rest_route=%2Fwp%2Fv2%2Fcategories&post=4738"},{"taxonomy":"post_tag","embeddable":true,"href":"https:\/\/rafalk-elblag.pl\/index.php?rest_route=%2Fwp%2Fv2%2Ftags&post=4738"}],"curies":[{"name":"wp","href":"https:\/\/api.w.org\/{rel}","templated":true}]}}