{"id":4731,"date":"2022-06-26T09:53:00","date_gmt":"2022-06-26T09:53:00","guid":{"rendered":"http:\/\/rafalk-elblag.pl\/?p=4731"},"modified":"2022-06-28T09:54:06","modified_gmt":"2022-06-28T09:54:06","slug":"biuletyn-26-06-2022-xiii-niedziela-zwykla","status":"publish","type":"post","link":"https:\/\/rafalk-elblag.pl\/?p=4731","title":{"rendered":"Biuletyn 26.06.2022, XIII Niedziela Zwyk\u0142a"},"content":{"rendered":"\n<div class=\"wp-block-image\"><figure class=\"alignleft size-large is-resized\"><img loading=\"lazy\" decoding=\"async\" src=\"http:\/\/rafalk-elblag.pl\/wp-content\/uploads\/2022\/06\/holidays-1-1024x686.jpg\" alt=\"\" class=\"wp-image-4735\" width=\"1024\" height=\"686\" srcset=\"https:\/\/rafalk-elblag.pl\/wp-content\/uploads\/2022\/06\/holidays-1-1024x686.jpg 1024w, https:\/\/rafalk-elblag.pl\/wp-content\/uploads\/2022\/06\/holidays-1-300x201.jpg 300w, https:\/\/rafalk-elblag.pl\/wp-content\/uploads\/2022\/06\/holidays-1-768x514.jpg 768w, https:\/\/rafalk-elblag.pl\/wp-content\/uploads\/2022\/06\/holidays-1-1536x1028.jpg 1536w, https:\/\/rafalk-elblag.pl\/wp-content\/uploads\/2022\/06\/holidays-1-2048x1371.jpg 2048w\" sizes=\"auto, (max-width: 1024px) 100vw, 1024px\" \/><\/figure><\/div>\n\n\n\n<h1 class=\"wp-block-heading\">Ewangelia (\u0141k 9, 51-62)\nTrzeba porzuci\u0107 wszystko, aby i\u015b\u0107 za Jezusem<\/h1>\n\n\n\n<p> S\u0142owa Ewangelii wed\u0142ug \u015awi\u0119tego \u0141ukasza<\/p>\n\n\n\n<p> Gdy dope\u0142nia\u0142y si\u0119 dni wzi\u0119cia Jezusa z tego \u015bwiata, postanowi\u0142 uda\u0107 si\u0119 do Jeruzalem, i wys\u0142a\u0142 przed sob\u0105 pos\u0142a\u0144c\u00f3w. Ci wybrali si\u0119 w drog\u0119 i weszli do pewnego miasteczka samaryta\u0144skiego, by przygotowa\u0107 Mu pobyt. Nie przyj\u0119to Go jednak, poniewa\u017c zmierza\u0142 do Jeruzalem. <\/p>\n\n\n\n<p>Widz\u0105c to, uczniowie Jakub i Jan rzekli: \u00abPanie, czy chcesz, by\u015bmy powiedzieli: Niech ogie\u0144 spadnie z nieba i poch\u0142onie ich?\u00bb Lecz On, odwr\u00f3ciwszy si\u0119, zgromi\u0142 ich. I udali si\u0119 do innego miasteczka. <\/p>\n\n\n\n<p>A gdy szli drog\u0105, kto\u015b powiedzia\u0142 do Niego: \u00abP\u00f3jd\u0119 za Tob\u0105, dok\u0105dkolwiek si\u0119 udasz\u00bb. Jezus mu odpowiedzia\u0142: \u00abLisy maj\u0105 nory i ptaki podniebne \u2013 gniazda, lecz Syn Cz\u0142owieczy nie ma miejsca, gdzie by g\u0142ow\u0119 m\u00f3g\u0142 po\u0142o\u017cy\u0107\u00bb. Do innego rzek\u0142: \u00abP\u00f3jd\u017a za Mn\u0105\u00bb. Ten za\u015b odpowiedzia\u0142: \u00abPanie, pozw\u00f3l mi najpierw p\u00f3j\u015b\u0107 pogrzeba\u0107 mojego ojca\u00bb. <\/p>\n\n\n\n<p>Odpar\u0142 mu: \u00abZostaw umar\u0142ym grzebanie ich umar\u0142ych, a ty id\u017a i g\u0142o\u015b kr\u00f3lestwo Bo\u017ce\u00bb. Jeszcze inny rzek\u0142: \u00abPanie, chc\u0119 p\u00f3j\u015b\u0107 za Tob\u0105, ale pozw\u00f3l mi najpierw po\u017cegna\u0107 si\u0119 z moimi w domu\u00bb. Jezus mu odpowiedzia\u0142: \u00abKtokolwiek przyk\u0142ada r\u0119k\u0119 do p\u0142uga, a wstecz si\u0119 ogl\u0105da, nie nadaje si\u0119 do kr\u00f3lestwa Bo\u017cego\u00bb. <\/p>\n\n\n\n<h1 class=\"wp-block-heading\">NA WAKACJE\u2026Z PANEM BOGIEM<\/h1>\n\n\n\n<p><strong>Uwielbiajmy Boga w pi\u0119knie stworzonego \u015bwiata. Dzi\u0119kujmy za tak wiele \u0142ask, jakich nieustannie nam udziela. Rozejrzyjmy si\u0119 wok\u00f3\u0142 siebie i zobaczmy pi\u0119kne dzie\u0142a Bo\u017ce. Czy jednak podziwiaj\u0105c to pi\u0119kno pami\u0119tamy o Stw\u00f3rcy wszystkiego? Podczas wakacji pami\u0119tajmy, \u017ce On na nas czeka i zr\u00f3bmy jeden krok w Jego kierunku. \u201eId\u017acie i odpocznijcie nieco\u201d &#8211; m\u00f3wi Jezus do Aposto\u0142\u00f3w zm\u0119czonych prac\u0105 ewangelizacyjn\u0105. Prze\u017cywamy czas wakacji, czas zas\u0142u\u017conego odpoczynku po d\u0142ugiej i mozolnej pracy. Czy jest to jednak czas bez Boga? Jezus wraz z aposto\u0142ami udaje si\u0119 na miejsce osobne, nie zostawia ich samych. <\/strong><\/p>\n\n\n\n<p>A czy z nami na wakacje wyje\u017cd\u017ca Pan B\u00f3g? On bardzo chce, ale to od nas zale\u017cy czy Go zabierzemy. Na czas wakacji nie zamyka si\u0119 ko\u015bcio\u0142\u00f3w, nie zawiesza si\u0119 sprawowania sakrament\u00f3w. A wi\u0119c tylko ode mnie zale\u017cy czy wakacje b\u0119d\u0105 czasem z Bogiem. Tak cz\u0119sto powtarzamy, \u017ce nie mamy czasu na modlitw\u0119, na lektur\u0119 Pisma \u015awi\u0119tego, na Eucharysti\u0119 \u2013 czasem nawet niedzieln\u0105 \u2013 bo tyle pracy, obowi\u0105zk\u00f3w, zabiegania. Przed nami wakacje \u2013 czas wolniejszy, mniej zabiegany. <\/p>\n\n\n\n<p>Czy jednak b\u0119dzie to tak\u017ce czas dla Boga i z Nim? Nie zostawiajmy Pana Boga na czas wakacji. Wr\u0119cz przeciwnie, jeszcze bardziej do Niego przylgnijmy. Znajd\u017amy chwil\u0119 na cz\u0119stsz\u0105 Eucharysti\u0119, modlitw\u0119, lektur\u0119 Bo\u017cego S\u0142owa. Uwielbiajmy Boga w pi\u0119knie stworzonego \u015bwiata. Dzi\u0119kujmy za tak wiele \u0142ask, jakich nieustannie nam udziela.  Rozejrzyjmy si\u0119 wok\u00f3\u0142 siebie i zobaczmy pi\u0119kne dzie\u0142a Bo\u017ce. Mo\u017cemy odpoczywa\u0107 z Panem i przy Nim. Taki odpoczynek umocni nas duchowo. Wakacje, odpoczynek tak\u017ce s\u0105 darem Pana. Niech wi\u0119c b\u0119d\u0105 prze\u017cywane i wykorzystane jak dar, za kt\u00f3ry nale\u017cy si\u0119 wdzi\u0119czno\u015b\u0107. Dzi\u0119kuj\u0105c stajemy si\u0119 lepsi, rado\u015bniejsi, mniej pretensjonalni. <\/p>\n\n\n\n<p>Czasem chyba tak trudno dostrzec nam Bo\u017cy dar. Czas wakacji mo\u017ce by\u0107 wspania\u0142\u0105 okazj\u0105 do tego, by u\u015bwiadomi\u0107 sobie, \u017ce wszystko jest \u0142ask\u0105 i za ka\u017cd\u0105 podzi\u0119kowa\u0107. Wyje\u017cd\u017camy w r\u00f3\u017cne pi\u0119kne zak\u0105tki kraju i \u015bwiata. Czy jednak podziwiaj\u0105c to pi\u0119kno pami\u0119tamy o Stw\u00f3rcy wszystkiego? Trzeba nam mo\u017ce wyrobi\u0107 w sobie pewn\u0105 wra\u017cliwo\u015b\u0107 duchow\u0105, \u015bwiadomo\u015b\u0107 stw\u00f3rcz\u0105. Ziemia dana nam jest przez Pana. To dla nas stworzy\u0142 On ten pi\u0119kny \u015bwiat. A my czasem zachowujemy si\u0119 tak, jakby wszystko nam si\u0119 nale\u017ca\u0142o. Uczmy si\u0119 wdzi\u0119czno\u015bci. Pan B\u00f3g si\u0119 nie narzuca, ale cierpliwie czeka na nasz krok. <\/p>\n\n\n\n<p>On wci\u0105\u017c jest i czuwa nad ka\u017cdym z nas. Tak wiele chce nam da\u0107. Tak bardzo chce, by\u015bmy byli szcz\u0119\u015bliwi. Tylko On wie, co nam do tego szcz\u0119\u015bcia jest potrzebne i w\u0142a\u015bnie tym chce nas obdarzy\u0107. A my? Czasem a mo\u017ce cz\u0119sto chcemy \u017cy\u0107 po swojemu. Nie pyta\u0107 Pana o Jego wol\u0119. Ewentualnie poprosi\u0107, by to On dostosowa\u0142 si\u0119 do naszej. Podczas wakacji pami\u0119tajmy, \u017ce On na nas czeka i zr\u00f3bmy jeden krok w Jego kierunku. Niech ko\u015bcio\u0142y nie b\u0119d\u0105 puste. Jezus nie chce by\u0107 sam zamkni\u0119ty w tabernakulum. On chce, by\u015b przyszed\u0142, porozmawia\u0142 z Nim, trwa\u0142 w Jego obecno\u015bci. On chce, by Jego S\u0142owo by\u0142o \u017cywe w twoim \u017cyciu. Si\u0119gnij wi\u0119c po nie i czytaj, s\u0142uchaj, rozwa\u017caj.  UDANEGO WYPOCZYNKU! <\/p>\n\n\n\n<p><\/p>\n\n\n\n<p><\/p>\n\n\n\n<figure class=\"wp-block-image\"><a href=\"http:\/\/rafalk-elblag.pl\/wp-content\/uploads\/2021\/08\/ogloszenia-parafialne-baner-01a.jpg\"><img loading=\"lazy\" decoding=\"async\" width=\"720\" height=\"232\" src=\"http:\/\/rafalk-elblag.pl\/wp-content\/uploads\/2021\/08\/ogloszenia-parafialne-baner-01a.jpg\" alt=\"\" class=\"wp-image-4410\" srcset=\"https:\/\/rafalk-elblag.pl\/wp-content\/uploads\/2021\/08\/ogloszenia-parafialne-baner-01a.jpg 720w, https:\/\/rafalk-elblag.pl\/wp-content\/uploads\/2021\/08\/ogloszenia-parafialne-baner-01a-300x97.jpg 300w\" sizes=\"auto, (max-width: 720px) 100vw, 720px\" \/><\/a><\/figure>\n\n\n\n<h1 class=\"wp-block-heading\">Og\u0142oszenia parafialne 26.06.2022r<\/h1>\n\n\n\n<ol class=\"wp-block-list\"><li><strong>Przed nami ostatnie Nabo\u017ce\u0144stwa Eucharystyczne ku czci Naj\u015bwi\u0119tszego Serca Pana Jezusa. Do udzia\u0142u w nich zapraszamy<\/strong> szczeg\u00f3lnie tych, kt\u00f3rym jeszcze w tym miesi\u0105cu nie uda\u0142o si\u0119 wybra\u0107 na Msz\u0119 \u015bw. o godz. 18:00 a po niej &#8211; na NABO\u017bE\u0143STWO.<br><\/li><li>Jak co roku wyruszymy 28 lipca z elbl\u0105skiej katedry, by 11 sierpnia doj\u015b\u0107 do duchowej stolicy Polski \u2013 JASN\u0104 G\u00d3R\u0118. <strong>Zach\u0119camy do udzia\u0142u w XXX Elbl\u0105skiej Pielgrzymce Pieszej na Jasna G\u00f3r\u0119 z grup\u0105 KATEDRA \u2013 P\u00d3\u0141NOC ELBL\u0104G.<\/strong> <em>&nbsp;Na organizacj\u0119 pieszej pielgrzymki do Cz\u0119stochowy zbierane s\u0105 dzisiaj ofiary do puszek.<u>Spotkanie dla ch\u0119tnych w salce m\u0142odzie\u017cowej o godz. 19:00. Zapraszamy. <\/u><\/em><br><\/li><li><strong>W \u015brod\u0119 (29 czerwca) przypada UROCZYSTO\u015a\u0106 \u015aWI\u0118TYCH APOSTO\u0141\u00d3W PIOTRA I PAW\u0141A \u2013 dzie\u0144 imienin pana Piotra \u2013 organisty. <\/strong>W tym dniu na Mszy \u015bw. o godz. 18:00 b\u0119dziemy dzi\u0119kowa\u0107 ksi\u0119dzu Marcinowi DOPIERA\u0141A, kt\u00f3ry po 3 latach pracy w naszej parafii decyzj\u0105 Biskupa Elbl\u0105skiego z dniem 1 lipca b\u0119dzie pracowa\u0142 w parafii pw. b\u0142. Jerzego Matulewicza w Pas\u0142\u0119ku. Niech ta Msza \u015bwi\u0119ta b\u0119dzie wyrazem naszej wdzi\u0119czno\u015bci za pos\u0142ug\u0119 kap\u0142a\u0144sk\u0105 ks. Marcina po\u015br\u00f3d nas. Serdecznie zapraszamy. <em>Taca z tego dnia przeznaczona jest na potrzeby Stolicy Apostolskiej tzw.<\/em><strong> \u015bwi\u0119topietrze<\/strong>.<br><\/li><li>W tym tygodniu przypada pierwszy czwartek, pi\u0105tek i sobota miesi\u0105ca.<ol><li><strong>w pierwszy czwartek miesi\u0105ca <\/strong>po Mszy \u015bw. o godz. 18:00 zapraszamy na Godzin\u0119 \u015awi\u0119t\u0105 \u2013 modlitw\u0119 w intencji powo\u0142a\u0144 z naszej parafii oraz o \u015bwi\u0119to\u015b\u0107 dla kap\u0142an\u00f3w,<\/li><li><strong>w pierwszy pi\u0105tek miesi\u0105ca <\/strong>spowied\u017a i Adoracja Naj\u015bwi\u0119tszego Sakramentu od godz. 17:30. Zapraszamy wszystkich na Msz\u0119 \u015bw. Wotywn\u0105 ku czci Naj\u015bwi\u0119tszego Serca Pana Jezusa o godz. 18:00.<\/li><li><strong>w pierwsz\u0105 sobot\u0119,<\/strong> o godz. 17:00, zapraszamy na <strong>NABO\u017bE\u0143STWO WYNAGRADZAJ\u0104CE <\/strong>w ramach nabo\u017ce\u0144stwa pierwszych pi\u0119ciu sob\u00f3t, o kt\u00f3re prosi\u0142a Matka Bo\u017ca w FATIMIE. <em>Tego dnia zmiana tajemnic dla \u017bywego R\u00f3\u017ca\u0144ca<\/em><br><\/li><\/ol><\/li><li><strong>UWAGA OSOBY NOSZACE SZKAPLERZ !!!<\/strong> W zakrystii mo\u017cna odebra\u0107 deklaracj\u0119 o przyst\u0105pieniu do Bractwa Szkaplerznego, kt\u00f3r\u0105 nale\u017cy wype\u0142ni\u0107 i przynie\u015b\u0107 do zakrystii<br><\/li><li><strong>Lipiec jest miesi\u0105cem po\u015bwi\u0119conym kontemplacji Naj\u015bwi\u0119tszej Krwi Chrystusa.&nbsp; <\/strong>Krew Chrystusa jest niezbitym dowodem mi\u0142o\u015bci Niebieskiego Ojca do ka\u017cdego cz\u0142owieka bez wyj\u0105tku. <em>Zach\u0119cam Wsp\u00f3lnot\u0119 Krwi Chrystusa do prowadzenia modlitw przed Msz\u0105 \u015bw. wieczorow\u0105 o godz. 17:30.<\/em><br><\/li><li>Kancelaria parafialna, przez ca\u0142y okres wakacji, czynna b\u0119dzie w \u015brody i pi\u0105tki po Mszy \u015bw. wieczorowej.<br><\/li><li><strong>Dzi\u0119kujemy za stosowny ubi\u00f3r w ko\u015bciele w okresie wakacji. <\/strong>Msza \u015bw. jest uroczyst\u0105 celebracj\u0105, kt\u00f3ra domaga si\u0119 swego pi\u0119kna, szacunku i najwy\u017cszej kultury.<br><\/li><li><strong>Caritas Diecezji Elbl\u0105skiej zaprasza do swojego o\u015brodka w Mikoszewie dzieci w wieku &nbsp;&nbsp;&nbsp;&nbsp;&nbsp;&nbsp;&nbsp;&nbsp;&nbsp;&nbsp;&nbsp;&nbsp;&nbsp;&nbsp;&nbsp;&nbsp;&nbsp;8 \u2013 13 na wypoczynek w dniach 25.07. \u2013 03.08. 2022r. Koszt turnusu 700 z\u0142. Telefon kontaktowy 55 2326609 lub 509&nbsp;773&nbsp;918 czynny od poniedzia\u0142ku do pi\u0105tku (9:00 &#8211; 13:00) <\/strong><br><\/li><li><strong><em>Kochani \u2013 nast\u0119pny numer Biuletynu Parafialnego uka\u017ce si\u0119 we wrze\u015bniu.<\/em><\/strong><br><\/li><li><em>Dzieciom i m\u0142odzie\u017cy \u017cyczymy udanych i bezpiecznych wakacji, polecaj\u0105c ich opiece Anio\u0142\u00f3w Str\u00f3\u017c\u00f3w. Szcz\u0119\u015b\u0107 Wam Bo\u017ce.<\/em><br><\/li><li>Pan powo\u0142a\u0142 do wieczno\u015bci: <br><strong>\u2020 \u015bp. Franciszka BA\u0141DYGA<\/strong> lat 78 z ul. \u0141okietka<br><strong>\u2020 \u015bp. Mariana PIWNIKIEWICZA<\/strong> lat 69 z ul. Broniewskiego<\/li><\/ol>\n\n\n\n<p><\/p>\n\n\n\n<figure class=\"wp-block-image\"><img decoding=\"async\" src=\"http:\/\/rafalk-elblag.pl\/wp-content\/uploads\/2020\/04\/baner-intencje-mszy.jpg\" alt=\"\"\/><\/figure>\n\n\n\n<h1 class=\"wp-block-heading\">Intencje mszalne 26.06.2022r<\/h1>\n\n\n\n<p><br><strong>PONIEDZIA\u0141EK \/ 27 czerwca 2022 r. \/<\/strong><br>NMP Nieustaj\u0105cej Pomocy<br>8.00 Dzi\u0119kczynna z okazji urodzin Ks. Arkadiusza Grabowskiego z pro\u015bb\u0105 o zdrowie, Bo\u017ce b\u0142ogos\u0142awie\u0144stwo, dary Ducha \u015awi\u0119tego i opiek\u0119 Matki Bo\u017cej na dalsze lata \u017cycia \u2013 intencja od Margaretki<br>18.00 \u2020 Janina, Jan, Andrzej GRABOWSCY, babcia Janina GRABOWSKA, Jerzy W\u00d3JCIK<br><\/p>\n\n\n\n<p><strong>WTOREK \/ 28 czerwca 2022 r. \/ \u015bw. Ireneusza<\/strong><br>8.00 \u2020 Genowefa BOROWIECKA w 30 rocznic\u0119 \u015bmierci, Stefan (m), Kazimierz, Jadwiga<br>18.00 Dzi\u0119kczynna za otrzymane \u0142aski dla Moniki i Dominika za mi\u0142o\u015b\u0107 oraz ich synka Piotrusia z pro\u015bb\u0105 o Bo\u017ce b\u0142ogos\u0142awie\u0144stwo i opiek\u0119 Matki Bo\u017cej<br><\/p>\n\n\n\n<p><strong><span style=\"text-decoration: underline;\">\u015aRODA \/ 29 czerwca 2022 r.\/<br>UROCZYSTO\u015a\u0106 \u015aW. PIOTRA I PAW\u0141A<\/span><\/strong><br>8.00 \u2020 Piotr LIETZ, Pawe\u0142ek \u2013 wnuczek oraz zmar\u0142ych z rodzin LIETZ, KOKOTKIEWICZ, BIBER, WORONKO, BARCIKOWSCY<br>8.00 Dzi\u0119kczynna za dar kap\u0142a\u0144stwa ks. Piotra BRYKA w dniu imienin z pro\u015bb\u0105 o Bo\u017ce b\u0142ogos\u0142awie\u0144stwo i dary Ducha \u015awi\u0119tego<br>18.00 Dzi\u0119kczynna za 3 lata pos\u0142ugi ks. Marcina DOPIERA\u0141A w naszej parafii z pro\u015bb\u0105 o wszelkie potrzebne \u0142aski na dalsz\u0105 lata \u017cycia kap\u0142a\u0144skiego<br>18.00 \u2020 Jan PRZENEDZKI, Cecylia i W\u0142adys\u0142aw LEWANDOWSCY, Jan OSTROWSKI, \u2020 z rodzin HOCHLEITNER\u00d3W, FIJA\u0141KOWSKICH<br><\/p>\n\n\n\n<p><strong>CZWARTEK \/ 30 czerwca 2022 r. \/<\/strong><br>8.00 O Bo\u017ce b\u0142ogos\u0142awie\u0144stwo, opiek\u0119 Matki Bo\u017cej z pro\u015bb\u0105 o potrzebne \u0142aski w \u017cyciu kap\u0142a\u0144skim dla ks. Jerzego<br>18.00 Dzi\u0119kczynna za dar \u017cycia Sebastiana oraz o Bo\u017ce b\u0142ogos\u0142awie\u0144stwo i \u017cyw\u0105 wiar\u0119<br><\/p>\n\n\n\n<p><strong>PI\u0104TEK \/ 1 lipiec 2022 r. \/ I &#8211; pi\u0105tek<\/strong><br>8.00 \u2020 Halina KRAWCZYK z okazji imienin, Marian KRAWCZYK<br>18.00 \u2020 Halina DZI\u0104BKOWSKA z okazji imienin oraz za rodzic\u00f3w Iren\u0119 i Eugeniusza i brata Ryszarda<br><\/p>\n\n\n\n<p><strong>SOBOTA \/ 2 lipca 2022 r. \/ I &#8211; sobota<\/strong><br>8.00 Za parafian<br>18.00 W intencji \u017bywego R\u00f3\u017ca\u0144ca<br><\/p>\n\n\n\n<p><strong>XIV Niedziela Zwyk\u0142a \/ 3 lipca 2022 r.<\/strong><br>8.00 \u2020 Helena KULMA w 7 rocznic\u0119 \u015bmierci<br>10.00 \u2020 Wiktoria w 5 rocznic\u0119 \u015bmierci oraz Bronis\u0142aw JANICCY, Wiktoria, Jan, Halina SZCZ\u0118\u015aNI, Marta, Antoni, Tomasz JANICCY, Hermenegilda MOLGA<br>12.00 Dzi\u0119kczynna w 52 rocznic\u0119 \u015blubu Zuzanny i Henryka STAN z pro\u015bb\u0105 o Bo\u017ce b\u0142ogos\u0142awie\u0144stwo, zdrowie i potrzebne \u0142aski na dalsze lata \u017cycia<br>18.00 O do\u015bwiadczenie Bo\u017cej mi\u0142o\u015bci dla Karoliny i Sebastiana<\/p>\n\n\n\n<p><br><\/p>\n","protected":false},"excerpt":{"rendered":"<p>Ewangelia (\u0141k 9, 51-62) Trzeba porzuci\u0107 wszystko, aby i\u015b\u0107 za Jezusem S\u0142owa Ewangelii wed\u0142ug \u015awi\u0119tego \u0141ukasza Gdy dope\u0142nia\u0142y si\u0119 dni wzi\u0119cia Jezusa z tego \u015bwiata, postanowi\u0142 uda\u0107 si\u0119 do Jeruzalem, i wys\u0142a\u0142 przed sob\u0105 pos\u0142a\u0144c\u00f3w. Ci wybrali si\u0119 w drog\u0119 i weszli do pewnego miasteczka samaryta\u0144skiego, by przygotowa\u0107 Mu pobyt. Nie przyj\u0119to Go jednak, poniewa\u017c [&hellip;]<\/p>\n","protected":false},"author":1,"featured_media":4732,"comment_status":"closed","ping_status":"closed","sticky":false,"template":"","format":"standard","meta":{"ngg_post_thumbnail":0,"footnotes":""},"categories":[11,8,4,3],"tags":[],"class_list":["post-4731","post","type-post","status-publish","format-standard","has-post-thumbnail","hentry","category-aktualnosci","category-blog","category-intencje","category-ogloszenia"],"_links":{"self":[{"href":"https:\/\/rafalk-elblag.pl\/index.php?rest_route=\/wp\/v2\/posts\/4731","targetHints":{"allow":["GET"]}}],"collection":[{"href":"https:\/\/rafalk-elblag.pl\/index.php?rest_route=\/wp\/v2\/posts"}],"about":[{"href":"https:\/\/rafalk-elblag.pl\/index.php?rest_route=\/wp\/v2\/types\/post"}],"author":[{"embeddable":true,"href":"https:\/\/rafalk-elblag.pl\/index.php?rest_route=\/wp\/v2\/users\/1"}],"replies":[{"embeddable":true,"href":"https:\/\/rafalk-elblag.pl\/index.php?rest_route=%2Fwp%2Fv2%2Fcomments&post=4731"}],"version-history":[{"count":2,"href":"https:\/\/rafalk-elblag.pl\/index.php?rest_route=\/wp\/v2\/posts\/4731\/revisions"}],"predecessor-version":[{"id":4737,"href":"https:\/\/rafalk-elblag.pl\/index.php?rest_route=\/wp\/v2\/posts\/4731\/revisions\/4737"}],"wp:featuredmedia":[{"embeddable":true,"href":"https:\/\/rafalk-elblag.pl\/index.php?rest_route=\/wp\/v2\/media\/4732"}],"wp:attachment":[{"href":"https:\/\/rafalk-elblag.pl\/index.php?rest_route=%2Fwp%2Fv2%2Fmedia&parent=4731"}],"wp:term":[{"taxonomy":"category","embeddable":true,"href":"https:\/\/rafalk-elblag.pl\/index.php?rest_route=%2Fwp%2Fv2%2Fcategories&post=4731"},{"taxonomy":"post_tag","embeddable":true,"href":"https:\/\/rafalk-elblag.pl\/index.php?rest_route=%2Fwp%2Fv2%2Ftags&post=4731"}],"curies":[{"name":"wp","href":"https:\/\/api.w.org\/{rel}","templated":true}]}}