{"id":4726,"date":"2022-06-19T10:13:00","date_gmt":"2022-06-19T10:13:00","guid":{"rendered":"http:\/\/rafalk-elblag.pl\/?p=4726"},"modified":"2022-06-20T10:58:36","modified_gmt":"2022-06-20T10:58:36","slug":"biuletyn-19-06-2022-xii-niedziela-zwykla","status":"publish","type":"post","link":"https:\/\/rafalk-elblag.pl\/?p=4726","title":{"rendered":"Biuletyn 19.06.2022, XII Niedziela Zwyk\u0142a"},"content":{"rendered":"\n<div class=\"wp-block-image\"><figure class=\"alignleft size-large is-resized\"><img loading=\"lazy\" decoding=\"async\" src=\"http:\/\/rafalk-elblag.pl\/wp-content\/uploads\/2022\/06\/baner-190622.jpg\" alt=\"\" class=\"wp-image-4727\" width=\"800\" height=\"400\" srcset=\"https:\/\/rafalk-elblag.pl\/wp-content\/uploads\/2022\/06\/baner-190622.jpg 800w, https:\/\/rafalk-elblag.pl\/wp-content\/uploads\/2022\/06\/baner-190622-300x150.jpg 300w, https:\/\/rafalk-elblag.pl\/wp-content\/uploads\/2022\/06\/baner-190622-768x384.jpg 768w\" sizes=\"auto, (max-width: 800px) 100vw, 800px\" \/><\/figure><\/div>\n\n\n\n<h1 class=\"wp-block-heading\">Ewangelia (\u0141k 9, 18-24)\nWyznanie wiary w Chrystusa i zapowied\u017a m\u0119ki<\/h1>\n\n\n\n<p> S\u0142owa Ewangelii wed\u0142ug \u015awi\u0119tego \u0141ukasza<\/p>\n\n\n\n<p> \n\nGdy Jezus modli\u0142 si\u0119 na osobno\u015bci, a byli z Nim uczniowie, zwr\u00f3ci\u0142 si\u0119 do nich z zapytaniem: \u00abZa kogo uwa\u017caj\u0105 Mnie t\u0142umy?\u00bb\n\nOni odpowiedzieli: \u00abZa Jana Chrzciciela; inni za Eliasza; jeszcze inni m\u00f3wi\u0105, \u017ce kt\u00f3ry\u015b z dawnych prorok\u00f3w zmartwychwsta\u0142\u00bb.\n\nZapyta\u0142 ich: \u00abA wy za kogo Mnie uwa\u017cacie?\u00bb\n\nPiotr odpowiedzia\u0142: \u00abZa Mesjasza Bo\u017cego\u00bb.\n\nWtedy surowo im przykaza\u0142 i napomina\u0142 ich, \u017ceby nikomu o tym nie m\u00f3wili. I doda\u0142: \u00abSyn Cz\u0142owieczy musi wiele wycierpie\u0107: b\u0119dzie odrzucony przez starszyzn\u0119, arcykap\u0142an\u00f3w i uczonych w Pi\u015bmie; zostanie zabity, a trzeciego dnia zmartwychwstanie\u00bb.\n\nPotem m\u00f3wi\u0142 do wszystkich: \u00abJe\u015bli kto\u015b chce i\u015b\u0107 za Mn\u0105, niech si\u0119 zaprze samego siebie, niech co dnia bierze krzy\u017c sw\u00f3j i niech Mnie na\u015bladuje. Bo kto chce zachowa\u0107 swoje \u017cycie, straci je, a kto straci swe \u017cycie z mego powodu, ten je zachowa\u00bb.\n<\/p>\n\n\n\n<h1 class=\"wp-block-heading\">KIM JEST JEZUS W MOIM \u017bYCIU?<\/h1>\n\n\n\n<p> <strong>\u015awi\u0119ty Franciszek Salezy, zanim za\u0142o\u017cy\u0142 zakon wizytek, pisz\u0105c regu\u0142\u0119, zasi\u0119ga\u0142 rad fachowc\u00f3w. Uda\u0142 si\u0119 wi\u0119c do prowincja\u0142a kapucyn\u00f3w. Ten powiedzia\u0142 mu, \u017ce powinien w regule zaakcentowa\u0107 pokut\u0119 i umartwienie. \u201eProsz\u0119 popatrze\u0107, my, kapucyni, nie u\u017cywamy skarpetek: trzeba wi\u0119c w konstytucjach da\u0107 taki zapis, \u017ce cz\u0142onkowie nowego zakonu maj\u0105 chodzi\u0107 w sanda\u0142ach, ale bez skarpet\u201d. \u201eOjcze \u2013 mia\u0142 powiedzie\u0107 \u015bw. Franciszek \u2013 przy zak\u0142adaniu zakonu nie chcia\u0142bym w\u0142a\u015bciwie zaczyna\u0107 od n\u00f3g&#8230; lecz od g\u0142owy. Wydaje si\u0119, \u017ce wi\u0119kszym umartwieniem jest wytrwa\u0142a wierno\u015b\u0107 regule i pos\u0142usze\u0144stwo prze\u0142o\u017conym\u201d. <\/strong><\/p>\n\n\n\n<p>Bardzo trafne jest to zdanie \u015bw. Franciszka, \u017ceby jakiekolwiek dzia\u0142anie zaczyna\u0107 od tego, co naprawd\u0119 istotne. Niestety, zwykle zaczynamy od&#8230; n\u00f3g. Ten obraz mo\u017cna te\u017c doskonale przenie\u015b\u0107 na pr\u00f3b\u0119 odpowiedzi na pytanie, co znaczy by\u0107 chrze\u015bcijaninem lub kim jest Jezus w moim \u017cyciu. Taki prosty test: ilu katolik\u00f3w, planuj\u0105c urlop, pomy\u015bla\u0142o, czy w tym czasie b\u0119d\u0105 mieli mo\u017cliwo\u015b\u0107 uczestniczy\u0107 we Mszy \u015awi\u0119tej. Wa\u017cne pewnie by\u0142o: jaka cena, gdzie to b\u0119dzie, co b\u0119dzie mo\u017cna zobaczy\u0107, zwiedzi\u0107&#8230; <\/p>\n\n\n\n<p>Kto natomiast pomy\u015bla\u0142 o mo\u017cliwo\u015bci spotkania si\u0119 z Panem Jezusem na Eucharystii w dzie\u0144 Pa\u0144ski? To samo dotyczy tych kr\u00f3tszych wyjazd\u00f3w \u2013 weekendowych. Jedziemy do rodziny, na \u0142ono natury \u2013 i bardzo dobrze. Ale czy my\u015blimy, \u017ceby w niedziel\u0119 najpierw zaplanowa\u0107 Msz\u0119 \u015awi\u0119t\u0105, a potem inne rzeczy? Te szczeg\u00f3\u0142y bardzo wyra\u017anie odpowiadaj\u0105 na pytanie, kim jest Jezus w moim \u017cyciu. Bardzo \u0142atwo w codzienno\u015bci mo\u017cna Go sprowadzi\u0107 do tego, co nieistotne. Bardzo \u0142atwo jest my\u015ble\u0107: jestem chrze\u015bcijaninem, bo przecie\u017c staram si\u0119 by\u0107 dobrym cz\u0142owiekiem, pomagam innym, jestem na Mszy \u015awi\u0119tej, m\u00f3wi\u0119 pacierze \u2013 i o co tu chodzi? Chodzi o to, czy to wystarczy, \u017ceby powiedzie\u0107 o sobie: jestem chrze\u015bcijaninem. <\/p>\n\n\n\n<p>Czy w tych znakach wida\u0107, \u017ce Jezus jest dla mnie najwa\u017cniejszy? Dzisiejsza liturgia podaje bardzo czytelne znaki, kt\u00f3re m\u00f3wi\u0105, kiedy Jezus w moim \u017cyciu jest najwa\u017cniejszy. Jakie to znaki? W Ewangelii Jezus wyra\u017anie m\u00f3wi, \u017ce ten, kto chce by\u0107 jego uczniem, powinien pami\u0119ta\u0107 mi\u0119dzy innymi o dw\u00f3ch sprawach. Je\u015bli mianowicie w moim \u017cyciu Jezus jest najwa\u017cniejszy, to musi mnie spotka\u0107 krzy\u017c i musz\u0119 swoje \u017cycie straci\u0107 dla Jezusa. Niby o tym wiemy, ale czy w swoim \u017cyciu mo\u017cemy odnale\u017a\u0107 te znaki. Warto najpierw odpowiedzie\u0107 na pytanie, jak przyjmuj\u0119 krzy\u017c, czyli cierpienie, b\u00f3l, chorob\u0119&#8230; To s\u0105 nieod\u0142\u0105czni towarzysze ludzkiego losu, ka\u017cdego \u2013 czy jest si\u0119 biednym, czy bogatym, s\u0142awnym czy nieznanym. Chrze\u015bcijanin patrzy jednak inaczej ni\u017c \u015bwiat.<\/p>\n\n\n\n<p> \u015awiat ucieka od cierpienia, ucieka od krzy\u017ca, ka\u017ce go zdejmowa\u0107 ze \u015bcian. Chrze\u015bcijanin natomiast przyjmuje krzy\u017c, bo widzi w tym przyj\u0119ciu szans\u0119 zbli\u017cenia si\u0119 do Boga, szans\u0119 umocnienia wiary. Krzy\u017c dla niego jest znakiem zbawienia i nigdy nie zdejmie go ze \u015bciany ani ze swego \u017cycia. Jest jeszcze drugi znak: stracenie \u017cycia dla Jezusa. Co to znaczy? To znaczy, \u017ce ucze\u0144 Chrystusa musi uzna\u0107 swoje \u017cycie jako stracone ze wzgl\u0119du na kr\u00f3lestwo Bo\u017ce. Stracone, czyli ca\u0142e przeznaczone dla kr\u00f3lestwa. Od chrztu \u015bwi\u0119tego moje \u017cycie nale\u017cy do kr\u00f3lestwa. I nie da si\u0119 z niego wypisa\u0107. Mog\u0119 za\u017c\u0105da\u0107 skre\u015blenia z ksi\u0119gi chrzt\u00f3w, ale to nic nie da&#8230; Mo\u017ce mnie natomiast spotka\u0107 znacznie gorsza rzecz. Mog\u0119 \u017cycie przegra\u0107, czyli straci\u0107 wszystko, co dla mnie zaplanowa\u0142 B\u00f3g. <\/p>\n\n\n\n<p>Nie ma wi\u0119kszej kl\u0119ski jak straci\u0107 to wszystko, co dla mnie przygotowa\u0142 kochaj\u0105cy Ojciec, kt\u00f3ry jest w niebie. Pan Jezus nie m\u00f3wi dzisiaj, \u017ce te znaki mam dawa\u0107 od \u015bwi\u0119ta. Wr\u0119cz przeciwnie, zach\u0119ca, \u017ceby to robi\u0107 codziennie. Warto Go pos\u0142ucha\u0107. Kim jest On w moim \u017cyciu? Stawiajmy sobie to pytanie ka\u017cdego dnia.<\/p>\n\n\n\n<p><\/p>\n\n\n\n<p><\/p>\n\n\n\n<figure class=\"wp-block-image\"><a href=\"http:\/\/rafalk-elblag.pl\/wp-content\/uploads\/2021\/08\/ogloszenia-parafialne-baner-01a.jpg\"><img loading=\"lazy\" decoding=\"async\" width=\"720\" height=\"232\" src=\"http:\/\/rafalk-elblag.pl\/wp-content\/uploads\/2021\/08\/ogloszenia-parafialne-baner-01a.jpg\" alt=\"\" class=\"wp-image-4410\" srcset=\"https:\/\/rafalk-elblag.pl\/wp-content\/uploads\/2021\/08\/ogloszenia-parafialne-baner-01a.jpg 720w, https:\/\/rafalk-elblag.pl\/wp-content\/uploads\/2021\/08\/ogloszenia-parafialne-baner-01a-300x97.jpg 300w\" sizes=\"auto, (max-width: 720px) 100vw, 720px\" \/><\/a><\/figure>\n\n\n\n<h1 class=\"wp-block-heading\">Og\u0142oszenia parafialne 19.06.2022r<\/h1>\n\n\n\n<ol class=\"wp-block-list\"><li>Przez ca\u0142y czerwiec odprawiane jest Nabo\u017ce\u0144stwo Eucharystyczne ku czci <strong>Naj\u015bwi\u0119tszego Serca Pana Jezusa<\/strong> po Mszy \u015bw. wieczornej. Zapraszamy do wsp\u00f3lnego odmawiania Litanii przed Naj\u015bwi\u0119tszym Sakramentem.<br><\/li><li>Kandydatom do Sakramentu Bierzmowania tj. uczniom klas VIII Szko\u0142y Podstawowej przypominamy o spotkaniu dzisiaj o godz. 19:00 w ko\u015bciele. <em>Obecno\u015b\u0107 wskazana.<\/em><br><\/li><li><strong>Informujemy, \u017ce miesi\u0105cach: czerwiec, lipiec i sierpie\u0144 Msza \u015bw. w niedziel\u0119 o godz.10:00 \u2013 z udzia\u0142em dzieci &#8211; b\u0119dzie nag\u0142o\u015bniana na zewn\u0105trz.<\/strong> <strong>W spos\u00f3b szczeg\u00f3lny zapraszamy na t\u0105 Msz\u0119 \u015bw. rodziny z ma\u0142ymi dzie\u0107mi. &#x1f60a;<\/strong><br><\/li><li>W <strong>Oktawie Bo\u017cego Cia\u0142a<\/strong> zapraszamy wiernych do udzia\u0142u nabo\u017ce\u0144stwie czerwcowym po\u0142\u0105czonym z procesj\u0105 eucharystyczn\u0105 po Mszy \u015bw. o godz. 18:00. Zapraszamy dzieci do sypania kwiat\u00f3w, a doros\u0142ych do przygotowania procesji. <strong>Udzia\u0142 w procesji jest wyrazem wiary w obecno\u015b\u0107 Jezusa Chrystusa w Naj\u015bwi\u0119tszym Sakramencie.<\/strong><br><\/li><li><strong>W czwartek 23 czerwca b\u0119dziemy obchodzi\u0107 DZIE\u0143 OJCA<\/strong>. Pami\u0119tajmy w modlitwie o naszych ojcach: <em>pro\u015bmy dla \u017cywych o Bo\u017ce b\u0142ogos\u0142awie\u0144stwo i opiek\u0119 \u015bw. J\u00f3zefa a dla zmar\u0142ych o \u0142ask\u0119 nieba.<\/em><br><\/li><li>Ostatnie spotkanie przedwakacyjne <strong>KR\u0118GU BIBLIJNEGO<\/strong> odb\u0119dzie si\u0119 w \u015brod\u0119 (22 czerwca) \u2013 o godz. 19:00 na plebanii. Zapraszamy.<br><\/li><li><strong>Uroczyste zako\u0144czenie ROKU SZKOLNEGO 2021\/2022: <\/strong>dla Szko\u0142y Podstawowej nr 11 <strong>w czwartek 23 czerwca br. na Mszy \u015bw. o godz. 9:00<\/strong>. Zapraszamy dzieci, m\u0142odzie\u017c, nauczycieli i parafian do udzia\u0142u we wsp\u00f3lnej modlitwie, zako\u0144czonej b\u0142ogos\u0142awie\u0144stwem na wakacje. <em><strong>Zach\u0119camy dzieci i m\u0142odzie\u017c do skorzystania z sakramentu Spowiedzi \u015bwi\u0119tej w ci\u0105gu tygodnia i Komunii \u015bw., aby w ten spos\u00f3b podzi\u0119kowa\u0107 za wszystkie dobra otrzymane w roku szkolnym<\/strong><\/em><strong>. <\/strong><em>Dzieciom i m\u0142odzie\u017cy \u017cyczymy udanych i bezpiecznych wakacji, polecaj\u0105c ich opiece Anio\u0142\u00f3w Str\u00f3\u017c\u00f3w. Szcz\u0119\u015b\u0107 Wam Bo\u017ce<\/em>.<br><\/li><li>W pi\u0105tek uroczysto\u015b\u0107 <strong>NAJ\u015aWI\u0118TSZEGO SERCA PANA JEZUSA,<\/strong> natomiast w sobot\u0119 wspomnienie <strong>NIEPOKALANEGO SECA NAJ\u015aWI\u0118TSZEJ MARYI PANNY<\/strong>. Zapraszamy na Msze \u015bw. o godz. 8:00 i o godz. 18:00.<br><\/li><li>Wszystkich, kt\u00f3rzy w tym roku pragn\u0105 wybra\u0107 si\u0119 na XXX Elbl\u0105sk\u0105 Pielgrzymk\u0119 Piesz\u0105 na Jasn\u0105 G\u00f3r\u0119 w dniach 28 lipca \u2013 11 sierpnia z grup\u0105 KATEDRA \u2013 P\u00d3\u0141NOC &#8211; ELBL\u0104G zapraszamy na stron\u0119: <a href=\"http:\/\/www.katedra.elblag.pl\/\"><em><strong>www.katedra.elblag.pl<\/strong><\/em><\/a><em><strong> Za tydzie\u0144 Przewodnik Grupy ks. Piotr Kanarek wyg\u0142osi do nas s\u0142owo oraz b\u0119d\u0105 zbierane ofiary do puszek na organizacj\u0119 pieszej pielgrzymki do Cz\u0119stochowy. <\/strong><u>Spotkanie dla ch\u0119tnych w salce m\u0142odzie\u017cowej o godz. 19:00. Zapraszamy.<\/u><\/em><br><\/li><li>Nasze Seminarium, kolejny raz zaprasza m\u0142odzie\u017c m\u0119sk\u0105 ze szk\u00f3\u0142 ponadpodstawowych \u015brednich i student\u00f3w na <strong>REKOLEKCJE POWO\u0141ANIOWE<\/strong> pod has\u0142em \u201eNAUCZYCIEL JEST I WO\u0141A CI\u0118\u201d w dniach 25-29 czerwca br., maj\u0105ce na celu pomoc w rozeznaniu \u017cyciowego powo\u0142ania. <em>Wi\u0119cej informacji na stronie internetowej seminarium: wsdelblag.pl Zg\u0142oszenia na a<\/em>dres e-mail: kolopowolaniowe@gmail.com<br><\/li><li>Ks. Krzysztof S\u0119ku\u0142a: organizator &#8211; serdecznie zaprasza do wzi\u0119cia udzia\u0142u w Rowerowej Pielgrzymce z Elbl\u0105ga na Jasna G\u00f3r\u0119, pod has\u0142em: <strong>\u201eJA JESTEM CHLEBEM \u017bYWYM\u201d,<\/strong> w terminie od 5 sierpnia do 11 sierpnia 2022 roku. Wi\u0119cej informacji na plakacie.<br><\/li><li><strong>UWAGA !!! <\/strong>W okresie czerwca, lipca i sierpnia nie b\u0119dzie Mszy \u015bw. o godz. 15:00. <em><u>Wszystkich Czcicieli Mi\u0142osierdzia Bo\u017cego zapraszamy w tym czasie do ko\u015bcio\u0142a na wsp\u00f3ln\u0105 Koronk\u0119 do Mi\u0142osierdzia Bo\u017cego.<\/u><\/em><\/li><\/ol>\n\n\n\n<p><\/p>\n\n\n\n<figure class=\"wp-block-image\"><img decoding=\"async\" src=\"http:\/\/rafalk-elblag.pl\/wp-content\/uploads\/2020\/04\/baner-intencje-mszy.jpg\" alt=\"\"\/><\/figure>\n\n\n\n<h1 class=\"wp-block-heading\">Intencje mszalne 19.06.2022r<\/h1>\n\n\n\n<p><strong>INTENCJE MSZALNE<br>XII Niedziela zwyk\u0142a \/ 19 czerwca 2022<\/strong><br>8.00 \u2020 Jadwiga i Aleksander (m), Stefania (k) i Antoni oraz J\u00f3zef oraz za zmar\u0142ych dziadk\u00f3w i rodzic\u00f3w chrzestnych<br>10.00 \u2020 Janina, Leopold, Krzysztof B\u0104K<br>12.00 W intencji Parafian<br>18.00 \u2020 Irena BARA\u0143SKA w 1 rocznic\u0119 \u015bmierci<\/p>\n\n\n\n<p><strong>PONIEDZIA\u0141EK \/ 20 czerwca 2022 r.<br><\/strong>8.00 \u2020 Stefania (k) Franciszek MURAWSCY i \u2020 Franciszek<br>18.00 \u2020 Miros\u0142aw SOWI\u0143SKI w 1 rocznic\u0119 \u015bmierci<br>WTOREK \/ 21 czerwca 2022 r.<br>8.00 \u2020 Andrzej KLECHA w 5 miesi\u0105c po pogrzebie &#8211; od rodziny Klech\u00f3w z Niskiej<br>18.00 \u2020 Genowefa i zmarli z rodziny BI\u0143KOWSKICH<\/p>\n\n\n\n<p><strong>\u015aRODA \/ 22 czerwca 2022 r.<\/strong><br>8.00 \u2020 Irena GAZA w 5 rocznic\u0119 \u015bmierci<br>18.00 \u2020 Jan, Relena TOMASZEWICZ, Jan, Julia i Stanis\u0142awa (k)<br>18.00 \u2020 Dariusz MORZY<\/p>\n\n\n\n<p><strong>CZWARTEK \/ 23 czerwca 2022 r. \/ DZIE\u0143 OJCA<br>UROCZYSTO\u015a\u0106 NARODZENIA \u015aWI\u0118TEGO JANA CHRZCICIELA<\/strong><br>8.00 \u2020 W\u0142adys\u0142aw WASZAK w 10 rocznic\u0119 \u015bmierci i zmarli z rodziny<br>9.00 Msza \u015bw. na zako\u0144czenie ROKU SZKOLNEGO dla Szko\u0142y Podstawowej nr. 11<br>18.00 \u2020 Karolina w 2 rocznic\u0119 \u015bmierci i zmarli z rodziny KARMAN<\/p>\n\n\n\n<p><strong>PI\u0104TEK \/ 24 czerwca 2022 r. \/<br>UROCZYSTO\u015a\u0106 NAJ\u015aWI\u0118TSZEGO SERCA PANA JEZUSA<\/strong><br>8.00 \u2020 Stanis\u0142awa(k) FILAR w 8 rocznic\u0119 \u015bmierci i zmar\u0142ych z rodziny WI\u015aNIEWSKICH, FILAR i PRZYGODA<br>18.00 \u2020 Stanis\u0142aw (m) i Maria w 8 rocznic\u0119 \u015bmierci BIELSCY<\/p>\n\n\n\n<p><strong>SOBOTA \/ 25 czerwca 2022 r. \/<br>WSPOMNIENIE NIEPOKALANEGO SERCA NAJ\u015aWI\u0118TSZEJ MARYI PANNY<\/strong><br>8.00 \u2020 Zofia RYNKOWSKA-HIPSZ w 3 rocznic\u0119 \u015bmierci<br>8.00 \u2020 Bogumi\u0142a GLAUBERT w 30 dzie\u0144 po pogrzebie<br>18.00 \u2020 Stanis\u0142awa i zmarli z rodziny ADAMOWICZ<\/p>\n\n\n\n<p><strong>XIII Niedziela Zwyk\u0142a \/ 26 czerwca 2022 r.<\/strong><br>8.00 \u2020 rodzice Jan, Janina PIETRUSZKA oraz bracia Zbigniew i Tadeusz w 20 rocznic\u0119 \u015bmierci oraz Stefania (k) J\u00f3zef (m) Helena, Jadwiga, Wojciech<br>10.00 \u2020 Wojciech JUCHNOWICZ w 6 rocznic\u0119 \u015bmierci, Jadwiga, Eleonora, Czes\u0142aw i zmarli z rodziny<br>12.00 W intencji Parafian<br>18.00 \u2020 Stefania (k), Brunon LENDZION, Marianna i Kazimierz KIRZENIEWSCY, Franciszek CHABROWSKI<\/p>\n\n\n\n<p><br><\/p>\n","protected":false},"excerpt":{"rendered":"<p>Ewangelia (\u0141k 9, 18-24) Wyznanie wiary w Chrystusa i zapowied\u017a m\u0119ki S\u0142owa Ewangelii wed\u0142ug \u015awi\u0119tego \u0141ukasza Gdy Jezus modli\u0142 si\u0119 na osobno\u015bci, a byli z Nim uczniowie, zwr\u00f3ci\u0142 si\u0119 do nich z zapytaniem: \u00abZa kogo uwa\u017caj\u0105 Mnie t\u0142umy?\u00bb Oni odpowiedzieli: \u00abZa Jana Chrzciciela; inni za Eliasza; jeszcze inni m\u00f3wi\u0105, \u017ce kt\u00f3ry\u015b z dawnych prorok\u00f3w zmartwychwsta\u0142\u00bb. [&hellip;]<\/p>\n","protected":false},"author":1,"featured_media":4728,"comment_status":"closed","ping_status":"closed","sticky":false,"template":"","format":"standard","meta":{"ngg_post_thumbnail":0,"footnotes":""},"categories":[11,8,4,3],"tags":[],"class_list":["post-4726","post","type-post","status-publish","format-standard","has-post-thumbnail","hentry","category-aktualnosci","category-blog","category-intencje","category-ogloszenia"],"_links":{"self":[{"href":"https:\/\/rafalk-elblag.pl\/index.php?rest_route=\/wp\/v2\/posts\/4726","targetHints":{"allow":["GET"]}}],"collection":[{"href":"https:\/\/rafalk-elblag.pl\/index.php?rest_route=\/wp\/v2\/posts"}],"about":[{"href":"https:\/\/rafalk-elblag.pl\/index.php?rest_route=\/wp\/v2\/types\/post"}],"author":[{"embeddable":true,"href":"https:\/\/rafalk-elblag.pl\/index.php?rest_route=\/wp\/v2\/users\/1"}],"replies":[{"embeddable":true,"href":"https:\/\/rafalk-elblag.pl\/index.php?rest_route=%2Fwp%2Fv2%2Fcomments&post=4726"}],"version-history":[{"count":1,"href":"https:\/\/rafalk-elblag.pl\/index.php?rest_route=\/wp\/v2\/posts\/4726\/revisions"}],"predecessor-version":[{"id":4729,"href":"https:\/\/rafalk-elblag.pl\/index.php?rest_route=\/wp\/v2\/posts\/4726\/revisions\/4729"}],"wp:featuredmedia":[{"embeddable":true,"href":"https:\/\/rafalk-elblag.pl\/index.php?rest_route=\/wp\/v2\/media\/4728"}],"wp:attachment":[{"href":"https:\/\/rafalk-elblag.pl\/index.php?rest_route=%2Fwp%2Fv2%2Fmedia&parent=4726"}],"wp:term":[{"taxonomy":"category","embeddable":true,"href":"https:\/\/rafalk-elblag.pl\/index.php?rest_route=%2Fwp%2Fv2%2Fcategories&post=4726"},{"taxonomy":"post_tag","embeddable":true,"href":"https:\/\/rafalk-elblag.pl\/index.php?rest_route=%2Fwp%2Fv2%2Ftags&post=4726"}],"curies":[{"name":"wp","href":"https:\/\/api.w.org\/{rel}","templated":true}]}}