{"id":4720,"date":"2022-06-12T09:54:50","date_gmt":"2022-06-12T09:54:50","guid":{"rendered":"http:\/\/rafalk-elblag.pl\/?p=4720"},"modified":"2022-06-12T11:46:18","modified_gmt":"2022-06-12T11:46:18","slug":"biuletyn-12-06-2022-niedziela-trojcy-swietej","status":"publish","type":"post","link":"https:\/\/rafalk-elblag.pl\/?p=4720","title":{"rendered":"Biuletyn 12.06.2022, Niedziela Tr\u00f3jcy \u015awi\u0119tej"},"content":{"rendered":"\n<div class=\"wp-block-image\"><figure class=\"alignleft size-large is-resized\"><img loading=\"lazy\" decoding=\"async\" src=\"http:\/\/rafalk-elblag.pl\/wp-content\/uploads\/2022\/06\/baner-120622-1024x512.jpg\" alt=\"\" class=\"wp-image-4722\" width=\"1024\" height=\"512\" srcset=\"https:\/\/rafalk-elblag.pl\/wp-content\/uploads\/2022\/06\/baner-120622-1024x512.jpg 1024w, https:\/\/rafalk-elblag.pl\/wp-content\/uploads\/2022\/06\/baner-120622-300x150.jpg 300w, https:\/\/rafalk-elblag.pl\/wp-content\/uploads\/2022\/06\/baner-120622-768x384.jpg 768w, https:\/\/rafalk-elblag.pl\/wp-content\/uploads\/2022\/06\/baner-120622.jpg 1200w\" sizes=\"auto, (max-width: 1024px) 100vw, 1024px\" \/><\/figure><\/div>\n\n\n\n<h1 class=\"wp-block-heading\">Ewangelia (J 16, 12-15)\nDuch Prawdy doprowadzi was do ca\u0142ej prawdy<\/h1>\n\n\n\n<p> S\u0142owa Ewangelii wed\u0142ug \u015awi\u0119tego Jana<\/p>\n\n\n\n<p> Jezus powiedzia\u0142 do swoich uczni\u00f3w:<\/p>\n\n\n\n<p> \n\u00abJeszcze wiele mam wam do powiedzenia, ale teraz znie\u015b\u0107 nie mo\u017cecie. Gdy za\u015b przyjdzie On, Duch Prawdy, doprowadzi was do ca\u0142ej prawdy. Bo nie b\u0119dzie m\u00f3wi\u0142 od siebie, ale powie wszystko, cokolwiek us\u0142yszy, i oznajmi wam rzeczy przysz\u0142e. On Mnie otoczy chwa\u0142\u0105, poniewa\u017c z mojego we\u017amie i wam objawi.\n\nWszystko, co ma Ojciec, jest moje. Dlatego powiedzia\u0142em, \u017ce z mojego we\u017amie i wam objawi\u00bb. <\/p>\n\n\n\n<h1 class=\"wp-block-heading\">O TR\u00d3JCY \u015aWI\u0118TEJ \u2013 MILCZE\u0106 CZY M\u00d3WI\u0106?<\/h1>\n\n\n\n<p>M\u00f3wienie o Tr\u00f3jcy nie jest rzecz\u0105 \u0142atw\u0105. Wyra\u017cenie tr\u00f3jjedyno\u015bci jest zawsze trudne do zrozumienia, gdy\u017c wed\u0142ug naszego naturalnego sposobu my\u015blenia 3 nigdy nie r\u00f3wna si\u0119 1, jak i \u201ejeden\u201d nie r\u00f3wna si\u0119 \u201etrzy\u201d. W przypadku nauki o Bogu nie chodzi jednak o matematyczno-logiczny problem, ale o sformu\u0142owanie prawdy wiary, kt\u00f3rej nie spos\u00f3b zamkn\u0105\u0107 w granicach ludzkiej logiki.\nChrze\u015bcijanie wyznaj\u0105 wiar\u0119 w jednego Boga w trzech Osobach. Dla wielu jednak to wyznanie nie ma wi\u0119kszego znaczenia w \u017cyciowej praktyce. W \u015bwiecie, w kt\u00f3rym jest wiele \u201epomys\u0142\u00f3w na Boga\u201d, my, chrze\u015bcijanie, powinni\u015bmy pami\u0119ta\u0107, \u017ce to nie my wymy\u015blamy sobie Boga, my Go tylko odkrywamy i poznajemy, gdy\u017c On sam zechcia\u0142 przyj\u015b\u0107 do nas i pokaza\u0107 nam Siebie. Uczyni\u0142 to zw\u0142aszcza przez fakt Wcielenia Syna Bo\u017cego. To dzi\u0119ki Niemu wiemy, \u017ce B\u00f3g jest Wsp\u00f3lnot\u0105 Trzech Os\u00f3b, kt\u00f3re \u017cyj\u0105 ze sob\u0105 w doskona\u0142ej jedno\u015bci. \u201eNie wyznajemy trzech bog\u00f3w &#8211; przypomina Katechizm &#8211; ale jednego Boga w trzech Osobach: \u00abTr\u00f3jc\u0119 wsp\u00f3\u0142istotn\u0105\u00bb. Osoby Boskie nie dziel\u0105 mi\u0119dzy siebie jedynej Bosko\u015bci, ale ka\u017cda z nich jest ca\u0142ym Bogiem: \u00abOjciec jest tym samym, co Syn, Syn tym samym, co Ojciec, Duch \u015awi\u0119ty tym samym, co Ojciec i Syn, to znaczy jednym Bogiem co do natury\u201d (KKK 253). Cz\u0142owiek wiary nie wymy\u015bla prawdy, lecz j\u0105 przyjmuje. Zastanawia si\u0119 nad ni\u0105, podejmuj\u0105c wielowiekowe do\u015bwiadczenie Ko\u015bcio\u0142a, kt\u00f3ry wyja\u015bnia\u0142 j\u0105 zawsze w \u015bwietle Objawienia.\nCzy jednak ograniczone ludzkie poznanie mo\u017ce m\u00f3wi\u0107 w og\u00f3le o nieograniczonej tajemnicy Tr\u00f3jcy? Odpowied\u017a daje nam \u015bw. Cyryl Jerozolimski (IV wiek): \u201eCho\u0107 nie mog\u0119 ca\u0142ej rzeki wypi\u0107, czy mi nie wolno tyle wody zaczerpn\u0105\u0107, ile mi potrzeba?; Cho\u0107 nie jestem w stanie zje\u015b\u0107 wszystkich owoc\u00f3w z ogrodu, czy musz\u0119 odej\u015b\u0107 g\u0142odny?; Czy nie mog\u0119 spogl\u0105da\u0107 na s\u0142o\u0144ce, bo me oczy nie zdo\u0142aj\u0105 go ca\u0142ego obj\u0105\u0107?\u201d. Wielu chrze\u015bcijan jest przekonanych, \u017ce o Tr\u00f3jcy nale\u017cy raczej milcze\u0107 ni\u017c m\u00f3wi\u0107, gdy\u017c j\u0119zyk ludzki jest po prostu nieadekwatny, by powiedzie\u0107 co\u015b sensownego o tak zdumiewaj\u0105cej tajemnicy. Sugeruj\u0105 w ten spos\u00f3b, \u017ce B\u00f3g jest wielkim znakiem zapytania, niezrozumia\u0142\u0105 tajemnic\u0105, czyli tym, czego nie da si\u0119 zrozumie\u0107. Je\u015bli B\u00f3g do mnie m\u00f3wi, to chyba po to, \u017cebym Go zrozumia\u0142. \u015aw. Augustyn nigdy nie okre\u015bla\u0142 tajemnicy jako czego\u015b, czego nie mo\u017cna zrozumie\u0107, lecz jako co\u015b, czego cz\u0142owiek nie sko\u0144czy nigdy poznawa\u0107, a to zupe\u0142nie inna sprawa. B\u00f3g wprowadza nas w swoj\u0105 tajemnic\u0119. Skoro mamy sta\u0107 si\u0119 tacy jak On, musimy Go zatem poznawa\u0107. Cho\u0107 Tr\u00f3jca \u015awi\u0119ta jest ponad naszym rozumem, nie oznacza to, \u017ce nale\u017cy milcze\u0107.\nZapytajmy wreszcie: Jakie to ma dla nas znaczenie? Ogromne, gdy\u017c \u017cycie chrze\u015bcijanina realizuje si\u0119 w znaku i obecno\u015bci Tr\u00f3jcy. Na pocz\u0105tku \u017cycia przyj\u0119li\u015bmy sakrament chrztu \u015bw. \u201ew imi\u0119 Ojca i Syna, i Ducha \u015awi\u0119tego\u201d, i u kresu naszego \u017cycia b\u0119d\u0105 odmawiane modlitwy w imi\u0119 Tr\u00f3jcy Przenaj\u015bwi\u0119tszej. W imi\u0119 Ojca i Syna, i Ducha \u015awi\u0119tego ma\u0142\u017conkowie zostaj\u0105 z\u0142\u0105czeni w ma\u0142\u017ce\u0144stwie, a kap\u0142ani s\u0105 \u015bwi\u0119ceni. W imi\u0119 Tr\u00f3jcy \u015awi\u0119tej rozpoczynamy i ko\u0144czymy dzie\u0144. Tr\u00f3jca jest wi\u0119c \u201eportem\u201d, do kt\u00f3rego wszystko zmierza, i \u201eoceanem\u201d, z kt\u00f3rego wszystko wyp\u0142ywa, do kt\u00f3rego wszystko d\u0105\u017cy.\n\u015aw. Augustyn na pocz\u0105tku V wieku pisa\u0142 w swoim monumentalnym dziele \u201eO Tr\u00f3jcy \u015awi\u0119tej\u201d, a Benedykt XVI na pocz\u0105tku XXI wieku przypomnia\u0142 w encyklice \u201eDeus caritas est\u201d, \u017ce wiara, podtrzymywana i o\u017cywiana przez mi\u0142o\u015b\u0107, otwiera dost\u0119p do kontemplacji Tr\u00f3jcy \u015awi\u0119tej: \u201eJe\u015bli widzisz mi\u0142o\u015b\u0107, widzisz Tr\u00f3jc\u0119\u201d. Osoby Tr\u00f3jcy s\u0105 same w sobie relacjami mi\u0142o\u015bci, czyli wsp\u00f3lnot\u0105. B\u00f3g jest wsp\u00f3lnot\u0105 mi\u0142o\u015bci, a cz\u0142owiek zosta\u0142 stworzony jako obraz Boga, po to, by ten obraz coraz wyra\u017aniej w sobie uwidacznia\u0107. Jeste\u015bmy wi\u0119c powo\u0142ani do stawania si\u0119 tym, kim od pocz\u0105tku jest B\u00f3g: wsp\u00f3lnot\u0105 mi\u0142o\u015bci.<\/p>\n\n\n\n<p><\/p>\n\n\n\n<p><\/p>\n\n\n\n<figure class=\"wp-block-image\"><a href=\"http:\/\/rafalk-elblag.pl\/wp-content\/uploads\/2021\/08\/ogloszenia-parafialne-baner-01a.jpg\"><img loading=\"lazy\" decoding=\"async\" width=\"720\" height=\"232\" src=\"http:\/\/rafalk-elblag.pl\/wp-content\/uploads\/2021\/08\/ogloszenia-parafialne-baner-01a.jpg\" alt=\"\" class=\"wp-image-4410\" srcset=\"https:\/\/rafalk-elblag.pl\/wp-content\/uploads\/2021\/08\/ogloszenia-parafialne-baner-01a.jpg 720w, https:\/\/rafalk-elblag.pl\/wp-content\/uploads\/2021\/08\/ogloszenia-parafialne-baner-01a-300x97.jpg 300w\" sizes=\"auto, (max-width: 720px) 100vw, 720px\" \/><\/a><\/figure>\n\n\n\n<h1 class=\"wp-block-heading\">Og\u0142oszenia parafialne 12.06.2022r<\/h1>\n\n\n\n<ol class=\"wp-block-list\"><li>Przez ca\u0142y czerwiec odprawiane jest Nabo\u017ce\u0144stwo Eucharystyczne ku czci <strong>Naj\u015bwi\u0119tszego Serca Pana Jezusa<\/strong> po Mszy \u015bw. wieczornej. Zapraszamy do wsp\u00f3lnego odmawiania Litanii przed Naj\u015bwi\u0119tszym Sakramentem.<br><\/li><li>Od 5 czerwca 2022 roku &#8211; do ko\u0144ca sierpnia nie b\u0119dzie Mszy \u015bw. niedzielnej o godz. 15:00, natomiast Koronka do Bo\u017cego Mi\u0142osierdzia pozostaje bez zmian.<br><\/li><li><strong>Informujemy, \u017ce miesi\u0105cach: czerwiec, lipiec i sierpie\u0144 Msza \u015bw. w niedziel\u0119 o godz.10:00 \u2013 z udzia\u0142em dzieci &#8211; b\u0119dzie nag\u0142o\u015bniana na zewn\u0105trz.<\/strong> <strong>W spos\u00f3b szczeg\u00f3lny zapraszamy na t\u0105 Msz\u0119 \u015bw. rodziny z ma\u0142ymi dzie\u0107mi. &#x1f60a;<\/strong><br><\/li><li>Zapraszamy dziewczynki do sypania kwiat\u00f3w dzisiaj po Mszy \u015bw. o godz. 10:00. Prosimy rodzic\u00f3w o zach\u0119cenie dzieci do czynnego udzia\u0142u w procesji.<br><\/li><li><strong>W czwartek (16 czerwca) przypada UROCZYSTO\u015a\u0106 NAJ\u015aWI\u0118TSZEGO CIA\u0141A I KRWI CHRYSTUSA <\/strong>&#8211; BO\u017bE CIA\u0141O<em>. Msze \u015bw. odprawione b\u0119d\u0105 o godz. 8:00, 10:00 i 18:00. <\/em><strong>W tym roku procesja wyruszy z naszej parafii po Mszy \u015bw. o godz. 10:00.<\/strong> Zach\u0119cam parafian do przyozdobienia okien swoich mieszka\u0144. Procesja przejdzie ulicami: Sobieskiego, Legion\u00f3w, Og\u00f3ln\u0105, Legion\u00f3w. Wsp\u00f3lnoty parafialne prosimy o pomoc w przygotowaniu: pierwszego o\u0142tarza \u2013 <strong>Odnowa w Duchu \u015awi\u0119tym<\/strong>, drugiego o\u0142tarza \u2013<strong> Domowy Ko\u015bci\u00f3\u0142<\/strong> a pozosta\u0142ych parafian prosimy o przynoszenie kwiat\u00f3w do zakrystii.<br><\/li><li>W <strong>Oktawie Bo\u017cego Cia\u0142a<\/strong> zapraszamy wiernych do udzia\u0142u nabo\u017ce\u0144stwie czerwcowym po\u0142\u0105czonym z procesj\u0105 eucharystyczn\u0105 po Mszy \u015bw. o godz. 18:00. Zapraszamy dzieci do sypania kwiat\u00f3w, a doros\u0142ych do przygotowania procesji. <strong>Udzia\u0142 w procesji jest wyrazem wiary w obecno\u015b\u0107 Jezusa Chrystusa w Naj\u015bwi\u0119tszym Sakramencie.<\/strong><br><\/li><li>W czwartek 16 dzie\u0144 miesi\u0105ca &#8211; dzie\u0144 modlitw za <strong>Bractwo Szkaplerzne, <\/strong>a tak\u017ce za osoby nosz\u0105ce Szkaplerz \u015awi\u0119ty. Zapraszamy wszystkich nale\u017c\u0105cych i pragn\u0105cych w\u0142\u0105czy\u0107 si\u0119 do tej wsp\u00f3lnoty na Msz\u0119 \u015bw. o godz. 18:00 z mo\u017cliwo\u015bci\u0105 przyj\u0119cia szkaplerza \u015bwi\u0119tego i nabo\u017ce\u0144stwo przed Naj\u015bwi\u0119tszym Sakramentem. <strong>Po zako\u0144czonych modlitwach spotkanie Rady Szkaplerznej na plebanii.<\/strong><br><\/li><li>Nasze Seminarium, kolejny raz zaprasza m\u0142odzie\u017c m\u0119sk\u0105 ze szk\u00f3\u0142 ponadpodstawowych \u015brednich i student\u00f3w na <strong>REKOLEKCJE POWO\u0141ANIOWE<\/strong> pod has\u0142em \u201eNAUCZYCIEL JEST I WO\u0141A CI\u0118\u201d w dniach 25-29 czerwca br., maj\u0105ce na celu pomoc w rozeznaniu \u017cyciowego powo\u0142ania. <em>Wi\u0119cej informacji na stronie internetowej seminarium: wsdelblag.pl Zg\u0142oszenia na a<\/em>dres e-mail: kolopowolaniowe@gmail.com<br><\/li><\/ol>\n\n\n\n<figure class=\"wp-block-image\"><img decoding=\"async\" src=\"http:\/\/rafalk-elblag.pl\/wp-content\/uploads\/2020\/04\/baner-intencje-mszy.jpg\" alt=\"\"\/><\/figure>\n\n\n\n<h1 class=\"wp-block-heading\">Intencje mszalne 12.06.2022r<\/h1>\n\n\n\n<p><strong>PONIEDZIA\u0141EK \/ 13 czerwca 2022 r.<br>\u015bw. Antoniego z Padwy, kap\u0142ana<\/strong><br>8.00 Dzi\u0119kczynna z pro\u015bb\u0105 o zdrowie, Bo\u017ce b\u0142ogos\u0142awie\u0144stwo, opiek\u0119 Matki Bo\u017cej dla Wies\u0142awy (k), Sebastiana i Sandry<br>18.00 \u2020 Lucyna WI\u0143SKA w 25 rocznic\u0119 \u015bmierci i Ryszard w 2 rocznic\u0119 \u015bmierci oraz \u2020 z rodzin: DZIERGOWSKICH i KRAUZ\u00d3W<br>18.00 \u2020 J\u00f3zef (m) KUBISIAK w 2 rocznic\u0119 \u015bmierci oraz zmarli z rodzin KUBISIAK\u00d3W, MINKIEWICZ\u00d3W, KLECH\u00d3W, WOJCIECHOWSKICH<\/p>\n\n\n\n<p><strong>WTOREK \/ 14 czerwca 2022 r.<br>b\u0142. Micha\u0142a Kozala<\/strong><br>8.00 \u2020 Roman TYKARSKI oraz za dusze w czy\u015b\u0107cu cierpi\u0105ce<br>18.00 \u2020 Andrzej SENDROWICZ w 30 dzie\u0144 po pogrzebie<br>18.00 \u2020 Gra\u017cyna i Edmund MO\u0141DAWIAKOWIE<\/p>\n\n\n\n<p><strong>\u015aRODA \/ 15 czerwca 2022 r.<\/strong><br>8.00 \u2020 Jolanta w dniu imienin i zmarli z rodziny KARMAN\u00d3W<br>18.00 \u2020 Jolanta ROMANOWSKA w dniu imienin<\/p>\n\n\n\n<p><strong>CZWARTEK \/ 16 czerwca 2022 r.<br>UROCZYSTO\u015a\u0106 NAJ\u015aWI\u0118TSZEGO CIA\u0141A I KRWI CHRYSTUSA<\/strong><br>8.00 \u2020 Wac\u0142awa (k) Leon \u017bBIKOWSCY<br>8.00 \u2020 Lucyna GRUCHALSKA w 17 rocznic\u0119 \u015bmierci<br>10.00 \u2020 Jan WONDZY\u0143SKI w 38 rocznic\u0119 \u015bmierci, Wies\u0142awa (k) Waldemar SEHEFS<br>10.00 Za parafian<br>18.00 W intencji Bractwa Szkaplerznego i os\u00f3b, kt\u00f3re przyjm\u0105 Szkaplerz<\/p>\n\n\n\n<p><strong>PI\u0104TEK \/ 17 czerwca 2022 r.<br>\u015bw. Brata Alberta Chmielowskiego, zakonnika<\/strong><br>8.00 Z pro\u015bb\u0105 o zdrowie oraz oddalenie choroby nowotworowej dla Danuty oraz o potrzebne \u0142aski w chorobie<br>18.00 Dzi\u0119kczynna w 15 rocznic\u0119 urodzin Wiktorii KR\u00d3L i za Jakuba z pro\u015bb\u0105 o Bo\u017ce b\u0142ogos\u0142awie\u0144stwo i opiek\u0119 Matki Bo\u017cej oraz za rodzic\u00f3w Ew\u0119 i Arkadiusza<\/p>\n\n\n\n<p><strong>SOBOTA \/ 18 czerwca 2022 r.<\/strong><br>8.00 \u2020 Maria TONGA w 14 rocznic\u0119 \u015bmierci oraz za \u2020 Jana<br>18.00 Dzi\u0119kczynna w 50 rocznic\u0119 \u015blubu Krystyny i Ryszarda WI\u015aNIEWSKICH z pro\u015bb\u0105 o Bo\u017ce B\u0142ogos\u0142awie\u0144stwo, opiek\u0119 Matki Bo\u017cej Szkaplerznej dla Z\u0142otych Jubilat\u00f3w<\/p>\n\n\n\n<p><strong>XII Niedziela Zwyk\u0142a \/ 19 czerwca 2022 r.<\/strong><br>8.00 \u2020 Jadwiga i Aleksander (m), Stefania (k) i Antoni oraz J\u00f3zef oraz za zmar\u0142ych dziadk\u00f3w i rodzic\u00f3w chrzestnych<br>10.00 \u2020 Janina, Leopold, Krzysztof B\u0104K<br>12.00 W intencji Parafian<br>18.00 \u2020 Irena BARA\u0143SKA w 1 rocznic\u0119 \u015bmierci<\/p>\n\n\n\n<p><br><\/p>\n","protected":false},"excerpt":{"rendered":"<p>Ewangelia (J 16, 12-15) Duch Prawdy doprowadzi was do ca\u0142ej prawdy S\u0142owa Ewangelii wed\u0142ug \u015awi\u0119tego Jana Jezus powiedzia\u0142 do swoich uczni\u00f3w: \u00abJeszcze wiele mam wam do powiedzenia, ale teraz znie\u015b\u0107 nie mo\u017cecie. Gdy za\u015b przyjdzie On, Duch Prawdy, doprowadzi was do ca\u0142ej prawdy. Bo nie b\u0119dzie m\u00f3wi\u0142 od siebie, ale powie wszystko, cokolwiek us\u0142yszy, i [&hellip;]<\/p>\n","protected":false},"author":1,"featured_media":4721,"comment_status":"closed","ping_status":"closed","sticky":false,"template":"","format":"standard","meta":{"ngg_post_thumbnail":0,"footnotes":""},"categories":[11,8,4,3],"tags":[],"class_list":["post-4720","post","type-post","status-publish","format-standard","has-post-thumbnail","hentry","category-aktualnosci","category-blog","category-intencje","category-ogloszenia"],"_links":{"self":[{"href":"https:\/\/rafalk-elblag.pl\/index.php?rest_route=\/wp\/v2\/posts\/4720","targetHints":{"allow":["GET"]}}],"collection":[{"href":"https:\/\/rafalk-elblag.pl\/index.php?rest_route=\/wp\/v2\/posts"}],"about":[{"href":"https:\/\/rafalk-elblag.pl\/index.php?rest_route=\/wp\/v2\/types\/post"}],"author":[{"embeddable":true,"href":"https:\/\/rafalk-elblag.pl\/index.php?rest_route=\/wp\/v2\/users\/1"}],"replies":[{"embeddable":true,"href":"https:\/\/rafalk-elblag.pl\/index.php?rest_route=%2Fwp%2Fv2%2Fcomments&post=4720"}],"version-history":[{"count":2,"href":"https:\/\/rafalk-elblag.pl\/index.php?rest_route=\/wp\/v2\/posts\/4720\/revisions"}],"predecessor-version":[{"id":4724,"href":"https:\/\/rafalk-elblag.pl\/index.php?rest_route=\/wp\/v2\/posts\/4720\/revisions\/4724"}],"wp:featuredmedia":[{"embeddable":true,"href":"https:\/\/rafalk-elblag.pl\/index.php?rest_route=\/wp\/v2\/media\/4721"}],"wp:attachment":[{"href":"https:\/\/rafalk-elblag.pl\/index.php?rest_route=%2Fwp%2Fv2%2Fmedia&parent=4720"}],"wp:term":[{"taxonomy":"category","embeddable":true,"href":"https:\/\/rafalk-elblag.pl\/index.php?rest_route=%2Fwp%2Fv2%2Fcategories&post=4720"},{"taxonomy":"post_tag","embeddable":true,"href":"https:\/\/rafalk-elblag.pl\/index.php?rest_route=%2Fwp%2Fv2%2Ftags&post=4720"}],"curies":[{"name":"wp","href":"https:\/\/api.w.org\/{rel}","templated":true}]}}