{"id":4716,"date":"2022-06-05T08:18:00","date_gmt":"2022-06-05T08:18:00","guid":{"rendered":"http:\/\/rafalk-elblag.pl\/?p=4716"},"modified":"2022-06-07T08:47:48","modified_gmt":"2022-06-07T08:47:48","slug":"biuletyn-05-06-2022-zeslanie-ducha-swietego","status":"publish","type":"post","link":"https:\/\/rafalk-elblag.pl\/?p=4716","title":{"rendered":"Biuletyn 05.06.2022, Zes\u0142anie Ducha \u015awi\u0119tego"},"content":{"rendered":"\n<div class=\"wp-block-image\"><figure class=\"alignleft size-large is-resized\"><img loading=\"lazy\" decoding=\"async\" src=\"http:\/\/rafalk-elblag.pl\/wp-content\/uploads\/2022\/06\/zeslanie-ducha-swietego.jpg\" alt=\"\" class=\"wp-image-4718\" width=\"1000\" height=\"649\" srcset=\"https:\/\/rafalk-elblag.pl\/wp-content\/uploads\/2022\/06\/zeslanie-ducha-swietego.jpg 1000w, https:\/\/rafalk-elblag.pl\/wp-content\/uploads\/2022\/06\/zeslanie-ducha-swietego-300x195.jpg 300w, https:\/\/rafalk-elblag.pl\/wp-content\/uploads\/2022\/06\/zeslanie-ducha-swietego-768x498.jpg 768w\" sizes=\"auto, (max-width: 1000px) 100vw, 1000px\" \/><\/figure><\/div>\n\n\n\n<h1 class=\"wp-block-heading\">Ewangelia (Mt 5, 13-16)\nWy jeste\u015bcie \u015bwiat\u0142em \u015bwiata<\/h1>\n\n\n\n<p> S\u0142owa Ewangelii wed\u0142ug \u015awi\u0119tego Mateusza<\/p>\n\n\n\n<p> Jezus powiedzia\u0142 do swoich uczni\u00f3w:<\/p>\n\n\n\n<p> \u00abWy jeste\u015bcie sol\u0105 ziemi. Lecz je\u015bli s\u00f3l utraci sw\u00f3j smak, czym\u017ce j\u0105 posoli\u0107? Na nic si\u0119 ju\u017c nie przyda, chyba na wyrzucenie i podeptanie przez ludzi. Wy jeste\u015bcie \u015bwiat\u0142em \u015bwiata. Nie mo\u017ce si\u0119 ukry\u0107 miasto po\u0142o\u017cone na g\u00f3rze. Nie zapala si\u0119 te\u017c lampy i nie umieszcza pod korcem, ale na \u015bwieczniku, aby \u015bwieci\u0142a wszystkim, kt\u00f3rzy s\u0105 w domu. Tak niech wasze \u015bwiat\u0142o ja\u015bnieje przed lud\u017ami, aby widzieli wasze dobre uczynki i chwalili Ojca waszego, kt\u00f3ry jest w niebie\u00bb. <\/p>\n\n\n\n<h1 class=\"wp-block-heading\">WPATRUJEMY SI\u0118 W NIEBO\u2026<\/h1>\n\n\n\n<p><strong>Prze\u017cywamy dzi\u015b Niedziel\u0119 Zes\u0142ania Ducha \u015awi\u0119tego. W dniu Pie\u0107dziesi\u0105tnicy dany zosta\u0142 Ko\u015bcio\u0142owi Ten, kt\u00f3ry jest Trzeci\u0105 Osob\u0105 Bosk\u0105, U\u015bwi\u0119cicielem i O\u017cywicielem Ko\u015bcio\u0142a oraz naszym Pocieszycielem. Wpatruj\u0105c si\u0119 w Jego Bosk\u0105 Osob\u0119, warto dzi\u015b podj\u0105\u0107 refleksj\u0119 nad Jego siedmioma darami. Dar m\u0105dro\u015bci Nie chodzi tylko o ludzk\u0105 m\u0105dro\u015b\u0107, b\u0119d\u0105c\u0105 owocem poznania i do\u015bwiadczenia. <\/strong><\/p>\n\n\n\n<p>W Pi\u015bmie \u015awi\u0119tym mowa jest o tym, \u017ce Salomon w chwili koronacji na kr\u00f3la Izraela prosi\u0142 Boga o dar m\u0105dro\u015bci. M\u0105dro\u015b\u0107 jest w\u0142a\u015bnie tym: \u0142ask\u0105 umiej\u0119tno\u015bci postrzegania wszystkiego oczyma Boga. Jest to po prostu widzenie \u015bwiata, sytuacji, okoliczno\u015bci, problem\u00f3w oczyma Boga. To jest w\u0142a\u015bnie m\u0105dro\u015b\u0107. Czasami postrzegamy rzeczy wed\u0142ug naszego upodobania, czy sytuacji naszego serca. M\u0105dro\u015b\u0107 to dzie\u0142o Ducha \u015awi\u0119tego w nas, aby\u015bmy postrzegali wszystkie rzeczy oczyma Boga. Dar rozumu Nie chodzi tutaj o ludzk\u0105 inteligencj\u0119, zdolno\u015bci intelektualne, kt\u00f3rymi mo\u017cemy by\u0107 obdarowani mniej lub bardziej. <\/p>\n\n\n\n<p>Jest to natomiast \u0142aska, kt\u00f3r\u0105 mo\u017ce tchn\u0105\u0107 jedynie Duch \u015awi\u0119ty, rozbudzaj\u0105ca w chrze\u015bcijaninie zdolno\u015b\u0107 wyj\u015bcia poza zewn\u0119trzny aspekt rzeczywisto\u015bci i poznania g\u0142\u0119bi my\u015bli Boga oraz Jego planu zbawienia. Dar rady Wiemy, jak szczeg\u00f3lnie w chwilach najtrudniejszych wa\u017cna jest mo\u017cliwo\u015b\u0107 liczenia na sugestie os\u00f3b m\u0105drych, kt\u00f3re nam dobrze \u017cycz\u0105. Ot\u00f3\u017c, poprzez dar rady, to sam B\u00f3g, przez swego Ducha o\u015bwieca nasze serce, aby\u015bmy poj\u0119li w\u0142a\u015bciwy spos\u00f3b m\u00f3wienia i zachowania oraz drog\u0119, kt\u00f3r\u0105 nale\u017cy p\u00f3j\u015b\u0107. Dar m\u0119stwa Nie nale\u017cy my\u015ble\u0107, \u017ce dar m\u0119stwa jest konieczny tylko w niekt\u00f3rych okazjach czy sytuacjach szczeg\u00f3lnych. <\/p>\n\n\n\n<p>Dar ten powinien stanowi\u0107 zasadnicz\u0105 cech\u0119 naszego \u017cycia chrze\u015bcija\u0144skiego w zwyczajno\u015bci naszego \u017cycia powszedniego. Ka\u017cdego dnia w naszym \u017cyciu powszednim powinni\u015bmy by\u0107 mocni, potrzebujemy m\u0119stwa, by rozwija\u0107 nasze \u017cycie, rodzin\u0119, wiar\u0119. \u015awi\u0119ty Pawe\u0142 Aposto\u0142 powiedzia\u0142 s\u0142owa, kt\u00f3re warto us\u0142ysze\u0107: &#8222;Wszystko mog\u0119 w Tym, kt\u00f3ry mnie umacnia&#8221;(Flp 4,13). Kiedy przychodzi zwyczajne \u017cycie, trudno\u015bci, pami\u0119tajmy o tych s\u0142owach: &#8222;Wszystko mog\u0119 w Tym, kt\u00f3ry mnie umacnia&#8221;. Pan daje moc zawsze, nigdy nie odmawia.  Dar umiej\u0119tno\u015bci Gdy nasze oczy o\u015bwiecone s\u0105 przez Ducha \u015awi\u0119tego, to otwieraj\u0105 si\u0119 na kontemplacj\u0119 Boga w pi\u0119knie przyrody i wspania\u0142o\u015bci kosmosu, i prowadz\u0105 nas do odkrycia, \u017ce ka\u017cda rzecz m\u00f3wi nam o Bogu i Jego mi\u0142o\u015bci. <\/p>\n\n\n\n<p>Wszystko to wzbudza w nas wielkie zdumienie i g\u0142\u0119bokie poczucie wdzi\u0119czno\u015bci! W obliczu tego wszystkiego Duch \u015awi\u0119ty prowadzi nas do chwalenia Pana z g\u0142\u0119bi naszego serca i rozpoznania w tym wszystkim co mamy i czym jeste\u015bmy, bezcennego daru Boga i znaku Jego niesko\u0144czonej mi\u0142o\u015bci wzgl\u0119dem nas. Dar pobo\u017cno\u015bci Tej wi\u0119zi z Bogiem nie nale\u017cy rozumie\u0107 jako obowi\u0105zku czy czego\u015b narzuconego: jest to wi\u0119\u017a wyp\u0142ywaj\u0105ca z naszej g\u0142\u0119bi. Chodzi natomiast o relacj\u0119 prze\u017cywan\u0105 sercem: jest to nasza przyja\u017a\u0144 z Bogiem, dana nam przez Jezusa, przyja\u017a\u0144, kt\u00f3ra zmienia nasze \u017cycie i nape\u0142nia nas entuzjazmem i rado\u015bci\u0105. <\/p>\n\n\n\n<p>Z tego powodu dar pobo\u017cno\u015bci budzi w nas przede wszystkim wdzi\u0119czno\u015b\u0107 i uwielbienie. To w\u0142a\u015bnie jest najbardziej autentycznym motywem i sensem naszej czci i adoracji. Kiedy Duch \u015awi\u0119ty sprawia, \u017ce dostrzegamy obecno\u015b\u0107 Pana i ca\u0142\u0105 Jego mi\u0142o\u015b\u0107 wzgl\u0119dem nas, to rozpala nasze serce i pobudza nas niemal naturalnie do modlitwy i celebrowania. Dar boja\u017ani Bo\u017cej Boja\u017a\u0144 Bo\u017ca pozwala nam sobie u\u015bwiadomi\u0107, \u017ce wszystko jest dzie\u0142em \u0142aski i \u017ce nasz\u0105 jedyn\u0105 prawdziw\u0105 si\u0142\u0105 jest na\u015bladowanie Pana Jezusa oraz pozwolenie, by Ojciec m\u00f3g\u0142 obdarzy\u0107 nas swoj\u0105 dobroci\u0105 i swoim mi\u0142osierdziem. Tak wi\u0119c ten dar Ducha \u015awi\u0119tego udoskonala nasz\u0105 wra\u017cliwo\u015b\u0107 i pomaga nam rozpozna\u0107, \u017ce jeste\u015bmy dzie\u0107mi kochanymi bez miary. Otworzy\u0107 serce, aby dobro\u0107 i mi\u0142osierdzie Bo\u017ce wesz\u0142y w nas. <\/p>\n\n\n\n<p><\/p>\n\n\n\n<p><\/p>\n\n\n\n<figure class=\"wp-block-image\"><a href=\"http:\/\/rafalk-elblag.pl\/wp-content\/uploads\/2021\/08\/ogloszenia-parafialne-baner-01a.jpg\"><img loading=\"lazy\" decoding=\"async\" width=\"720\" height=\"232\" src=\"http:\/\/rafalk-elblag.pl\/wp-content\/uploads\/2021\/08\/ogloszenia-parafialne-baner-01a.jpg\" alt=\"\" class=\"wp-image-4410\" srcset=\"https:\/\/rafalk-elblag.pl\/wp-content\/uploads\/2021\/08\/ogloszenia-parafialne-baner-01a.jpg 720w, https:\/\/rafalk-elblag.pl\/wp-content\/uploads\/2021\/08\/ogloszenia-parafialne-baner-01a-300x97.jpg 300w\" sizes=\"auto, (max-width: 720px) 100vw, 720px\" \/><\/a><\/figure>\n\n\n\n<h1 class=\"wp-block-heading\">Og\u0142oszenia parafialne 05.06.2022r<\/h1>\n\n\n\n<ol class=\"wp-block-list\"><li><strong>Dzisiaj Uroczysto\u015b\u0107 Zes\u0142ania Ducha \u015awi\u0119tego<\/strong>, a zarazem dzie\u0144, w kt\u00f3rym mo\u017cemy uzyska\u0107 ODPUST ZUPE\u0141NY pod zwyk\u0142ymi warunkami za udzia\u0142 w publicznym \u015bpiewie lub recytacji hymnu:<strong> \u201eO Stworzycielu, Duchu przyjd\u017a\u201d.<\/strong><br><\/li><li>W dniu dzisiejszym zapraszamy na <strong>ADORACJ\u0118 NAJ\u015aWI\u0118TSZEGO SAKRAMENTU od godz. 15:00 do godz. 18:00. <\/strong><em><strong>Adoracja rozpocznie si\u0119 Koronk\u0105 do Bo\u017cego Mi\u0142osierdzia a zako\u0144czy si\u0119 Litani\u0105 do Naj\u015bwi\u0119tszego Serca Pana Jezusa.<\/strong><\/em><br><\/li><li>Przez ca\u0142y czerwiec odprawiane b\u0119dzie Nabo\u017ce\u0144stwo Eucharystyczne ku czci Naj\u015bwi\u0119tszego Serca Pana Jezusa po Mszy \u015bw. wieczornej. Zapraszamy do wsp\u00f3lnego odmawiania Litanii przed Naj\u015bwi\u0119tszym Sakramentem.<br><\/li><li><strong>Od 5 czerwca 2022 roku (od tej niedzieli) do ko\u0144ca sierpnia nie b\u0119dzie Mszy \u015bw. niedzielnej o godz. 15:00, natomiast Koronka do Bo\u017cego Mi\u0142osierdzia pozostaje bez zmian.<\/strong><br><\/li><li>Ofiary zbierane dzisiaj na tac\u0119 przeznaczone s\u0105 na inwestycje w naszej parafii.<em> Dzi\u0119kuj\u0119 za zrozumienie i sk\u0142adane ofiary<strong>. B\u00f3g zap\u0142a\u0107.<\/strong><\/em><br><\/li><li>Jutro prze\u017cywa\u0107 b\u0119dziemy \u015bwi\u0119to <strong>NAJ\u015aWI\u0118TSZEJ MARYI PANNY MATKI KO\u015aCIO\u0141A.<\/strong> Zapraszamy wszystkich parafian do udzia\u0142u w Eucharystii o godz. 8:00 i 18:00, by w tych trudnych czasach niepokoju spo\u0142ecznego i wojny na UKRAINIE <em>prosi\u0107 Maryj\u0119 s\u0142owami b\u0142. Kard. Stefana Wyszy\u0144skiego<u>: \u201eOka\u017c si\u0119 Matk\u0105 Ko\u015bcio\u0142a w Ojczy\u017anie naszej i na ca\u0142ym \u015bwiecie\u201d.<\/u><\/em><br><\/li><li>W poniedzia\u0142ek <strong>6 czerwca<\/strong> br. <strong>przypada XXIII rocznica wizyty Ojca \u015awi\u0119tego Jana Paw\u0142a II w Elbl\u0105gu.<\/strong> Zapraszamy na Msze \u015bw. o godz. 18:00. <em>Niech nasza modlitwa b\u0119dzie dzi\u0119kczynieniem za szczeg\u00f3lne wyr\u00f3\u017cnienie ca\u0142ej diecezji elbl\u0105skiej, kt\u00f3r\u0105 u\u015bwi\u0119ci\u0142 \u015bw. Jan Pawe\u0142 II poprzez swoja obecno\u015b\u0107, nabo\u017ce\u0144stwo do Naj\u015bwi\u0119tszego Serca Pana Jezusa i b\u0142ogos\u0142awie\u0144stwo.<\/em><br><\/li><li><strong>W czwartek 9 czerwca br. obchodzimy w Ko\u015bciele UROCZYSTO\u015a\u0106 JEZUSA CHRYSTUSA NAJWY\u017bSZEGO I WIECZNEGO KAP\u0141ANA.<\/strong> Tego dnia podczas Mszy \u015bw. o godz. 18.00 ksi\u0119\u017ca pracuj\u0105cy w naszej parafii dzi\u0119kowa\u0107 b\u0119d\u0105 za otrzymany dar kap\u0142a\u0144stwa w rocznic\u0119 swoich \u015bwi\u0119ce\u0144.<em><u> Pami\u0119tajmy w naszych modlitwach o wszystkich powo\u0142anych do s\u0142u\u017cby w Ko\u015bciele.<\/u><\/em><br><\/li><li><strong>Nabo\u017ce\u0144stwo pokutne dla kandydat\u00f3w do sakramentu Bierzmowania, \u015bwiadk\u00f3w i rodziny odb\u0119dzie si\u0119 w pi\u0105tek &#8211; 10 czerwca &#8211; o godz. 19:00. Obecno\u015b\u0107 obowi\u0105zkowa.<\/strong><br><\/li><li>Parafia \u015bw. Brata Alberta w Elbl\u0105gu zaprasza na XIV Forum Rodziny, kt\u00f3re odb\u0119dzie si\u0119 w dniach od 6 do 8 czerwca, pod has\u0142em: <strong>\u201eMi\u0142o\u015b\u0107 pi\u0119kna cho\u0107 trudna\u201d<\/strong> Ka\u017cdego dnia o godz. 18:00 Eucharystia z homili\u0105 a po niej konferencja dr hab. Mieczys\u0142awa Guzewicza. <em>Dok\u0142adne informacje na plakatach oraz na stronie internetowej parafii.<\/em><br><\/li><li>Wszystkim Jubilatom i Solenizantom tego tygodnia \u017cyczymy wszelkiego dobra w \u017cyciu i b\u0142ogos\u0142awie\u0144stwa Bo\u017cego.<\/li><\/ol>\n\n\n\n<figure class=\"wp-block-image\"><img decoding=\"async\" src=\"http:\/\/rafalk-elblag.pl\/wp-content\/uploads\/2020\/04\/baner-intencje-mszy.jpg\" alt=\"\"\/><\/figure>\n\n\n\n<h1 class=\"wp-block-heading\">Intencje mszalne 05.06.2022r<\/h1>\n\n\n\n<p><strong>PONIEDZIA\u0141EK \/ 6 czerwca 2022 r.<br>\u015aWI\u0118TO NMP MATKI KO\u015aCIO\u0141A<\/strong><br>8.00 \u2020 Leszek SZANDRACH z okazji ziemskich urodzin<br>18.00 Dzi\u0119kczynna w kolejn\u0105 rocznic\u0119 urodzin Anny i Henryka z pro\u015bb\u0105 o Bo\u017ce b\u0142ogos\u0142awie\u0144stwo, wszelkie potrzebne \u0142aski i opiek\u0119 Matki Bo\u017cej<\/p>\n\n\n\n<p><strong>WTOREK \/ 7 czerwca 2022 r.<\/strong><br>8.00 O Bo\u017ce b\u0142ogos\u0142awie\u0144stwo, dary Ducha \u015awi\u0119tego i opiek\u0119 Matki Bo\u017cej dla Marianny SPODAREK i ca\u0142ej rodziny<br>18.00 \u2020 Krystyna w 4 rocznic\u0119 \u015bmierci, J\u00f3zef, Teresa BARTO\u015a, Helena, Stanis\u0142aw CYREK<\/p>\n\n\n\n<p><strong>\u015aRODA \/ 8 czerwca 2022 r. \u015aW. JADWIGI KR\u00d3LEWEJ<\/strong><br>8.00 \u2020 Jan Witkowski i zmarli rodzice z obojga stron i Barbara i J\u00f3zef (m)<br>18.00 \u2020 Stanis\u0142aw ZIABKA w 30 dzie\u0144 po pogrzebie<br>18.00 \u2020 W\u0142adys\u0142aw WIADROWSKI w 3 rocznic\u0119 \u015bmierci<\/p>\n\n\n\n<p><strong>CZWARTEK \/ 9 czerwca 2022 r. \/<br>JEZUSA CHRYSTUSA NAJWY\u017bSZEGO I WIECZNEGO KAP\u0141ANA<\/strong><br>8.00 O \u0142ask\u0119 zdrowie dla Patrycji<br>18.00 Dzi\u0119kczynna w kolejn\u0105 rocznic\u0119 \u015bwi\u0119ce\u0144 kap\u0142a\u0144skich kap\u0142an\u00f3w naszej parafii z pro\u015bb\u0105 o dary Ducha \u015awi\u0119tego, opiek\u0119 Matki Bo\u017cej w dalszej pracy duszpasterskiej<br>18.00 \u2020 Halina URBA\u0143SKA z okazji imienin, urodzin i Dnia Matki<\/p>\n\n\n\n<p><strong>PI\u0104TEK \/ 10 czerwca 2022 r.<\/strong><br>8.00 O \u0142ask\u0119 zdrowia dla Patrycji<br>18.00 Za zmar\u0142ych rodzic\u00f3w i rodze\u0144stwo z rodziny JEZIERSKICH<br>19.00 Nabo\u017ce\u0144stwo Pokutne &#8211; spowied\u017a dla m\u0142odzie\u017cy, \u015bwiadk\u00f3w i rodziny<\/p>\n\n\n\n<p><strong>SOBOTA \/ 11 czerwca 2022 r. \u015aW. BARNABY APOSTO\u0141A<\/strong><br>8.00 O \u0142ask\u0119 zdrowia dla Patrycji<br>18.00 \u2020 Lucjan LASEK w dniu imienin, \u2020 Bronis\u0142awa (k) Stanis\u0142aw (m) Marianna, Feliks, Sylwester<\/p>\n\n\n\n<p><strong>NIEDZIELA 12 czerwca 2022 r.<br>UROCZYSTO\u015a\u0106 NAJ\u015aWI\u0118TSZEJ TR\u00d3JCY<\/strong><br>8.00 Rez.<br>10.00 Dzi\u0119kczynna z okazji urodzin Piotra ZBIERZCHOWSKIEGO z pro\u015bb\u0105 o potrzebne \u0142aski wiary, nadziei i mi\u0142o\u015bci oraz o opiek\u0119 Matki Bo\u017cej Szkaplerznej<br>12.00 W intencji Parafian<br>18.00 W intencji m\u0142odzie\u017cy, kt\u00f3ra dzisiaj przyjmie SAKRAMENT BIERZMOWANIA o \u017cyw\u0105 wiar\u0119 i odwag\u0119 bycia \u015bwiadkiem CHRYSTUSA<br>18.00 O Bo\u017ce b\u0142ogos\u0142awie\u0144stwo dla Nikodema i ca\u0142ej Jego rodziny, Agnieszki i ca\u0142ej rodziny zakonnej oraz dla Magdaleny i ca\u0142ej Jej rodziny<\/p>\n\n\n\n<p><br><\/p>\n","protected":false},"excerpt":{"rendered":"<p>Ewangelia (Mt 5, 13-16) Wy jeste\u015bcie \u015bwiat\u0142em \u015bwiata S\u0142owa Ewangelii wed\u0142ug \u015awi\u0119tego Mateusza Jezus powiedzia\u0142 do swoich uczni\u00f3w: \u00abWy jeste\u015bcie sol\u0105 ziemi. Lecz je\u015bli s\u00f3l utraci sw\u00f3j smak, czym\u017ce j\u0105 posoli\u0107? Na nic si\u0119 ju\u017c nie przyda, chyba na wyrzucenie i podeptanie przez ludzi. Wy jeste\u015bcie \u015bwiat\u0142em \u015bwiata. Nie mo\u017ce si\u0119 ukry\u0107 miasto po\u0142o\u017cone na [&hellip;]<\/p>\n","protected":false},"author":1,"featured_media":4717,"comment_status":"closed","ping_status":"closed","sticky":false,"template":"","format":"standard","meta":{"ngg_post_thumbnail":0,"footnotes":""},"categories":[11,8,4,3],"tags":[],"class_list":["post-4716","post","type-post","status-publish","format-standard","has-post-thumbnail","hentry","category-aktualnosci","category-blog","category-intencje","category-ogloszenia"],"_links":{"self":[{"href":"https:\/\/rafalk-elblag.pl\/index.php?rest_route=\/wp\/v2\/posts\/4716","targetHints":{"allow":["GET"]}}],"collection":[{"href":"https:\/\/rafalk-elblag.pl\/index.php?rest_route=\/wp\/v2\/posts"}],"about":[{"href":"https:\/\/rafalk-elblag.pl\/index.php?rest_route=\/wp\/v2\/types\/post"}],"author":[{"embeddable":true,"href":"https:\/\/rafalk-elblag.pl\/index.php?rest_route=\/wp\/v2\/users\/1"}],"replies":[{"embeddable":true,"href":"https:\/\/rafalk-elblag.pl\/index.php?rest_route=%2Fwp%2Fv2%2Fcomments&post=4716"}],"version-history":[{"count":1,"href":"https:\/\/rafalk-elblag.pl\/index.php?rest_route=\/wp\/v2\/posts\/4716\/revisions"}],"predecessor-version":[{"id":4719,"href":"https:\/\/rafalk-elblag.pl\/index.php?rest_route=\/wp\/v2\/posts\/4716\/revisions\/4719"}],"wp:featuredmedia":[{"embeddable":true,"href":"https:\/\/rafalk-elblag.pl\/index.php?rest_route=\/wp\/v2\/media\/4717"}],"wp:attachment":[{"href":"https:\/\/rafalk-elblag.pl\/index.php?rest_route=%2Fwp%2Fv2%2Fmedia&parent=4716"}],"wp:term":[{"taxonomy":"category","embeddable":true,"href":"https:\/\/rafalk-elblag.pl\/index.php?rest_route=%2Fwp%2Fv2%2Fcategories&post=4716"},{"taxonomy":"post_tag","embeddable":true,"href":"https:\/\/rafalk-elblag.pl\/index.php?rest_route=%2Fwp%2Fv2%2Ftags&post=4716"}],"curies":[{"name":"wp","href":"https:\/\/api.w.org\/{rel}","templated":true}]}}