{"id":4710,"date":"2022-05-29T09:42:49","date_gmt":"2022-05-29T09:42:49","guid":{"rendered":"http:\/\/rafalk-elblag.pl\/?p=4710"},"modified":"2022-05-29T09:44:31","modified_gmt":"2022-05-29T09:44:31","slug":"biuletyn-29-05-2022-wniebowstapienie-panskie","status":"publish","type":"post","link":"https:\/\/rafalk-elblag.pl\/?p=4710","title":{"rendered":"Biuletyn 29.05.2022, Wniebowst\u0105pienie Pa\u0144skie"},"content":{"rendered":"\n<div class=\"wp-block-image\"><figure class=\"alignleft size-large is-resized\"><img loading=\"lazy\" decoding=\"async\" src=\"http:\/\/rafalk-elblag.pl\/wp-content\/uploads\/2022\/05\/wniebowstapienie-1024x583.jpg\" alt=\"\" class=\"wp-image-4712\" width=\"1024\" height=\"583\" srcset=\"https:\/\/rafalk-elblag.pl\/wp-content\/uploads\/2022\/05\/wniebowstapienie-1024x583.jpg 1024w, https:\/\/rafalk-elblag.pl\/wp-content\/uploads\/2022\/05\/wniebowstapienie-300x171.jpg 300w, https:\/\/rafalk-elblag.pl\/wp-content\/uploads\/2022\/05\/wniebowstapienie-768x438.jpg 768w, https:\/\/rafalk-elblag.pl\/wp-content\/uploads\/2022\/05\/wniebowstapienie-1536x875.jpg 1536w, https:\/\/rafalk-elblag.pl\/wp-content\/uploads\/2022\/05\/wniebowstapienie.jpg 1920w\" sizes=\"auto, (max-width: 1024px) 100vw, 1024px\" \/><\/figure><\/div>\n\n\n\n<h1 class=\"wp-block-heading\">Ewangelia (\u0141k 24, 46-53) Jezus zosta\u0142 uniesiony do nieba<\/h1>\n\n\n\n<p>\nS\u0142owa Ewangelii wed\u0142ug \u015awi\u0119tego \u0141ukasza\n\nJezus powiedzia\u0142 do swoich uczni\u00f3w:\n\n\u00abTak jest napisane: Mesjasz b\u0119dzie cierpia\u0142 i trzeciego dnia zmartwychwstanie; w imi\u0119 Jego g\u0142oszone b\u0119dzie nawr\u00f3cenie i odpuszczenie grzech\u00f3w wszystkim narodom, pocz\u0105wszy od Jeruzalem. Wy jeste\u015bcie \u015bwiadkami tego.\n\nOto Ja ze\u015bl\u0119 na was obietnic\u0119 mojego Ojca. Wy za\u015b pozosta\u0144cie w mie\u015bcie, a\u017c b\u0119dziecie przyobleczeni w moc z wysoka\u00bb.\n\nPotem wyprowadzi\u0142 ich ku Betanii i podni\u00f3s\u0142szy r\u0119ce, b\u0142ogos\u0142awi\u0142 ich. A kiedy ich b\u0142ogos\u0142awi\u0142, rozsta\u0142 si\u0119 z nimi i zosta\u0142 uniesiony do nieba.\n\nOni za\u015b oddali Mu pok\u0142on i z wielk\u0105 rado\u015bci\u0105 wr\u00f3cili do Jeruzalem, gdzie stale przebywali w \u015bwi\u0105tyni, wielbi\u0105c i b\u0142ogos\u0142awi\u0105c Boga.\n<\/p>\n\n\n\n<h1 class=\"wp-block-heading\">WPATRUJEMY SI\u0118 W NIEBO\u2026<\/h1>\n\n\n\n<p> <strong>40 dni temu Ko\u015bci\u00f3\u0142 wspomina\u0142 m\u0119k\u0119 swojego Pana i radowa\u0142 si\u0119 pustym grobem w Niedziel\u0119 Zmartwychwstania. Przez ostatnie dni w Liturgii S\u0142owa towarzyszyli\u015bmy Aposto\u0142om i Uczniom podczas ich spotka\u0144 ze Zmartwychwsta\u0142ym. Pami\u0119tamy p\u0142acz Marii Magdaleny przed pustym grobem i zaskoczenie uczni\u00f3w id\u0105cych do Emaus, gdy przy\u0142\u0105czy\u0142 si\u0119 do nich Pan, wyja\u015bnia\u0142 im Pisma i \u0142ama\u0142 dla nich chleb, czy rado\u015b\u0107 Piotra gdy podczas po\u0142owu ryb ujrza\u0142 Pana. Jezus poucza\u0142 i zapowiada\u0142 to, co jeszcze ma si\u0119 wydarzy\u0107. <\/strong><\/p>\n\n\n\n<p>Dzi\u015b Aposto\u0142owie widz\u0105 Jezusa, Tego, kt\u00f3ry od Ojca wyszed\u0142 i do Ojca wraca, po raz ostatni. Na ich oczach wst\u0119puje do nieba. Utrata jakiej do\u015bwiadczyli przed czterdziestu dniami Aposto\u0142owie musia\u0142a by\u0107 trudna i bolesna. Tym bardziej, \u017ce Jezus umiera\u0142 na krzy\u017cu wyszydzony, wzgardzony i pot\u0119piony przez \u015bwiat. Czytamy w Ewangeliach, \u017ce pod krzy\u017cem zosta\u0142 tylko jeden, umi\u0142owany ucze\u0144 Jan, a Szymon Piotr ze strachu trzykrotnie wypar\u0142 si\u0119 Pana. Po \u015bmierci Jezusa Aposto\u0142owie pe\u0142ni obaw ukrywali si\u0119 przed \u017bydami. Pomi\u0119dzy nimi, pomimo drzwi zamkni\u0119tych niespodziewanie stan\u0105\u0142 Zmartwychwsta\u0142y Pan. <\/p>\n\n\n\n<p>Potem wielokrotnie ukazywa\u0142 si\u0119 nie tylko samym Aposto\u0142om, ale i niewiastom i wiernym. P\u00f3\u017aniej \u015bw. Pawe\u0142 napisze w jednym ze swoich list\u00f3w, \u017ce na koniec Jezus ukaza\u0142 si\u0119 jemu, jako poronionemu p\u0142odowi\u2026 Spotkania ze Zmartwychwsta\u0142y musia\u0142y nape\u0142nia\u0107 Aposto\u0142\u00f3w pokojem i umacnia\u0107 ich wiar\u0119.  Widz\u0105c po raz ostatni Jezusa otrzymali nakaz odwa\u017cnego p\u00f3j\u015bcia do \u015bwiata, by g\u0142osi\u0107 Ewangeli\u0119, by przekazywa\u0107 to wszystko, czego byli \u015bwiadkami. <\/p>\n\n\n\n<p>Mateusz i Marek w zako\u0144czeniach swoich Ewangelii podkre\u015blaj\u0105, \u017ce Aposto\u0142owie zostali pos\u0142ani by udziela\u0107 chrztu i g\u0142osi\u0107 Ewangeli\u0119 wszelkiemu stworzeniu. O samym Wniebowst\u0105pieniu Ewangelie pisz\u0105 niewiele, pojawiaj\u0105 si\u0119 jedynie sformu\u0142owania, \u017ce Jezus zosta\u0142 wzi\u0119ty do nieba (por. Mk 16,19). Miejscem Wniebowst\u0105pienia by\u0142a G\u00f3ra Oliwna. Z tego miejsca rozpocz\u0119\u0142a si\u0119 m\u0119ka Jezusa, tu tak\u017ce dope\u0142ni\u0142a si\u0119 Jego chwa\u0142a. Pierwotny Ko\u015bci\u00f3\u0142 \u0142\u0105czy\u0142 obchody Uroczysto\u015bci Wniebowst\u0105pienia z tajemnic\u0105 zes\u0142ania Ducha \u015awi\u0119tego. Jednak\u017ce nie by\u0142o ono obchodzone od samego pocz\u0105tku. Historia Liturgii zna t\u0105 Uroczysto\u015b\u0107 dopiero od IV w. Warto zwr\u00f3ci\u0107 uwag\u0119, \u017ce Uroczysto\u015b\u0107 Wniebowst\u0105pienia mo\u017ce by\u0107 celebrowana w Ko\u015bciele w dw\u00f3ch terminach. <\/p>\n\n\n\n<p>Po pierwsze, dok\u0142adnie po 40 dniach od Zmartwychwstania, czyli w czwartek po VI Niedzieli Wielkanocnej, b\u0105d\u017a w nast\u0119pn\u0105 po nim VII Niedziel\u0119 Wielkanocn\u0105. W Polsce zgodnie z Dekretem Kongregacji do Spraw Kultu Bo\u017cego i Dyscypliny Sakrament\u00f3w z dnia 4. marca 2003 r. Uroczysto\u015b\u0107 t\u0105 obchodzi si\u0119 w VII Niedziel\u0119 Wielkanocn\u0105. Dni do Wniebowst\u0105pieniu przygotowuj\u0105 wsp\u00f3lnot\u0119 Ko\u015bcio\u0142a do prze\u017cywania kolejnej tajemnicy \u2013 zes\u0142ania Ducha \u015awi\u0119tego. Dlatego te\u017c czytania liturgiczne zawieraj\u0105 obietnice tego daru, a w ko\u015bcio\u0142ach odprawia si\u0119 Nowenn\u0119 do Ducha \u015awi\u0119tego. Dzi\u015b wraz z Aposto\u0142ami wpatrujemy si\u0119 w niebo, wpatrujemy si\u0119 w wst\u0119puj\u0105cego do chwa\u0142y Ojca Jezusa. <\/p>\n\n\n\n<p>Wniebowst\u0105pienie jest nie tylko uroczystym wywy\u017cszeniem Jezusa, ale tak\u017ce jest dla nas gwarancj\u0105 wywy\u017cszenia ka\u017cdego cz\u0142owieka. Jezus nie wst\u0119puje do nieba sam. Zabiera ze sob\u0105 \u015bwi\u0119te dusze, po kt\u00f3re, zgodnie z Tradycj\u0105, zst\u0105pi\u0142 do otch\u0142ani, i nam przygotowuje miejsce w domu Ojca (por. J 14,2-3). Wpatruj\u0105c si\u0119 w niebo nie zapomnijmy jednak o ostatnim pouczeniu. Bowiem ka\u017cdy z nas zostaje powo\u0142any by i\u015b\u0107 i g\u0142osi\u0107 Ewangeli\u0119, by nie\u015b\u0107 rado\u015b\u0107 Dobrej Nowiny i oczekiwa\u0107 daru Ducha \u015awi\u0119tego. O ka\u017cdego z nas m\u00f3wi dzi\u015b Jezus: \u201eId\u017acie i nauczajcie wszystkie narody. A oto Ja jestem z wami przez wszystkie dni, a\u017c do sko\u0144czenia \u015bwiata\u201d.<\/p>\n\n\n\n<p><\/p>\n\n\n\n<p><\/p>\n\n\n\n<figure class=\"wp-block-image\"><a href=\"http:\/\/rafalk-elblag.pl\/wp-content\/uploads\/2021\/08\/ogloszenia-parafialne-baner-01a.jpg\"><img loading=\"lazy\" decoding=\"async\" width=\"720\" height=\"232\" src=\"http:\/\/rafalk-elblag.pl\/wp-content\/uploads\/2021\/08\/ogloszenia-parafialne-baner-01a.jpg\" alt=\"\" class=\"wp-image-4410\" srcset=\"https:\/\/rafalk-elblag.pl\/wp-content\/uploads\/2021\/08\/ogloszenia-parafialne-baner-01a.jpg 720w, https:\/\/rafalk-elblag.pl\/wp-content\/uploads\/2021\/08\/ogloszenia-parafialne-baner-01a-300x97.jpg 300w\" sizes=\"auto, (max-width: 720px) 100vw, 720px\" \/><\/a><\/figure>\n\n\n\n<h1 class=\"wp-block-heading\">Og\u0142oszenia parafialne 29.05.2022r<\/h1>\n\n\n\n<ol class=\"wp-block-list\"><li><strong>Kochani Parafianie <\/strong>przed nami ostatni tydzie\u0144 Wielkanocny &#8211; czas rado\u015bci ze Zmartwychwstania Pana Jezusa<em>. <strong>Gor\u0105co zach\u0119cam wiernych do skorzystania z \u0142aski sakramentu pojednania i do przyj\u0119cia KOMUNII \u015aW. WIELKANOCNEJ.<\/strong><\/em> <em>Spowied\u017a \u015bw. w tygodniu od 7:45 oraz od godz. 17:30. Przykazanie ko\u015bcielne przypomina: <strong>\u201ePrzynajmniej raz w roku, w okresie wielkanocnym, przyj\u0105\u0107 Komuni\u0119 \u015bwi\u0119t\u0105&#8221;<\/strong><\/em><br><\/li><li>Dzisiaj mo\u017cemy w\u0142\u0105czy\u0107 si\u0119 w akcj\u0119 <strong>\u201ePola Nadziei 2022\u201d.<\/strong> Akcja ma uwra\u017cliwi\u0107 spo\u0142ecze\u0144stwo, przypominaj\u0105c o chorych i cierpi\u0105cych, a tak\u017ce zach\u0119ci\u0107 do wolontariatu hospicyjnego. <em>Dzi\u0119kujemy za zrozumienie i z\u0142o\u017cone ofiary do puszki.<\/em><br><\/li><li>Spotkanie Apostolatu Bo\u017cego Mi\u0142osierdzia oraz Woluntariuszy Caritas dzisiaj po Mszy \u015bw. o godz. 15:00 na plebanii. <em>Obecno\u015b\u0107 wszystkich cz\u0142onk\u00f3w mile widziana.<\/em><br><\/li><li><strong>Przed nami ostatnie dni maja<\/strong> &#8211; zapraszamy na ostatnie nabo\u017ce\u0144stwa ku czci Naj\u015bwi\u0119tszej Maryi Panny, tzw. <strong>\u201eMAJOWE<\/strong><em><strong>\u201d: <\/strong>o godz. 17:30.<\/em><br><\/li><li><strong>Przez ca\u0142y czerwiec odprawiane b\u0119dzie Nabo\u017ce\u0144stwo Eucharystyczne ku czci Naj\u015bwi\u0119tszego Serca Pana Jezusa po Mszy \u015bw. o godz. 18:00. Zapraszamy do wsp\u00f3lnego odmawiania Litanii przed Naj\u015bwi\u0119tszym Sakramentem.<\/strong><br><\/li><li>W \u015brod\u0119 1 czerwca tj. w <strong>DZIE\u0143 DZIECKA<\/strong> dzieci b\u0119d\u0105 mia\u0142y swoje nabo\u017ce\u0144stwo o godz. 16:30. Zako\u0144czymy je indywidualnym b\u0142ogos\u0142awie\u0144stwem oraz niespodziank\u0105. <em>Gor\u0105co zapraszamy dzieci i rodzic\u00f3w.<\/em><br><\/li><li>W tym tygodniu przypada pierwszy czwartek, pi\u0105tek i sobota miesi\u0105ca.<ul><li>W tym tygodniu przypada pierwszy czwartek, pi\u0105tek i sobota miesi\u0105ca.<br><strong>w pierwszy czwartek<\/strong> b\u0119dziemy modli\u0107 si\u0119 o \u015bwi\u0119to\u015b\u0107 dla kap\u0142an\u00f3w oraz o liczne i \u015bwi\u0119te powo\u0142ania kap\u0142a\u0144skie, zakonne i misyjne z naszej parafii. <strong>Zapraszam na ,,Godzin\u0119 \u015awi\u0119t\u0105\u201d<\/strong> czyli Adoracj\u0119 przed Naj\u015bwi\u0119tszym Sakramentem po Mszy \u015bwi\u0119tej r\u00f3wnie\u017c za kap\u0142an\u00f3w tutaj pos\u0142uguj\u0105cych. <em>Do wsp\u00f3lnej modlitwy zapraszam Apostolat Margaretka.<\/em><\/li><li><strong>w pierwszy pi\u0105tek miesi\u0105ca<\/strong> <strong>(3.06.)<\/strong> zapraszamy do spowiedzi dzieci z klas IV w tygodniu, wed\u0142ug ustalonego porz\u0105dku tj.: poniedzia\u0142ek od godz. 17:30 klasa IVA, wtorek od godz. 17:30 klasa IVB \u015broda od godz. 17:30 klasa IVC, czwartek od godz. 17:30 klasa IVD i w pi\u0105tek od godz. 16:00 pozosta\u0142e dzieci z innych klas. <strong>Msza \u015bw. dla wszystkich dzieci w pierwszy pi\u0105tek 3 czerwca o godz. 16:30. <\/strong><em>Natomiast spowied\u017a dla doros\u0142ych i m\u0142odzie\u017cy od godz. 17:30. Msza \u015bw. Wotywna o godz. 18:00 <\/em><strong>UWAGA!!! Kap\u0142ani w tym dniu udadz\u0105 si\u0119 do swoich chorych od godz. 9:30.<\/strong><\/li><li><strong>w pierwsz\u0105 sobot\u0119<\/strong> przed Msz\u0105 \u015bw. o godz. 17:00 nabo\u017ce\u0144stwo wynagradzaj\u0105ce Niepokalanemu Sercu Maryi za zniewagi grzesznik\u00f3w. <em>Tego dnia zmiana tajemnic.<\/em><\/li><\/ul><\/li><li>Szczeg\u00f3ln\u0105 okazj\u0105 do modlitwy w intencji kandydat\u00f3w do <strong>BIERZMOWANIA<\/strong> jest trwaj\u0105ca <strong>NOWENNA PRZED UROCZYSTO\u015aCI\u0104 ZES\u0141ANIA DUCHA \u015aWI\u0118TEGO<\/strong>, po\u0142\u0105czona z nabo\u017ce\u0144stwem. Uroczystym zwie\u0144czeniem tego czasu b\u0119dzie Wigilia Zes\u0142ania Ducha \u015awi\u0119tego (4 czerwca) na kt\u00f3r\u0105 <strong>zapraszamy Wsp\u00f3lnoty i Wiernych naszej parafii.<\/strong><br><\/li><li><strong>Od 5 czerwca 2022 roku do ko\u0144ca sierpnia nie b\u0119dzie Mszy \u015bw. niedzielnej o godz. 15:00, natomiast Koronka do Bo\u017cego Mi\u0142osierdzia pozostaje bez zmian.<\/strong><br><\/li><li>Za tydzie\u0144 pierwsza niedziela miesi\u0105ca ofiary zbierane na tac\u0119 przeznaczone s\u0105 na inwestycje w naszej parafii. <em>B\u00f3g zap\u0142a\u0107 za zrozumienie i sk\u0142adane ofiary<strong>.<\/strong><\/em><br><\/li><li>W ostatnim czasie odeszli do wieczno\u015bci:<ul><li><strong>\u2020 \u015bp. Tadeusz Wieczorek<\/strong> lat 72 &#8211; tata ks. Tomasza Wieczorka<\/li><li><strong>\u2020 \u015bp. Bogumi\u0142a Glaubert <\/strong>lat 89 z ul. Og\u00f3lnej<br><br><\/li><\/ul><\/li><\/ol>\n\n\n\n<figure class=\"wp-block-image\"><img decoding=\"async\" src=\"http:\/\/rafalk-elblag.pl\/wp-content\/uploads\/2020\/04\/baner-intencje-mszy.jpg\" alt=\"\"\/><\/figure>\n\n\n\n<h1 class=\"wp-block-heading\">Intencje mszalne 29.05.2022r<\/h1>\n\n\n\n<p><strong>PONIEDZIA\u0141EK \/ 30 maja 2022 r. \/<br>IV DZIE\u0143 NOWENNY<\/strong><br>8.00 \u2020 Brunon ZIELI\u0143SKI, Barbara DROGO\u0143<br>18.00 \u2020 Irena MAJERSKA (30 greg.)<br><\/p>\n\n\n\n<p><strong>WTOREK \/ 31 maja 2022 r. \/<br>Nawiedzenie NMP \/ V DZIE\u0143 NOWENNY<\/strong><br>8.00 \u2020 Halina BUGAJSKA w 2 rocznic\u0119 \u015bmierci<br>18.00 \u2020 Stanis\u0142aw KACHNOWICZ i zmarli z rodziny<br><\/p>\n\n\n\n<p><strong>\u015aRODA \/ 1 czerwiec 2022 r. \/<\/strong><br><strong>\u015bw. Justyna \/ VI DZIE\u0143 NOWENNY<\/strong><br>8.00 \u2020 Adam ZIELI\u0143SKI i zmarli z rodziny<br>18.00 \u2020 Genowefa RZE\u0179NIKIEWICZ w 4 rocznic\u0119 \u015bmierci<br><\/p>\n\n\n\n<p><strong>CZWARTEK \/ 2 czerwca 2022 r. \/<br>PIERWSZY CZWARTEK MIESI\u0104CA \/ VII DZIE\u0143 NOWENNY<\/strong><br>8.00 Za wsp\u00f3lnot\u0119 \u201ePrzemienienie\u201d<br>18.00 W intencji powo\u0142a\u0144 kap\u0142a\u0144skich, zakonnych i misyjnych<br>18.00 Dzi\u0119kczynna w 17 rocznic\u0119 urodzin Oskara \u017bUGAJ z pro\u015bb\u0105 o dary Ducha \u015awi\u0119tego w codziennych wyborach i dzia\u0142aniach<\/p>\n\n\n\n<p><strong>PI\u0104TEK \/ 3 czerwca 2022 r. \/ \u015bw. Karola Lwangi i Towarzyszy \/<br>PIERWSZY PI\u0104TEK MIESI\u0104CA \/ VIII DZIE\u0143 NOWENNY<\/strong><br>8.00 \u2020 Kazimiera (k) WASZAK w 15 rocznic\u0119 \u015bmierci i zmar\u0142ych z rodziny<br>16.30 W intencji czcicieli NSPJ oraz dzieci przygotowuj\u0105ce si\u0119 do rocznicy I Komunii \u015bwi\u0119tej<br>18.00 \u2020 Irena KALI\u0143SKA w 2 rocznic\u0119 \u015bmierci<br><\/p>\n\n\n\n<p><strong>SOBOTA \/ 4 czerwca 2022 r. \/<br>PIERWSZA SOBOTA MIESI\u0104CA \/ IX DZIE\u0143 NOWENNY<\/strong><br>8.00 \u2020 Helena, Aleksander \u015aREDZI\u0143SCY, Bronis\u0142awa (k) FRY\u015aNA<br>17.00 Nabo\u017ce\u0144stwo Wynagradzaj\u0105ce Niepokalanemu Sercu Maryi<br>18.00 W intencji \u017bywego R\u00f3\u017ca\u0144ca<br>19.00 Wigilia Zes\u0142ania Ducha \u015awi\u0119tego \u2013 czuwanie Wsp\u00f3lnot parafialnych<br><\/p>\n\n\n\n<p><strong>Uroczysto\u015b\u0107 Zes\u0142ania Ducha \u015awi\u0119tego \/ 5 czerwca 2022 r.<\/strong><br>8.00 \u2020 Emilia CZESZEJKO-SOCHACKA<br>10.00 O do\u015bwiadczenie Bo\u017cej mi\u0142o\u015bci dla Karoliny i Sebastiana<br>12.00 W intencji dzieci w ROCZNIC\u0118 I KOMUNII \u015aWI\u0118TEJ i za ich rodziny<br>15.00 KORONKA DO BO\u017bEGO MI\u0141OSIERDZIA \u2013 bez Mszy \u015bw.<br>18.00 \u2020 Roman CHOROSZ w 34 rocznic\u0119 \u015bmierci<\/p>\n\n\n\n<p><br><\/p>\n","protected":false},"excerpt":{"rendered":"<p>Ewangelia (\u0141k 24, 46-53) Jezus zosta\u0142 uniesiony do nieba S\u0142owa Ewangelii wed\u0142ug \u015awi\u0119tego \u0141ukasza Jezus powiedzia\u0142 do swoich uczni\u00f3w: \u00abTak jest napisane: Mesjasz b\u0119dzie cierpia\u0142 i trzeciego dnia zmartwychwstanie; w imi\u0119 Jego g\u0142oszone b\u0119dzie nawr\u00f3cenie i odpuszczenie grzech\u00f3w wszystkim narodom, pocz\u0105wszy od Jeruzalem. Wy jeste\u015bcie \u015bwiadkami tego. Oto Ja ze\u015bl\u0119 na was obietnic\u0119 mojego Ojca. [&hellip;]<\/p>\n","protected":false},"author":1,"featured_media":4711,"comment_status":"closed","ping_status":"closed","sticky":false,"template":"","format":"standard","meta":{"ngg_post_thumbnail":0,"footnotes":""},"categories":[11,8,4,3],"tags":[],"class_list":["post-4710","post","type-post","status-publish","format-standard","has-post-thumbnail","hentry","category-aktualnosci","category-blog","category-intencje","category-ogloszenia"],"_links":{"self":[{"href":"https:\/\/rafalk-elblag.pl\/index.php?rest_route=\/wp\/v2\/posts\/4710","targetHints":{"allow":["GET"]}}],"collection":[{"href":"https:\/\/rafalk-elblag.pl\/index.php?rest_route=\/wp\/v2\/posts"}],"about":[{"href":"https:\/\/rafalk-elblag.pl\/index.php?rest_route=\/wp\/v2\/types\/post"}],"author":[{"embeddable":true,"href":"https:\/\/rafalk-elblag.pl\/index.php?rest_route=\/wp\/v2\/users\/1"}],"replies":[{"embeddable":true,"href":"https:\/\/rafalk-elblag.pl\/index.php?rest_route=%2Fwp%2Fv2%2Fcomments&post=4710"}],"version-history":[{"count":2,"href":"https:\/\/rafalk-elblag.pl\/index.php?rest_route=\/wp\/v2\/posts\/4710\/revisions"}],"predecessor-version":[{"id":4714,"href":"https:\/\/rafalk-elblag.pl\/index.php?rest_route=\/wp\/v2\/posts\/4710\/revisions\/4714"}],"wp:featuredmedia":[{"embeddable":true,"href":"https:\/\/rafalk-elblag.pl\/index.php?rest_route=\/wp\/v2\/media\/4711"}],"wp:attachment":[{"href":"https:\/\/rafalk-elblag.pl\/index.php?rest_route=%2Fwp%2Fv2%2Fmedia&parent=4710"}],"wp:term":[{"taxonomy":"category","embeddable":true,"href":"https:\/\/rafalk-elblag.pl\/index.php?rest_route=%2Fwp%2Fv2%2Fcategories&post=4710"},{"taxonomy":"post_tag","embeddable":true,"href":"https:\/\/rafalk-elblag.pl\/index.php?rest_route=%2Fwp%2Fv2%2Ftags&post=4710"}],"curies":[{"name":"wp","href":"https:\/\/api.w.org\/{rel}","templated":true}]}}