{"id":4704,"date":"2022-05-22T19:44:21","date_gmt":"2022-05-22T19:44:21","guid":{"rendered":"http:\/\/rafalk-elblag.pl\/?p=4704"},"modified":"2022-05-22T19:44:21","modified_gmt":"2022-05-22T19:44:21","slug":"biuletyn-22-05-2022-vi-niedziela-wielkanocy","status":"publish","type":"post","link":"https:\/\/rafalk-elblag.pl\/?p=4704","title":{"rendered":"Biuletyn 22.05.2022, VI Niedziela Wielkanocy"},"content":{"rendered":"\n<div class=\"wp-block-image\"><figure class=\"alignleft size-large is-resized\"><img loading=\"lazy\" decoding=\"async\" src=\"http:\/\/rafalk-elblag.pl\/wp-content\/uploads\/2022\/05\/baner-220522-1024x535.jpg\" alt=\"\" class=\"wp-image-4706\" width=\"1024\" height=\"535\" srcset=\"https:\/\/rafalk-elblag.pl\/wp-content\/uploads\/2022\/05\/baner-220522-1024x535.jpg 1024w, https:\/\/rafalk-elblag.pl\/wp-content\/uploads\/2022\/05\/baner-220522-300x157.jpg 300w, https:\/\/rafalk-elblag.pl\/wp-content\/uploads\/2022\/05\/baner-220522-768x401.jpg 768w, https:\/\/rafalk-elblag.pl\/wp-content\/uploads\/2022\/05\/baner-220522.jpg 1200w\" sizes=\"auto, (max-width: 1024px) 100vw, 1024px\" \/><\/figure><\/div>\n\n\n\n<h1 class=\"wp-block-heading\">Ewangelia (J 14, 23-29)\nDuch \u015awi\u0119ty nauczy was wszystkiego<\/h1>\n\n\n\n<p> S\u0142owa Ewangelii wed\u0142ug \u015awi\u0119tego Jana Jezus powiedzia\u0142 do swoich uczni\u00f3w: <\/p>\n\n\n\n<p>\u00abJe\u015bli Mnie kto mi\u0142uje, b\u0119dzie zachowywa\u0142 moj\u0105 nauk\u0119, a Ojciec m\u00f3j umi\u0142uje go i przyjdziemy do niego, i mieszkanie u niego uczynimy. Kto nie mi\u0142uje Mnie, ten nie zachowuje s\u0142\u00f3w moich. A nauka, kt\u00f3r\u0105 s\u0142yszycie, nie jest moja, ale Tego, kt\u00f3ry Mnie pos\u0142a\u0142, Ojca. To wam powiedzia\u0142em, przebywaj\u0105c w\u015br\u00f3d was. A Paraklet, Duch \u015awi\u0119ty, kt\u00f3rego Ojciec po\u015ble w moim imieniu, On was wszystkiego nauczy i przypomni wam wszystko, co Ja wam powiedzia\u0142em. Pok\u00f3j zostawiam wam, pok\u00f3j m\u00f3j daj\u0119 wam. Nie tak jak daje \u015bwiat, Ja wam daj\u0119. Niech si\u0119 nie trwo\u017cy serce wasze ani si\u0119 nie l\u0119ka. S\u0142yszeli\u015bcie, \u017ce wam powiedzia\u0142em: Odchodz\u0119 i przyjd\u0119 zn\u00f3w do was. Gdyby\u015bcie Mnie mi\u0142owali, rozradowaliby\u015bcie si\u0119, \u017ce id\u0119 do Ojca, bo Ojciec wi\u0119kszy jest ode Mnie. A teraz powiedzia\u0142em wam o tym, zanim to nast\u0105pi, aby\u015bcie uwierzyli, gdy si\u0119 to stanie\u00bb.<\/p>\n\n\n\n<h1 class=\"wp-block-heading\">NAUKA JEZUSA<\/h1>\n\n\n\n<p><strong> Powoli ko\u0144czy si\u0119 okres wielkanocny. Za tydzie\u0144 wniebowst\u0105pienie Pana Jezusa. A to wydarzenie nie nale\u017cy do najmilszych. Chocia\u017c Chrystus wst\u0119puje do nieba, zostawia Aposto\u0142\u00f3w. A przecie\u017c nikt nie lubi ostatecznych po\u017cegna\u0144 z osobami, kt\u00f3rych ju\u017c nigdy nie zobaczy, a s\u0105 dla niego bliskie. Co prawda us\u0142yszeli, \u017ce b\u0119dzie z nimi do ko\u0144ca \u015bwiata, ale nie b\u0119dzie to ju\u017c taka sama blisko\u015b\u0107. Dlatego potrzebuj\u0105 otuchy. Otwarcia si\u0119 na Ducha \u015awi\u0119tego. Duch \u015awi\u0119ty jest odpowiedzi\u0105 na mog\u0105ce si\u0119 pojawi\u0107 trudno\u015bci. Warto tak samo podej\u015b\u0107 do naszych osobistych przeciwno\u015bci. Ws\u0142uchajmy si\u0119 w Ewangeli\u0119 Janow\u0105, w kt\u00f3rej Jezus daje nam propozycj\u0119, jak prze\u017cywa\u0107 Jego ci\u0105g\u0142\u0105 obecno\u015b\u0107. <\/strong><\/p>\n\n\n\n<p>Dzi\u0119ki zawartej w niej m\u0105dro\u015bci, mamy szans\u0119 do\u015bwiadczy\u0107 tego, co cz\u0119sto powtarza\u0142 papie\u017c Benedykt XVI: \u201eKto wierzy, nigdy nie jest sam\u201d. Przytaczany podczas dzisiejszej liturgii fragment Ewangelii wg \u015bw. Jana jest wypowiedziany w bardzo emocjonalnych okoliczno\u015bciach. Podczas ostatniej wieczerzy, w trakcie mowy po\u017cegnalnej, Jezus m\u00f3wi aposto\u0142om o bardzo ciekawym sposobie \u201ena \u017cycie\u201d z Tr\u00f3jc\u0105 \u015awi\u0119t\u0105. Niby nic wielkiego, same oczywisto\u015bci, a jednak kryje si\u0119 w tym co\u015b szczeg\u00f3lnego: \u201eJe\u015bli Mnie kto mi\u0142uje, b\u0119dzie zachowywa\u0142 moj\u0105 nauk\u0119, a Ojciec m\u00f3j umi\u0142uje go i przyjdziemy do niego, i mieszkanie u niego uczynimy\u201d. <\/p>\n\n\n\n<p>Powy\u017csze s\u0142owa poci\u0105gaj\u0105 za sob\u0105 daleko id\u0105ce konsekwencje. Przestrzeganie zasad zawartych w Ewangelii nie jest tylko \u015bwiatopogl\u0105dem. Nie mo\u017cemy moralno\u015bci chrze\u015bcija\u0144skiej sprowadza\u0107 tylko do zestawu regu\u0142: tak czy\u0144, a tego zaniechaj.  By\u0142oby to zbyt powierzchownym potraktowaniem tematu. Jezus nie chcia\u0142 nas \u201est\u0142amsi\u0107\u201d wymagaj\u0105cym kodeksem. Gdyby tak na to spojrze\u0107, to rzeczywi\u015bcie \u2013 chrze\u015bcija\u0144stwo jest ograniczaj\u0105ce. My otrzymali\u015bmy jednak co\u015b znacznie wi\u0119kszego. Zacytowany fragment bardzo mocno to pokazuje. B\u00f3g daje nam nauk\u0119, kt\u00f3ra przyci\u0105ga Jego obecno\u015b\u0107. Czyni z serca chrze\u015bcijanina miejsce Bo\u017cego dzia\u0142ania. Gdyby spojrze\u0107 na ludzkie \u017cycie od strony biologicznej, to jest to zbi\u00f3r organ\u00f3w, tkanek i wynikaj\u0105cych z tego mechanizm\u00f3w psychologicznych. Skr\u00f3towo m\u00f3wi\u0105c: pi\u0119knie zaprogramowana \u201emaszyna biologiczna\u201d, kt\u00f3ra daje \u017cycie i \u015bwiadomo\u015b\u0107. <\/p>\n\n\n\n<p>Gdyby pomin\u0105\u0107 w cz\u0142owieku sfer\u0119 duchow\u0105, jeste\u015bmy tylko bardziej rozwini\u0119tymi ssakami. Ten urywek Pisma \u015awi\u0119tego obiecuje nam jednak, \u017ce gdy wejdziemy w spos\u00f3b my\u015blenia zaproponowany przez Jezusa, otrzymamy \u0142\u0105czno\u015b\u0107 z Bogiem. To jest a\u017c nie do poj\u0119cia. B\u00f3g dla tych, kt\u00f3rzy chc\u0105 mie\u0107 z Nim relacj\u0119 przygotowa\u0142 co\u015b wi\u0119cej. B\u00f3g przenosi na wy\u017cszy poziom nasz\u0105 egzystencj\u0119, je\u015bli b\u0119dziemy chcieli przyj\u0105\u0107 Jego propozycj\u0119. Wydaje si\u0119 to ca\u0142kowicie uczciwe. Czy nie jest tak z ka\u017cd\u0105 ofert\u0105 pracy? Sk\u0142adamy swoje CV, oferujemy swoje umiej\u0119tno\u015bci, a w zamian s\u0142yszymy wymagania. Zatrudni\u0119 pani\u0105\/pana do takich i takich prac, za powy\u017csze wynagrodzenie. U Boga te\u017c wszystko jest uczciwie wyja\u015bnione. Zachowujcie moj\u0105 nauk\u0119. W zamian przyjdzie Tr\u00f3jca \u015awi\u0119ta i b\u0119dzie od wn\u0119trza pokazywa\u0107 wam inne barwy \u017cycia. <\/p>\n\n\n\n<p>Wida\u0107 to naprawd\u0119 go\u0142ym okiem. Cz\u0142owiek wierz\u0105cy zupe\u0142nie inaczej patrzy na \u017cycie. S\u0142yszy s\u0142owa, kt\u00f3re innym wypadaj\u0105 \u201edrugim uchem\u201d. Ocenia jako wa\u017cne rzeczy, kt\u00f3re w niewierz\u0105cych w og\u00f3le nie wzbudzaj\u0105 emocji. Wiara to naprawd\u0119 co\u015b niezwyk\u0142ego. Chocia\u017cby by\u0142a nazywana przez innych \u201enawiedzeniem\u201d, \u201ewariactwem\u201d czy ciemnogrodem. Kto\u015b, kto wierzy, odbiera \u015bwiat inaczej oraz \u2026nigdy nie jest sam. Ma bowiem subtelne odczucie obecno\u015bci Boga. Widzi to, co pi\u0119knie nazwa\u0142 \u015bw. Ojciec Pio, \u017ce \u201eza wszystkim co si\u0119 dzieje jest niewidzialna r\u0119ka Boga\u201d.<\/p>\n\n\n\n<p><\/p>\n\n\n\n<p><\/p>\n\n\n\n<figure class=\"wp-block-image\"><a href=\"http:\/\/rafalk-elblag.pl\/wp-content\/uploads\/2021\/08\/ogloszenia-parafialne-baner-01a.jpg\"><img loading=\"lazy\" decoding=\"async\" width=\"720\" height=\"232\" src=\"http:\/\/rafalk-elblag.pl\/wp-content\/uploads\/2021\/08\/ogloszenia-parafialne-baner-01a.jpg\" alt=\"\" class=\"wp-image-4410\" srcset=\"https:\/\/rafalk-elblag.pl\/wp-content\/uploads\/2021\/08\/ogloszenia-parafialne-baner-01a.jpg 720w, https:\/\/rafalk-elblag.pl\/wp-content\/uploads\/2021\/08\/ogloszenia-parafialne-baner-01a-300x97.jpg 300w\" sizes=\"auto, (max-width: 720px) 100vw, 720px\" \/><\/a><\/figure>\n\n\n\n<h1 class=\"wp-block-heading\">Og\u0142oszenia parafialne 22.05.2022r<\/h1>\n\n\n\n<ol class=\"wp-block-list\"><li>Wczoraj w naszej wsp\u00f3lnocie parafialnej<strong> prze\u017cywali\u015bmy UROCZYSTO\u015a\u0106 PIERWSZEJ KOMUNII \u015aWI\u0118TEJ. Przez ca\u0142y tydzie\u0144 dzieci uczestniczy\u0107 b\u0119d\u0105 w nabo\u017ce\u0144stwie majowym o godz. 17:30 i we Mszy \u015bw. o godz. 18:00, w ramach tzw. BIA\u0141EGO TYGODNIA. <\/strong><em>Otoczmy je modlitw\u0105 i pro\u015bmy Boga by mia\u0142y dobry przyk\u0142ad w swoich rodzinach. Wszystkie pozosta\u0142e dzieci zapraszamy w tym tygodniu na \u201eMAJOWE\u201d o godz. 17:30.<\/em><br><\/li><li><strong>W roku duszpasterskim prze\u017cywanym pod has\u0142em \u201ePOS\u0141ANI W POKOJU CHRYSTUSA\u201d <\/strong>zapraszamy na kolejne nabo\u017ce\u0144stwo majowe, kt\u00f3re rozpocznie si\u0119 przy Szkole Podstawowej nr. 11 przy ul. Korczaka w poniedzia\u0142ek 23 maja o godz. 17:30, gdzie ruszymy procesyjnie i ze \u015bpiewem wr\u00f3cimy z figur\u0105 Matki Bo\u017cej Fatimskiej do ko\u015bcio\u0142a. <em>Tego dnia nie b\u0119dzie nabo\u017ce\u0144stwa w ko\u015bciele o 17:30<\/em>. <em><strong>Dzieci prze\u017cywaj\u0105ce Bia\u0142y Tydzie\u0144 r\u00f3wnie\u017c zapraszamy w tym dniu, aby zebra\u0142y si\u0119 przy szkole.<\/strong><\/em><\/li><\/ol>\n\n\n\n<ol class=\"wp-block-list\" start=\"3\"><li>Zapraszam rodzic\u00f3w, kt\u00f3rych dzieci b\u0119d\u0105 prze\u017cywa\u0142y w tym roku <strong>rocznic\u0119 I Komunii \u015awi\u0119tej<\/strong> na spotkanie do ko\u015bcio\u0142a: 23 maja br. (poniedzia\u0142ek) o godz. 19:00. <em><strong>Prosz\u0119 o zabranie ksi\u0105\u017ceczki dziecka od pierwszych pi\u0105tk\u00f3w miesi\u0105ca<\/strong>.<\/em><br><\/li><li><strong>Trwa okres Wielkanocny &#8211; czas rado\u015bci ze Zmartwychwstania Pana Jezusa. <\/strong><em>Zach\u0119camy wiernych do skorzystania z \u0142aski sakramentu pojednania i do przyj\u0119cia KOMUNII \u015aW. WIELKANOCNEJ. Spowied\u017a \u015bw. w tygodniu od 7:45 oraz od godz. 17:30.<\/em><br><\/li><li>Pami\u0119tajmy, \u017ce w czwartek <strong>26 maja to DZIE\u0143 MATKI.<\/strong> Podzi\u0119kujmy naszym <strong>MAMOM<\/strong> za dar \u017cycia i okazywan\u0105 nam mi\u0142o\u015b\u0107 poprzez udzia\u0142 w nabo\u017ce\u0144stwie o godz. 17:30.<br><\/li><li>W pi\u0105tek 27 maja o godz. 16:00 w Katedrze Elbl\u0105skiej <strong>wa\u017cne wydarzenie:<\/strong> <strong>\u015bwi\u0119cenia diakonatu<\/strong> przyjmie powo\u0142any z naszej parafii Krzysztof Lewandowski. W sobot\u0119 28 maja o godz. 10:00 \u2013 <strong>\u015bwi\u0119cenia kap\u0142a\u0144skie<\/strong><em>. W imieniu Krzysztofa zapraszam parafian do wzi\u0119cia udzia\u0142u w tak wyj\u0105tkowej uroczysto\u015bci. Pami\u0119tajmy w modlitwie o tych, kt\u00f3rzy przyjm\u0105 \u015bwi\u0119cenia.<\/em><br><\/li><li>Za tydzie\u0144 b\u0119dziemy mogli w\u0142\u0105czy\u0107 si\u0119 w akcj\u0119 <strong>\u201ePola Nadziei 2022\u201d.<\/strong> Akcja ma uwra\u017cliwi\u0107 spo\u0142ecze\u0144stwo, przypominaj\u0105c o chorych i cierpi\u0105cych, a tak\u017ce zach\u0119ci\u0107 do wolontariatu hospicyjnego. W tym dniu tj. 29 maja br. b\u0119dzie przeprowadzona kwesta przed ko\u015bcio\u0142em. <em>Dzi\u0119kujemy za zrozumienie i z\u0142o\u017cone ofiary do puszki.<\/em><br><\/li><li>Wszystkim Jubilatom i Solenizantom tego tygodnia \u017cyczymy wszelkiego dobra w \u017cyciu i b\u0142ogos\u0142awie\u0144stwa Bo\u017cego.<br><\/li><li>Spotkanie Apostolatu Bo\u017cego Mi\u0142osierdzia oraz Woluntariuszy Caritas za tydzie\u0144 (29 maja) po Mszy \u015bw. o godz. 15:00 na plebanii. <em>Obecno\u015b\u0107 wszystkich cz\u0142onk\u00f3w mile widziana.<\/em><\/li><\/ol>\n\n\n\n<ol class=\"wp-block-list\" start=\"10\"><li><strong>Od 5 czerwca 2022 roku do ko\u0144ca sierpnia nie b\u0119dzie Mszy \u015bw. niedzielnej o godz. 15:00, natomiast Koronka do Bo\u017cego Mi\u0142osierdzia pozostaje bez zmian.<\/strong><\/li><\/ol>\n\n\n\n<p><\/p>\n\n\n\n<figure class=\"wp-block-image\"><img decoding=\"async\" src=\"http:\/\/rafalk-elblag.pl\/wp-content\/uploads\/2020\/04\/baner-intencje-mszy.jpg\" alt=\"\"\/><\/figure>\n\n\n\n<h1 class=\"wp-block-heading\">Intencje mszalne 22.05.2022r<\/h1>\n\n\n\n<p><strong>PONIEDZIA\u0141EK \/ 23 maja 2022 r.<\/strong><br>8.00 \u2020 Bronis\u0142aw SOSNOWSKI<br>8.00 \u2020 Andrzej KLECHA w 4 miesi\u0105c po pogrzebie<br>18.00 \u2020 Irena MAJERSKA (23 greg.)<br><\/p>\n\n\n\n<p><strong>WTOREK \/ 24 maja 2022 r.<\/strong><br>8.00 \u2020 Kazimiera (k), Jan USIKOWIE<br>18.00 Dzi\u0119kczynna w 3 rocznic\u0119 \u015bwi\u0119ce\u0144 ks. Marcina z pro\u015bb\u0105 o Bo\u017ce b\u0142ogos\u0142awie\u0144stwo, dary Ducha \u015awi\u0119tego i opiek\u0119 Matki Bo\u017cej<br>18.00 \u2020 Irena MAJERSKA (24 greg.)<br><\/p>\n\n\n\n<p><strong>\u015aRODA \/ 25 maja 2022 r.<\/strong><br>8.00 \u2020 Irena MAJERSKA (25 greg.)<br>18.00 Dzi\u0119kczynna w 18 urodziny Piotra SARAPUK, z pro\u015bb\u0105 o Bo\u017ce b\u0142ogos\u0142awie\u0144stwo, dary Ducha \u015awi\u0119tego w doros\u0142ym \u017cyciu<br>18.00 O Bo\u017ce b\u0142ogos\u0142awie\u0144stwo, dary Ducha \u015awi\u0119tego i opiek\u0119 Matki Bo\u017cej dla ks. Arkadiusza Grabowskiego w 27 rocznic\u0119 \u015bwi\u0119ce\u0144<br><\/p>\n\n\n\n<p><strong>CZWARTEK \/ 26 maja 2022 r. \/<br>\u015bw. Filipa Neri, kap\u0142ana \/ DZIE\u0143 MATKI<\/strong><br>8.00 \u2020 Irena MAJERSKA (26 greg.)<br>18.00 \u2020 Janina i Stanis\u0142aw KUCHTA<br><\/p>\n\n\n\n<p><strong>PI\u0104TEK \/ 27 maja 2022 r. \/ I DZIE\u0143 NOWENNY<\/strong><br>8.00 Dzi\u0119kczynna w 5 rocznic\u0119 \u015bwi\u0119ce\u0144 ks. Grzegorza WALA z pro\u015bb\u0105 o dary Ducha \u015awi\u0119tego, potrzebne \u0142aski w \u017cyciu kap\u0142a\u0144skim oraz opiek\u0119 Matki Bo\u017cej Szkaplerznej<br>16.00 \u015awiecenia Diakonatu w Katedrze Elbl\u0105skiej<br>18.00 \u2020 Irena MAJERSKA (27 greg.)<br><\/p>\n\n\n\n<p><strong>SOBOTA \/ 28 maja 2022 r. \/<br>B\u0142. kard Stefana Wyszy\u0144skiego \/ II DZIE\u0143 NOWENNY<\/strong><br>8.00 \u2020 Irena MAJERSKA (28 greg.)<br>10.00 \u015awiecenia Kap\u0142a\u0144skie w Katedrze Elbl\u0105skiej<br>18.00 \u2020 Franciszek (m) w 4 rocznic\u0119 \u015bmierci i zmarli z rodziny BI\u0143KOWSKICH<br><\/p>\n\n\n\n<p><strong>Uroczysto\u015b\u0107 Wniebowst\u0105pienia Pa\u0144skiego \/ 29 maja 2022 r. \/ <\/strong><br><strong>III DZIE\u0143 NOWENNY<\/strong><br>8.00 \u2020 Ewa w 3 rocznic\u0119 \u015bmierci, \u2020 Danuta w 4 rocznic\u0119 \u015bmierci i zmarli z rodziny RADZISZEWSKICH<br>8.00 \u2020 Weronika DRUSZKOWSKA w 18 rocznic\u0119 \u015bmierci<br>10.00 \u2020 Marianna HUMELT w 5 rocznic\u0119 \u015bmierci<br>12.00 W intencji Parafian<br>15.00 Dzi\u0119kczynna za dzieci: Teres\u0119, Krzysztofa, Wac\u0142aw\u0119 (k) i ich rodziny z pro\u015bb\u0105 o Bo\u017ce b\u0142ogos\u0142awie\u0144stwo, wszelkie potrzebne \u0142aski oraz opiek\u0119 Matki Bo\u017cej<br>18.00 \u2020 Irena MAJERSKA (29 greg.)<\/p>\n","protected":false},"excerpt":{"rendered":"<p>Ewangelia (J 14, 23-29) Duch \u015awi\u0119ty nauczy was wszystkiego S\u0142owa Ewangelii wed\u0142ug \u015awi\u0119tego Jana Jezus powiedzia\u0142 do swoich uczni\u00f3w: \u00abJe\u015bli Mnie kto mi\u0142uje, b\u0119dzie zachowywa\u0142 moj\u0105 nauk\u0119, a Ojciec m\u00f3j umi\u0142uje go i przyjdziemy do niego, i mieszkanie u niego uczynimy. Kto nie mi\u0142uje Mnie, ten nie zachowuje s\u0142\u00f3w moich. A nauka, kt\u00f3r\u0105 s\u0142yszycie, nie [&hellip;]<\/p>\n","protected":false},"author":1,"featured_media":4707,"comment_status":"closed","ping_status":"closed","sticky":false,"template":"","format":"standard","meta":{"ngg_post_thumbnail":0,"footnotes":""},"categories":[11,8,4,3],"tags":[],"class_list":["post-4704","post","type-post","status-publish","format-standard","has-post-thumbnail","hentry","category-aktualnosci","category-blog","category-intencje","category-ogloszenia"],"_links":{"self":[{"href":"https:\/\/rafalk-elblag.pl\/index.php?rest_route=\/wp\/v2\/posts\/4704","targetHints":{"allow":["GET"]}}],"collection":[{"href":"https:\/\/rafalk-elblag.pl\/index.php?rest_route=\/wp\/v2\/posts"}],"about":[{"href":"https:\/\/rafalk-elblag.pl\/index.php?rest_route=\/wp\/v2\/types\/post"}],"author":[{"embeddable":true,"href":"https:\/\/rafalk-elblag.pl\/index.php?rest_route=\/wp\/v2\/users\/1"}],"replies":[{"embeddable":true,"href":"https:\/\/rafalk-elblag.pl\/index.php?rest_route=%2Fwp%2Fv2%2Fcomments&post=4704"}],"version-history":[{"count":1,"href":"https:\/\/rafalk-elblag.pl\/index.php?rest_route=\/wp\/v2\/posts\/4704\/revisions"}],"predecessor-version":[{"id":4708,"href":"https:\/\/rafalk-elblag.pl\/index.php?rest_route=\/wp\/v2\/posts\/4704\/revisions\/4708"}],"wp:featuredmedia":[{"embeddable":true,"href":"https:\/\/rafalk-elblag.pl\/index.php?rest_route=\/wp\/v2\/media\/4707"}],"wp:attachment":[{"href":"https:\/\/rafalk-elblag.pl\/index.php?rest_route=%2Fwp%2Fv2%2Fmedia&parent=4704"}],"wp:term":[{"taxonomy":"category","embeddable":true,"href":"https:\/\/rafalk-elblag.pl\/index.php?rest_route=%2Fwp%2Fv2%2Fcategories&post=4704"},{"taxonomy":"post_tag","embeddable":true,"href":"https:\/\/rafalk-elblag.pl\/index.php?rest_route=%2Fwp%2Fv2%2Ftags&post=4704"}],"curies":[{"name":"wp","href":"https:\/\/api.w.org\/{rel}","templated":true}]}}