{"id":4699,"date":"2022-05-15T16:11:00","date_gmt":"2022-05-15T16:11:00","guid":{"rendered":"http:\/\/rafalk-elblag.pl\/?p=4699"},"modified":"2022-05-18T16:28:16","modified_gmt":"2022-05-18T16:28:16","slug":"biuletyn-15-05-2022-v-niedziela-wielkanocy","status":"publish","type":"post","link":"https:\/\/rafalk-elblag.pl\/?p=4699","title":{"rendered":"Biuletyn 15.05.2022, V Niedziela Wielkanocy"},"content":{"rendered":"\n<div class=\"wp-block-image\"><figure class=\"alignleft size-large is-resized\"><img loading=\"lazy\" decoding=\"async\" src=\"http:\/\/rafalk-elblag.pl\/wp-content\/uploads\/2022\/05\/baner-150522.jpg\" alt=\"\" class=\"wp-image-4700\" width=\"868\" height=\"536\" srcset=\"https:\/\/rafalk-elblag.pl\/wp-content\/uploads\/2022\/05\/baner-150522.jpg 868w, https:\/\/rafalk-elblag.pl\/wp-content\/uploads\/2022\/05\/baner-150522-300x185.jpg 300w, https:\/\/rafalk-elblag.pl\/wp-content\/uploads\/2022\/05\/baner-150522-768x474.jpg 768w\" sizes=\"auto, (max-width: 868px) 100vw, 868px\" \/><\/figure><\/div>\n\n\n\n<h1 class=\"wp-block-heading\"> Ewangelia (J 13, 31-33a. 34-35) Przykazanie nowe daj\u0119 wam<\/h1>\n\n\n\n<p>\n\nS\u0142owa Ewangelii wed\u0142ug \u015awi\u0119tego Jana\n\nPo wyj\u015bciu Judasza z wieczernika Jezus powiedzia\u0142: \u00abSyn Cz\u0142owieczy zosta\u0142 teraz otoczony chwa\u0142\u0105, a w Nim B\u00f3g zosta\u0142 chwa\u0142\u0105 otoczony. Je\u017celi B\u00f3g zosta\u0142 w Nim otoczony chwa\u0142\u0105, to i B\u00f3g Go otoczy chwa\u0142\u0105 w sobie samym, i to zaraz Go chwa\u0142\u0105 otoczy.\n\nDzieci, jeszcze kr\u00f3tko jestem z wami. Przykazanie nowe daj\u0119 wam, aby\u015bcie si\u0119 wzajemnie mi\u0142owali, tak jak Ja was umi\u0142owa\u0142em; \u017ceby\u015bcie i wy tak si\u0119 mi\u0142owali wzajemnie. Po tym wszyscy poznaj\u0105, \u017ce jeste\u015bcie uczniami moimi, je\u015bli b\u0119dziecie si\u0119 wzajemnie mi\u0142owali\u00bb.<\/p>\n\n\n\n<h1 class=\"wp-block-heading\">PIERWSZA KOMUNIA \u015aWI\u0118TA<\/h1>\n\n\n\n<p><strong>W najbli\u017csz\u0105 sobot\u0119 (21 maja) b\u0119dziemy prze\u017cywa\u0107 w naszej Wsp\u00f3lnocie Parafialnej Uroczysto\u015b\u0107 Pierwszej Komunii \u015awi\u0119tej dzieci klas III Szko\u0142y Podstawowej. Sakrament Pierwszej Komunii \u015awi\u0119tej to okazja do pog\u0142\u0119bienia wi\u0119zi pomi\u0119dzy dzieckiem a Bogiem. W\u015br\u00f3d termin\u00f3w biblijnych, kt\u00f3re nie maj\u0105 w&nbsp;j\u0119zyku polskim dok\u0142adnego odpowiednika, znajduje si\u0119 wyraz&nbsp;kairos; mo\u017cna go po polsku odda\u0107 jako&nbsp;czas w\u0142a\u015bciwy.&nbsp;<\/strong><\/p>\n\n\n\n<p>Na przyk\u0142ad rolnikowi nie wolno przegapi\u0107 czasu, w&nbsp;kt\u00f3rym powinien obsia\u0107 swoje pole, ani czasu zbierania owoc\u00f3w \u2013 w&nbsp;przeciwnym razie nic mu nie wyro\u015bnie, albo osi\u0105gni\u0119ty plon si\u0119 zmarnuje. Sw\u00f3j&nbsp;kairos, sw\u00f3j w\u0142a\u015bciwy czas, ma r\u00f3wnie\u017c przekazywanie dziecku wiary. Je\u015bli ten czas zostanie zmarnowany, dziecko mo\u017ce ca\u0142e swoje \u017cycie sp\u0119dzi\u0107 daleko od Boga i&nbsp;od Ko\u015bcio\u0142a. Wprowadzanie dziecka w&nbsp;wiar\u0119 powinno si\u0119 dokonywa\u0107 od samego pocz\u0105tku, od samego jego urodzenia. Natomiast wiek pierwszokomunijny jest dla rodzic\u00f3w czasem szczeg\u00f3lnie uprzywilejowanym do nawi\u0105zania ze swoim dzieckiem prawdziwej wsp\u00f3lnoty wiary. <\/p>\n\n\n\n<p>Na wszystko, co z&nbsp;wiar\u0105 jest zwi\u0105zane, dziecko jest wtedy szczeg\u00f3lnie otwarte. Cieszy si\u0119, kiedy mo\u017ce z&nbsp;tat\u0105 lub mam\u0105 rozmawia\u0107 na tematy zwi\u0105zane z&nbsp;jego przygotowywaniem si\u0119 do pierwszej Komunii. Chcia\u0142oby im opowiedzie\u0107 o&nbsp;tym, czego si\u0119 dowiedzia\u0142o na lekcji religii. Lubi zapyta\u0107 kt\u00f3rego\u015b z&nbsp;rodzic\u00f3w o&nbsp;jaki\u015b szczeg\u00f3\u0142 z&nbsp;Ewangelii lub z&nbsp;katechizmu. Ch\u0119tnie kl\u0119ka do wsp\u00f3lnej modlitwy, pierwsze przypomina o&nbsp;tym, \u017ceby p\u00f3j\u015b\u0107 do ko\u015bcio\u0142a. S\u0142owem, i&nbsp;dla dziecka i&nbsp;dla jego rodzic\u00f3w jest to czas pod wzgl\u0119dem religijnym zupe\u0142nie wyj\u0105tkowy. Szkoda by by\u0142o, gdyby rodzice ten b\u0142ogos\u0142awiony czas przegapili, bo tak jak ka\u017cdy&nbsp;kairos, on ju\u017c nigdy nie wr\u00f3ci.  Co najmniej trzy wspania\u0142e rzeczy mo\u017cna w&nbsp;tym czasie osi\u0105gn\u0105\u0107. <\/p>\n\n\n\n<p>Po pierwsze, dla rodzic\u00f3w okres pierwszokomunijny ich dziecka jest wspania\u0142\u0105 okazj\u0105 do o\u017cywienia i&nbsp;pog\u0142\u0119bienia swojej w\u0142asnej wiary. Po wt\u00f3re, w&nbsp;tym okresie jest szczeg\u00f3lna szansa na to, \u017ceby dziecko poczu\u0142o si\u0119 bratem lub siostr\u0105 w&nbsp;wierze swojego taty i&nbsp;mamy, a&nbsp;przecie\u017c wiara normalnie \u017cyje i&nbsp;rozwija si\u0119 tylko we wsp\u00f3lnocie wierz\u0105cych. Wreszcie po trzecie, rodzice mog\u0105 istotnie \u2013 wi\u0119cej ni\u017c ksi\u0105dz czy katechetka, kt\u00f3rzy maj\u0105 z&nbsp;dzieckiem kontakt tylko epizodyczny \u2013 dopom\u00f3c swojemu dziecku do tego, \u017ceby wiara sta\u0142a si\u0119 dla niego czym\u015b bardzo wa\u017cnym i&nbsp;bardzo w\u0142asnym. <\/p>\n\n\n\n<p>To w\u0142a\u015bnie w&nbsp;tym okresie dziecko uczy si\u0119 tego, \u017ce obowi\u0105zki zwi\u0105zane z&nbsp;wiar\u0105 mog\u0105 by\u0107 prawdziw\u0105 rado\u015bci\u0105 oraz \u017ce troska o&nbsp;w\u0142asn\u0105 wiar\u0119 jest przede wszystkim jego zadaniem, jakkolwiek rodzice jeszcze d\u0142ugo b\u0119d\u0105 mu w&nbsp;tym pomaga\u0107. Ju\u017c od najwcze\u015bniejszych lat \u017cycia w&nbsp;spos\u00f3b naturalny trzeba t\u0142umaczy\u0107 dziecku, po co chodzimy do ko\u015bcio\u0142a. Mo\u017cna wyja\u015bni\u0107, co oznaczaj\u0105 poszczeg\u00f3lne cz\u0119\u015bci mszy \u015bwi\u0119tej i&nbsp;wsp\u00f3lnie zastanowi\u0107 si\u0119, jak si\u0119 podczas nich zachowywa\u0107, o&nbsp;czym rozmawia\u0107 z&nbsp;Bogiem. Nie powinni\u015bmy si\u0119 martwi\u0107, gdy mimo wszystko spotkamy si\u0119 z&nbsp;protestem m\u0142odego cz\u0142owieka przeciwko chodzeniu do ko\u015bcio\u0142a. <\/p>\n\n\n\n<p>Jest to naturalny objaw, gdy\u017c dziecko ma du\u017co obowi\u0105zk\u00f3w i&nbsp;po prostu brakuje mu si\u0142.&nbsp; Dzie\u0144, kiedy Pan Jezus po raz pierwszy przychodzi do serca dziecka, przynosi b\u0142ogos\u0142awie\u0144stwo ca\u0142ej rodzinie, warto o&nbsp;tym pami\u0119ta\u0107. Odk\u0105d Jezus zago\u015bci\u0142 w&nbsp;duszy dzieci, rodzice mog\u0105 odetchn\u0105\u0107. Sam B\u00f3g zadba o&nbsp;nie. Jednak, podobnie jak dbamy o&nbsp;rozw\u00f3j fizyczny i&nbsp;zdrowie, musimy piel\u0119gnowa\u0107 ich dalszy wzrost duchowy.<\/p>\n\n\n\n<p><\/p>\n\n\n\n<p><\/p>\n\n\n\n<figure class=\"wp-block-image\"><a href=\"http:\/\/rafalk-elblag.pl\/wp-content\/uploads\/2021\/08\/ogloszenia-parafialne-baner-01a.jpg\"><img loading=\"lazy\" decoding=\"async\" width=\"720\" height=\"232\" src=\"http:\/\/rafalk-elblag.pl\/wp-content\/uploads\/2021\/08\/ogloszenia-parafialne-baner-01a.jpg\" alt=\"\" class=\"wp-image-4410\" srcset=\"https:\/\/rafalk-elblag.pl\/wp-content\/uploads\/2021\/08\/ogloszenia-parafialne-baner-01a.jpg 720w, https:\/\/rafalk-elblag.pl\/wp-content\/uploads\/2021\/08\/ogloszenia-parafialne-baner-01a-300x97.jpg 300w\" sizes=\"auto, (max-width: 720px) 100vw, 720px\" \/><\/a><\/figure>\n\n\n\n<h1 class=\"wp-block-heading\">Og\u0142oszenia parafialne 15.05.2022r<\/h1>\n\n\n\n<ol class=\"wp-block-list\"><li><strong>Obecny miesi\u0105c jest szczeg\u00f3lnie po\u015bwi\u0119cony Matce Bo\u017cej poprzez odprawianie nabo\u017ce\u0144stw \u201eMAJOWYCH\u201d<\/strong><em>. Nasza Ojczyzna od wiek\u00f3w s\u0142yn\u0119\u0142a z oddawania czci Maryi w \u015bpiewie<\/em> Litanii Loreta\u0144skiej w ro\u017cnych miejscach np. w ko\u015bcio\u0142ach, kaplicach, przy figurkach, przydro\u017cnych krzy\u017cach i w naszych domach. Ten obraz modl\u0105cego si\u0119 Ludu Bo\u017cego wielu z nas ci\u0105gle nosi w sobie. <strong>Zapraszamy na nabo\u017ce\u0144stwa ku czci Naj\u015bwi\u0119tszej Maryi Panny: doros\u0142ych i m\u0142odzie\u017c codziennie o godz. 17:30, a dzieci w \u015brody i czwartki o godz. 16:30<\/strong>.Niech s\u0142owa pie\u015bni: \u201e<em>Zaufaj Maryi, a Ona twe troski jak Matka zamieni w rado\u015bci\u201d b\u0119d\u0105 dla nas drogowskazem w p\u00f3j\u015bciu w\u0142a\u015bciw\u0105 drog\u0105.<\/em><br><\/li><li><strong>W roku duszpasterskim pod has\u0142em \u201ePOS\u0141ANI W POKOJU CHRYSTUSA\u201d zapraszamy na pierwsze nabo\u017ce\u0144stwo majowe, kt\u00f3re rozpocznie si\u0119 przy przychodni \u201eDu\u017cy Medyk\u201d, w poniedzia\u0142ek 16 maja o godz. 17:30, po kt\u00f3rym procesyjnie i ze \u015bpiewem wr\u00f3cimy z figur\u0105 MB Fatimskiej do ko\u015bcio\u0142a. UWAGA!!! <\/strong><em>Tego dnia nie b\u0119dzie nabo\u017ce\u0144stwa w ko\u015bciele.<\/em><\/li><\/ol>\n\n\n\n<ol class=\"wp-block-list\" start=\"3\"><li><strong>Trwa okres Wielkanocny &#8211; czas rado\u015bci ze Zmartwychwstania Pana Jezusa. <\/strong><em>Zach\u0119camy wiernych do skorzystania z \u0142aski sakramentu pojednania i do przyj\u0119cia KOMUNII \u015aW. WIELKANOCNEJ. Spowied\u017a \u015bw. w tygodniu od 7:45 oraz od godz. 17:30.<\/em> <br><br><strong>PAMI\u0118TAJMY!!!<\/strong> Jutro szesnasty dzie\u0144 miesi\u0105ca (16 maja) &#8211; dzie\u0144 modlitw za <strong>Bractwo Szkaplerzne <\/strong>a tak\u017ce za osoby nosz\u0105ce Szkaplerz \u015awi\u0119ty. Zapraszamy nale\u017c\u0105cych i pragn\u0105cych w\u0142\u0105czy\u0107 si\u0119 do tej wsp\u00f3lnoty na Msz\u0119 \u015bw. o godz. 18:00 z katechez\u0105.<br><strong>W tym dniu mo\u017cemy przyj\u0105\u0107 SZKLAPLERZ KARMELITA\u0143SKI.<\/strong> <br><br><em>Po zako\u0144czonych modlitwach spotkanie RADY SZKAPLERZNEJ na plebanii. Mile s\u0105 widziane nowe osoby, kt\u00f3re pragn\u0119\u0142yby w\u0142\u0105czy\u0107 si\u0119 do Rady Szkaplerznej. Trwaj\u0105 przygotowania do <strong>JUBILEUSZU 20 &#8211; LECIA RODZINY SZKAPLERZNEJ przy naszej parafii.<\/strong><\/em><\/li><\/ol>\n\n\n\n<ol class=\"wp-block-list\" start=\"5\"><li><strong>W pi\u0105tek przypada 102 &#8211; rocznica urodzin WIELKIEGO POLAKA \u015aWI\u0118TEGO JANA PAW\u0141A II.<\/strong> Za wstawiennictwem \u015bw. Jana Paw\u0142a II b\u0119dziemy prosi\u0107 o upragniony deszcz dla spragnionej ziemi, zako\u0144czenie wojny na Ukrainie, o pok\u00f3j na ca\u0142ym \u015bwiecie oraz o zgod\u0119 i jedno\u015b\u0107 w\u015br\u00f3d Polak\u00f3w.<br><\/li><li><strong>UWAGA!!!<\/strong> Pozosta\u0142y 3 miejsca na samolotow\u0105 pielgrzymk\u0119 do W\u0142och Po\u0142udniowych w dniach 22 \u2013 29 wrze\u015bnia 2022 roku. <em><strong>Zobaczymy takie miejsca jak: Bari, San Giovanni Rotondo, Monte Sant Angelo, Matera, Pietrelcina, Pompeje, Salerno, Neapol oraz wypoczynek nad Morzem Adriatyckim. <\/strong>Koszt 3790 z\u0142. plus 150 euro.<\/em> <br><br><em><u>Wi\u0119cej informacji u ks. Proboszcza.<\/u><\/em><\/li><\/ol>\n\n\n\n<ol class=\"wp-block-list\" start=\"7\"><li><strong>W sobot\u0119 (21maja) o godz. 10:00 i o godz.12:00 dzieci z naszej parafii, b\u0119d\u0105 obchodzi\u0142y UROCZYSTO\u015a\u0106 I KOMUNII \u015aWI\u0118TEJ.<\/strong> <strong>Prosz\u0119 o modlitw\u0119, aby te dzieci i ich rodziny przez ca\u0142e \u017cycie trwa\u0142y w przyja\u017ani z Chrystusem.<\/strong><br><\/li><li>Zapraszam rodzic\u00f3w, kt\u00f3rych dzieci b\u0119d\u0105 prze\u017cywa\u0142y w tym roku <strong>rocznic\u0119 I Komunii \u015awi\u0119tej<\/strong> na spotkanie do ko\u015bcio\u0142a: 23 maja br. (poniedzia\u0142ek) o godz. 19.00. <strong>Prosz\u0119 o zabranie ksi\u0105\u017ceczki dziecka od pierwszych pi\u0105tk\u00f3w miesi\u0105ca<\/strong>.<br><\/li><li>Wszystkim Jubilatom i Solenizantom tego tygodnia \u017cyczymy wszelkiego dobra w \u017cyciu i b\u0142ogos\u0142awie\u0144stwa Bo\u017cego.<\/li><\/ol>\n\n\n\n<p><\/p>\n\n\n\n<figure class=\"wp-block-image\"><img decoding=\"async\" src=\"http:\/\/rafalk-elblag.pl\/wp-content\/uploads\/2020\/04\/baner-intencje-mszy.jpg\" alt=\"\"\/><\/figure>\n\n\n\n<h1 class=\"wp-block-heading\">Intencje mszalne 15.05.2022r<\/h1>\n\n\n\n<p><strong>PONIEDZIA\u0141EK \/ 16 maja 2022 r. \/ \u015bw. Andrzeja Boboli <\/strong><br>8.00 \u2020 Irena MAJERSKA (16 greg.) <br>8.00 Dzi\u0119kczynna z okazji urodzin Anny z pro\u015bb\u0105 o Bo\u017ce b\u0142ogos\u0142awie\u0144stwo i potrzebne \u0142aski i opiek\u0119 Matki Bo\u017cej Szkaplerznej <br>18.00 W intencji Bractwa Szkaplerznego i os\u00f3b kt\u00f3re w dniu dzisiejszym przyjm\u0105 Szkaplerz Karmelita\u0144ski <br><\/p>\n\n\n\n<p><strong>WTOREK \/ 17 maja 2022 r. \/  <\/strong><br><strong>\u015aWI\u0118TO PO\u015aWI\u0118CENIA KATEDRY \u015aW. MIKO\u0141AJA W ELBL\u0104GU<\/strong><br> 8.00 \u2020 Irena MAJERSKA (17 greg.) <br>18.00 O opiek\u0119 Matki Bo\u017cej R\u00f3\u017ca\u0144cowej, Bo\u017ce b\u0142og., dary Ducha \u015awi\u0119tego dla ks. Proboszcza i wszystkich modl\u0105cych si\u0119 i ich rodzin prosi XI R\u00f3\u017ca Matki Bo\u017cej Nadziei z okazji 5 rocznicy utworzenia R\u00f3\u017cy <br>18.00 \u2020 Zofia ZASADA w 30 dzie\u0144 po pogrzebie <\/p>\n\n\n\n<p><strong>\u015aRODA \/ 18 maja 2022 r.<\/strong><br> 8.00 \u2020 Karol Wi\u015bniewski, Marcin Wi\u015bniewski i rodzice z obojga stron <br>8.00 \u2020 Irena MAJERSKA (18 greg.) <br>18.00 O Bo\u017ce b\u0142ogos\u0142awie\u0144stwo i wszelkie potrzebne \u0142aski dla Elizy SADOWEJ   <\/p>\n\n\n\n<p><strong>CZWARTEK \/ 19 maja 2022 r.  <\/strong><br>8.00 \u2020 Irena MAJERSKA (19 greg.) <br>8.00 O \u0142ask\u0119 otwarcia si\u0119 na Sakramenty \u015awi\u0119te dla Joanny z pro\u015bb\u0105 o wiar\u0119 i przyj\u0119cie woli Bo\u017cej w chorobie <br>18.00 \u2020 Helena i Wincenty KOKOSZKA i zmarli z rodziny  <\/p>\n\n\n\n<p><strong>PI\u0104TEK \/ 20 maja 2022 r. \/  <\/strong><br>8.00 \u2020 W\u0142adys\u0142aw, Janina, Marianna, Wincenty, Mieczys\u0142aw ULER, Krystyna, Aleksander KENIGSMAN <br>18.00 \u2020 Irena MAJERSKA (20 greg.) <\/p>\n\n\n\n<p><strong>SOBOTA \/ 21 maja 2022 r. \/  <\/strong><br><strong>UROCZYSTO\u015a\u0106 PIERWSZEJ KOMUNII \u015aWI\u0118TEJ W PARAFII <\/strong><br>8.00 \u2020 Irena MAJERSKA (21 greg.) <br>10.00 W intencji dzieci, kt\u00f3re pierwszy raz przyjm\u0105 Pana Jezusa i za ich rodziny  <br>12.00 W intencji dzieci, kt\u00f3re pierwszy raz przyjm\u0105 Pana Jezusa i za ich rodziny  <br>18.00 \u2020 Genowefa SUKIENNIK w 7 rocznic\u0119 \u015bmierci, Jan i Stanis\u0142aw (m) <\/p>\n\n\n\n<p><strong>VI Niedziela Wielkanocna \/ 22 maja 2022 r. <\/strong><br>8.00 \u2020 Krystyna STEJN w 5 rocznic\u0119 \u015bmierci <br>10.00 \u2020 Marianna MARKIEWICZ w I rocznic\u0119 \u015bmierci <br>12.00 W intencji Parafian   <br>15.00 \u2020 Tadeusz GUTOWSKI w I rocznic\u0119 \u015bmierci 18.00 \u2020 Irena MAJERSKA (22 greg.) <\/p>\n","protected":false},"excerpt":{"rendered":"<p>Ewangelia (J 13, 31-33a. 34-35) Przykazanie nowe daj\u0119 wam S\u0142owa Ewangelii wed\u0142ug \u015awi\u0119tego Jana Po wyj\u015bciu Judasza z wieczernika Jezus powiedzia\u0142: \u00abSyn Cz\u0142owieczy zosta\u0142 teraz otoczony chwa\u0142\u0105, a w Nim B\u00f3g zosta\u0142 chwa\u0142\u0105 otoczony. Je\u017celi B\u00f3g zosta\u0142 w Nim otoczony chwa\u0142\u0105, to i B\u00f3g Go otoczy chwa\u0142\u0105 w sobie samym, i to zaraz Go chwa\u0142\u0105 [&hellip;]<\/p>\n","protected":false},"author":1,"featured_media":4701,"comment_status":"closed","ping_status":"closed","sticky":false,"template":"","format":"standard","meta":{"ngg_post_thumbnail":0,"footnotes":""},"categories":[11,8,4,3],"tags":[],"class_list":["post-4699","post","type-post","status-publish","format-standard","has-post-thumbnail","hentry","category-aktualnosci","category-blog","category-intencje","category-ogloszenia"],"_links":{"self":[{"href":"https:\/\/rafalk-elblag.pl\/index.php?rest_route=\/wp\/v2\/posts\/4699","targetHints":{"allow":["GET"]}}],"collection":[{"href":"https:\/\/rafalk-elblag.pl\/index.php?rest_route=\/wp\/v2\/posts"}],"about":[{"href":"https:\/\/rafalk-elblag.pl\/index.php?rest_route=\/wp\/v2\/types\/post"}],"author":[{"embeddable":true,"href":"https:\/\/rafalk-elblag.pl\/index.php?rest_route=\/wp\/v2\/users\/1"}],"replies":[{"embeddable":true,"href":"https:\/\/rafalk-elblag.pl\/index.php?rest_route=%2Fwp%2Fv2%2Fcomments&post=4699"}],"version-history":[{"count":3,"href":"https:\/\/rafalk-elblag.pl\/index.php?rest_route=\/wp\/v2\/posts\/4699\/revisions"}],"predecessor-version":[{"id":4705,"href":"https:\/\/rafalk-elblag.pl\/index.php?rest_route=\/wp\/v2\/posts\/4699\/revisions\/4705"}],"wp:featuredmedia":[{"embeddable":true,"href":"https:\/\/rafalk-elblag.pl\/index.php?rest_route=\/wp\/v2\/media\/4701"}],"wp:attachment":[{"href":"https:\/\/rafalk-elblag.pl\/index.php?rest_route=%2Fwp%2Fv2%2Fmedia&parent=4699"}],"wp:term":[{"taxonomy":"category","embeddable":true,"href":"https:\/\/rafalk-elblag.pl\/index.php?rest_route=%2Fwp%2Fv2%2Fcategories&post=4699"},{"taxonomy":"post_tag","embeddable":true,"href":"https:\/\/rafalk-elblag.pl\/index.php?rest_route=%2Fwp%2Fv2%2Ftags&post=4699"}],"curies":[{"name":"wp","href":"https:\/\/api.w.org\/{rel}","templated":true}]}}