{"id":4693,"date":"2022-05-09T20:02:03","date_gmt":"2022-05-09T20:02:03","guid":{"rendered":"http:\/\/rafalk-elblag.pl\/?p=4693"},"modified":"2022-05-09T20:02:03","modified_gmt":"2022-05-09T20:02:03","slug":"biuletyn-08-05-2022-iv-niedziela-wielkanocy","status":"publish","type":"post","link":"https:\/\/rafalk-elblag.pl\/?p=4693","title":{"rendered":"Biuletyn 08.05.2022, IV Niedziela Wielkanocy"},"content":{"rendered":"\n<div class=\"wp-block-image\"><figure class=\"alignleft size-large is-resized\"><img loading=\"lazy\" decoding=\"async\" src=\"http:\/\/rafalk-elblag.pl\/wp-content\/uploads\/2022\/05\/baner-080522-1024x454.jpg\" alt=\"\" class=\"wp-image-4694\" width=\"1024\" height=\"454\" srcset=\"https:\/\/rafalk-elblag.pl\/wp-content\/uploads\/2022\/05\/baner-080522-1024x454.jpg 1024w, https:\/\/rafalk-elblag.pl\/wp-content\/uploads\/2022\/05\/baner-080522-300x133.jpg 300w, https:\/\/rafalk-elblag.pl\/wp-content\/uploads\/2022\/05\/baner-080522-768x340.jpg 768w, https:\/\/rafalk-elblag.pl\/wp-content\/uploads\/2022\/05\/baner-080522.jpg 1200w\" sizes=\"auto, (max-width: 1024px) 100vw, 1024px\" \/><\/figure><\/div>\n\n\n\n<h1 class=\"wp-block-heading\"> Ewangelia (J 10, 27-30) Jezus daje swoim owcom \u017cycie wieczne<\/h1>\n\n\n\n<p>S\u0142owa Ewangelii wed\u0142ug \u015awi\u0119tego Jana\n\nJezus powiedzia\u0142:\n\n\u00abMoje owce s\u0142uchaj\u0105 mego g\u0142osu, a Ja znam je. Id\u0105 one za Mn\u0105, a Ja daj\u0119 im \u017cycie wieczne. Nie zgin\u0105 na wieki i nikt nie wyrwie ich z mojej r\u0119ki. Ojciec m\u00f3j, kt\u00f3ry Mi je da\u0142, jest wi\u0119kszy od wszystkich. I nikt nie mo\u017ce ich wyrwa\u0107 z r\u0119ki mego Ojca. Ja i Ojciec jedno jeste\u015bmy\u00bb. <\/p>\n\n\n\n<h1 class=\"wp-block-heading\"> POWO\u0141ANIE<\/h1>\n\n\n\n<p><strong> Kolejne niedziele okresu wielkanocnego stwarzaj\u0105 nam okazj\u0119 osobistego spotkania ze Zmartwychwsta\u0142ym Panem. Ka\u017cdego roku te\u017c w tym szczeg\u00f3lnym czasie staje przed nami posta\u0107 Chrystusa Dobrego Pasterza. Wpatrujemy si\u0119 w Niego, aby jeszcze mocniej uwierzy\u0107, \u017ce umi\u0142owa\u0142 nas a\u017c do ko\u0144ca. Ws\u0142uchujemy si\u0119 w Jego g\u0142os, kt\u00f3ry przecie\u017c\u00a0nie jest nam obcy, gdy\u017c\u00a0wo\u0142a po imieniu\u00a0ka\u017cd\u0105 i ka\u017cdego z nas (por. J 10,4-5).\u00a0 <\/strong><\/p>\n\n\n\n<p>Pragniemy\u00a0p\u00f3j\u015b\u0107 za Nim Jego \u015bladami\u00a0i uczy\u0107 si\u0119 takiej samej mi\u0142o\u015bci. Zapewne nieraz czynimy to z wielkim entuzjazmem i rado\u015bci\u0105,\u00a0przej\u0119ci do g\u0142\u0119bi serca, by\u0107 mo\u017ce niesieni jakim\u015b wyj\u0105tkowym do\u015bwiadczeniem blisko\u015bci Boga. Cz\u0119sto zdarza si\u0119 jednak, \u017ce tak\u0105 w\u0105sk\u0105 bram\u0105 do spotkania z Chrystusem okazuje si\u0119\u00a0prze\u017cywane\u00a0cierpienie, \u017cyciowa\u00a0ciemna dolina, o kt\u00f3rej opowiada psalmista (por. Ps 23,4). Poza tym wszyscy te\u017c wiemy, co to znaczy\u00a0pob\u0142\u0105dzi\u0107 jak owce\u00a0i z ut\u0119sknieniem powraca\u0107 do mi\u0142osiernego\u00a0Pasterza i Str\u00f3\u017ca naszych dusz. S\u0142owo Bo\u017ce przypomina nam dzisiaj te \u017cyciowe sytuacje i zach\u0119ca, aby\u015bmy zaufali drodze, po kt\u00f3rej chce nas poprowadzi\u0107 Dobry Pasterz.\u00a0 <\/p>\n\n\n\n<p>To Bo\u017ce zaproszenie i obietnic\u0119, a jednocze\u015bnie ci\u0105gle odnawian\u0105 ludzk\u0105 odpowied\u017a, mo\u017cemy okre\u015bli\u0107 jednym s\u0142owem:\u00a0powo\u0142anie. To nie przypadek, \u017ce w dniu, w kt\u00f3rym s\u0142uchamy tej Dobrej Nowiny i spogl\u0105damy na nasz\u0105 w\u0142asn\u0105 \u017cyciow\u0105 drog\u0119, wraz \u00a0z ca\u0142ym Ko\u015bcio\u0142em rozpoczynamy szczeg\u00f3lny tydzie\u0144 modlitw o powo\u0142ania kap\u0142a\u0144skie i zakonne.  Dobrze wiemy, \u017ce opr\u00f3cz rodzin i os\u00f3b wybieraj\u0105cych \u015bwieckie \u017cycie w dziewictwie, Lud Bo\u017cy potrzebuje m\u0119\u017cczyzn i kobiet, kt\u00f3rzy przez \u015bwi\u0119cenia czy \u015bluby oddadz\u0105 si\u0119 na wy\u0142\u0105czn\u0105 s\u0142u\u017cb\u0119 Bogu i cz\u0142owiekowi.\u00a0 <\/p>\n\n\n\n<p>Prosimy poszczeg\u00f3lne wsp\u00f3lnoty parafialne, stowarzyszenia i grupy, rodziny i poszczeg\u00f3lnych wiernych:\u00a0Wbrew pokusie zniech\u0119cenia, stale m\u00f3dlcie si\u0119 do Pana, aby posy\u0142a\u0142 robotnik\u00f3w na swoje \u017cniwo i da\u0142 nam kap\u0142an\u00f3w rozmi\u0142owanych w Ewangelii, zdolnych do stawania si\u0119 bliskimi wobec braci i bycia w ten spos\u00f3b \u017cywym znakiem mi\u0142osiernej mi\u0142o\u015bci Boga. Niech ta intencja powraca jak najcz\u0119\u015bciej podczas specjalnych nabo\u017ce\u0144stw i w wezwaniach modlitwy powszechnej, ale tak\u017ce w naszej osobistej relacji i rozmowie z Panem.\u00a0 <\/p>\n\n\n\n<p>Powierzajmy Mu kleryk\u00f3w naszego Wy\u017cszego Seminarium Duchownego w Elbl\u0105gu, stawiaj\u0105cych kolejne kroki na drodze powo\u0142ania, kap\u0142an\u00f3w i osoby \u017cycia konsekrowanego pos\u0142uguj\u0105ce w naszej diecezji, ale te\u017c i siebie samych.\u00a0Wszyscy bowiem jeste\u015bmy misjonarzami Ewangelii!\u00a0 <\/p>\n\n\n\n<p>Obecnie z naszej wsp\u00f3lnoty parafialnej formacj\u0119 kap\u0142a\u0144sk\u0105 odbywaj\u0105: <br><strong>Al. Krzysztof Lewandowski<\/strong> \u2013 Wy\u017csze Seminarium Duchowne w Elbl\u0105gu, rok V <br><strong>Al. Amadeusz Babiel<\/strong> \u2013 Wy\u017csze Seminarium Duchowne w Elbl\u0105gu, rok III <br><strong>Al. Karol Mystkowski <\/strong>\u2013 Zakon Szk\u00f3\u0142 Pobo\u017cnych (Pijar\u00f3w) <\/p>\n\n\n\n<p>W naszej parafii regularnie wspieramy modlitw\u0105 powo\u0142ania do \u017cycia kap\u0142a\u0144skiego, zakonnego i misyjnego. W ka\u017cdy Pierwszy Czwartek Miesi\u0105ca sprawowana jest Msza \u015awi\u0119ta o nowe i \u015bwi\u0119te powo\u0142ania, natomiast po Mszy odprawiane jest nabo\u017ce\u0144stwo \u201eGodziny \u015awi\u0119tej\u201d, w kt\u00f3rym prosimy Boga o dar powo\u0142a\u0144 oraz o wszelkie \u0142aski dla powo\u0142anych i os\u00f3b odpowiedzialnych za formacj\u0119.<\/p>\n\n\n\n<p><\/p>\n\n\n\n<p><\/p>\n\n\n\n<figure class=\"wp-block-image\"><a href=\"http:\/\/rafalk-elblag.pl\/wp-content\/uploads\/2021\/08\/ogloszenia-parafialne-baner-01a.jpg\"><img loading=\"lazy\" decoding=\"async\" width=\"720\" height=\"232\" src=\"http:\/\/rafalk-elblag.pl\/wp-content\/uploads\/2021\/08\/ogloszenia-parafialne-baner-01a.jpg\" alt=\"\" class=\"wp-image-4410\" srcset=\"https:\/\/rafalk-elblag.pl\/wp-content\/uploads\/2021\/08\/ogloszenia-parafialne-baner-01a.jpg 720w, https:\/\/rafalk-elblag.pl\/wp-content\/uploads\/2021\/08\/ogloszenia-parafialne-baner-01a-300x97.jpg 300w\" sizes=\"auto, (max-width: 720px) 100vw, 720px\" \/><\/a><\/figure>\n\n\n\n<h1 class=\"wp-block-heading\">Og\u0142oszenia parafialne 08.05.2022r<\/h1>\n\n\n\n<p><strong>1. Dzisiaj Niedziel\u0105 Dobrego Pasterza &#8211; rozpoczynamy 59 Tydzie\u0144 Modlitw o Powo\u0142ania. <\/strong>Zapraszamy wszystkich do wsp\u00f3lnej modlitwy w intencji m\u0142odych ludzi, aby dobrze rozeznali swoje powo\u0142anie podczas nabo\u017ce\u0144stw majowych o godz. 17:30.<\/p>\n\n\n\n<p><strong>2. POLSKI CZERWONY KRZY\u017b dzisiaj przeprowadza kwest\u0119 uliczn\u0105. W tak trudnym okresie, wojny na Ukrainie, PCK zn\u00f3w pe\u0142ni swoje zadanie, niestety na t\u0119 dzia\u0142alno\u015b\u0107 potrzebne s\u0105 \u015brodki. Za zrozumienie i wsparcie dzi\u0119kuj\u0119.<\/strong><\/p>\n\n\n\n<p><strong>3. Ostatnie spotkania dla rodzic\u00f3w dzieci klas III przygotowuj\u0105cych si\u0119 do I SPOWIEDZI i KOMUNII \u015aWI\u0118TEJ <\/strong>odb\u0119dzie si\u0119 w poniedzia\u0142ek 9 maja br. o godz. 19:00 w ko\u015bciele.<br>Obecno\u015b\u0107 rodzic\u00f3w obowi\u0105zkowa.<\/p>\n\n\n\n<p><strong>4. Obecny miesi\u0105c jest szczeg\u00f3lnie po\u015bwi\u0119cony Matce Bo\u017cej poprzez odprawianie nabo\u017ce\u0144stw \u201eMAJOWYCH\u201d. Nasza Ojczyzna od wiek\u00f3w s\u0142yn\u0119\u0142a z oddawania czci Maryi w \u015bpiewie Litanii Loreta\u0144skiej w ro\u017cnych miejscach np. w ko\u015bcio\u0142ach, kaplicach, przy figurkach, przydro\u017cnych krzy\u017cach i w naszych domach. <\/strong>Ten obraz modl\u0105cego si\u0119 Ludu Bo\u017cego wielu z nas ci\u0105gle nosi w sobie. Zapraszamy na nabo\u017ce\u0144stwa ku czci Naj\u015bwi\u0119tszej Maryi Panny: doros\u0142ych i m\u0142odzie\u017c codziennie o godz. 17:30, a dzieci w \u015brody i czwartki o godz. 16:30. Niech s\u0142owa pie\u015bni: \u201eZaufaj Maryi, a Ona twe troski jak Matka zamieni w rado\u015bci\u201d b\u0119d\u0105 dla nas drogowskazem w p\u00f3j\u015bciu w\u0142a\u015bciw\u0105 drog\u0105.<\/p>\n\n\n\n<p><strong>5. <\/strong>Trwa okres Wielkanocny &#8211; czas rado\u015bci ze Zmartwychwstania Pana Jezusa.<strong> <\/strong><span class=\"has-inline-color has-vivid-red-color\"><strong>Zach\u0119camy wiernych do skorzystania z \u0142aski sakramentu pojednania i do przyj\u0119cia KOMUNII \u015aW. WIELKANOCNEJ.<\/strong> <\/span>Spowied\u017a \u015bw. w tygodniu od 7:45 oraz od godz. 17:30.<\/p>\n\n\n\n<p><strong>6. UWAGA !!! Prosz\u0119 wszystkich parafian o przyniesienie za tydzie\u0144 (15 maja) do ko\u015bcio\u0142a palm z Niedzieli Palmowej, kt\u00f3re pos\u0142u\u017c\u0105 do \u201eprodukcji\u201d popio\u0142u. <\/strong>B\u0119dzie je mo\u017cna z\u0142o\u017cy\u0107 do karton\u00f3w znajduj\u0105cych pod Biuletynem Parafialnym. Popi\u00f3\u0142 uzyskany z palm przypomina nam o tym, czym jest Wielki Post. Te ga\u0142\u0105zki zwiastuj\u0105 Wieki Tydzie\u0144, cierpienie, \u015bmier\u0107 i Zmartwychwstanie Chrystusa.<\/p>\n\n\n\n<p><strong>7. <\/strong>Dzi\u0119kuj\u0119 za przyniesione SKARBONKI Z JA\u0141MU\u017bN\u0104 WIELKOPOSTN\u0104 2022 w ramach og\u00f3lnopolskiej akcji \u201eCZAS MI\u0141OSIERDZIA\u201d. <strong>Na \u015bwi\u0119ta Wielkanocne zosta\u0142o wydanych 40 paczek.. Z 400 rozdanych skarbonek przyniesione 152 i zebrano 4755 z\u0142. Za wszystkie ofiary, kt\u00f3re s\u0105 pomoc\u0105 dla potrzebuj\u0105cych sk\u0142adam \u201eB\u00f3g zap\u0142a\u0107\u201d<\/strong><br>INFORMUJEMY: Parafialny Oddzia\u0142 Caritas znajduje si\u0119 na ul. Myliusa 1A i czynny jest w ka\u017cdy I i III czwartek miesi\u0105ca od godz. 16:00 do godz. 17:00.<\/p>\n\n\n\n<p><strong>8. Rozpoczyna si\u0119 \u201eostatnia prosta\u201d przygotowa\u0144 do przyj\u0119cia Sakramentu Bierzmowania dla m\u0142odzie\u017cy z roku II. Warunkiem dopuszczenia do tego sakramentu jest udzia\u0142 w dniu skupienia, kt\u00f3ry dla kandydat\u00f3w do bierzmowania odb\u0119dzie si\u0119 w naszej parafii.<\/strong> W zwi\u0105zku z tym ks. Marcin prosi o mobilizacj\u0119 wszystkich kandydat\u00f3w i ich rodzic\u00f3w. Spotkania dla kandydat\u00f3w do bierzmowania odbywa\u0107 si\u0119 b\u0119d\u0105 w ka\u017cd\u0105 niedziel\u0119 maja i czerwca po Mszy \u015bw. o godz. 19:00 w ko\u015bciele. Obecno\u015b\u0107 kandydat\u00f3w na powy\u017cszych spotkaniach jest obowi\u0105zkowa. SAKRAMENT BIERZMOWANIA m\u0142odzie\u017c naszej parafii przyjmie 12 czerwca br. podczas Mszy \u015bw. o godz. 18:00.<\/p>\n\n\n\n<p><\/p>\n\n\n\n<figure class=\"wp-block-image\"><img decoding=\"async\" src=\"http:\/\/rafalk-elblag.pl\/wp-content\/uploads\/2020\/04\/baner-intencje-mszy.jpg\" alt=\"\"\/><\/figure>\n\n\n\n<h1 class=\"wp-block-heading\">Intencje mszalne 08.05.2022r<\/h1>\n\n\n\n<p><strong>PONIEDZIA\u0141EK \/ 9 maja 2022 r.<\/strong><br>Uroczysto\u015b\u0107 \u015bw. Stanis\u0142awa, biskupa i m\u0119czennika, g\u0142\u00f3wnego patrona Polski<br>8.00 \u2020 Irena MAJERSKA (9 greg.)<br>18.00 \u2020 Stanis\u0142aw i Stefania \u017bUROMSCY, \u2020 Stanis\u0142aw i Stefania MAZURO, \u2020 Stanis\u0142awa (k) MICKIEWICZ<br>18.00 \u2020 Stanis\u0142aw i Janina KUCHTA<br><\/p>\n\n\n\n<p><strong>WTOREK \/ 10 maja 2022 r. \/<\/strong><br>8.00 \u2020 Irena MAJERSKA (10 greg.)<br>18.00 \u2020 Stanis\u0142aw WISNIEWSKI oraz rodzice: Apolonia i Stefan Cejko i rodze\u0144stwo: Kazimierz, Hanna, Maria, Stefan<br>18.00\u2020 J\u00f3zef S\u0141OMI\u0143SKI i zmarli z rodziny<br><\/p>\n\n\n\n<p><strong>\u015aRODA \/ 11 maja 2022 r. \/<\/strong><br>8.00 O rado\u015b\u0107 \u017cycia wiecznego dla \u2020 J\u00f3zefa (k) i J\u00f3zef (m) B\u0141ASZCZAK<br>18.00 Rez.<br>18.00 \u2020 Irena MAJERSKA (11 greg.)<br><\/p>\n\n\n\n<p><strong>CZWARTEK \/ 12 maja 2022 r. \/<\/strong><br>8.00 \u2020 Zmar\u0142ych rodzic\u00f3w GDANIEC i WO\u0141OSZYN<br>18.00 \u2020 Izabela CZACHOROWSKA w 30 dzie\u0144 po pogrzebie<br>18.00 \u2020 Irena MAJERSKA (12 greg.)<br><\/p>\n\n\n\n<p><strong>PI\u0104TEK \/ 13 maja 2022 r. \/<br>Naj\u015bwi\u0119tszej Maryi Panny Fatimskiej<\/strong><br>8.00 \u2020 Irena MAJERSKA (13 greg.)<br>8.00 \u2020 W\u0142adys\u0142aw Grabowski w 30 dzie\u0144 po pogrzebie<br>18.00 \u2020 W\u0142odzimierz \u015acibor z okazji urodzin<br>18.00 \u2020 Roman TYKARSKI i za dusze w czy\u015b\u0107cu cierpi\u0105ce<br><\/p>\n\n\n\n<p><strong>SOBOTA \/ 14 maja 2022 r. \/ \u015bw. Macieja Aposto\u0142a &#8211; \u015bwi\u0119to<\/strong><br>8.00 \u2020 Irena MAJERSKA (14 greg.)<br>18.00 \u2020 Regina i Wiktor ZGLENICCY oraz zmarli z rodzin ZGLENICKICH i WILE\u0143SKICH<br>18.00 \u2020 Miros\u0142aw LEKS oraz zmarli rodzice i te\u015bciowie<br><\/p>\n\n\n\n<p><strong>V Niedziela Wielkanocna \/ 15 maja 2022 r.<\/strong><br>8.00 \u2020 Halina P\u0104CZKOWSKA oraz rodzice i dziadkowie z obojga stron<br>10.00 \u2020 Jan JAWORSKI w 13 rocznic\u0119 \u015bmierci i Zofia, Andrzej JAWORSCY i Marianna, Boles\u0142aw STAN<br>12.00 W intencji Parafian<br>15.00 \u2020 Marianna DUDKO w I rocznic\u0119 \u015bmierci<br>18.00 \u2020 Irena MAJERSKA (15 greg.)<\/p>\n","protected":false},"excerpt":{"rendered":"<p>Ewangelia (J 10, 27-30) Jezus daje swoim owcom \u017cycie wieczne S\u0142owa Ewangelii wed\u0142ug \u015awi\u0119tego Jana Jezus powiedzia\u0142: \u00abMoje owce s\u0142uchaj\u0105 mego g\u0142osu, a Ja znam je. Id\u0105 one za Mn\u0105, a Ja daj\u0119 im \u017cycie wieczne. Nie zgin\u0105 na wieki i nikt nie wyrwie ich z mojej r\u0119ki. Ojciec m\u00f3j, kt\u00f3ry Mi je da\u0142, jest [&hellip;]<\/p>\n","protected":false},"author":1,"featured_media":4695,"comment_status":"closed","ping_status":"closed","sticky":false,"template":"","format":"standard","meta":{"ngg_post_thumbnail":0,"footnotes":""},"categories":[11,8,4,3],"tags":[],"class_list":["post-4693","post","type-post","status-publish","format-standard","has-post-thumbnail","hentry","category-aktualnosci","category-blog","category-intencje","category-ogloszenia"],"_links":{"self":[{"href":"https:\/\/rafalk-elblag.pl\/index.php?rest_route=\/wp\/v2\/posts\/4693","targetHints":{"allow":["GET"]}}],"collection":[{"href":"https:\/\/rafalk-elblag.pl\/index.php?rest_route=\/wp\/v2\/posts"}],"about":[{"href":"https:\/\/rafalk-elblag.pl\/index.php?rest_route=\/wp\/v2\/types\/post"}],"author":[{"embeddable":true,"href":"https:\/\/rafalk-elblag.pl\/index.php?rest_route=\/wp\/v2\/users\/1"}],"replies":[{"embeddable":true,"href":"https:\/\/rafalk-elblag.pl\/index.php?rest_route=%2Fwp%2Fv2%2Fcomments&post=4693"}],"version-history":[{"count":1,"href":"https:\/\/rafalk-elblag.pl\/index.php?rest_route=\/wp\/v2\/posts\/4693\/revisions"}],"predecessor-version":[{"id":4697,"href":"https:\/\/rafalk-elblag.pl\/index.php?rest_route=\/wp\/v2\/posts\/4693\/revisions\/4697"}],"wp:featuredmedia":[{"embeddable":true,"href":"https:\/\/rafalk-elblag.pl\/index.php?rest_route=\/wp\/v2\/media\/4695"}],"wp:attachment":[{"href":"https:\/\/rafalk-elblag.pl\/index.php?rest_route=%2Fwp%2Fv2%2Fmedia&parent=4693"}],"wp:term":[{"taxonomy":"category","embeddable":true,"href":"https:\/\/rafalk-elblag.pl\/index.php?rest_route=%2Fwp%2Fv2%2Fcategories&post=4693"},{"taxonomy":"post_tag","embeddable":true,"href":"https:\/\/rafalk-elblag.pl\/index.php?rest_route=%2Fwp%2Fv2%2Ftags&post=4693"}],"curies":[{"name":"wp","href":"https:\/\/api.w.org\/{rel}","templated":true}]}}